{"id":102091,"date":"2017-01-08T14:25:22","date_gmt":"2017-01-08T13:25:22","guid":{"rendered":"http:\/\/www.visit-ulcinj.com\/blog\/?p=102091"},"modified":"2017-01-08T14:25:22","modified_gmt":"2017-01-08T13:25:22","slug":"port-milena-ka-filluar-te-ngrihet","status":"publish","type":"post","link":"https:\/\/www.visit-ulcinj.com\/blog\/2017\/01\/08\/port-milena-ka-filluar-te-ngrihet\/","title":{"rendered":"Port Milena ka filluar t\u00eb ngrihet"},"content":{"rendered":"<p><a href=\"http:\/\/www.visit-ulcinj.com\/blog\/wp-content\/uploads\/2017\/01\/Port-Milena-ka-filluar-t\u00eb-ngrihet.jpg\"><img loading=\"lazy\" class=\"alignleft wp-image-102092\" src=\"http:\/\/www.visit-ulcinj.com\/blog\/wp-content\/uploads\/2017\/01\/Port-Milena-ka-filluar-t\u00eb-ngrihet.jpg\" alt=\"Port Milena ka filluar t\u00eb ngrihet\" width=\"508\" height=\"284\" srcset=\"https:\/\/www.visit-ulcinj.com\/blog\/wp-content\/uploads\/2017\/01\/Port-Milena-ka-filluar-t\u00eb-ngrihet.jpg 615w, https:\/\/www.visit-ulcinj.com\/blog\/wp-content\/uploads\/2017\/01\/Port-Milena-ka-filluar-t\u00eb-ngrihet-300x168.jpg 300w\" sizes=\"(max-width: 508px) 100vw, 508px\" \/><\/a>Nga temperaturat ul\u00ebta ekstreme q\u00eb po mbret\u00ebrojn\u00eb k\u00ebto dit\u00eb n\u00eb vendin ton\u00eb, kan\u00eb b\u00ebr\u00eb q\u00eb lumi \u201cPort Milena\u201d t\u00eb filloj t\u00eb ngrihet.<\/p>\n<p>Portali Ul.info tregon p\u00ebr akullin i cili ka nisur ta ngrij\u00eb \u201cPort Milen\u00ebn\u201d.<\/p>\n","protected":false},"excerpt":{"rendered":"<p>Nga temperaturat ul\u00ebta ekstreme q\u00eb po mbret\u00ebrojn\u00eb k\u00ebto dit\u00eb n\u00eb vendin ton\u00eb, kan\u00eb b\u00ebr\u00eb q\u00eb lumi \u201cPort Milena\u201d t\u00eb filloj t\u00eb ngrihet. Portali Ul.info tregon p\u00ebr akullin i cili ka nisur ta ngrij\u00eb \u201cPort Milen\u00ebn\u201d.<\/p>\n","protected":false},"author":1,"featured_media":0,"comment_status":"closed","ping_status":"closed","sticky":false,"template":"","format":"standard","meta":{"spay_email":"","jetpack_publicize_message":"","jetpack_is_tweetstorm":false,"jetpack_publicize_feature_enabled":true},"categories":[11],"tags":[],"jetpack_publicize_connections":[],"yoast_head":"<!-- This site is optimized with the Yoast SEO plugin v19.1 - https:\/\/yoast.com\/wordpress\/plugins\/seo\/ -->\n<title>Port Milena ka filluar t\u00eb ngrihet - Lajme nga Ulqini<\/title>\n<meta name=\"description\" content=\"Nga temperaturat ul\u00ebta ekstreme q\u00eb po mbret\u00ebrojn\u00eb k\u00ebto dit\u00eb n\u00eb vendin ton\u00eb, kan\u00eb b\u00ebr\u00eb q\u00eb lumi \u201cPort Milena\u201d t\u00eb filloj t\u00eb ngrihet. Portali Ul.info tregon\" \/>\n<meta name=\"robots\" content=\"index, follow, max-snippet:-1, max-image-preview:large, max-video-preview:-1\" \/>\n<link rel=\"canonical\" href=\"https:\/\/www.visit-ulcinj.com\/blog\/2017\/01\/08\/port-milena-ka-filluar-te-ngrihet\/\" \/>\n<meta property=\"og:locale\" content=\"en_US\" \/>\n<meta property=\"og:type\" content=\"article\" \/>\n<meta property=\"og:title\" content=\"Port Milena ka filluar t\u00eb ngrihet - Lajme nga Ulqini\" \/>\n<meta property=\"og:description\" content=\"Nga temperaturat ul\u00ebta ekstreme q\u00eb po mbret\u00ebrojn\u00eb k\u00ebto dit\u00eb n\u00eb vendin ton\u00eb, kan\u00eb b\u00ebr\u00eb q\u00eb lumi \u201cPort Milena\u201d t\u00eb filloj t\u00eb ngrihet. Portali Ul.info tregon\" \/>\n<meta property=\"og:url\" content=\"https:\/\/www.visit-ulcinj.com\/blog\/2017\/01\/08\/port-milena-ka-filluar-te-ngrihet\/\" \/>\n<meta property=\"og:site_name\" content=\"Lajme nga Ulqini\" \/>\n<meta property=\"article:published_time\" content=\"2017-01-08T13:25:22+00:00\" \/>\n<meta name=\"twitter:label1\" content=\"Written by\" \/>\n\t<meta name=\"twitter:data1\" content=\"ulqini\" \/>\n<script type=\"application\/ld+json\" class=\"yoast-schema-graph\">{\"@context\":\"https:\/\/schema.org\",\"@graph\":[{\"@type\":\"WebSite\",\"@id\":\"https:\/\/www.visit-ulcinj.com\/blog\/#website\",\"url\":\"https:\/\/www.visit-ulcinj.com\/blog\/\",\"name\":\"Lajme nga Ulqini\",\"description\":\"Lajme,Vijesti,Ulqini,Ulqin,Crna Gora,Mali i Zi\",\"potentialAction\":[{\"@type\":\"SearchAction\",\"target\":{\"@type\":\"EntryPoint\",\"urlTemplate\":\"https:\/\/www.visit-ulcinj.com\/blog\/?s={search_term_string}\"},\"query-input\":\"required name=search_term_string\"}],\"inLanguage\":\"en-US\"},{\"@type\":\"WebPage\",\"@id\":\"https:\/\/www.visit-ulcinj.com\/blog\/2017\/01\/08\/port-milena-ka-filluar-te-ngrihet\/#webpage\",\"url\":\"https:\/\/www.visit-ulcinj.com\/blog\/2017\/01\/08\/port-milena-ka-filluar-te-ngrihet\/\",\"name\":\"Port Milena ka filluar t\u00eb ngrihet - Lajme nga Ulqini\",\"isPartOf\":{\"@id\":\"https:\/\/www.visit-ulcinj.com\/blog\/#website\"},\"datePublished\":\"2017-01-08T13:25:22+00:00\",\"dateModified\":\"2017-01-08T13:25:22+00:00\",\"author\":{\"@id\":\"https:\/\/www.visit-ulcinj.com\/blog\/#\/schema\/person\/dcab619c614d3038751c63bc2aadc06d\"},\"description\":\"Nga temperaturat ul\u00ebta ekstreme q\u00eb po mbret\u00ebrojn\u00eb k\u00ebto dit\u00eb n\u00eb vendin ton\u00eb, kan\u00eb b\u00ebr\u00eb q\u00eb lumi \u201cPort Milena\u201d t\u00eb filloj t\u00eb ngrihet. Portali Ul.info tregon\",\"breadcrumb\":{\"@id\":\"https:\/\/www.visit-ulcinj.com\/blog\/2017\/01\/08\/port-milena-ka-filluar-te-ngrihet\/#breadcrumb\"},\"inLanguage\":\"en-US\",\"potentialAction\":[{\"@type\":\"ReadAction\",\"target\":[\"https:\/\/www.visit-ulcinj.com\/blog\/2017\/01\/08\/port-milena-ka-filluar-te-ngrihet\/\"]}]},{\"@type\":\"BreadcrumbList\",\"@id\":\"https:\/\/www.visit-ulcinj.com\/blog\/2017\/01\/08\/port-milena-ka-filluar-te-ngrihet\/#breadcrumb\",\"itemListElement\":[{\"@type\":\"ListItem\",\"position\":1,\"name\":\"Port Milena ka filluar t\u00eb ngrihet\"}]},{\"@type\":\"Person\",\"@id\":\"https:\/\/www.visit-ulcinj.com\/blog\/#\/schema\/person\/dcab619c614d3038751c63bc2aadc06d\",\"name\":\"ulqini\",\"sameAs\":[\"http:\/\/www.visit-ulcinj.com\"],\"url\":\"https:\/\/www.visit-ulcinj.com\/blog\/author\/admin\/\"}]}<\/script>\n<!-- \/ Yoast SEO plugin. -->","yoast_head_json":{"title":"Port Milena ka filluar t\u00eb ngrihet - Lajme nga Ulqini","description":"Nga temperaturat ul\u00ebta ekstreme q\u00eb po mbret\u00ebrojn\u00eb k\u00ebto dit\u00eb n\u00eb vendin ton\u00eb, kan\u00eb b\u00ebr\u00eb q\u00eb lumi \u201cPort Milena\u201d t\u00eb filloj t\u00eb ngrihet. Portali Ul.info tregon","robots":{"index":"index","follow":"follow","max-snippet":"max-snippet:-1","max-image-preview":"max-image-preview:large","max-video-preview":"max-video-preview:-1"},"canonical":"https:\/\/www.visit-ulcinj.com\/blog\/2017\/01\/08\/port-milena-ka-filluar-te-ngrihet\/","og_locale":"en_US","og_type":"article","og_title":"Port Milena ka filluar t\u00eb ngrihet - Lajme nga Ulqini","og_description":"Nga temperaturat ul\u00ebta ekstreme q\u00eb po mbret\u00ebrojn\u00eb k\u00ebto dit\u00eb n\u00eb vendin ton\u00eb, kan\u00eb b\u00ebr\u00eb q\u00eb lumi \u201cPort Milena\u201d t\u00eb filloj t\u00eb ngrihet. Portali Ul.info tregon","og_url":"https:\/\/www.visit-ulcinj.com\/blog\/2017\/01\/08\/port-milena-ka-filluar-te-ngrihet\/","og_site_name":"Lajme nga Ulqini","article_published_time":"2017-01-08T13:25:22+00:00","twitter_misc":{"Written by":"ulqini"},"schema":{"@context":"https:\/\/schema.org","@graph":[{"@type":"WebSite","@id":"https:\/\/www.visit-ulcinj.com\/blog\/#website","url":"https:\/\/www.visit-ulcinj.com\/blog\/","name":"Lajme nga Ulqini","description":"Lajme,Vijesti,Ulqini,Ulqin,Crna Gora,Mali i Zi","potentialAction":[{"@type":"SearchAction","target":{"@type":"EntryPoint","urlTemplate":"https:\/\/www.visit-ulcinj.com\/blog\/?s={search_term_string}"},"query-input":"required name=search_term_string"}],"inLanguage":"en-US"},{"@type":"WebPage","@id":"https:\/\/www.visit-ulcinj.com\/blog\/2017\/01\/08\/port-milena-ka-filluar-te-ngrihet\/#webpage","url":"https:\/\/www.visit-ulcinj.com\/blog\/2017\/01\/08\/port-milena-ka-filluar-te-ngrihet\/","name":"Port Milena ka filluar t\u00eb ngrihet - Lajme nga Ulqini","isPartOf":{"@id":"https:\/\/www.visit-ulcinj.com\/blog\/#website"},"datePublished":"2017-01-08T13:25:22+00:00","dateModified":"2017-01-08T13:25:22+00:00","author":{"@id":"https:\/\/www.visit-ulcinj.com\/blog\/#\/schema\/person\/dcab619c614d3038751c63bc2aadc06d"},"description":"Nga temperaturat ul\u00ebta ekstreme q\u00eb po mbret\u00ebrojn\u00eb k\u00ebto dit\u00eb n\u00eb vendin ton\u00eb, kan\u00eb b\u00ebr\u00eb q\u00eb lumi \u201cPort Milena\u201d t\u00eb filloj t\u00eb ngrihet. Portali Ul.info tregon","breadcrumb":{"@id":"https:\/\/www.visit-ulcinj.com\/blog\/2017\/01\/08\/port-milena-ka-filluar-te-ngrihet\/#breadcrumb"},"inLanguage":"en-US","potentialAction":[{"@type":"ReadAction","target":["https:\/\/www.visit-ulcinj.com\/blog\/2017\/01\/08\/port-milena-ka-filluar-te-ngrihet\/"]}]},{"@type":"BreadcrumbList","@id":"https:\/\/www.visit-ulcinj.com\/blog\/2017\/01\/08\/port-milena-ka-filluar-te-ngrihet\/#breadcrumb","itemListElement":[{"@type":"ListItem","position":1,"name":"Port Milena ka filluar t\u00eb ngrihet"}]},{"@type":"Person","@id":"https:\/\/www.visit-ulcinj.com\/blog\/#\/schema\/person\/dcab619c614d3038751c63bc2aadc06d","name":"ulqini","sameAs":["http:\/\/www.visit-ulcinj.com"],"url":"https:\/\/www.visit-ulcinj.com\/blog\/author\/admin\/"}]}},"jetpack_featured_media_url":"","jetpack_sharing_enabled":true,"jetpack_shortlink":"https:\/\/wp.me\/pe6lTn-qyD","_links":{"self":[{"href":"https:\/\/www.visit-ulcinj.com\/blog\/wp-json\/wp\/v2\/posts\/102091"}],"collection":[{"href":"https:\/\/www.visit-ulcinj.com\/blog\/wp-json\/wp\/v2\/posts"}],"about":[{"href":"https:\/\/www.visit-ulcinj.com\/blog\/wp-json\/wp\/v2\/types\/post"}],"author":[{"embeddable":true,"href":"https:\/\/www.visit-ulcinj.com\/blog\/wp-json\/wp\/v2\/users\/1"}],"replies":[{"embeddable":true,"href":"https:\/\/www.visit-ulcinj.com\/blog\/wp-json\/wp\/v2\/comments?post=102091"}],"version-history":[{"count":1,"href":"https:\/\/www.visit-ulcinj.com\/blog\/wp-json\/wp\/v2\/posts\/102091\/revisions"}],"predecessor-version":[{"id":102093,"href":"https:\/\/www.visit-ulcinj.com\/blog\/wp-json\/wp\/v2\/posts\/102091\/revisions\/102093"}],"wp:attachment":[{"href":"https:\/\/www.visit-ulcinj.com\/blog\/wp-json\/wp\/v2\/media?parent=102091"}],"wp:term":[{"taxonomy":"category","embeddable":true,"href":"https:\/\/www.visit-ulcinj.com\/blog\/wp-json\/wp\/v2\/categories?post=102091"},{"taxonomy":"post_tag","embeddable":true,"href":"https:\/\/www.visit-ulcinj.com\/blog\/wp-json\/wp\/v2\/tags?post=102091"}],"curies":[{"name":"wp","href":"https:\/\/api.w.org\/{rel}","templated":true}]}}