{"id":102096,"date":"2017-01-08T14:51:51","date_gmt":"2017-01-08T13:51:51","guid":{"rendered":"http:\/\/www.visit-ulcinj.com\/blog\/?p=102096"},"modified":"2017-01-08T15:04:40","modified_gmt":"2017-01-08T14:04:40","slug":"kf-vllaznia-ne-pritje-per-tu-zhvendosur-ne-ulqin","status":"publish","type":"post","link":"https:\/\/www.visit-ulcinj.com\/blog\/2017\/01\/08\/kf-vllaznia-ne-pritje-per-tu-zhvendosur-ne-ulqin\/","title":{"rendered":"Vllaznia, brenda dy dit\u00ebsh n\u00eb Ulqin p\u00ebr st\u00ebrvitje"},"content":{"rendered":"<div class=\"entry\">\n<p><a href=\"http:\/\/www.visit-ulcinj.com\/blog\/wp-content\/uploads\/2017\/01\/KF-VLLAZNIA.jpg\"><img loading=\"lazy\" class=\"alignleft wp-image-102097\" src=\"http:\/\/www.visit-ulcinj.com\/blog\/wp-content\/uploads\/2017\/01\/KF-VLLAZNIA.jpg\" alt=\"KF-VLLAZNIA\" width=\"508\" height=\"340\" srcset=\"https:\/\/www.visit-ulcinj.com\/blog\/wp-content\/uploads\/2017\/01\/KF-VLLAZNIA.jpg 800w, https:\/\/www.visit-ulcinj.com\/blog\/wp-content\/uploads\/2017\/01\/KF-VLLAZNIA-300x201.jpg 300w, https:\/\/www.visit-ulcinj.com\/blog\/wp-content\/uploads\/2017\/01\/KF-VLLAZNIA-768x514.jpg 768w\" sizes=\"(max-width: 508px) 100vw, 508px\" \/><\/a><\/p>\n<div>Pavar\u00ebsisht dyshimeve q\u00eb shfaqi nj\u00eb dit\u00eb m\u00eb par\u00eb trajneri Armando Cungu p\u00ebr nisjen e ekipit drejt Malit t\u00eb Zi, q\u00eb t\u00eb zhvilloj\u00eb atje st\u00ebrvitjet dim\u00ebrore, kjo gj\u00eb do t\u00eb realizohet. Ka qen\u00eb vet\u00eb klubi shkodran, q\u00eb e ka konfirmuar nj\u00eb gj\u00eb t\u00eb till\u00eb n\u00eb faqen zyrtare t\u00eb tij. \u201cKlubi i futbollit \u201cVllaznia\u201d informon se brenda dy dit\u00ebsh ekipi do t\u00eb udh\u00ebtoj\u00eb drejt Malit t\u00eb Zi p\u00ebr zhvillimin atje t\u00eb nj\u00eb st\u00ebrvitjeje 10 ditore n\u00eb prag t\u00eb nisjes s\u00eb faz\u00ebs s\u00eb tret\u00eb t\u00eb kampionatit. N\u00eb t\u00eb nj\u00ebjt\u00ebn koh\u00eb, po punohet p\u00ebr gjetjen e ndonj\u00eb lojtari cil\u00ebsor n\u00eb merkato, n\u00eb m\u00ebnyr\u00eb q\u00eb skuadra t\u00eb plot\u00ebsohet pik\u00ebrisht n\u00eb pikat ku jan\u00eb v\u00ebrejtur dob\u00ebsi gjat\u00eb gjysm\u00ebs s\u00eb par\u00eb t\u00eb sezonit. Bashkia Shkod\u00ebr mb\u00ebshtet skuadr\u00ebn e futbollit, Vllaznia, dhe k\u00ebrkesat e stafit teknik gjat\u00eb gjith\u00eb periudh\u00ebs s\u00eb kampionatit n\u00eb m\u00ebnyr\u00eb q\u00eb puna t\u00eb zhvillohet n\u00eb kushte optimale dhe t\u00eb ket\u00eb rezultatet, q\u00eb t\u00eb gjith\u00eb ne presim, si n\u00eb kampionat, ashtu edhe n\u00eb Kup\u00ebn e Shqip\u00ebris\u00eb,\u201d \u2013 thuhet n\u00eb lajmin e shp\u00ebrndar\u00eb nga vet\u00eb klubi.<\/div>\n<div>\n<strong>\u00a0telesport.al<\/strong><\/div>\n<div><a href=\"http:\/\/www.visit-ulcinj.com\/blog\/wp-content\/uploads\/2017\/01\/Vllaznia-Ulqin.jpg\"><img loading=\"lazy\" class=\"alignleft wp-image-102105\" src=\"http:\/\/www.visit-ulcinj.com\/blog\/wp-content\/uploads\/2017\/01\/Vllaznia-Ulqin.jpg\" alt=\"Vllaznia-Ulqin\" width=\"508\" height=\"327\" srcset=\"https:\/\/www.visit-ulcinj.com\/blog\/wp-content\/uploads\/2017\/01\/Vllaznia-Ulqin.jpg 653w, https:\/\/www.visit-ulcinj.com\/blog\/wp-content\/uploads\/2017\/01\/Vllaznia-Ulqin-300x193.jpg 300w\" sizes=\"(max-width: 508px) 100vw, 508px\" \/><\/a><\/div>\n<\/div>\n","protected":false},"excerpt":{"rendered":"<p>Pavar\u00ebsisht dyshimeve q\u00eb shfaqi nj\u00eb dit\u00eb m\u00eb par\u00eb trajneri Armando Cungu p\u00ebr nisjen e ekipit drejt Malit t\u00eb Zi, q\u00eb t\u00eb zhvilloj\u00eb atje st\u00ebrvitjet dim\u00ebrore, kjo gj\u00eb do t\u00eb realizohet. Ka qen\u00eb vet\u00eb klubi shkodran, q\u00eb e ka konfirmuar nj\u00eb gj\u00eb t\u00eb till\u00eb n\u00eb faqen zyrtare t\u00eb tij. \u201cKlubi i futbollit \u201cVllaznia\u201d informon se brenda [&hellip;]<\/p>\n","protected":false},"author":1,"featured_media":0,"comment_status":"closed","ping_status":"closed","sticky":false,"template":"","format":"standard","meta":{"spay_email":"","jetpack_publicize_message":"","jetpack_is_tweetstorm":false,"jetpack_publicize_feature_enabled":true},"categories":[3],"tags":[],"jetpack_publicize_connections":[],"yoast_head":"<!-- This site is optimized with the Yoast SEO plugin v19.1 - https:\/\/yoast.com\/wordpress\/plugins\/seo\/ -->\n<title>Vllaznia, brenda dy dit\u00ebsh n\u00eb Ulqin p\u00ebr st\u00ebrvitje - Lajme nga Ulqini<\/title>\n<meta name=\"description\" content=\"Pavar\u00ebsisht dyshimeve q\u00eb shfaqi nj\u00eb dit\u00eb m\u00eb par\u00eb trajneri Armando Cungu p\u00ebr nisjen e ekipit drejt Malit t\u00eb Zi, q\u00eb t\u00eb zhvilloj\u00eb atje st\u00ebrvitjet dim\u00ebrore,\" \/>\n<meta name=\"robots\" content=\"index, follow, max-snippet:-1, max-image-preview:large, max-video-preview:-1\" \/>\n<link rel=\"canonical\" href=\"https:\/\/www.visit-ulcinj.com\/blog\/2017\/01\/08\/kf-vllaznia-ne-pritje-per-tu-zhvendosur-ne-ulqin\/\" \/>\n<meta property=\"og:locale\" content=\"en_US\" \/>\n<meta property=\"og:type\" content=\"article\" \/>\n<meta property=\"og:title\" content=\"Vllaznia, brenda dy dit\u00ebsh n\u00eb Ulqin p\u00ebr st\u00ebrvitje - Lajme nga Ulqini\" \/>\n<meta property=\"og:description\" content=\"Pavar\u00ebsisht dyshimeve q\u00eb shfaqi nj\u00eb dit\u00eb m\u00eb par\u00eb trajneri Armando Cungu p\u00ebr nisjen e ekipit drejt Malit t\u00eb Zi, q\u00eb t\u00eb zhvilloj\u00eb atje st\u00ebrvitjet dim\u00ebrore,\" \/>\n<meta property=\"og:url\" content=\"https:\/\/www.visit-ulcinj.com\/blog\/2017\/01\/08\/kf-vllaznia-ne-pritje-per-tu-zhvendosur-ne-ulqin\/\" \/>\n<meta property=\"og:site_name\" content=\"Lajme nga Ulqini\" \/>\n<meta property=\"article:published_time\" content=\"2017-01-08T13:51:51+00:00\" \/>\n<meta property=\"article:modified_time\" content=\"2017-01-08T14:04:40+00:00\" \/>\n<meta property=\"og:image\" content=\"http:\/\/www.visit-ulcinj.com\/blog\/wp-content\/uploads\/2017\/01\/KF-VLLAZNIA.jpg\" \/>\n<meta name=\"twitter:label1\" content=\"Written by\" \/>\n\t<meta name=\"twitter:data1\" content=\"ulqini\" \/>\n\t<meta name=\"twitter:label2\" content=\"Est. reading time\" \/>\n\t<meta name=\"twitter:data2\" content=\"1 minute\" \/>\n<script type=\"application\/ld+json\" class=\"yoast-schema-graph\">{\"@context\":\"https:\/\/schema.org\",\"@graph\":[{\"@type\":\"WebSite\",\"@id\":\"https:\/\/www.visit-ulcinj.com\/blog\/#website\",\"url\":\"https:\/\/www.visit-ulcinj.com\/blog\/\",\"name\":\"Lajme nga Ulqini\",\"description\":\"Lajme,Vijesti,Ulqini,Ulqin,Crna Gora,Mali i Zi\",\"potentialAction\":[{\"@type\":\"SearchAction\",\"target\":{\"@type\":\"EntryPoint\",\"urlTemplate\":\"https:\/\/www.visit-ulcinj.com\/blog\/?s={search_term_string}\"},\"query-input\":\"required name=search_term_string\"}],\"inLanguage\":\"en-US\"},{\"@type\":\"ImageObject\",\"inLanguage\":\"en-US\",\"@id\":\"https:\/\/www.visit-ulcinj.com\/blog\/2017\/01\/08\/kf-vllaznia-ne-pritje-per-tu-zhvendosur-ne-ulqin\/#primaryimage\",\"url\":\"https:\/\/www.visit-ulcinj.com\/blog\/wp-content\/uploads\/2017\/01\/KF-VLLAZNIA.jpg\",\"contentUrl\":\"https:\/\/www.visit-ulcinj.com\/blog\/wp-content\/uploads\/2017\/01\/KF-VLLAZNIA.jpg\",\"width\":800,\"height\":535},{\"@type\":\"WebPage\",\"@id\":\"https:\/\/www.visit-ulcinj.com\/blog\/2017\/01\/08\/kf-vllaznia-ne-pritje-per-tu-zhvendosur-ne-ulqin\/#webpage\",\"url\":\"https:\/\/www.visit-ulcinj.com\/blog\/2017\/01\/08\/kf-vllaznia-ne-pritje-per-tu-zhvendosur-ne-ulqin\/\",\"name\":\"Vllaznia, brenda dy dit\u00ebsh n\u00eb Ulqin p\u00ebr st\u00ebrvitje - Lajme nga Ulqini\",\"isPartOf\":{\"@id\":\"https:\/\/www.visit-ulcinj.com\/blog\/#website\"},\"primaryImageOfPage\":{\"@id\":\"https:\/\/www.visit-ulcinj.com\/blog\/2017\/01\/08\/kf-vllaznia-ne-pritje-per-tu-zhvendosur-ne-ulqin\/#primaryimage\"},\"datePublished\":\"2017-01-08T13:51:51+00:00\",\"dateModified\":\"2017-01-08T14:04:40+00:00\",\"author\":{\"@id\":\"https:\/\/www.visit-ulcinj.com\/blog\/#\/schema\/person\/dcab619c614d3038751c63bc2aadc06d\"},\"description\":\"Pavar\u00ebsisht dyshimeve q\u00eb shfaqi nj\u00eb dit\u00eb m\u00eb par\u00eb trajneri Armando Cungu p\u00ebr nisjen e ekipit drejt Malit t\u00eb Zi, q\u00eb t\u00eb zhvilloj\u00eb atje st\u00ebrvitjet dim\u00ebrore,\",\"breadcrumb\":{\"@id\":\"https:\/\/www.visit-ulcinj.com\/blog\/2017\/01\/08\/kf-vllaznia-ne-pritje-per-tu-zhvendosur-ne-ulqin\/#breadcrumb\"},\"inLanguage\":\"en-US\",\"potentialAction\":[{\"@type\":\"ReadAction\",\"target\":[\"https:\/\/www.visit-ulcinj.com\/blog\/2017\/01\/08\/kf-vllaznia-ne-pritje-per-tu-zhvendosur-ne-ulqin\/\"]}]},{\"@type\":\"BreadcrumbList\",\"@id\":\"https:\/\/www.visit-ulcinj.com\/blog\/2017\/01\/08\/kf-vllaznia-ne-pritje-per-tu-zhvendosur-ne-ulqin\/#breadcrumb\",\"itemListElement\":[{\"@type\":\"ListItem\",\"position\":1,\"name\":\"Vllaznia, brenda dy dit\u00ebsh n\u00eb Ulqin p\u00ebr st\u00ebrvitje\"}]},{\"@type\":\"Person\",\"@id\":\"https:\/\/www.visit-ulcinj.com\/blog\/#\/schema\/person\/dcab619c614d3038751c63bc2aadc06d\",\"name\":\"ulqini\",\"sameAs\":[\"http:\/\/www.visit-ulcinj.com\"],\"url\":\"https:\/\/www.visit-ulcinj.com\/blog\/author\/admin\/\"}]}<\/script>\n<!-- \/ Yoast SEO plugin. -->","yoast_head_json":{"title":"Vllaznia, brenda dy dit\u00ebsh n\u00eb Ulqin p\u00ebr st\u00ebrvitje - Lajme nga Ulqini","description":"Pavar\u00ebsisht dyshimeve q\u00eb shfaqi nj\u00eb dit\u00eb m\u00eb par\u00eb trajneri Armando Cungu p\u00ebr nisjen e ekipit drejt Malit t\u00eb Zi, q\u00eb t\u00eb zhvilloj\u00eb atje st\u00ebrvitjet dim\u00ebrore,","robots":{"index":"index","follow":"follow","max-snippet":"max-snippet:-1","max-image-preview":"max-image-preview:large","max-video-preview":"max-video-preview:-1"},"canonical":"https:\/\/www.visit-ulcinj.com\/blog\/2017\/01\/08\/kf-vllaznia-ne-pritje-per-tu-zhvendosur-ne-ulqin\/","og_locale":"en_US","og_type":"article","og_title":"Vllaznia, brenda dy dit\u00ebsh n\u00eb Ulqin p\u00ebr st\u00ebrvitje - Lajme nga Ulqini","og_description":"Pavar\u00ebsisht dyshimeve q\u00eb shfaqi nj\u00eb dit\u00eb m\u00eb par\u00eb trajneri Armando Cungu p\u00ebr nisjen e ekipit drejt Malit t\u00eb Zi, q\u00eb t\u00eb zhvilloj\u00eb atje st\u00ebrvitjet dim\u00ebrore,","og_url":"https:\/\/www.visit-ulcinj.com\/blog\/2017\/01\/08\/kf-vllaznia-ne-pritje-per-tu-zhvendosur-ne-ulqin\/","og_site_name":"Lajme nga Ulqini","article_published_time":"2017-01-08T13:51:51+00:00","article_modified_time":"2017-01-08T14:04:40+00:00","og_image":[{"url":"http:\/\/www.visit-ulcinj.com\/blog\/wp-content\/uploads\/2017\/01\/KF-VLLAZNIA.jpg"}],"twitter_misc":{"Written by":"ulqini","Est. reading time":"1 minute"},"schema":{"@context":"https:\/\/schema.org","@graph":[{"@type":"WebSite","@id":"https:\/\/www.visit-ulcinj.com\/blog\/#website","url":"https:\/\/www.visit-ulcinj.com\/blog\/","name":"Lajme nga Ulqini","description":"Lajme,Vijesti,Ulqini,Ulqin,Crna Gora,Mali i Zi","potentialAction":[{"@type":"SearchAction","target":{"@type":"EntryPoint","urlTemplate":"https:\/\/www.visit-ulcinj.com\/blog\/?s={search_term_string}"},"query-input":"required name=search_term_string"}],"inLanguage":"en-US"},{"@type":"ImageObject","inLanguage":"en-US","@id":"https:\/\/www.visit-ulcinj.com\/blog\/2017\/01\/08\/kf-vllaznia-ne-pritje-per-tu-zhvendosur-ne-ulqin\/#primaryimage","url":"https:\/\/www.visit-ulcinj.com\/blog\/wp-content\/uploads\/2017\/01\/KF-VLLAZNIA.jpg","contentUrl":"https:\/\/www.visit-ulcinj.com\/blog\/wp-content\/uploads\/2017\/01\/KF-VLLAZNIA.jpg","width":800,"height":535},{"@type":"WebPage","@id":"https:\/\/www.visit-ulcinj.com\/blog\/2017\/01\/08\/kf-vllaznia-ne-pritje-per-tu-zhvendosur-ne-ulqin\/#webpage","url":"https:\/\/www.visit-ulcinj.com\/blog\/2017\/01\/08\/kf-vllaznia-ne-pritje-per-tu-zhvendosur-ne-ulqin\/","name":"Vllaznia, brenda dy dit\u00ebsh n\u00eb Ulqin p\u00ebr st\u00ebrvitje - Lajme nga Ulqini","isPartOf":{"@id":"https:\/\/www.visit-ulcinj.com\/blog\/#website"},"primaryImageOfPage":{"@id":"https:\/\/www.visit-ulcinj.com\/blog\/2017\/01\/08\/kf-vllaznia-ne-pritje-per-tu-zhvendosur-ne-ulqin\/#primaryimage"},"datePublished":"2017-01-08T13:51:51+00:00","dateModified":"2017-01-08T14:04:40+00:00","author":{"@id":"https:\/\/www.visit-ulcinj.com\/blog\/#\/schema\/person\/dcab619c614d3038751c63bc2aadc06d"},"description":"Pavar\u00ebsisht dyshimeve q\u00eb shfaqi nj\u00eb dit\u00eb m\u00eb par\u00eb trajneri Armando Cungu p\u00ebr nisjen e ekipit drejt Malit t\u00eb Zi, q\u00eb t\u00eb zhvilloj\u00eb atje st\u00ebrvitjet dim\u00ebrore,","breadcrumb":{"@id":"https:\/\/www.visit-ulcinj.com\/blog\/2017\/01\/08\/kf-vllaznia-ne-pritje-per-tu-zhvendosur-ne-ulqin\/#breadcrumb"},"inLanguage":"en-US","potentialAction":[{"@type":"ReadAction","target":["https:\/\/www.visit-ulcinj.com\/blog\/2017\/01\/08\/kf-vllaznia-ne-pritje-per-tu-zhvendosur-ne-ulqin\/"]}]},{"@type":"BreadcrumbList","@id":"https:\/\/www.visit-ulcinj.com\/blog\/2017\/01\/08\/kf-vllaznia-ne-pritje-per-tu-zhvendosur-ne-ulqin\/#breadcrumb","itemListElement":[{"@type":"ListItem","position":1,"name":"Vllaznia, brenda dy dit\u00ebsh n\u00eb Ulqin p\u00ebr st\u00ebrvitje"}]},{"@type":"Person","@id":"https:\/\/www.visit-ulcinj.com\/blog\/#\/schema\/person\/dcab619c614d3038751c63bc2aadc06d","name":"ulqini","sameAs":["http:\/\/www.visit-ulcinj.com"],"url":"https:\/\/www.visit-ulcinj.com\/blog\/author\/admin\/"}]}},"jetpack_featured_media_url":"","jetpack_sharing_enabled":true,"jetpack_shortlink":"https:\/\/wp.me\/pe6lTn-qyI","_links":{"self":[{"href":"https:\/\/www.visit-ulcinj.com\/blog\/wp-json\/wp\/v2\/posts\/102096"}],"collection":[{"href":"https:\/\/www.visit-ulcinj.com\/blog\/wp-json\/wp\/v2\/posts"}],"about":[{"href":"https:\/\/www.visit-ulcinj.com\/blog\/wp-json\/wp\/v2\/types\/post"}],"author":[{"embeddable":true,"href":"https:\/\/www.visit-ulcinj.com\/blog\/wp-json\/wp\/v2\/users\/1"}],"replies":[{"embeddable":true,"href":"https:\/\/www.visit-ulcinj.com\/blog\/wp-json\/wp\/v2\/comments?post=102096"}],"version-history":[{"count":3,"href":"https:\/\/www.visit-ulcinj.com\/blog\/wp-json\/wp\/v2\/posts\/102096\/revisions"}],"predecessor-version":[{"id":102106,"href":"https:\/\/www.visit-ulcinj.com\/blog\/wp-json\/wp\/v2\/posts\/102096\/revisions\/102106"}],"wp:attachment":[{"href":"https:\/\/www.visit-ulcinj.com\/blog\/wp-json\/wp\/v2\/media?parent=102096"}],"wp:term":[{"taxonomy":"category","embeddable":true,"href":"https:\/\/www.visit-ulcinj.com\/blog\/wp-json\/wp\/v2\/categories?post=102096"},{"taxonomy":"post_tag","embeddable":true,"href":"https:\/\/www.visit-ulcinj.com\/blog\/wp-json\/wp\/v2\/tags?post=102096"}],"curies":[{"name":"wp","href":"https:\/\/api.w.org\/{rel}","templated":true}]}}