{"id":102107,"date":"2017-01-08T23:23:10","date_gmt":"2017-01-08T22:23:10","guid":{"rendered":"http:\/\/www.visit-ulcinj.com\/blog\/?p=102107"},"modified":"2017-01-08T23:23:10","modified_gmt":"2017-01-08T22:23:10","slug":"kryetari-cungu-kerkon-perkrahje-nga-qytetaret-e-anes-malit-foto","status":"publish","type":"post","link":"https:\/\/www.visit-ulcinj.com\/blog\/2017\/01\/08\/kryetari-cungu-kerkon-perkrahje-nga-qytetaret-e-anes-malit-foto\/","title":{"rendered":"Kryetari Cungu, k\u00ebrkon p\u00ebrkrahje nga qytetar\u00ebt e An\u00ebs Malit + Foto"},"content":{"rendered":"<p><strong><a href=\"http:\/\/www.visit-ulcinj.com\/blog\/wp-content\/uploads\/2017\/01\/Kryetari-Cungu-k\u00ebrkon-p\u00ebrkrahje-.jpg\"><img loading=\"lazy\" class=\"alignleft wp-image-102108\" src=\"http:\/\/www.visit-ulcinj.com\/blog\/wp-content\/uploads\/2017\/01\/Kryetari-Cungu-k\u00ebrkon-p\u00ebrkrahje-.jpg\" alt=\"Kryetari Cungu, k\u00ebrkon p\u00ebrkrahje-\" width=\"508\" height=\"381\" srcset=\"https:\/\/www.visit-ulcinj.com\/blog\/wp-content\/uploads\/2017\/01\/Kryetari-Cungu-k\u00ebrkon-p\u00ebrkrahje-.jpg 960w, https:\/\/www.visit-ulcinj.com\/blog\/wp-content\/uploads\/2017\/01\/Kryetari-Cungu-k\u00ebrkon-p\u00ebrkrahje--300x225.jpg 300w, https:\/\/www.visit-ulcinj.com\/blog\/wp-content\/uploads\/2017\/01\/Kryetari-Cungu-k\u00ebrkon-p\u00ebrkrahje--768x576.jpg 768w\" sizes=\"(max-width: 508px) 100vw, 508px\" \/><\/a>Kryetari i komun\u00ebs s\u00eb Ulqinit Nazif Cungu, ka postuar nj\u00eb tekst t\u00eb shkurt\u00ebr n\u00eb lidhje me\u00a0sh\u00ebrbimet e Komun\u00ebs po p\u00ebrballen me motin e renduar dhe bor\u00ebn qe ka mbuluar rrug\u00ebt e komun\u00ebs son\u00eb, njoftoi sot kryetari Cungu n\u00eb faqen e tij\u00eb t\u00eb facebook-ut.\u00a0<\/strong><\/p>\n<p><span class=\"st\"><em><strong>Jemi duke publikuar n\u00eb t\u00ebrsi artikullin:<\/strong><\/em><\/span><\/p>\n<p>K\u00ebto dit\u00eb sh\u00ebrbimet e Komun\u00ebs po p\u00ebrballen me motin e renduar dhe bor\u00ebn qe ka mbuluar rrug\u00ebt e komun\u00ebs son\u00eb, e n\u00eb ve\u00e7anti zon\u00ebn e An\u00ebs Malit.<\/p>\n<p>Nj\u00eb faleminderit dhe p\u00ebrkrahje punonj\u00ebsve te Nd\u00ebrmarrjes Komunale qe po b\u00ebjn\u00eb pun\u00eb te jasht\u00ebzakonshme n\u00eb sh\u00ebrbim t\u00eb banor\u00ebve t\u00eb zonave t\u00eb r\u00ebnduara nga bora.<\/p>\n<p>Problem i madh \u00ebsht\u00eb edhe mungesa e rrym\u00ebs elektrike n\u00eb disa zona si pasoj\u00eb e d\u00ebmtimit t\u00eb shum\u00eb shtyllave elektrike. Jam i informuar q\u00eb ekipet e elektro-ekonomis\u00eb jan\u00eb n\u00eb terren d<span class=\"text_exposed_show\">he jan\u00eb duke punuar n\u00eb rregullimin e tyre dhe sh\u00ebrbimet tona komunale jan\u00eb n\u00eb v\u00ebzhgim t\u00eb vazhduesh\u00ebm. <\/span><\/p>\n<div class=\"text_exposed_show\">\n<p>Shpresojm\u00eb qe kjo t\u00eb jet\u00eb nata e fundit pa rrym\u00eb.<\/p>\n<p>Nazif Cungu<\/p>\n<p><strong><a href=\"https:\/\/www.facebook.com\/Nazif-Cungu-1665576237105855\/?hc_ref=NEWSFEED&amp;fref=nf\">Nazif Cungu Facebook<\/a><\/strong><\/p>\n\n\t\t<style type=\"text\/css\">\n\t\t\t#gallery-1 {\n\t\t\t\tmargin: auto;\n\t\t\t}\n\t\t\t#gallery-1 .gallery-item {\n\t\t\t\tfloat: left;\n\t\t\t\tmargin-top: 10px;\n\t\t\t\ttext-align: center;\n\t\t\t\twidth: 33%;\n\t\t\t}\n\t\t\t#gallery-1 img {\n\t\t\t\tborder: 2px solid #cfcfcf;\n\t\t\t}\n\t\t\t#gallery-1 .gallery-caption {\n\t\t\t\tmargin-left: 0;\n\t\t\t}\n\t\t\t\/* see gallery_shortcode() in wp-includes\/media.php *\/\n\t\t<\/style>\n\t\t<div id='gallery-1' class='gallery galleryid-102107 gallery-columns-3 gallery-size-thumbnail'><dl class='gallery-item'>\n\t\t\t<dt class='gallery-icon portrait'>\n\t\t\t\t<a href='https:\/\/www.visit-ulcinj.com\/blog\/2017\/01\/08\/kryetari-cungu-kerkon-perkrahje-nga-qytetaret-e-anes-malit-foto\/kryetari-cungu-kerkon-perkrahje-7\/'><img width=\"150\" height=\"150\" src=\"https:\/\/www.visit-ulcinj.com\/blog\/wp-content\/uploads\/2017\/01\/Kryetari-Cungu-k\u00ebrkon-p\u00ebrkrahje-7-150x150.jpg\" class=\"attachment-thumbnail size-thumbnail\" alt=\"\" loading=\"lazy\" \/><\/a>\n\t\t\t<\/dt><\/dl><dl class='gallery-item'>\n\t\t\t<dt class='gallery-icon portrait'>\n\t\t\t\t<a href='https:\/\/www.visit-ulcinj.com\/blog\/2017\/01\/08\/kryetari-cungu-kerkon-perkrahje-nga-qytetaret-e-anes-malit-foto\/kryetari-cungu-kerkon-perkrahje-8\/'><img width=\"150\" height=\"150\" src=\"https:\/\/www.visit-ulcinj.com\/blog\/wp-content\/uploads\/2017\/01\/Kryetari-Cungu-k\u00ebrkon-p\u00ebrkrahje-8-150x150.jpg\" class=\"attachment-thumbnail size-thumbnail\" alt=\"\" loading=\"lazy\" \/><\/a>\n\t\t\t<\/dt><\/dl><dl class='gallery-item'>\n\t\t\t<dt class='gallery-icon portrait'>\n\t\t\t\t<a href='https:\/\/www.visit-ulcinj.com\/blog\/2017\/01\/08\/kryetari-cungu-kerkon-perkrahje-nga-qytetaret-e-anes-malit-foto\/kryetari-cungu-kerkon-perkrahje-6\/'><img width=\"150\" height=\"150\" src=\"https:\/\/www.visit-ulcinj.com\/blog\/wp-content\/uploads\/2017\/01\/Kryetari-Cungu-k\u00ebrkon-p\u00ebrkrahje-6-150x150.jpg\" class=\"attachment-thumbnail size-thumbnail\" alt=\"\" loading=\"lazy\" \/><\/a>\n\t\t\t<\/dt><\/dl><br style=\"clear: both\" \/><dl class='gallery-item'>\n\t\t\t<dt class='gallery-icon portrait'>\n\t\t\t\t<a href='https:\/\/www.visit-ulcinj.com\/blog\/2017\/01\/08\/kryetari-cungu-kerkon-perkrahje-nga-qytetaret-e-anes-malit-foto\/kryetari-cungu-kerkon-perkrahje-5\/'><img width=\"150\" height=\"150\" src=\"https:\/\/www.visit-ulcinj.com\/blog\/wp-content\/uploads\/2017\/01\/Kryetari-Cungu-k\u00ebrkon-p\u00ebrkrahje-5-150x150.jpg\" class=\"attachment-thumbnail size-thumbnail\" alt=\"\" loading=\"lazy\" \/><\/a>\n\t\t\t<\/dt><\/dl><dl class='gallery-item'>\n\t\t\t<dt class='gallery-icon portrait'>\n\t\t\t\t<a href='https:\/\/www.visit-ulcinj.com\/blog\/2017\/01\/08\/kryetari-cungu-kerkon-perkrahje-nga-qytetaret-e-anes-malit-foto\/kryetari-cungu-kerkon-perkrahje-4\/'><img width=\"150\" height=\"150\" src=\"https:\/\/www.visit-ulcinj.com\/blog\/wp-content\/uploads\/2017\/01\/Kryetari-Cungu-k\u00ebrkon-p\u00ebrkrahje-4-150x150.jpg\" class=\"attachment-thumbnail size-thumbnail\" alt=\"\" loading=\"lazy\" \/><\/a>\n\t\t\t<\/dt><\/dl><dl class='gallery-item'>\n\t\t\t<dt class='gallery-icon landscape'>\n\t\t\t\t<a href='https:\/\/www.visit-ulcinj.com\/blog\/2017\/01\/08\/kryetari-cungu-kerkon-perkrahje-nga-qytetaret-e-anes-malit-foto\/kryetari-cungu-kerkon-perkrahje-3\/'><img width=\"150\" height=\"150\" src=\"https:\/\/www.visit-ulcinj.com\/blog\/wp-content\/uploads\/2017\/01\/Kryetari-Cungu-k\u00ebrkon-p\u00ebrkrahje-3-150x150.jpg\" class=\"attachment-thumbnail size-thumbnail\" alt=\"\" loading=\"lazy\" \/><\/a>\n\t\t\t<\/dt><\/dl><br style=\"clear: both\" \/><dl class='gallery-item'>\n\t\t\t<dt class='gallery-icon landscape'>\n\t\t\t\t<a href='https:\/\/www.visit-ulcinj.com\/blog\/2017\/01\/08\/kryetari-cungu-kerkon-perkrahje-nga-qytetaret-e-anes-malit-foto\/kryetari-cungu-kerkon-perkrahje-2\/'><img width=\"150\" height=\"150\" src=\"https:\/\/www.visit-ulcinj.com\/blog\/wp-content\/uploads\/2017\/01\/Kryetari-Cungu-k\u00ebrkon-p\u00ebrkrahje-2-150x150.jpg\" class=\"attachment-thumbnail size-thumbnail\" alt=\"\" loading=\"lazy\" \/><\/a>\n\t\t\t<\/dt><\/dl><dl class='gallery-item'>\n\t\t\t<dt class='gallery-icon landscape'>\n\t\t\t\t<a href='https:\/\/www.visit-ulcinj.com\/blog\/2017\/01\/08\/kryetari-cungu-kerkon-perkrahje-nga-qytetaret-e-anes-malit-foto\/kryetari-cungu-kerkon-perkrahje-1\/'><img width=\"150\" height=\"150\" src=\"https:\/\/www.visit-ulcinj.com\/blog\/wp-content\/uploads\/2017\/01\/Kryetari-Cungu-k\u00ebrkon-p\u00ebrkrahje-1-150x150.jpg\" class=\"attachment-thumbnail size-thumbnail\" alt=\"\" loading=\"lazy\" \/><\/a>\n\t\t\t<\/dt><\/dl><dl class='gallery-item'>\n\t\t\t<dt class='gallery-icon landscape'>\n\t\t\t\t<a href='https:\/\/www.visit-ulcinj.com\/blog\/2017\/01\/08\/kryetari-cungu-kerkon-perkrahje-nga-qytetaret-e-anes-malit-foto\/kryetari-cungu-kerkon-perkrahje\/'><img width=\"150\" height=\"150\" src=\"https:\/\/www.visit-ulcinj.com\/blog\/wp-content\/uploads\/2017\/01\/Kryetari-Cungu-k\u00ebrkon-p\u00ebrkrahje--150x150.jpg\" class=\"attachment-thumbnail size-thumbnail\" alt=\"\" loading=\"lazy\" \/><\/a>\n\t\t\t<\/dt><\/dl><br style=\"clear: both\" \/>\n\t\t<\/div>\n\n<\/div>\n","protected":false},"excerpt":{"rendered":"<p>Kryetari i komun\u00ebs s\u00eb Ulqinit Nazif Cungu, ka postuar nj\u00eb tekst t\u00eb shkurt\u00ebr n\u00eb lidhje me\u00a0sh\u00ebrbimet e Komun\u00ebs po p\u00ebrballen me motin e renduar dhe bor\u00ebn qe ka mbuluar rrug\u00ebt e komun\u00ebs son\u00eb, njoftoi sot kryetari Cungu n\u00eb faqen e tij\u00eb t\u00eb facebook-ut.\u00a0 Jemi duke publikuar n\u00eb t\u00ebrsi artikullin: K\u00ebto dit\u00eb sh\u00ebrbimet e Komun\u00ebs po [&hellip;]<\/p>\n","protected":false},"author":1,"featured_media":0,"comment_status":"closed","ping_status":"closed","sticky":false,"template":"","format":"standard","meta":{"spay_email":"","jetpack_publicize_message":"","jetpack_is_tweetstorm":false,"jetpack_publicize_feature_enabled":true},"categories":[10],"tags":[],"jetpack_publicize_connections":[],"yoast_head":"<!-- This site is optimized with the Yoast SEO plugin v19.1 - https:\/\/yoast.com\/wordpress\/plugins\/seo\/ -->\n<title>Kryetari Cungu, k\u00ebrkon p\u00ebrkrahje nga qytetar\u00ebt e An\u00ebs Malit + Foto - Lajme nga Ulqini<\/title>\n<meta name=\"description\" content=\"Kryetari i komun\u00ebs s\u00eb Ulqinit Nazif Cungu, ka postuar nj\u00eb tekst t\u00eb shkurt\u00ebr n\u00eb lidhje me\u00a0sh\u00ebrbimet e Komun\u00ebs po p\u00ebrballen me motin e renduar dhe bor\u00ebn qe\" \/>\n<meta name=\"robots\" content=\"index, follow, max-snippet:-1, max-image-preview:large, max-video-preview:-1\" \/>\n<link rel=\"canonical\" href=\"https:\/\/www.visit-ulcinj.com\/blog\/2017\/01\/08\/kryetari-cungu-kerkon-perkrahje-nga-qytetaret-e-anes-malit-foto\/\" \/>\n<meta property=\"og:locale\" content=\"en_US\" \/>\n<meta property=\"og:type\" content=\"article\" \/>\n<meta property=\"og:title\" content=\"Kryetari Cungu, k\u00ebrkon p\u00ebrkrahje nga qytetar\u00ebt e An\u00ebs Malit + Foto - Lajme nga Ulqini\" \/>\n<meta property=\"og:description\" content=\"Kryetari i komun\u00ebs s\u00eb Ulqinit Nazif Cungu, ka postuar nj\u00eb tekst t\u00eb shkurt\u00ebr n\u00eb lidhje me\u00a0sh\u00ebrbimet e Komun\u00ebs po p\u00ebrballen me motin e renduar dhe bor\u00ebn qe\" \/>\n<meta property=\"og:url\" content=\"https:\/\/www.visit-ulcinj.com\/blog\/2017\/01\/08\/kryetari-cungu-kerkon-perkrahje-nga-qytetaret-e-anes-malit-foto\/\" \/>\n<meta property=\"og:site_name\" content=\"Lajme nga Ulqini\" \/>\n<meta property=\"article:published_time\" content=\"2017-01-08T22:23:10+00:00\" \/>\n<meta property=\"og:image\" content=\"https:\/\/www.visit-ulcinj.com\/blog\/wp-content\/uploads\/2017\/01\/Kryetari-Cungu-k\u00ebrkon-p\u00ebrkrahje-7-150x150.jpg\" \/>\n<meta name=\"twitter:label1\" content=\"Written by\" \/>\n\t<meta name=\"twitter:data1\" content=\"ulqini\" \/>\n\t<meta name=\"twitter:label2\" content=\"Est. reading time\" \/>\n\t<meta name=\"twitter:data2\" content=\"1 minute\" \/>\n<script type=\"application\/ld+json\" class=\"yoast-schema-graph\">{\"@context\":\"https:\/\/schema.org\",\"@graph\":[{\"@type\":\"WebSite\",\"@id\":\"https:\/\/www.visit-ulcinj.com\/blog\/#website\",\"url\":\"https:\/\/www.visit-ulcinj.com\/blog\/\",\"name\":\"Lajme nga Ulqini\",\"description\":\"Lajme,Vijesti,Ulqini,Ulqin,Crna Gora,Mali i Zi\",\"potentialAction\":[{\"@type\":\"SearchAction\",\"target\":{\"@type\":\"EntryPoint\",\"urlTemplate\":\"https:\/\/www.visit-ulcinj.com\/blog\/?s={search_term_string}\"},\"query-input\":\"required name=search_term_string\"}],\"inLanguage\":\"en-US\"},{\"@type\":\"WebPage\",\"@id\":\"https:\/\/www.visit-ulcinj.com\/blog\/2017\/01\/08\/kryetari-cungu-kerkon-perkrahje-nga-qytetaret-e-anes-malit-foto\/#webpage\",\"url\":\"https:\/\/www.visit-ulcinj.com\/blog\/2017\/01\/08\/kryetari-cungu-kerkon-perkrahje-nga-qytetaret-e-anes-malit-foto\/\",\"name\":\"Kryetari Cungu, k\u00ebrkon p\u00ebrkrahje nga qytetar\u00ebt e An\u00ebs Malit + Foto - Lajme nga Ulqini\",\"isPartOf\":{\"@id\":\"https:\/\/www.visit-ulcinj.com\/blog\/#website\"},\"datePublished\":\"2017-01-08T22:23:10+00:00\",\"dateModified\":\"2017-01-08T22:23:10+00:00\",\"author\":{\"@id\":\"https:\/\/www.visit-ulcinj.com\/blog\/#\/schema\/person\/dcab619c614d3038751c63bc2aadc06d\"},\"description\":\"Kryetari i komun\u00ebs s\u00eb Ulqinit Nazif Cungu, ka postuar nj\u00eb tekst t\u00eb shkurt\u00ebr n\u00eb lidhje me\u00a0sh\u00ebrbimet e Komun\u00ebs po p\u00ebrballen me motin e renduar dhe bor\u00ebn qe\",\"breadcrumb\":{\"@id\":\"https:\/\/www.visit-ulcinj.com\/blog\/2017\/01\/08\/kryetari-cungu-kerkon-perkrahje-nga-qytetaret-e-anes-malit-foto\/#breadcrumb\"},\"inLanguage\":\"en-US\",\"potentialAction\":[{\"@type\":\"ReadAction\",\"target\":[\"https:\/\/www.visit-ulcinj.com\/blog\/2017\/01\/08\/kryetari-cungu-kerkon-perkrahje-nga-qytetaret-e-anes-malit-foto\/\"]}]},{\"@type\":\"BreadcrumbList\",\"@id\":\"https:\/\/www.visit-ulcinj.com\/blog\/2017\/01\/08\/kryetari-cungu-kerkon-perkrahje-nga-qytetaret-e-anes-malit-foto\/#breadcrumb\",\"itemListElement\":[{\"@type\":\"ListItem\",\"position\":1,\"name\":\"Kryetari Cungu, k\u00ebrkon p\u00ebrkrahje nga qytetar\u00ebt e An\u00ebs Malit + Foto\"}]},{\"@type\":\"Person\",\"@id\":\"https:\/\/www.visit-ulcinj.com\/blog\/#\/schema\/person\/dcab619c614d3038751c63bc2aadc06d\",\"name\":\"ulqini\",\"sameAs\":[\"http:\/\/www.visit-ulcinj.com\"],\"url\":\"https:\/\/www.visit-ulcinj.com\/blog\/author\/admin\/\"}]}<\/script>\n<!-- \/ Yoast SEO plugin. -->","yoast_head_json":{"title":"Kryetari Cungu, k\u00ebrkon p\u00ebrkrahje nga qytetar\u00ebt e An\u00ebs Malit + Foto - Lajme nga Ulqini","description":"Kryetari i komun\u00ebs s\u00eb Ulqinit Nazif Cungu, ka postuar nj\u00eb tekst t\u00eb shkurt\u00ebr n\u00eb lidhje me\u00a0sh\u00ebrbimet e Komun\u00ebs po p\u00ebrballen me motin e renduar dhe bor\u00ebn qe","robots":{"index":"index","follow":"follow","max-snippet":"max-snippet:-1","max-image-preview":"max-image-preview:large","max-video-preview":"max-video-preview:-1"},"canonical":"https:\/\/www.visit-ulcinj.com\/blog\/2017\/01\/08\/kryetari-cungu-kerkon-perkrahje-nga-qytetaret-e-anes-malit-foto\/","og_locale":"en_US","og_type":"article","og_title":"Kryetari Cungu, k\u00ebrkon p\u00ebrkrahje nga qytetar\u00ebt e An\u00ebs Malit + Foto - Lajme nga Ulqini","og_description":"Kryetari i komun\u00ebs s\u00eb Ulqinit Nazif Cungu, ka postuar nj\u00eb tekst t\u00eb shkurt\u00ebr n\u00eb lidhje me\u00a0sh\u00ebrbimet e Komun\u00ebs po p\u00ebrballen me motin e renduar dhe bor\u00ebn qe","og_url":"https:\/\/www.visit-ulcinj.com\/blog\/2017\/01\/08\/kryetari-cungu-kerkon-perkrahje-nga-qytetaret-e-anes-malit-foto\/","og_site_name":"Lajme nga Ulqini","article_published_time":"2017-01-08T22:23:10+00:00","og_image":[{"url":"https:\/\/www.visit-ulcinj.com\/blog\/wp-content\/uploads\/2017\/01\/Kryetari-Cungu-k\u00ebrkon-p\u00ebrkrahje-7-150x150.jpg"}],"twitter_misc":{"Written by":"ulqini","Est. reading time":"1 minute"},"schema":{"@context":"https:\/\/schema.org","@graph":[{"@type":"WebSite","@id":"https:\/\/www.visit-ulcinj.com\/blog\/#website","url":"https:\/\/www.visit-ulcinj.com\/blog\/","name":"Lajme nga Ulqini","description":"Lajme,Vijesti,Ulqini,Ulqin,Crna Gora,Mali i Zi","potentialAction":[{"@type":"SearchAction","target":{"@type":"EntryPoint","urlTemplate":"https:\/\/www.visit-ulcinj.com\/blog\/?s={search_term_string}"},"query-input":"required name=search_term_string"}],"inLanguage":"en-US"},{"@type":"WebPage","@id":"https:\/\/www.visit-ulcinj.com\/blog\/2017\/01\/08\/kryetari-cungu-kerkon-perkrahje-nga-qytetaret-e-anes-malit-foto\/#webpage","url":"https:\/\/www.visit-ulcinj.com\/blog\/2017\/01\/08\/kryetari-cungu-kerkon-perkrahje-nga-qytetaret-e-anes-malit-foto\/","name":"Kryetari Cungu, k\u00ebrkon p\u00ebrkrahje nga qytetar\u00ebt e An\u00ebs Malit + Foto - Lajme nga Ulqini","isPartOf":{"@id":"https:\/\/www.visit-ulcinj.com\/blog\/#website"},"datePublished":"2017-01-08T22:23:10+00:00","dateModified":"2017-01-08T22:23:10+00:00","author":{"@id":"https:\/\/www.visit-ulcinj.com\/blog\/#\/schema\/person\/dcab619c614d3038751c63bc2aadc06d"},"description":"Kryetari i komun\u00ebs s\u00eb Ulqinit Nazif Cungu, ka postuar nj\u00eb tekst t\u00eb shkurt\u00ebr n\u00eb lidhje me\u00a0sh\u00ebrbimet e Komun\u00ebs po p\u00ebrballen me motin e renduar dhe bor\u00ebn qe","breadcrumb":{"@id":"https:\/\/www.visit-ulcinj.com\/blog\/2017\/01\/08\/kryetari-cungu-kerkon-perkrahje-nga-qytetaret-e-anes-malit-foto\/#breadcrumb"},"inLanguage":"en-US","potentialAction":[{"@type":"ReadAction","target":["https:\/\/www.visit-ulcinj.com\/blog\/2017\/01\/08\/kryetari-cungu-kerkon-perkrahje-nga-qytetaret-e-anes-malit-foto\/"]}]},{"@type":"BreadcrumbList","@id":"https:\/\/www.visit-ulcinj.com\/blog\/2017\/01\/08\/kryetari-cungu-kerkon-perkrahje-nga-qytetaret-e-anes-malit-foto\/#breadcrumb","itemListElement":[{"@type":"ListItem","position":1,"name":"Kryetari Cungu, k\u00ebrkon p\u00ebrkrahje nga qytetar\u00ebt e An\u00ebs Malit + Foto"}]},{"@type":"Person","@id":"https:\/\/www.visit-ulcinj.com\/blog\/#\/schema\/person\/dcab619c614d3038751c63bc2aadc06d","name":"ulqini","sameAs":["http:\/\/www.visit-ulcinj.com"],"url":"https:\/\/www.visit-ulcinj.com\/blog\/author\/admin\/"}]}},"jetpack_featured_media_url":"","jetpack_sharing_enabled":true,"jetpack_shortlink":"https:\/\/wp.me\/pe6lTn-qyT","_links":{"self":[{"href":"https:\/\/www.visit-ulcinj.com\/blog\/wp-json\/wp\/v2\/posts\/102107"}],"collection":[{"href":"https:\/\/www.visit-ulcinj.com\/blog\/wp-json\/wp\/v2\/posts"}],"about":[{"href":"https:\/\/www.visit-ulcinj.com\/blog\/wp-json\/wp\/v2\/types\/post"}],"author":[{"embeddable":true,"href":"https:\/\/www.visit-ulcinj.com\/blog\/wp-json\/wp\/v2\/users\/1"}],"replies":[{"embeddable":true,"href":"https:\/\/www.visit-ulcinj.com\/blog\/wp-json\/wp\/v2\/comments?post=102107"}],"version-history":[{"count":1,"href":"https:\/\/www.visit-ulcinj.com\/blog\/wp-json\/wp\/v2\/posts\/102107\/revisions"}],"predecessor-version":[{"id":102117,"href":"https:\/\/www.visit-ulcinj.com\/blog\/wp-json\/wp\/v2\/posts\/102107\/revisions\/102117"}],"wp:attachment":[{"href":"https:\/\/www.visit-ulcinj.com\/blog\/wp-json\/wp\/v2\/media?parent=102107"}],"wp:term":[{"taxonomy":"category","embeddable":true,"href":"https:\/\/www.visit-ulcinj.com\/blog\/wp-json\/wp\/v2\/categories?post=102107"},{"taxonomy":"post_tag","embeddable":true,"href":"https:\/\/www.visit-ulcinj.com\/blog\/wp-json\/wp\/v2\/tags?post=102107"}],"curies":[{"name":"wp","href":"https:\/\/api.w.org\/{rel}","templated":true}]}}