{"id":102122,"date":"2017-01-09T16:16:08","date_gmt":"2017-01-09T15:16:08","guid":{"rendered":"http:\/\/www.visit-ulcinj.com\/blog\/?p=102122"},"modified":"2017-01-10T14:07:23","modified_gmt":"2017-01-10T13:07:23","slug":"fotolajm-nga-ngrirja-e-port-milenes","status":"publish","type":"post","link":"https:\/\/www.visit-ulcinj.com\/blog\/2017\/01\/09\/fotolajm-nga-ngrirja-e-port-milenes\/","title":{"rendered":"Fotolajm nga ngrirja e Port Milen\u00ebs"},"content":{"rendered":"<p class=\"description\"><a href=\"http:\/\/www.visit-ulcinj.com\/blog\/wp-content\/uploads\/2017\/01\/Fotolajm-nga-ngrirja-e-Port-Milen\u00ebs-10.jpg\"><img loading=\"lazy\" class=\"alignleft wp-image-102123\" src=\"http:\/\/www.visit-ulcinj.com\/blog\/wp-content\/uploads\/2017\/01\/Fotolajm-nga-ngrirja-e-Port-Milen\u00ebs-10.jpg\" alt=\"Fotolajm nga ngrirja e Port Milen\u00ebs-10\" width=\"508\" height=\"381\" srcset=\"https:\/\/www.visit-ulcinj.com\/blog\/wp-content\/uploads\/2017\/01\/Fotolajm-nga-ngrirja-e-Port-Milen\u00ebs-10.jpg 960w, https:\/\/www.visit-ulcinj.com\/blog\/wp-content\/uploads\/2017\/01\/Fotolajm-nga-ngrirja-e-Port-Milen\u00ebs-10-300x225.jpg 300w, https:\/\/www.visit-ulcinj.com\/blog\/wp-content\/uploads\/2017\/01\/Fotolajm-nga-ngrirja-e-Port-Milen\u00ebs-10-768x576.jpg 768w\" sizes=\"(max-width: 508px) 100vw, 508px\" \/><\/a>Simbas m\u00ebrgimtarit ton nga Australia z. <strong><a id=\"js_zq\" class=\" UFICommentActorName\" dir=\"ltr\" href=\"https:\/\/www.facebook.com\/profile.php?id=100007276622202&amp;fref=ufi&amp;rc=p\" data-ft=\"{&quot;tn&quot;:&quot;;&quot;}\" data-hovercard=\"\/ajax\/hovercard\/hovercard.php?id=100007276622202&amp;extragetparams=%7B%22is_public%22%3Atrue%2C%22hc_location%22%3A%22ufi_admin%22%7D\">Mixha Fteja<\/a><\/strong>, tregon se shtrirja e akullnajave n\u00eb port milen ka arritur rekordin e dyt\u00eb sot, dhe asht\u00eb indentik me at\u00eb t\u00eb vitit 1956-\u00ebs, shkruan ai n\u00eb faqen e facebookut.<\/p>\n<p class=\"description\">Nga temperaturat e ul\u00ebta t\u00eb k\u00ebtyre dit\u00ebve kan\u00eb sh\u00ebnuar ngrica n\u00eb shum\u00eb qytete t\u00eb vendit n\u00eb Mal t\u00eb Zi. N\u00eb port milen gjith\u00e7ka tashm\u00eb \u00ebsht\u00eb kthyer n\u00eb akull.<\/p>\n<div id=\"article-text\">\n<p>P\u00ebrve\u00e7se d\u00ebshmis\u00eb se nj\u00eb i ftoht\u00eb i madh ka p\u00ebrfshir\u00eb vendin, ky imazh i fiksuar n\u00eb port milen \u00ebsht\u00eb kthyer edhe n\u00eb nj\u00eb atraksion p\u00ebr shum\u00eb qytetar\u00eb kureshtar\u00eb nga Ulqini.<\/p>\n<p>Fotografisti\u00a0<strong><a id=\"js_3i4\" class=\"_hli\" href=\"https:\/\/www.facebook.com\/ismet.karamanaga\" data-hovercard=\"\/ajax\/hovercard\/user.php?id=1359492972\" data-hovercard-prefer-more-content-show=\"1\">Ismet Karamanaga<\/a><\/strong> ka fotografuar ujrat e ngrira n\u00eb portin e milen\u00ebs. Kjo tashm\u00eb cil\u00ebsohet si nj\u00eb nga indikator\u00ebt e ndryshimeve klimatike n\u00eb Tok\u00eb<\/p>\n<p><strong>M\u00eb sip\u00ebr shikoni fotografit\u00eb<\/strong><\/p>\n<p><a href=\"http:\/\/www.visit-ulcinj.com\/blog\/wp-content\/uploads\/2017\/01\/Fotolajm-nga-ngrirja-e-Port-Milen\u00ebs.jpg\"><img loading=\"lazy\" class=\"alignleft wp-image-102124\" src=\"http:\/\/www.visit-ulcinj.com\/blog\/wp-content\/uploads\/2017\/01\/Fotolajm-nga-ngrirja-e-Port-Milen\u00ebs.jpg\" alt=\"Fotolajm nga ngrirja e Port Milen\u00ebs\" width=\"508\" height=\"381\" srcset=\"https:\/\/www.visit-ulcinj.com\/blog\/wp-content\/uploads\/2017\/01\/Fotolajm-nga-ngrirja-e-Port-Milen\u00ebs.jpg 960w, https:\/\/www.visit-ulcinj.com\/blog\/wp-content\/uploads\/2017\/01\/Fotolajm-nga-ngrirja-e-Port-Milen\u00ebs-300x225.jpg 300w, https:\/\/www.visit-ulcinj.com\/blog\/wp-content\/uploads\/2017\/01\/Fotolajm-nga-ngrirja-e-Port-Milen\u00ebs-768x576.jpg 768w\" sizes=\"(max-width: 508px) 100vw, 508px\" \/><\/a> <a href=\"http:\/\/www.visit-ulcinj.com\/blog\/wp-content\/uploads\/2017\/01\/Fotolajm-nga-ngrirja-e-Port-Milen\u00ebs-2.jpg\"><img loading=\"lazy\" class=\"alignleft wp-image-102125\" src=\"http:\/\/www.visit-ulcinj.com\/blog\/wp-content\/uploads\/2017\/01\/Fotolajm-nga-ngrirja-e-Port-Milen\u00ebs-2.jpg\" alt=\"Fotolajm nga ngrirja e Port Milen\u00ebs-2\" width=\"508\" height=\"381\" srcset=\"https:\/\/www.visit-ulcinj.com\/blog\/wp-content\/uploads\/2017\/01\/Fotolajm-nga-ngrirja-e-Port-Milen\u00ebs-2.jpg 960w, https:\/\/www.visit-ulcinj.com\/blog\/wp-content\/uploads\/2017\/01\/Fotolajm-nga-ngrirja-e-Port-Milen\u00ebs-2-300x225.jpg 300w, https:\/\/www.visit-ulcinj.com\/blog\/wp-content\/uploads\/2017\/01\/Fotolajm-nga-ngrirja-e-Port-Milen\u00ebs-2-768x576.jpg 768w\" sizes=\"(max-width: 508px) 100vw, 508px\" \/><\/a> <a href=\"http:\/\/www.visit-ulcinj.com\/blog\/wp-content\/uploads\/2017\/01\/Fotolajm-nga-ngrirja-e-Port-Milen\u00ebs-3.jpg\"><img loading=\"lazy\" class=\"alignleft wp-image-102126\" src=\"http:\/\/www.visit-ulcinj.com\/blog\/wp-content\/uploads\/2017\/01\/Fotolajm-nga-ngrirja-e-Port-Milen\u00ebs-3.jpg\" alt=\"Fotolajm nga ngrirja e Port Milen\u00ebs-3\" width=\"508\" height=\"381\" srcset=\"https:\/\/www.visit-ulcinj.com\/blog\/wp-content\/uploads\/2017\/01\/Fotolajm-nga-ngrirja-e-Port-Milen\u00ebs-3.jpg 960w, https:\/\/www.visit-ulcinj.com\/blog\/wp-content\/uploads\/2017\/01\/Fotolajm-nga-ngrirja-e-Port-Milen\u00ebs-3-300x225.jpg 300w, https:\/\/www.visit-ulcinj.com\/blog\/wp-content\/uploads\/2017\/01\/Fotolajm-nga-ngrirja-e-Port-Milen\u00ebs-3-768x576.jpg 768w\" sizes=\"(max-width: 508px) 100vw, 508px\" \/><\/a> <a href=\"http:\/\/www.visit-ulcinj.com\/blog\/wp-content\/uploads\/2017\/01\/Fotolajm-nga-ngrirja-e-Port-Milen\u00ebs-4.jpg\"><img loading=\"lazy\" class=\"alignleft wp-image-102127\" src=\"http:\/\/www.visit-ulcinj.com\/blog\/wp-content\/uploads\/2017\/01\/Fotolajm-nga-ngrirja-e-Port-Milen\u00ebs-4.jpg\" alt=\"Fotolajm nga ngrirja e Port Milen\u00ebs-4\" width=\"508\" height=\"381\" srcset=\"https:\/\/www.visit-ulcinj.com\/blog\/wp-content\/uploads\/2017\/01\/Fotolajm-nga-ngrirja-e-Port-Milen\u00ebs-4.jpg 960w, https:\/\/www.visit-ulcinj.com\/blog\/wp-content\/uploads\/2017\/01\/Fotolajm-nga-ngrirja-e-Port-Milen\u00ebs-4-300x225.jpg 300w, https:\/\/www.visit-ulcinj.com\/blog\/wp-content\/uploads\/2017\/01\/Fotolajm-nga-ngrirja-e-Port-Milen\u00ebs-4-768x576.jpg 768w\" sizes=\"(max-width: 508px) 100vw, 508px\" \/><\/a> <a href=\"http:\/\/www.visit-ulcinj.com\/blog\/wp-content\/uploads\/2017\/01\/Fotolajm-nga-ngrirja-e-Port-Milen\u00ebs-5.jpg\"><img loading=\"lazy\" class=\"alignleft wp-image-102128\" src=\"http:\/\/www.visit-ulcinj.com\/blog\/wp-content\/uploads\/2017\/01\/Fotolajm-nga-ngrirja-e-Port-Milen\u00ebs-5.jpg\" alt=\"Fotolajm nga ngrirja e Port Milen\u00ebs-5\" width=\"508\" height=\"381\" srcset=\"https:\/\/www.visit-ulcinj.com\/blog\/wp-content\/uploads\/2017\/01\/Fotolajm-nga-ngrirja-e-Port-Milen\u00ebs-5.jpg 960w, https:\/\/www.visit-ulcinj.com\/blog\/wp-content\/uploads\/2017\/01\/Fotolajm-nga-ngrirja-e-Port-Milen\u00ebs-5-300x225.jpg 300w, https:\/\/www.visit-ulcinj.com\/blog\/wp-content\/uploads\/2017\/01\/Fotolajm-nga-ngrirja-e-Port-Milen\u00ebs-5-768x576.jpg 768w\" sizes=\"(max-width: 508px) 100vw, 508px\" \/><\/a> <a href=\"http:\/\/www.visit-ulcinj.com\/blog\/wp-content\/uploads\/2017\/01\/Fotolajm-nga-ngrirja-e-Port-Milen\u00ebs-6.jpg\"><img loading=\"lazy\" class=\"alignleft wp-image-102129\" src=\"http:\/\/www.visit-ulcinj.com\/blog\/wp-content\/uploads\/2017\/01\/Fotolajm-nga-ngrirja-e-Port-Milen\u00ebs-6.jpg\" alt=\"Fotolajm nga ngrirja e Port Milen\u00ebs-6\" width=\"508\" height=\"381\" srcset=\"https:\/\/www.visit-ulcinj.com\/blog\/wp-content\/uploads\/2017\/01\/Fotolajm-nga-ngrirja-e-Port-Milen\u00ebs-6.jpg 960w, https:\/\/www.visit-ulcinj.com\/blog\/wp-content\/uploads\/2017\/01\/Fotolajm-nga-ngrirja-e-Port-Milen\u00ebs-6-300x225.jpg 300w, https:\/\/www.visit-ulcinj.com\/blog\/wp-content\/uploads\/2017\/01\/Fotolajm-nga-ngrirja-e-Port-Milen\u00ebs-6-768x576.jpg 768w\" sizes=\"(max-width: 508px) 100vw, 508px\" \/><\/a> <a href=\"http:\/\/www.visit-ulcinj.com\/blog\/wp-content\/uploads\/2017\/01\/Fotolajm-nga-ngrirja-e-Port-Milen\u00ebs-7.jpg\"><img loading=\"lazy\" class=\"alignleft wp-image-102130\" src=\"http:\/\/www.visit-ulcinj.com\/blog\/wp-content\/uploads\/2017\/01\/Fotolajm-nga-ngrirja-e-Port-Milen\u00ebs-7.jpg\" alt=\"Fotolajm nga ngrirja e Port Milen\u00ebs-7\" width=\"508\" height=\"381\" srcset=\"https:\/\/www.visit-ulcinj.com\/blog\/wp-content\/uploads\/2017\/01\/Fotolajm-nga-ngrirja-e-Port-Milen\u00ebs-7.jpg 960w, https:\/\/www.visit-ulcinj.com\/blog\/wp-content\/uploads\/2017\/01\/Fotolajm-nga-ngrirja-e-Port-Milen\u00ebs-7-300x225.jpg 300w, https:\/\/www.visit-ulcinj.com\/blog\/wp-content\/uploads\/2017\/01\/Fotolajm-nga-ngrirja-e-Port-Milen\u00ebs-7-768x576.jpg 768w\" sizes=\"(max-width: 508px) 100vw, 508px\" \/><\/a> <a href=\"http:\/\/www.visit-ulcinj.com\/blog\/wp-content\/uploads\/2017\/01\/Fotolajm-nga-ngrirja-e-Port-Milen\u00ebs-8.jpg\"><img loading=\"lazy\" class=\"alignleft wp-image-102131\" src=\"http:\/\/www.visit-ulcinj.com\/blog\/wp-content\/uploads\/2017\/01\/Fotolajm-nga-ngrirja-e-Port-Milen\u00ebs-8.jpg\" alt=\"Fotolajm nga ngrirja e Port Milen\u00ebs-8\" width=\"508\" height=\"381\" srcset=\"https:\/\/www.visit-ulcinj.com\/blog\/wp-content\/uploads\/2017\/01\/Fotolajm-nga-ngrirja-e-Port-Milen\u00ebs-8.jpg 960w, https:\/\/www.visit-ulcinj.com\/blog\/wp-content\/uploads\/2017\/01\/Fotolajm-nga-ngrirja-e-Port-Milen\u00ebs-8-300x225.jpg 300w, https:\/\/www.visit-ulcinj.com\/blog\/wp-content\/uploads\/2017\/01\/Fotolajm-nga-ngrirja-e-Port-Milen\u00ebs-8-768x576.jpg 768w\" sizes=\"(max-width: 508px) 100vw, 508px\" \/><\/a> <a href=\"http:\/\/www.visit-ulcinj.com\/blog\/wp-content\/uploads\/2017\/01\/Fotolajm-nga-ngrirja-e-Port-Milen\u00ebs-9.jpg\"><img loading=\"lazy\" class=\"alignleft wp-image-102132\" src=\"http:\/\/www.visit-ulcinj.com\/blog\/wp-content\/uploads\/2017\/01\/Fotolajm-nga-ngrirja-e-Port-Milen\u00ebs-9.jpg\" alt=\"Fotolajm nga ngrirja e Port Milen\u00ebs-9\" width=\"508\" height=\"381\" srcset=\"https:\/\/www.visit-ulcinj.com\/blog\/wp-content\/uploads\/2017\/01\/Fotolajm-nga-ngrirja-e-Port-Milen\u00ebs-9.jpg 960w, https:\/\/www.visit-ulcinj.com\/blog\/wp-content\/uploads\/2017\/01\/Fotolajm-nga-ngrirja-e-Port-Milen\u00ebs-9-300x225.jpg 300w, https:\/\/www.visit-ulcinj.com\/blog\/wp-content\/uploads\/2017\/01\/Fotolajm-nga-ngrirja-e-Port-Milen\u00ebs-9-768x576.jpg 768w\" sizes=\"(max-width: 508px) 100vw, 508px\" \/><\/a> <a href=\"http:\/\/www.visit-ulcinj.com\/blog\/wp-content\/uploads\/2017\/01\/Fotolajm-nga-ngrirja-e-Port-Milen\u00ebs-10-1.jpg\"><img loading=\"lazy\" class=\"alignleft wp-image-102133\" src=\"http:\/\/www.visit-ulcinj.com\/blog\/wp-content\/uploads\/2017\/01\/Fotolajm-nga-ngrirja-e-Port-Milen\u00ebs-10-1.jpg\" alt=\"Fotolajm nga ngrirja e Port Milen\u00ebs-10\" width=\"508\" height=\"381\" srcset=\"https:\/\/www.visit-ulcinj.com\/blog\/wp-content\/uploads\/2017\/01\/Fotolajm-nga-ngrirja-e-Port-Milen\u00ebs-10-1.jpg 960w, https:\/\/www.visit-ulcinj.com\/blog\/wp-content\/uploads\/2017\/01\/Fotolajm-nga-ngrirja-e-Port-Milen\u00ebs-10-1-300x225.jpg 300w, https:\/\/www.visit-ulcinj.com\/blog\/wp-content\/uploads\/2017\/01\/Fotolajm-nga-ngrirja-e-Port-Milen\u00ebs-10-1-768x576.jpg 768w\" sizes=\"(max-width: 508px) 100vw, 508px\" \/><\/a><\/p>\n<\/div>\n","protected":false},"excerpt":{"rendered":"<p>Simbas m\u00ebrgimtarit ton nga Australia z. Mixha Fteja, tregon se shtrirja e akullnajave n\u00eb port milen ka arritur rekordin e dyt\u00eb sot, dhe asht\u00eb indentik me at\u00eb t\u00eb vitit 1956-\u00ebs, shkruan ai n\u00eb faqen e facebookut. Nga temperaturat e ul\u00ebta t\u00eb k\u00ebtyre dit\u00ebve kan\u00eb sh\u00ebnuar ngrica n\u00eb shum\u00eb qytete t\u00eb vendit n\u00eb Mal t\u00eb Zi. [&hellip;]<\/p>\n","protected":false},"author":1,"featured_media":0,"comment_status":"closed","ping_status":"closed","sticky":false,"template":"","format":"standard","meta":{"spay_email":"","jetpack_publicize_message":"","jetpack_is_tweetstorm":false,"jetpack_publicize_feature_enabled":true},"categories":[1,12],"tags":[],"jetpack_publicize_connections":[],"yoast_head":"<!-- This site is optimized with the Yoast SEO plugin v19.1 - https:\/\/yoast.com\/wordpress\/plugins\/seo\/ -->\n<title>Fotolajm nga ngrirja e Port Milen\u00ebs - Lajme nga Ulqini<\/title>\n<meta name=\"description\" content=\"Simbas m\u00ebrgimtarit ton nga Australia z. Mixha Fteja, tregon se shtrirja e akullnajave n\u00eb port milen ka arritur rekordin e dyt\u00eb sot, dhe asht\u00eb indentik me\" \/>\n<meta name=\"robots\" content=\"index, follow, max-snippet:-1, max-image-preview:large, max-video-preview:-1\" \/>\n<link rel=\"canonical\" href=\"https:\/\/www.visit-ulcinj.com\/blog\/2017\/01\/09\/fotolajm-nga-ngrirja-e-port-milenes\/\" \/>\n<meta property=\"og:locale\" content=\"en_US\" \/>\n<meta property=\"og:type\" content=\"article\" \/>\n<meta property=\"og:title\" content=\"Fotolajm nga ngrirja e Port Milen\u00ebs - Lajme nga Ulqini\" \/>\n<meta property=\"og:description\" content=\"Simbas m\u00ebrgimtarit ton nga Australia z. Mixha Fteja, tregon se shtrirja e akullnajave n\u00eb port milen ka arritur rekordin e dyt\u00eb sot, dhe asht\u00eb indentik me\" \/>\n<meta property=\"og:url\" content=\"https:\/\/www.visit-ulcinj.com\/blog\/2017\/01\/09\/fotolajm-nga-ngrirja-e-port-milenes\/\" \/>\n<meta property=\"og:site_name\" content=\"Lajme nga Ulqini\" \/>\n<meta property=\"article:published_time\" content=\"2017-01-09T15:16:08+00:00\" \/>\n<meta property=\"article:modified_time\" content=\"2017-01-10T13:07:23+00:00\" \/>\n<meta name=\"twitter:label1\" content=\"Written by\" \/>\n\t<meta name=\"twitter:data1\" content=\"ulqini\" \/>\n\t<meta name=\"twitter:label2\" content=\"Est. reading time\" \/>\n\t<meta name=\"twitter:data2\" content=\"1 minute\" \/>\n<script type=\"application\/ld+json\" class=\"yoast-schema-graph\">{\"@context\":\"https:\/\/schema.org\",\"@graph\":[{\"@type\":\"WebSite\",\"@id\":\"https:\/\/www.visit-ulcinj.com\/blog\/#website\",\"url\":\"https:\/\/www.visit-ulcinj.com\/blog\/\",\"name\":\"Lajme nga Ulqini\",\"description\":\"Lajme,Vijesti,Ulqini,Ulqin,Crna Gora,Mali i Zi\",\"potentialAction\":[{\"@type\":\"SearchAction\",\"target\":{\"@type\":\"EntryPoint\",\"urlTemplate\":\"https:\/\/www.visit-ulcinj.com\/blog\/?s={search_term_string}\"},\"query-input\":\"required name=search_term_string\"}],\"inLanguage\":\"en-US\"},{\"@type\":\"WebPage\",\"@id\":\"https:\/\/www.visit-ulcinj.com\/blog\/2017\/01\/09\/fotolajm-nga-ngrirja-e-port-milenes\/#webpage\",\"url\":\"https:\/\/www.visit-ulcinj.com\/blog\/2017\/01\/09\/fotolajm-nga-ngrirja-e-port-milenes\/\",\"name\":\"Fotolajm nga ngrirja e Port Milen\u00ebs - Lajme nga Ulqini\",\"isPartOf\":{\"@id\":\"https:\/\/www.visit-ulcinj.com\/blog\/#website\"},\"datePublished\":\"2017-01-09T15:16:08+00:00\",\"dateModified\":\"2017-01-10T13:07:23+00:00\",\"author\":{\"@id\":\"https:\/\/www.visit-ulcinj.com\/blog\/#\/schema\/person\/dcab619c614d3038751c63bc2aadc06d\"},\"description\":\"Simbas m\u00ebrgimtarit ton nga Australia z. Mixha Fteja, tregon se shtrirja e akullnajave n\u00eb port milen ka arritur rekordin e dyt\u00eb sot, dhe asht\u00eb indentik me\",\"breadcrumb\":{\"@id\":\"https:\/\/www.visit-ulcinj.com\/blog\/2017\/01\/09\/fotolajm-nga-ngrirja-e-port-milenes\/#breadcrumb\"},\"inLanguage\":\"en-US\",\"potentialAction\":[{\"@type\":\"ReadAction\",\"target\":[\"https:\/\/www.visit-ulcinj.com\/blog\/2017\/01\/09\/fotolajm-nga-ngrirja-e-port-milenes\/\"]}]},{\"@type\":\"BreadcrumbList\",\"@id\":\"https:\/\/www.visit-ulcinj.com\/blog\/2017\/01\/09\/fotolajm-nga-ngrirja-e-port-milenes\/#breadcrumb\",\"itemListElement\":[{\"@type\":\"ListItem\",\"position\":1,\"name\":\"Fotolajm nga ngrirja e Port Milen\u00ebs\"}]},{\"@type\":\"Person\",\"@id\":\"https:\/\/www.visit-ulcinj.com\/blog\/#\/schema\/person\/dcab619c614d3038751c63bc2aadc06d\",\"name\":\"ulqini\",\"sameAs\":[\"http:\/\/www.visit-ulcinj.com\"],\"url\":\"https:\/\/www.visit-ulcinj.com\/blog\/author\/admin\/\"}]}<\/script>\n<!-- \/ Yoast SEO plugin. -->","yoast_head_json":{"title":"Fotolajm nga ngrirja e Port Milen\u00ebs - Lajme nga Ulqini","description":"Simbas m\u00ebrgimtarit ton nga Australia z. Mixha Fteja, tregon se shtrirja e akullnajave n\u00eb port milen ka arritur rekordin e dyt\u00eb sot, dhe asht\u00eb indentik me","robots":{"index":"index","follow":"follow","max-snippet":"max-snippet:-1","max-image-preview":"max-image-preview:large","max-video-preview":"max-video-preview:-1"},"canonical":"https:\/\/www.visit-ulcinj.com\/blog\/2017\/01\/09\/fotolajm-nga-ngrirja-e-port-milenes\/","og_locale":"en_US","og_type":"article","og_title":"Fotolajm nga ngrirja e Port Milen\u00ebs - Lajme nga Ulqini","og_description":"Simbas m\u00ebrgimtarit ton nga Australia z. Mixha Fteja, tregon se shtrirja e akullnajave n\u00eb port milen ka arritur rekordin e dyt\u00eb sot, dhe asht\u00eb indentik me","og_url":"https:\/\/www.visit-ulcinj.com\/blog\/2017\/01\/09\/fotolajm-nga-ngrirja-e-port-milenes\/","og_site_name":"Lajme nga Ulqini","article_published_time":"2017-01-09T15:16:08+00:00","article_modified_time":"2017-01-10T13:07:23+00:00","twitter_misc":{"Written by":"ulqini","Est. reading time":"1 minute"},"schema":{"@context":"https:\/\/schema.org","@graph":[{"@type":"WebSite","@id":"https:\/\/www.visit-ulcinj.com\/blog\/#website","url":"https:\/\/www.visit-ulcinj.com\/blog\/","name":"Lajme nga Ulqini","description":"Lajme,Vijesti,Ulqini,Ulqin,Crna Gora,Mali i Zi","potentialAction":[{"@type":"SearchAction","target":{"@type":"EntryPoint","urlTemplate":"https:\/\/www.visit-ulcinj.com\/blog\/?s={search_term_string}"},"query-input":"required name=search_term_string"}],"inLanguage":"en-US"},{"@type":"WebPage","@id":"https:\/\/www.visit-ulcinj.com\/blog\/2017\/01\/09\/fotolajm-nga-ngrirja-e-port-milenes\/#webpage","url":"https:\/\/www.visit-ulcinj.com\/blog\/2017\/01\/09\/fotolajm-nga-ngrirja-e-port-milenes\/","name":"Fotolajm nga ngrirja e Port Milen\u00ebs - Lajme nga Ulqini","isPartOf":{"@id":"https:\/\/www.visit-ulcinj.com\/blog\/#website"},"datePublished":"2017-01-09T15:16:08+00:00","dateModified":"2017-01-10T13:07:23+00:00","author":{"@id":"https:\/\/www.visit-ulcinj.com\/blog\/#\/schema\/person\/dcab619c614d3038751c63bc2aadc06d"},"description":"Simbas m\u00ebrgimtarit ton nga Australia z. Mixha Fteja, tregon se shtrirja e akullnajave n\u00eb port milen ka arritur rekordin e dyt\u00eb sot, dhe asht\u00eb indentik me","breadcrumb":{"@id":"https:\/\/www.visit-ulcinj.com\/blog\/2017\/01\/09\/fotolajm-nga-ngrirja-e-port-milenes\/#breadcrumb"},"inLanguage":"en-US","potentialAction":[{"@type":"ReadAction","target":["https:\/\/www.visit-ulcinj.com\/blog\/2017\/01\/09\/fotolajm-nga-ngrirja-e-port-milenes\/"]}]},{"@type":"BreadcrumbList","@id":"https:\/\/www.visit-ulcinj.com\/blog\/2017\/01\/09\/fotolajm-nga-ngrirja-e-port-milenes\/#breadcrumb","itemListElement":[{"@type":"ListItem","position":1,"name":"Fotolajm nga ngrirja e Port Milen\u00ebs"}]},{"@type":"Person","@id":"https:\/\/www.visit-ulcinj.com\/blog\/#\/schema\/person\/dcab619c614d3038751c63bc2aadc06d","name":"ulqini","sameAs":["http:\/\/www.visit-ulcinj.com"],"url":"https:\/\/www.visit-ulcinj.com\/blog\/author\/admin\/"}]}},"jetpack_featured_media_url":"","jetpack_sharing_enabled":true,"jetpack_shortlink":"https:\/\/wp.me\/pe6lTn-qz8","_links":{"self":[{"href":"https:\/\/www.visit-ulcinj.com\/blog\/wp-json\/wp\/v2\/posts\/102122"}],"collection":[{"href":"https:\/\/www.visit-ulcinj.com\/blog\/wp-json\/wp\/v2\/posts"}],"about":[{"href":"https:\/\/www.visit-ulcinj.com\/blog\/wp-json\/wp\/v2\/types\/post"}],"author":[{"embeddable":true,"href":"https:\/\/www.visit-ulcinj.com\/blog\/wp-json\/wp\/v2\/users\/1"}],"replies":[{"embeddable":true,"href":"https:\/\/www.visit-ulcinj.com\/blog\/wp-json\/wp\/v2\/comments?post=102122"}],"version-history":[{"count":1,"href":"https:\/\/www.visit-ulcinj.com\/blog\/wp-json\/wp\/v2\/posts\/102122\/revisions"}],"predecessor-version":[{"id":102134,"href":"https:\/\/www.visit-ulcinj.com\/blog\/wp-json\/wp\/v2\/posts\/102122\/revisions\/102134"}],"wp:attachment":[{"href":"https:\/\/www.visit-ulcinj.com\/blog\/wp-json\/wp\/v2\/media?parent=102122"}],"wp:term":[{"taxonomy":"category","embeddable":true,"href":"https:\/\/www.visit-ulcinj.com\/blog\/wp-json\/wp\/v2\/categories?post=102122"},{"taxonomy":"post_tag","embeddable":true,"href":"https:\/\/www.visit-ulcinj.com\/blog\/wp-json\/wp\/v2\/tags?post=102122"}],"curies":[{"name":"wp","href":"https:\/\/api.w.org\/{rel}","templated":true}]}}