{"id":102136,"date":"2017-01-09T16:39:23","date_gmt":"2017-01-09T15:39:23","guid":{"rendered":"http:\/\/www.visit-ulcinj.com\/blog\/?p=102136"},"modified":"2017-01-09T16:39:23","modified_gmt":"2017-01-09T15:39:23","slug":"diellza-kolgeci-zhvishet-ne-23-grade-dhe-shtrihet-ne-bore","status":"publish","type":"post","link":"https:\/\/www.visit-ulcinj.com\/blog\/2017\/01\/09\/diellza-kolgeci-zhvishet-ne-23-grade-dhe-shtrihet-ne-bore\/","title":{"rendered":"Diellza Kolgeci zhvishet, n\u00eb -23 grad\u00eb dhe shtrihet n\u00eb bor\u00eb!"},"content":{"rendered":"<div class=\"shortText\"><a href=\"http:\/\/www.visit-ulcinj.com\/blog\/wp-content\/uploads\/2017\/01\/Diellza-Kolgeci-ne-bore-4.jpg\"><img loading=\"lazy\" class=\"alignleft wp-image-102141\" src=\"http:\/\/www.visit-ulcinj.com\/blog\/wp-content\/uploads\/2017\/01\/Diellza-Kolgeci-ne-bore-4.jpg\" alt=\"Diellza Kolgeci ne bore\" width=\"508\" height=\"280\" \/><\/a>Temperaturat gjat\u00eb k\u00ebtyre dit\u00ebve kan\u00eb r\u00ebn\u00eb shum\u00eb, gj\u00eb q\u00eb nuk ka qen\u00eb e pritshme p\u00ebr shum\u00eb qytetar\u00eb.<\/div>\n<p>Por, Diellza Kolgeci duket se nuk e ndien fare k\u00ebt\u00eb acar, madje ajo k\u00ebt\u00eb gj\u00eb e b\u00ebn \u00e7do vit gjat\u00eb stin\u00ebs s\u00eb dimrit.<\/p>\n<p>Ajo momentalisht ndodhet n\u00eb Bansko me shoqen e saj Af\u00ebrdita Paqarad\u00ebn, me \u00e7\u2019rast ka pozuar me bikini, duke ua b\u00ebr\u00eb njer\u00ebzve me dije q\u00eb mos t\u00eb ankohen meq\u00eb \u00ebsht\u00eb muaji janar, e jo korrik n\u00eb Ulqin.<\/p>\n<p>K\u00ebto fotografi ajo i ka publikuar n\u00eb llogarin\u00eb e saj Snapchat, ku v\u00ebrtet\u00eb ka treguar se \u00ebsht\u00eb shum\u00eb rezistuese ndaj t\u00eb ftohtit.<\/p>\n<p>Kosovarja<br \/>\n<iframe loading=\"lazy\" style=\"border: none; overflow: hidden;\" src=\"https:\/\/www.facebook.com\/plugins\/video.php?href=https%3A%2F%2Fwww.facebook.com%2Fofficialkosovarja%2Fvideos%2F1336161969737404%2F&amp;show_text=0&amp;width=508\" width=\"508\" height=\"345\" frameborder=\"0\" scrolling=\"no\" allowfullscreen=\"allowfullscreen\"><\/iframe><\/p>\n<p><a href=\"http:\/\/www.visit-ulcinj.com\/blog\/wp-content\/uploads\/2017\/01\/Diellza-Kolgeci-ne-bore-1.jpg\"><img loading=\"lazy\" class=\"alignleft wp-image-102138\" src=\"http:\/\/www.visit-ulcinj.com\/blog\/wp-content\/uploads\/2017\/01\/Diellza-Kolgeci-ne-bore-1.jpg\" alt=\"Diellza Kolgeci ne bore-1\" width=\"508\" height=\"677\" \/><\/a><\/p>\n<p><a href=\"http:\/\/www.visit-ulcinj.com\/blog\/wp-content\/uploads\/2017\/01\/Diellza-Kolgeci-ne-bore-2.jpg\"><img loading=\"lazy\" class=\"alignleft wp-image-102139\" src=\"http:\/\/www.visit-ulcinj.com\/blog\/wp-content\/uploads\/2017\/01\/Diellza-Kolgeci-ne-bore-2.jpg\" alt=\"Diellza Kolgeci ne bore-2\" width=\"508\" height=\"677\" \/><\/a><\/p>\n<p><a href=\"http:\/\/www.visit-ulcinj.com\/blog\/wp-content\/uploads\/2017\/01\/Diellza-Kolgeci-ne-bore-3.jpg\"><img loading=\"lazy\" class=\"alignleft wp-image-102140\" src=\"http:\/\/www.visit-ulcinj.com\/blog\/wp-content\/uploads\/2017\/01\/Diellza-Kolgeci-ne-bore-3.jpg\" alt=\"Diellza Kolgeci ne bore-3\" width=\"508\" height=\"677\" \/><\/a><\/p>\n","protected":false},"excerpt":{"rendered":"<p>Temperaturat gjat\u00eb k\u00ebtyre dit\u00ebve kan\u00eb r\u00ebn\u00eb shum\u00eb, gj\u00eb q\u00eb nuk ka qen\u00eb e pritshme p\u00ebr shum\u00eb qytetar\u00eb. Por, Diellza Kolgeci duket se nuk e ndien fare k\u00ebt\u00eb acar, madje ajo k\u00ebt\u00eb gj\u00eb e b\u00ebn \u00e7do vit gjat\u00eb stin\u00ebs s\u00eb dimrit. Ajo momentalisht ndodhet n\u00eb Bansko me shoqen e saj Af\u00ebrdita Paqarad\u00ebn, me \u00e7\u2019rast ka pozuar [&hellip;]<\/p>\n","protected":false},"author":1,"featured_media":0,"comment_status":"closed","ping_status":"closed","sticky":false,"template":"","format":"standard","meta":{"spay_email":"","jetpack_publicize_message":"","jetpack_is_tweetstorm":false,"jetpack_publicize_feature_enabled":true},"categories":[6950],"tags":[],"jetpack_publicize_connections":[],"yoast_head":"<!-- This site is optimized with the Yoast SEO plugin v19.1 - https:\/\/yoast.com\/wordpress\/plugins\/seo\/ -->\n<title>Diellza Kolgeci zhvishet, n\u00eb -23 grad\u00eb dhe shtrihet n\u00eb bor\u00eb! - Lajme nga Ulqini<\/title>\n<meta name=\"description\" content=\"Temperaturat gjat\u00eb k\u00ebtyre dit\u00ebve kan\u00eb r\u00ebn\u00eb shum\u00eb, gj\u00eb q\u00eb nuk ka qen\u00eb e pritshme p\u00ebr shum\u00eb qytetar\u00eb. Por, Diellza Kolgeci duket se nuk e ndien fare k\u00ebt\u00eb\" \/>\n<meta name=\"robots\" content=\"index, follow, max-snippet:-1, max-image-preview:large, max-video-preview:-1\" \/>\n<link rel=\"canonical\" href=\"https:\/\/www.visit-ulcinj.com\/blog\/2017\/01\/09\/diellza-kolgeci-zhvishet-ne-23-grade-dhe-shtrihet-ne-bore\/\" \/>\n<meta property=\"og:locale\" content=\"en_US\" \/>\n<meta property=\"og:type\" content=\"article\" \/>\n<meta property=\"og:title\" content=\"Diellza Kolgeci zhvishet, n\u00eb -23 grad\u00eb dhe shtrihet n\u00eb bor\u00eb! - Lajme nga Ulqini\" \/>\n<meta property=\"og:description\" content=\"Temperaturat gjat\u00eb k\u00ebtyre dit\u00ebve kan\u00eb r\u00ebn\u00eb shum\u00eb, gj\u00eb q\u00eb nuk ka qen\u00eb e pritshme p\u00ebr shum\u00eb qytetar\u00eb. Por, Diellza Kolgeci duket se nuk e ndien fare k\u00ebt\u00eb\" \/>\n<meta property=\"og:url\" content=\"https:\/\/www.visit-ulcinj.com\/blog\/2017\/01\/09\/diellza-kolgeci-zhvishet-ne-23-grade-dhe-shtrihet-ne-bore\/\" \/>\n<meta property=\"og:site_name\" content=\"Lajme nga Ulqini\" \/>\n<meta property=\"article:published_time\" content=\"2017-01-09T15:39:23+00:00\" \/>\n<meta property=\"og:image\" content=\"http:\/\/www.visit-ulcinj.com\/blog\/wp-content\/uploads\/2017\/01\/Diellza-Kolgeci-ne-bore-4.jpg\" \/>\n<meta name=\"twitter:label1\" content=\"Written by\" \/>\n\t<meta name=\"twitter:data1\" content=\"ulqini\" \/>\n\t<meta name=\"twitter:label2\" content=\"Est. reading time\" \/>\n\t<meta name=\"twitter:data2\" content=\"1 minute\" \/>\n<script type=\"application\/ld+json\" class=\"yoast-schema-graph\">{\"@context\":\"https:\/\/schema.org\",\"@graph\":[{\"@type\":\"WebSite\",\"@id\":\"https:\/\/www.visit-ulcinj.com\/blog\/#website\",\"url\":\"https:\/\/www.visit-ulcinj.com\/blog\/\",\"name\":\"Lajme nga Ulqini\",\"description\":\"Lajme,Vijesti,Ulqini,Ulqin,Crna Gora,Mali i Zi\",\"potentialAction\":[{\"@type\":\"SearchAction\",\"target\":{\"@type\":\"EntryPoint\",\"urlTemplate\":\"https:\/\/www.visit-ulcinj.com\/blog\/?s={search_term_string}\"},\"query-input\":\"required name=search_term_string\"}],\"inLanguage\":\"en-US\"},{\"@type\":\"ImageObject\",\"inLanguage\":\"en-US\",\"@id\":\"https:\/\/www.visit-ulcinj.com\/blog\/2017\/01\/09\/diellza-kolgeci-zhvishet-ne-23-grade-dhe-shtrihet-ne-bore\/#primaryimage\",\"url\":\"http:\/\/www.visit-ulcinj.com\/blog\/wp-content\/uploads\/2017\/01\/Diellza-Kolgeci-ne-bore-4.jpg\",\"contentUrl\":\"http:\/\/www.visit-ulcinj.com\/blog\/wp-content\/uploads\/2017\/01\/Diellza-Kolgeci-ne-bore-4.jpg\"},{\"@type\":\"WebPage\",\"@id\":\"https:\/\/www.visit-ulcinj.com\/blog\/2017\/01\/09\/diellza-kolgeci-zhvishet-ne-23-grade-dhe-shtrihet-ne-bore\/#webpage\",\"url\":\"https:\/\/www.visit-ulcinj.com\/blog\/2017\/01\/09\/diellza-kolgeci-zhvishet-ne-23-grade-dhe-shtrihet-ne-bore\/\",\"name\":\"Diellza Kolgeci zhvishet, n\u00eb -23 grad\u00eb dhe shtrihet n\u00eb bor\u00eb! - Lajme nga Ulqini\",\"isPartOf\":{\"@id\":\"https:\/\/www.visit-ulcinj.com\/blog\/#website\"},\"primaryImageOfPage\":{\"@id\":\"https:\/\/www.visit-ulcinj.com\/blog\/2017\/01\/09\/diellza-kolgeci-zhvishet-ne-23-grade-dhe-shtrihet-ne-bore\/#primaryimage\"},\"datePublished\":\"2017-01-09T15:39:23+00:00\",\"dateModified\":\"2017-01-09T15:39:23+00:00\",\"author\":{\"@id\":\"https:\/\/www.visit-ulcinj.com\/blog\/#\/schema\/person\/dcab619c614d3038751c63bc2aadc06d\"},\"description\":\"Temperaturat gjat\u00eb k\u00ebtyre dit\u00ebve kan\u00eb r\u00ebn\u00eb shum\u00eb, gj\u00eb q\u00eb nuk ka qen\u00eb e pritshme p\u00ebr shum\u00eb qytetar\u00eb. Por, Diellza Kolgeci duket se nuk e ndien fare k\u00ebt\u00eb\",\"breadcrumb\":{\"@id\":\"https:\/\/www.visit-ulcinj.com\/blog\/2017\/01\/09\/diellza-kolgeci-zhvishet-ne-23-grade-dhe-shtrihet-ne-bore\/#breadcrumb\"},\"inLanguage\":\"en-US\",\"potentialAction\":[{\"@type\":\"ReadAction\",\"target\":[\"https:\/\/www.visit-ulcinj.com\/blog\/2017\/01\/09\/diellza-kolgeci-zhvishet-ne-23-grade-dhe-shtrihet-ne-bore\/\"]}]},{\"@type\":\"BreadcrumbList\",\"@id\":\"https:\/\/www.visit-ulcinj.com\/blog\/2017\/01\/09\/diellza-kolgeci-zhvishet-ne-23-grade-dhe-shtrihet-ne-bore\/#breadcrumb\",\"itemListElement\":[{\"@type\":\"ListItem\",\"position\":1,\"name\":\"Diellza Kolgeci zhvishet, n\u00eb -23 grad\u00eb dhe shtrihet n\u00eb bor\u00eb!\"}]},{\"@type\":\"Person\",\"@id\":\"https:\/\/www.visit-ulcinj.com\/blog\/#\/schema\/person\/dcab619c614d3038751c63bc2aadc06d\",\"name\":\"ulqini\",\"sameAs\":[\"http:\/\/www.visit-ulcinj.com\"],\"url\":\"https:\/\/www.visit-ulcinj.com\/blog\/author\/admin\/\"}]}<\/script>\n<!-- \/ Yoast SEO plugin. -->","yoast_head_json":{"title":"Diellza Kolgeci zhvishet, n\u00eb -23 grad\u00eb dhe shtrihet n\u00eb bor\u00eb! - Lajme nga Ulqini","description":"Temperaturat gjat\u00eb k\u00ebtyre dit\u00ebve kan\u00eb r\u00ebn\u00eb shum\u00eb, gj\u00eb q\u00eb nuk ka qen\u00eb e pritshme p\u00ebr shum\u00eb qytetar\u00eb. Por, Diellza Kolgeci duket se nuk e ndien fare k\u00ebt\u00eb","robots":{"index":"index","follow":"follow","max-snippet":"max-snippet:-1","max-image-preview":"max-image-preview:large","max-video-preview":"max-video-preview:-1"},"canonical":"https:\/\/www.visit-ulcinj.com\/blog\/2017\/01\/09\/diellza-kolgeci-zhvishet-ne-23-grade-dhe-shtrihet-ne-bore\/","og_locale":"en_US","og_type":"article","og_title":"Diellza Kolgeci zhvishet, n\u00eb -23 grad\u00eb dhe shtrihet n\u00eb bor\u00eb! - Lajme nga Ulqini","og_description":"Temperaturat gjat\u00eb k\u00ebtyre dit\u00ebve kan\u00eb r\u00ebn\u00eb shum\u00eb, gj\u00eb q\u00eb nuk ka qen\u00eb e pritshme p\u00ebr shum\u00eb qytetar\u00eb. Por, Diellza Kolgeci duket se nuk e ndien fare k\u00ebt\u00eb","og_url":"https:\/\/www.visit-ulcinj.com\/blog\/2017\/01\/09\/diellza-kolgeci-zhvishet-ne-23-grade-dhe-shtrihet-ne-bore\/","og_site_name":"Lajme nga Ulqini","article_published_time":"2017-01-09T15:39:23+00:00","og_image":[{"url":"http:\/\/www.visit-ulcinj.com\/blog\/wp-content\/uploads\/2017\/01\/Diellza-Kolgeci-ne-bore-4.jpg"}],"twitter_misc":{"Written by":"ulqini","Est. reading time":"1 minute"},"schema":{"@context":"https:\/\/schema.org","@graph":[{"@type":"WebSite","@id":"https:\/\/www.visit-ulcinj.com\/blog\/#website","url":"https:\/\/www.visit-ulcinj.com\/blog\/","name":"Lajme nga Ulqini","description":"Lajme,Vijesti,Ulqini,Ulqin,Crna Gora,Mali i Zi","potentialAction":[{"@type":"SearchAction","target":{"@type":"EntryPoint","urlTemplate":"https:\/\/www.visit-ulcinj.com\/blog\/?s={search_term_string}"},"query-input":"required name=search_term_string"}],"inLanguage":"en-US"},{"@type":"ImageObject","inLanguage":"en-US","@id":"https:\/\/www.visit-ulcinj.com\/blog\/2017\/01\/09\/diellza-kolgeci-zhvishet-ne-23-grade-dhe-shtrihet-ne-bore\/#primaryimage","url":"http:\/\/www.visit-ulcinj.com\/blog\/wp-content\/uploads\/2017\/01\/Diellza-Kolgeci-ne-bore-4.jpg","contentUrl":"http:\/\/www.visit-ulcinj.com\/blog\/wp-content\/uploads\/2017\/01\/Diellza-Kolgeci-ne-bore-4.jpg"},{"@type":"WebPage","@id":"https:\/\/www.visit-ulcinj.com\/blog\/2017\/01\/09\/diellza-kolgeci-zhvishet-ne-23-grade-dhe-shtrihet-ne-bore\/#webpage","url":"https:\/\/www.visit-ulcinj.com\/blog\/2017\/01\/09\/diellza-kolgeci-zhvishet-ne-23-grade-dhe-shtrihet-ne-bore\/","name":"Diellza Kolgeci zhvishet, n\u00eb -23 grad\u00eb dhe shtrihet n\u00eb bor\u00eb! - Lajme nga Ulqini","isPartOf":{"@id":"https:\/\/www.visit-ulcinj.com\/blog\/#website"},"primaryImageOfPage":{"@id":"https:\/\/www.visit-ulcinj.com\/blog\/2017\/01\/09\/diellza-kolgeci-zhvishet-ne-23-grade-dhe-shtrihet-ne-bore\/#primaryimage"},"datePublished":"2017-01-09T15:39:23+00:00","dateModified":"2017-01-09T15:39:23+00:00","author":{"@id":"https:\/\/www.visit-ulcinj.com\/blog\/#\/schema\/person\/dcab619c614d3038751c63bc2aadc06d"},"description":"Temperaturat gjat\u00eb k\u00ebtyre dit\u00ebve kan\u00eb r\u00ebn\u00eb shum\u00eb, gj\u00eb q\u00eb nuk ka qen\u00eb e pritshme p\u00ebr shum\u00eb qytetar\u00eb. Por, Diellza Kolgeci duket se nuk e ndien fare k\u00ebt\u00eb","breadcrumb":{"@id":"https:\/\/www.visit-ulcinj.com\/blog\/2017\/01\/09\/diellza-kolgeci-zhvishet-ne-23-grade-dhe-shtrihet-ne-bore\/#breadcrumb"},"inLanguage":"en-US","potentialAction":[{"@type":"ReadAction","target":["https:\/\/www.visit-ulcinj.com\/blog\/2017\/01\/09\/diellza-kolgeci-zhvishet-ne-23-grade-dhe-shtrihet-ne-bore\/"]}]},{"@type":"BreadcrumbList","@id":"https:\/\/www.visit-ulcinj.com\/blog\/2017\/01\/09\/diellza-kolgeci-zhvishet-ne-23-grade-dhe-shtrihet-ne-bore\/#breadcrumb","itemListElement":[{"@type":"ListItem","position":1,"name":"Diellza Kolgeci zhvishet, n\u00eb -23 grad\u00eb dhe shtrihet n\u00eb bor\u00eb!"}]},{"@type":"Person","@id":"https:\/\/www.visit-ulcinj.com\/blog\/#\/schema\/person\/dcab619c614d3038751c63bc2aadc06d","name":"ulqini","sameAs":["http:\/\/www.visit-ulcinj.com"],"url":"https:\/\/www.visit-ulcinj.com\/blog\/author\/admin\/"}]}},"jetpack_featured_media_url":"","jetpack_sharing_enabled":true,"jetpack_shortlink":"https:\/\/wp.me\/pe6lTn-qzm","_links":{"self":[{"href":"https:\/\/www.visit-ulcinj.com\/blog\/wp-json\/wp\/v2\/posts\/102136"}],"collection":[{"href":"https:\/\/www.visit-ulcinj.com\/blog\/wp-json\/wp\/v2\/posts"}],"about":[{"href":"https:\/\/www.visit-ulcinj.com\/blog\/wp-json\/wp\/v2\/types\/post"}],"author":[{"embeddable":true,"href":"https:\/\/www.visit-ulcinj.com\/blog\/wp-json\/wp\/v2\/users\/1"}],"replies":[{"embeddable":true,"href":"https:\/\/www.visit-ulcinj.com\/blog\/wp-json\/wp\/v2\/comments?post=102136"}],"version-history":[{"count":1,"href":"https:\/\/www.visit-ulcinj.com\/blog\/wp-json\/wp\/v2\/posts\/102136\/revisions"}],"predecessor-version":[{"id":102142,"href":"https:\/\/www.visit-ulcinj.com\/blog\/wp-json\/wp\/v2\/posts\/102136\/revisions\/102142"}],"wp:attachment":[{"href":"https:\/\/www.visit-ulcinj.com\/blog\/wp-json\/wp\/v2\/media?parent=102136"}],"wp:term":[{"taxonomy":"category","embeddable":true,"href":"https:\/\/www.visit-ulcinj.com\/blog\/wp-json\/wp\/v2\/categories?post=102136"},{"taxonomy":"post_tag","embeddable":true,"href":"https:\/\/www.visit-ulcinj.com\/blog\/wp-json\/wp\/v2\/tags?post=102136"}],"curies":[{"name":"wp","href":"https:\/\/api.w.org\/{rel}","templated":true}]}}