{"id":102143,"date":"2017-01-09T16:49:52","date_gmt":"2017-01-09T15:49:52","guid":{"rendered":"http:\/\/www.visit-ulcinj.com\/blog\/?p=102143"},"modified":"2017-01-09T16:49:52","modified_gmt":"2017-01-09T15:49:52","slug":"moze-li-ulcinsjki-stari-grad-na-listu-unesco","status":"publish","type":"post","link":"https:\/\/www.visit-ulcinj.com\/blog\/2017\/01\/09\/moze-li-ulcinsjki-stari-grad-na-listu-unesco\/","title":{"rendered":"Mo\u017ee li ulcinsjki Stari grad na listu UNESCO-a?"},"content":{"rendered":"<p><strong><span class=\"credits__author\"> <a href=\"http:\/\/www.visit-ulcinj.com\/blog\/wp-content\/uploads\/2017\/01\/ulcinsjki-Stari-grad-na-listu-UNESCO-a.jpg\"><img loading=\"lazy\" class=\"alignleft wp-image-102144\" src=\"http:\/\/www.visit-ulcinj.com\/blog\/wp-content\/uploads\/2017\/01\/ulcinsjki-Stari-grad-na-listu-UNESCO-a.jpg\" alt=\"ulcinsjki Stari grad na listu UNESCO-a\" width=\"508\" height=\"337\" srcset=\"https:\/\/www.visit-ulcinj.com\/blog\/wp-content\/uploads\/2017\/01\/ulcinsjki-Stari-grad-na-listu-UNESCO-a.jpg 960w, https:\/\/www.visit-ulcinj.com\/blog\/wp-content\/uploads\/2017\/01\/ulcinsjki-Stari-grad-na-listu-UNESCO-a-300x199.jpg 300w, https:\/\/www.visit-ulcinj.com\/blog\/wp-content\/uploads\/2017\/01\/ulcinsjki-Stari-grad-na-listu-UNESCO-a-768x509.jpg 768w\" sizes=\"(max-width: 508px) 100vw, 508px\" \/><\/a>Autor: <a href=\"http:\/\/www.vijesti.me\/autori\/samir-adrovic-85\/profil\">Samir Adrovi\u0107<\/a> <\/span><\/strong><\/p>\n<p>Vremenu prkosi vi\u0161e od dva i po milenijuma, a istorija mu je vezana za Ilire i Tra\u010dane, Grke i Rimljane, Gote i Vizantijce, Makedonce i Mongole, Mle\u010dane i Turke&#8230;<\/p>\n<p>Tu su stolovali Nemanji\u0107i i Bal\u0161i\u0107i, bio je posljednje uto\u010di\u0161te Sabataja Cevija, u njemu je robovao Migel de \u00a0Servantes&#8230;Epohe i razni osvaja\u010di ostavili su mu u naslje\u0111e brojne \u010desme, keramiku, kamenu plastiku, \u017ertvenike, \u0111ulad &#8211; sve to svjedo\u010di o bitisanju bliskih i dalekih civilizacija na koje je bio osu\u0111en tokom milenijumskog postojanja&#8230;<\/p>\n<p>Kiklopske zidine mu izviru iz mora koje ga okru\u017euje sa tri strane i \u010dini ga veli\u010danstvenim&#8230;Ni\u0161ta od toga, sve ove poslijertane decenije, nije bilo dovoljno da ulcinjski Stari grad zavrijedi \u010dlansku kartu UNESCO-a. U krovnoj svjetskoj instituciji za obrazovanje, nauku i kulturu nedavno je pokrenuta inicijativa za upis Venecijanskih odbrambenih tvr\u0111ava izme\u0111u XV i XVIII vijeka na Listu svjetske ba\u0161tine.<\/p>\n<p>Tim povodom, Stari grad je posjetila ambasadorka u Francuskoj i stalna predstavnica u UNESCO-u Dragica Ponorac. Najavila je da \u0107e Stari grad uskoro posjetiti ekspert ICOMOS-a (Me\u0111unarodni savjet za spomenike), koji \u0107e u svojstvu evaluatora dati mi\u0161ljenje na nominacioni dosije. Predsjednik Op\u0161tine Nazif Cungu obe\u0107ao je da \u0107e gradska vlast svim svojim kapacitetima stati iza nominacije. No, jedan od razloga za\u0161to drevno utvr\u0111enje sa impresivnim kulturno-istorijskim mozaikom, \u00a0jo\u0161 nije pod za\u0161titom UNESCO, upravo je nebriga i nezainteresovanost kako republi\u010dkih tako i lokalnih vlasti. Na to je upozorila i Ponorac isti\u010du\u0107i da \u0107e nedovr\u0161eni objekat pri zapadnim zidinima, koji u cjelosti odudara od ambijenta tvr\u0111ave, uslo\u017eiti i opteretiti mogu\u0107u nominaciju. Takvog mi\u0161ljenja su i svi Starogra\u0111ani, koji i ne znaju ko je stvarni investitor rogobatne gra\u0111evine koja u posljednje vrijeme predstavlja opasnost za djecu i turiste koji tuda prolaze.<\/p>\n<p>Projekat upisa ulcinjske drevne tvr\u0111ave u UNESCO, \u010dije je sjedi\u0161te u Parizu, realizuje Ministarstvo kulture Crne Gore u saradnji sa ministarstvima kulture Hrvatske i Italije.<\/p>\n<p>Ideja o uvr\u0161tavanju Starog grada na listu UNESCO-a nije nova. NVO \u201eKaljaja\u201c od sredine devedestih godina pro\u0161log vijeka iznova pokre\u0107e tu inicijativu ali osim retori\u010dke podr\u0161ke, nije nailazila na iskrenu i valjanu pravnu i ekspertsku pomo\u0107. Predsjednik te NVO Ismet Karamanaga sje\u0107a se da je tih godina Kaljaja na jednoj od sjednica Asocijacije gradova prijatelja Crne Gore u vili Vickovi\u0107 u Perastu, dobila podr\u0161ku svih prisutnih za UNESCO.<\/p>\n<p>\u201cI tada\u0161nji predsjednik dr\u017eave, Milo \u0110ukanovi\u0107, dao nam je podr\u0161ku za tu inicijativu\u201d, sje\u0107a se Karamanaga. Nakon toga obratio se predstavnicima lokalne vlasti koji su bili saglasni da se obave pripreme za u\u010dlanjenje u UNESCO.<\/p>\n<p>\u201cPustili su me \u010dak i da govorim u Skup\u0161tini kako bih detaljno obrazlo\u017eio predlog. Ali dok sam govorio, shvatio sam da pola njih i ne zna \u0161ta je UNESCO. Ipak, predlog je pro\u0161ao ali se na tome stalo jer nije bilo finansijske pomo\u0107i za pripremu terena\u201d, ka\u017ee Karamanaga. Njegova upornost ni kasnije nije urodila plodom a gradske vlasti su sve manje vodile ra\u010duna o tvr\u0111avi. Tako je rasvjeta i danas \u010desto u kvaru, nema gromko najavljenog kaldrmisanja ulica i osvjetljenja zidina. Karamanaga se prije dvije godine u Palati Venecija sreo sa princom Nikolom Petrovi\u0107em koga je tako\u0111e upoznao sa naporima za prijem u UNESCO i problemima koji stoje na tom putu.<\/p>\n<p>\u201cRazgovarao sam sa Lidijom Ljesar i Anastazijom Miranovi\u0107, koje su vjerujem, ubacile i na\u0161 predlog za UNESCO, s obzirom da se vr\u0161ila kandidatura za uvr\u0161tavanje venecijanskih utvr\u0111enja na\u0161e dr\u017eave\u201d, ka\u017ee Karamanaga ne kriju\u0107i ogor\u010denje na lokalnu vlast.<\/p>\n<p>\u201cHo\u0107e da prisvoje na\u0161u ideju i inicijativu. Kada je pro\u0161le godine dolazila delegacija iz Pariza, mene \u010dak nijesu ni pozvali da im poka\u017eem utvr\u0111enje i ispri\u010dam istoriju\u201d, ka\u017ee Karamanaga koji \u017eivi u Starom gradu i \u010desto je vodi\u010d grupama turista koji \u017eele da ne\u0161to vi\u0161e saznaju o drevnom utvr\u0111enju.<\/p>\n<p>\u201cO UNESCO-u i o pripremama, za sada nema ni\u0161ta kao ni od 30.000 eura, koliko je trebalo da da Ministarstva kulture za taj projekat. Vidje\u0107emo \u0161ta \u0107e biti ove godine. Da se samo istorija pita, UNESCO bi \u010dekao nas a ne mi njega\u201d, ka\u017ee on.<\/p>\n<p>U me\u0111uvremenu, Starogra\u0111ani se trude da sebi olak\u0161aju \u017eivot u tvr\u0111avi u kojoj se jo\u0161 mogu vidjeti ostaci ru\u0161evina iz katastrofalnog zemljotresa 1979. godine.<\/p>\n<p>\u201cInfrakstruktura je zastarjela jer datira iz tog vremena. Dru\u0161tvo ni\u0161ta ne ula\u017ee osim privatnici ali mislim da je turisti\u010dka ponuda sada na vi\u0161em nivou. Restorani i drugi privatni objekti, te Palata Venecija i Dvori Bal\u0161i\u0107a, odnosno Kula e Ball\u0161ajve, kako se sada zove, nude jedan novi kvalitet. Tu je i muzejski kompleks koji sada mnogo bolje funkcioni\u0161e\u201d, pri\u010da Karamanaga.<\/p>\n<p>Za\u0161tita UNESCO-a bila bi od neprocjenjive va\u017enosti ne samo za Stari grad, nego za cijelu op\u0161tinu, pa i dr\u017eavu. Mnogi koji dolaze u Ulcinj malo znaju o njegovoj istoriji a pri\u010da o jednom od najinetresantnijih gradova na Jadranu, nesumnjivo je mamac za bogatu turisti\u010dku klijentelu koja je zainteresovana za \u00a0kulturni turizam. Dugo su ve\u0107 briljantne storije o \u010duvenom reformatoru Talmuda, Sabataju Ceviju, koji je pre\u0161ao u islam prezvav\u0161i se u Mehmed efendiju, njegovom misterioznom \u017eivotu i smrti u tvr\u0111avi kao i autoru Don Kihota, Migelu de Servantesu, koji je ime glavne junakinje romana Dulsineje, posvetio gradu u kome je robovao, u predvorju UNESCO-a. Vrijeme je \u00a0da u punom sjaju zasijaju u Parizu, Jerusalimu, Madridu, Atini, Rimu, Beogradu ali i Ulan Batoru, Ankari&#8230;<\/p>\n<p><strong>Horde D\u017eingis kana kidisale na utvr\u0111enje<\/strong><\/p>\n<p>Horde \u010duvenog D\u017eingis kana, oko 1240. godine, napale su tvr\u0111avu ali dalje od kapija nijesu mogle. Mje\u0161tani su bili pod opsadom nekoliko dana ali je sloboda sa\u010duvana. Istorija je zapisala da su Mongoli pri povratku, nakon neuspjeha, bijes iskalili na starom gradu Sva\u010du, koga su poru\u0161ili do temelja a cjelokupno stanovni\u0161tvo pobili.<\/p>\n<p>Na Ulcinj je, ali tako\u0111e bezuspje\u0161no, kidisao i makedonski car Samuilo 997, kada je napao Duklju, na \u010dijem \u010delu je bio knez Vladimir Vojislavljevi\u0107.<\/p>\n<p>Zanimljivo je da za vrijeme Nemanji\u0107a, Ulcinj imao povla\u0161\u0107en status, odnosno gradsku autonomiju. U gradu su tada kovani i novci od bakra, \u00a0sa zastavom i slovom \u201eMoneta de Dulcino\u201c, dok je na drugoj strani bio lik Bogorodice sa Hristom.<\/p>\n<p>U Starom gradu stolovao je \u0110ura\u0111 II Stracimirovi\u0107 Bal\u0161i\u0107, koji je tu bio sve do smrti 1403. godine.<\/p>\n<p>Ispod Kule Bal\u0161i\u010da, u kojoj je \u017eivio Cevi, odnosno Mehmed efendija nalazi se crkva- d\u017eamija, jedinstven kulturno-istorijski spomenik na ovim prostorima. Crkva datira iz 1510, iz doba Mletaka a d\u017eamija iz vremena kada su Turci zaposjeli drevno utvr\u0111enje. Minaret je \u00a01693. dozidao had\u017ei Halil Skura, i tako katoli\u010dku crkvu Sv. Marije pretvorio u muslimasku bogomolju.<\/p>\n<p>Na tre\u0107em spratu Kule Bal\u0161i\u0107a, iznad kamina, uklesane su dvije Davidove zvijezde, koje svjedo\u010de o dvostrukom \u017eivotu Cevija, koji je u du\u0161i uvijek ostao Jevrej.<\/p>\n<p>Preko puta crkve- d\u017eamije, nalaze se kazamati gdje su dr\u017eani robovi. Jedan od njih, koji je imao status poluroba, bio je Servantes, koga su prema nekim saznanjima, 1575. godine zarobili gusari pod komandom \u010duvenog zapovjednika Arnauta Mamija. Servantes se prema predanjima, zaljubio u lijepu mje\u0161tanku i imenom grada je ovjekovje\u010dio u \u201cDon Kihotu\u201d.<\/p>\n<p>Na jednom zidu stare Venecijanske tvr\u0111ave, ispisano crvenim crijepom stoji ime Johanija Bolanija. On je bio jedan nod venecijanskih kapetana i starje\u0161ina grada. Upravo taj dio Citadele, posebno je interesantan UNESCO-u.<\/p>\n<p>Mleta\u010dki kapetani stolovalii su Palati Venecija, rasko\u0161nom zdanju koje poti\u010de XIV vijeka.<\/p>\n<p>U muzeju se nalazi i \u017ertvenik posve\u0107en boginji Artemidi, koji datira iz petog vijeka prije nove ere&#8230;<\/p>\n<p><strong>Mje\u0161tani ne znaju ko je kom\u0161ija, ne vjeruju da je rije\u010d o kotorskoj firmi sa ruskim kapitalom<\/strong><\/p>\n<p>Kotorska firma \u201eUlcinj resort\u201c sa ruskim kapitalom, slovi za zvani\u010dnog investitora nedovr\u0161enog objekta u Starom gradu ali Starogra\u0111ani vjeruju da iza gradnje stoji neko drugi. Izvr\u0161nog direktora firme Olgu Orlovu niko od nije ni vidio a kamoli upoznao.<\/p>\n<p>\u201cKom\u0161ije smo, ali ja tu \u017eenu nijesam vidio. Ko je ona\u201d, pita Gano Vogli\u0107, koji prilaz svom podrumu ima samo preko parcele \u00a0Orlove .<\/p>\n<p>\u201eVijestima\u201d je u Upravi za za\u0161titu kulturnih dobara sa Cetinja, ranije potvr\u0111eno da Ruskinja prilikom gradnje nije po\u0161tovala gotovo nijednu odredbu iz projekta koji je zavrijedio saglasnost tada\u0161njeg Zavoda za za\u0161titu spomenika kulture.<\/p>\n<p>Gradnja kabastog objekta u Starom gradu po\u010dela je prije skoro deset godina ali je inspekcija nedugo potom utvrdila da je investitor zna\u010dajno prekora\u010dio gabarite iz projekta, pa je gradnja stala. Objekat je odavno napu\u0161ten, a iako je to zakonska obaveza, na tarabama koje ga okru\u017euju, nema imena vlasnika, investitora, niti roka do kada mora biti izgra\u0111en.<\/p>\n<p>Do juna 2009. u op\u0161tinskoj evidenciji, kao investitori, vodili su se Radomir, Mom\u010dilo i Ana Zec. Oni su 2006. dobili dozvolu za gradnju objekta &#8211; u prizemlju 166 kvadrata poslovnog prostora i 94 stambenog, a na prvom i drugom spratu po 239 m2 stambenog prostora. Orlova je 2009, tra\u017eila izmjenu imena investitora, \u0161to joj je i udovoljeno. Ruskinja je krajem jula 2010, tra\u017eila od resornog sekretarijata gra\u0111evinsku dozvolu u skladu sa stanjem na terenu, ali je nije dobila.<\/p>\n<p><strong>Izvor: Vijesti Online<\/strong><\/p>\n","protected":false},"excerpt":{"rendered":"<p>Autor: Samir Adrovi\u0107 Vremenu prkosi vi\u0161e od dva i po milenijuma, a istorija mu je vezana za Ilire i Tra\u010dane, Grke i Rimljane, Gote i Vizantijce, Makedonce i Mongole, Mle\u010dane i Turke&#8230; Tu su stolovali Nemanji\u0107i i Bal\u0161i\u0107i, bio je posljednje uto\u010di\u0161te Sabataja Cevija, u njemu je robovao Migel de \u00a0Servantes&#8230;Epohe i razni osvaja\u010di ostavili [&hellip;]<\/p>\n","protected":false},"author":1,"featured_media":0,"comment_status":"closed","ping_status":"closed","sticky":false,"template":"","format":"standard","meta":{"spay_email":"","jetpack_publicize_message":"","jetpack_is_tweetstorm":false,"jetpack_publicize_feature_enabled":true},"categories":[8337],"tags":[],"jetpack_publicize_connections":[],"yoast_head":"<!-- This site is optimized with the Yoast SEO plugin v19.1 - https:\/\/yoast.com\/wordpress\/plugins\/seo\/ -->\n<title>Mo\u017ee li ulcinsjki Stari grad na listu UNESCO-a? - Lajme nga Ulqini<\/title>\n<meta name=\"description\" content=\"Autor: Samir Adrovi\u0107 Vremenu prkosi vi\u0161e od dva i po milenijuma, a istorija mu je vezana za Ilire i Tra\u010dane, Grke i Rimljane, Gote i Vizantijce, Makedonce\" \/>\n<meta name=\"robots\" content=\"index, follow, max-snippet:-1, max-image-preview:large, max-video-preview:-1\" \/>\n<link rel=\"canonical\" href=\"https:\/\/www.visit-ulcinj.com\/blog\/2017\/01\/09\/moze-li-ulcinsjki-stari-grad-na-listu-unesco\/\" \/>\n<meta property=\"og:locale\" content=\"en_US\" \/>\n<meta property=\"og:type\" content=\"article\" \/>\n<meta property=\"og:title\" content=\"Mo\u017ee li ulcinsjki Stari grad na listu UNESCO-a? - Lajme nga Ulqini\" \/>\n<meta property=\"og:description\" content=\"Autor: Samir Adrovi\u0107 Vremenu prkosi vi\u0161e od dva i po milenijuma, a istorija mu je vezana za Ilire i Tra\u010dane, Grke i Rimljane, Gote i Vizantijce, Makedonce\" \/>\n<meta property=\"og:url\" content=\"https:\/\/www.visit-ulcinj.com\/blog\/2017\/01\/09\/moze-li-ulcinsjki-stari-grad-na-listu-unesco\/\" \/>\n<meta property=\"og:site_name\" content=\"Lajme nga Ulqini\" \/>\n<meta property=\"article:published_time\" content=\"2017-01-09T15:49:52+00:00\" \/>\n<meta property=\"og:image\" content=\"http:\/\/www.visit-ulcinj.com\/blog\/wp-content\/uploads\/2017\/01\/ulcinsjki-Stari-grad-na-listu-UNESCO-a.jpg\" \/>\n<meta name=\"twitter:label1\" content=\"Written by\" \/>\n\t<meta name=\"twitter:data1\" content=\"ulqini\" \/>\n\t<meta name=\"twitter:label2\" content=\"Est. reading time\" \/>\n\t<meta name=\"twitter:data2\" content=\"8 minutes\" \/>\n<script type=\"application\/ld+json\" class=\"yoast-schema-graph\">{\"@context\":\"https:\/\/schema.org\",\"@graph\":[{\"@type\":\"WebSite\",\"@id\":\"https:\/\/www.visit-ulcinj.com\/blog\/#website\",\"url\":\"https:\/\/www.visit-ulcinj.com\/blog\/\",\"name\":\"Lajme nga Ulqini\",\"description\":\"Lajme,Vijesti,Ulqini,Ulqin,Crna Gora,Mali i Zi\",\"potentialAction\":[{\"@type\":\"SearchAction\",\"target\":{\"@type\":\"EntryPoint\",\"urlTemplate\":\"https:\/\/www.visit-ulcinj.com\/blog\/?s={search_term_string}\"},\"query-input\":\"required name=search_term_string\"}],\"inLanguage\":\"en-US\"},{\"@type\":\"ImageObject\",\"inLanguage\":\"en-US\",\"@id\":\"https:\/\/www.visit-ulcinj.com\/blog\/2017\/01\/09\/moze-li-ulcinsjki-stari-grad-na-listu-unesco\/#primaryimage\",\"url\":\"https:\/\/www.visit-ulcinj.com\/blog\/wp-content\/uploads\/2017\/01\/ulcinsjki-Stari-grad-na-listu-UNESCO-a.jpg\",\"contentUrl\":\"https:\/\/www.visit-ulcinj.com\/blog\/wp-content\/uploads\/2017\/01\/ulcinsjki-Stari-grad-na-listu-UNESCO-a.jpg\",\"width\":960,\"height\":636},{\"@type\":\"WebPage\",\"@id\":\"https:\/\/www.visit-ulcinj.com\/blog\/2017\/01\/09\/moze-li-ulcinsjki-stari-grad-na-listu-unesco\/#webpage\",\"url\":\"https:\/\/www.visit-ulcinj.com\/blog\/2017\/01\/09\/moze-li-ulcinsjki-stari-grad-na-listu-unesco\/\",\"name\":\"Mo\u017ee li ulcinsjki Stari grad na listu UNESCO-a? - Lajme nga Ulqini\",\"isPartOf\":{\"@id\":\"https:\/\/www.visit-ulcinj.com\/blog\/#website\"},\"primaryImageOfPage\":{\"@id\":\"https:\/\/www.visit-ulcinj.com\/blog\/2017\/01\/09\/moze-li-ulcinsjki-stari-grad-na-listu-unesco\/#primaryimage\"},\"datePublished\":\"2017-01-09T15:49:52+00:00\",\"dateModified\":\"2017-01-09T15:49:52+00:00\",\"author\":{\"@id\":\"https:\/\/www.visit-ulcinj.com\/blog\/#\/schema\/person\/dcab619c614d3038751c63bc2aadc06d\"},\"description\":\"Autor: Samir Adrovi\u0107 Vremenu prkosi vi\u0161e od dva i po milenijuma, a istorija mu je vezana za Ilire i Tra\u010dane, Grke i Rimljane, Gote i Vizantijce, Makedonce\",\"breadcrumb\":{\"@id\":\"https:\/\/www.visit-ulcinj.com\/blog\/2017\/01\/09\/moze-li-ulcinsjki-stari-grad-na-listu-unesco\/#breadcrumb\"},\"inLanguage\":\"en-US\",\"potentialAction\":[{\"@type\":\"ReadAction\",\"target\":[\"https:\/\/www.visit-ulcinj.com\/blog\/2017\/01\/09\/moze-li-ulcinsjki-stari-grad-na-listu-unesco\/\"]}]},{\"@type\":\"BreadcrumbList\",\"@id\":\"https:\/\/www.visit-ulcinj.com\/blog\/2017\/01\/09\/moze-li-ulcinsjki-stari-grad-na-listu-unesco\/#breadcrumb\",\"itemListElement\":[{\"@type\":\"ListItem\",\"position\":1,\"name\":\"Mo\u017ee li ulcinsjki Stari grad na listu UNESCO-a?\"}]},{\"@type\":\"Person\",\"@id\":\"https:\/\/www.visit-ulcinj.com\/blog\/#\/schema\/person\/dcab619c614d3038751c63bc2aadc06d\",\"name\":\"ulqini\",\"sameAs\":[\"http:\/\/www.visit-ulcinj.com\"],\"url\":\"https:\/\/www.visit-ulcinj.com\/blog\/author\/admin\/\"}]}<\/script>\n<!-- \/ Yoast SEO plugin. -->","yoast_head_json":{"title":"Mo\u017ee li ulcinsjki Stari grad na listu UNESCO-a? - Lajme nga Ulqini","description":"Autor: Samir Adrovi\u0107 Vremenu prkosi vi\u0161e od dva i po milenijuma, a istorija mu je vezana za Ilire i Tra\u010dane, Grke i Rimljane, Gote i Vizantijce, Makedonce","robots":{"index":"index","follow":"follow","max-snippet":"max-snippet:-1","max-image-preview":"max-image-preview:large","max-video-preview":"max-video-preview:-1"},"canonical":"https:\/\/www.visit-ulcinj.com\/blog\/2017\/01\/09\/moze-li-ulcinsjki-stari-grad-na-listu-unesco\/","og_locale":"en_US","og_type":"article","og_title":"Mo\u017ee li ulcinsjki Stari grad na listu UNESCO-a? - Lajme nga Ulqini","og_description":"Autor: Samir Adrovi\u0107 Vremenu prkosi vi\u0161e od dva i po milenijuma, a istorija mu je vezana za Ilire i Tra\u010dane, Grke i Rimljane, Gote i Vizantijce, Makedonce","og_url":"https:\/\/www.visit-ulcinj.com\/blog\/2017\/01\/09\/moze-li-ulcinsjki-stari-grad-na-listu-unesco\/","og_site_name":"Lajme nga Ulqini","article_published_time":"2017-01-09T15:49:52+00:00","og_image":[{"url":"http:\/\/www.visit-ulcinj.com\/blog\/wp-content\/uploads\/2017\/01\/ulcinsjki-Stari-grad-na-listu-UNESCO-a.jpg"}],"twitter_misc":{"Written by":"ulqini","Est. reading time":"8 minutes"},"schema":{"@context":"https:\/\/schema.org","@graph":[{"@type":"WebSite","@id":"https:\/\/www.visit-ulcinj.com\/blog\/#website","url":"https:\/\/www.visit-ulcinj.com\/blog\/","name":"Lajme nga Ulqini","description":"Lajme,Vijesti,Ulqini,Ulqin,Crna Gora,Mali i Zi","potentialAction":[{"@type":"SearchAction","target":{"@type":"EntryPoint","urlTemplate":"https:\/\/www.visit-ulcinj.com\/blog\/?s={search_term_string}"},"query-input":"required name=search_term_string"}],"inLanguage":"en-US"},{"@type":"ImageObject","inLanguage":"en-US","@id":"https:\/\/www.visit-ulcinj.com\/blog\/2017\/01\/09\/moze-li-ulcinsjki-stari-grad-na-listu-unesco\/#primaryimage","url":"https:\/\/www.visit-ulcinj.com\/blog\/wp-content\/uploads\/2017\/01\/ulcinsjki-Stari-grad-na-listu-UNESCO-a.jpg","contentUrl":"https:\/\/www.visit-ulcinj.com\/blog\/wp-content\/uploads\/2017\/01\/ulcinsjki-Stari-grad-na-listu-UNESCO-a.jpg","width":960,"height":636},{"@type":"WebPage","@id":"https:\/\/www.visit-ulcinj.com\/blog\/2017\/01\/09\/moze-li-ulcinsjki-stari-grad-na-listu-unesco\/#webpage","url":"https:\/\/www.visit-ulcinj.com\/blog\/2017\/01\/09\/moze-li-ulcinsjki-stari-grad-na-listu-unesco\/","name":"Mo\u017ee li ulcinsjki Stari grad na listu UNESCO-a? - Lajme nga Ulqini","isPartOf":{"@id":"https:\/\/www.visit-ulcinj.com\/blog\/#website"},"primaryImageOfPage":{"@id":"https:\/\/www.visit-ulcinj.com\/blog\/2017\/01\/09\/moze-li-ulcinsjki-stari-grad-na-listu-unesco\/#primaryimage"},"datePublished":"2017-01-09T15:49:52+00:00","dateModified":"2017-01-09T15:49:52+00:00","author":{"@id":"https:\/\/www.visit-ulcinj.com\/blog\/#\/schema\/person\/dcab619c614d3038751c63bc2aadc06d"},"description":"Autor: Samir Adrovi\u0107 Vremenu prkosi vi\u0161e od dva i po milenijuma, a istorija mu je vezana za Ilire i Tra\u010dane, Grke i Rimljane, Gote i Vizantijce, Makedonce","breadcrumb":{"@id":"https:\/\/www.visit-ulcinj.com\/blog\/2017\/01\/09\/moze-li-ulcinsjki-stari-grad-na-listu-unesco\/#breadcrumb"},"inLanguage":"en-US","potentialAction":[{"@type":"ReadAction","target":["https:\/\/www.visit-ulcinj.com\/blog\/2017\/01\/09\/moze-li-ulcinsjki-stari-grad-na-listu-unesco\/"]}]},{"@type":"BreadcrumbList","@id":"https:\/\/www.visit-ulcinj.com\/blog\/2017\/01\/09\/moze-li-ulcinsjki-stari-grad-na-listu-unesco\/#breadcrumb","itemListElement":[{"@type":"ListItem","position":1,"name":"Mo\u017ee li ulcinsjki Stari grad na listu UNESCO-a?"}]},{"@type":"Person","@id":"https:\/\/www.visit-ulcinj.com\/blog\/#\/schema\/person\/dcab619c614d3038751c63bc2aadc06d","name":"ulqini","sameAs":["http:\/\/www.visit-ulcinj.com"],"url":"https:\/\/www.visit-ulcinj.com\/blog\/author\/admin\/"}]}},"jetpack_featured_media_url":"","jetpack_sharing_enabled":true,"jetpack_shortlink":"https:\/\/wp.me\/pe6lTn-qzt","_links":{"self":[{"href":"https:\/\/www.visit-ulcinj.com\/blog\/wp-json\/wp\/v2\/posts\/102143"}],"collection":[{"href":"https:\/\/www.visit-ulcinj.com\/blog\/wp-json\/wp\/v2\/posts"}],"about":[{"href":"https:\/\/www.visit-ulcinj.com\/blog\/wp-json\/wp\/v2\/types\/post"}],"author":[{"embeddable":true,"href":"https:\/\/www.visit-ulcinj.com\/blog\/wp-json\/wp\/v2\/users\/1"}],"replies":[{"embeddable":true,"href":"https:\/\/www.visit-ulcinj.com\/blog\/wp-json\/wp\/v2\/comments?post=102143"}],"version-history":[{"count":1,"href":"https:\/\/www.visit-ulcinj.com\/blog\/wp-json\/wp\/v2\/posts\/102143\/revisions"}],"predecessor-version":[{"id":102145,"href":"https:\/\/www.visit-ulcinj.com\/blog\/wp-json\/wp\/v2\/posts\/102143\/revisions\/102145"}],"wp:attachment":[{"href":"https:\/\/www.visit-ulcinj.com\/blog\/wp-json\/wp\/v2\/media?parent=102143"}],"wp:term":[{"taxonomy":"category","embeddable":true,"href":"https:\/\/www.visit-ulcinj.com\/blog\/wp-json\/wp\/v2\/categories?post=102143"},{"taxonomy":"post_tag","embeddable":true,"href":"https:\/\/www.visit-ulcinj.com\/blog\/wp-json\/wp\/v2\/tags?post=102143"}],"curies":[{"name":"wp","href":"https:\/\/api.w.org\/{rel}","templated":true}]}}