{"id":102151,"date":"2017-01-09T17:11:53","date_gmt":"2017-01-09T16:11:53","guid":{"rendered":"http:\/\/www.visit-ulcinj.com\/blog\/?p=102151"},"modified":"2017-01-09T17:13:19","modified_gmt":"2017-01-09T16:13:19","slug":"njemci-hoce-adu-spremili-200-miliona","status":"publish","type":"post","link":"https:\/\/www.visit-ulcinj.com\/blog\/2017\/01\/09\/njemci-hoce-adu-spremili-200-miliona\/","title":{"rendered":"Njemci ho\u0107e Adu , spremili 200 miliona"},"content":{"rendered":"<p><a href=\"http:\/\/www.visit-ulcinj.com\/blog\/wp-content\/uploads\/2017\/01\/VIJESTI-ONLINE-ADA-BOJANA.jpg\"><img loading=\"lazy\" class=\"alignleft wp-image-102152\" src=\"http:\/\/www.visit-ulcinj.com\/blog\/wp-content\/uploads\/2017\/01\/VIJESTI-ONLINE-ADA-BOJANA.jpg\" alt=\"VIJESTI-ONLINE-ADA-BOJANA\" width=\"508\" height=\"699\" srcset=\"https:\/\/www.visit-ulcinj.com\/blog\/wp-content\/uploads\/2017\/01\/VIJESTI-ONLINE-ADA-BOJANA.jpg 450w, https:\/\/www.visit-ulcinj.com\/blog\/wp-content\/uploads\/2017\/01\/VIJESTI-ONLINE-ADA-BOJANA-218x300.jpg 218w\" sizes=\"(max-width: 508px) 100vw, 508px\" \/><\/a>Njema\u010dka agencija <strong>TUI<\/strong>, zainteresovana je za vi\u0161edecenijski zakup nudisti\u010dkog naselja na Adi i hotela Belvi na Velikoj pla\u017ei, koji posluju u sastavu \u201cUlcinjske rivijere\u201d.<span id=\"more-129658\"><\/span><\/p>\n<p>U te svrhe, njema\u010dki turoperator je ve\u0107 obezbijedio po\u010detna kreditna sredstva u iznosu od 200 miliona eura, saznaju <em>Vijesti<\/em> iz vi\u0161e izvora.<\/p>\n<p>Predstavnici TUI-a nedavno su boravili u Ulcinju i tom prilikom obi\u0161li Adu i Belvi ali je javnost ostala uskra\u0107ena za detalje sastanka sa menad\u017ementom Ulcinjske rivijere.<\/p>\n<p>U TUI-u ni jesu potvrdili ali ni demantovali tu informaciju. U odgovoru na pitanja <em>Vijesti<\/em>, pi\u0161e \u201cda je u principu, Crna Gora zanimljiva destinacija za TUI Grupu\u201d.<\/p>\n<p>\u201c<em>Dodali smo kapacitete sa nekoliko tr\u017ei\u0161ta i stalno smo u potrazi za novim mogu\u0107nostima. Me\u0111utim, trenutano ne \u017eelimo da otkrijemo planove<\/em>, pi\u0161e u odgovoru TUI-a Vijestima.<\/p>\n<p>Sagovornik Vijesti iz Ulcinjske rivijere kazao je da bi predstavnici TUI-a uskoro, vjerovatno u martu, o tome trebalo da razgovaraju sa premijerom <strong>Du\u0161kom Markovi\u0107em<\/strong> i resornim ministrima.<\/p>\n<p>Na sjednici Privredne komore 11. decembra pro\u0161le godine, izr\u0161ni direktor Ulcinjske rivijere Radomir Mikan Zec potvrdio je da je ta kompanija u\u0161la u razvojni program za Adu sa jednim od najve\u0107ih svjetskih turoperatora agencijom TUI iz Njema\u010dke.<\/p>\n<p>Kako je prenio portal Ul info, on je pozvao Vladu da do kraja februara usvoji taj razvojni program, jer je \u201crije\u010d o poslu zna\u010dajnom ne samo za Ulcinj ve\u0107 i za \u010ditavu Crnu Goru\u201d.<\/p>\n<p>Ministar odr\u017eivog razvoja i turizma <strong>Pavle Radulovi\u0107<\/strong> ocijenio je tada da je TUI partner kakvog Crna Gora pri\u017eeljkuje dodaju\u0107i da \u0107e ulo\u017eiti maksimalan napor da se sa njima ostvari saradnja.<\/p>\n<p>Ulcinjska rivijera sada je samo korisnik zemlji\u0161ta na kome se nalaze objekti i infrastruktura naselja. Op\u0161tinski katastar odbija da joj upi\u0161e pravo svojine iako u Ulcinjskoj rivijeri tvrde da postoji osnovani uslov za brisanje prava kori\u0161\u0107enja i upis prava svojine.<\/p>\n<p>Kako pi\u0161e na sajtu Ulcinjske rivijere, kapaciteti nudisti\u010dkog centra su 600 kreveta i to 180 soba tipa ,,A, 46 soba tipa ,,B i 70 soba tipa ,,L. Sve sobe na Adi imaju klima ure\u0111aj, fri\u017eider i SAT TV. Sobe na Adi su dvokrevetne i trokrevetne. Auto kamp Ada mo\u017ee da u isto vrijeme ugosti 220 osoba.<\/p>\n<p>Vlada je od 2009. raspisivala nekoliko tendera za Adu Bojanu i Veliku pla\u017eu, ali bez uspjeha iako je vladarska porodica Al Nahijan iz Abu Dabija najavljivana kao siguran partner, koji \u0107e ulo\u017eiti \u010dak 26 milijardi eura.<\/p>\n<p><strong><em>(<a href=\"http:\/\/www.vijesti.me\/vijesti\/njemci-hoce-adu-spremili-200-miliona-eura-919563\">Op\u0161tirnije u Vijestima<\/a>)<\/em><\/strong><\/p>\n","protected":false},"excerpt":{"rendered":"<p>Njema\u010dka agencija TUI, zainteresovana je za vi\u0161edecenijski zakup nudisti\u010dkog naselja na Adi i hotela Belvi na Velikoj pla\u017ei, koji posluju u sastavu \u201cUlcinjske rivijere\u201d. U te svrhe, njema\u010dki turoperator je ve\u0107 obezbijedio po\u010detna kreditna sredstva u iznosu od 200 miliona eura, saznaju Vijesti iz vi\u0161e izvora. Predstavnici TUI-a nedavno su boravili u Ulcinju i tom [&hellip;]<\/p>\n","protected":false},"author":1,"featured_media":0,"comment_status":"closed","ping_status":"closed","sticky":false,"template":"","format":"standard","meta":{"spay_email":"","jetpack_publicize_message":"","jetpack_is_tweetstorm":false,"jetpack_publicize_feature_enabled":true},"categories":[6950],"tags":[],"jetpack_publicize_connections":[],"yoast_head":"<!-- This site is optimized with the Yoast SEO plugin v19.1 - https:\/\/yoast.com\/wordpress\/plugins\/seo\/ -->\n<title>Njemci ho\u0107e Adu , spremili 200 miliona - Lajme nga Ulqini<\/title>\n<meta name=\"description\" content=\"Njema\u010dka agencija TUI, zainteresovana je za vi\u0161edecenijski zakup nudisti\u010dkog naselja na Adi i hotela Belvi na Velikoj pla\u017ei, koji posluju u sastavu\" \/>\n<meta name=\"robots\" content=\"index, follow, max-snippet:-1, max-image-preview:large, max-video-preview:-1\" \/>\n<link rel=\"canonical\" href=\"https:\/\/www.visit-ulcinj.com\/blog\/2017\/01\/09\/njemci-hoce-adu-spremili-200-miliona\/\" \/>\n<meta property=\"og:locale\" content=\"en_US\" \/>\n<meta property=\"og:type\" content=\"article\" \/>\n<meta property=\"og:title\" content=\"Njemci ho\u0107e Adu , spremili 200 miliona - Lajme nga Ulqini\" \/>\n<meta property=\"og:description\" content=\"Njema\u010dka agencija TUI, zainteresovana je za vi\u0161edecenijski zakup nudisti\u010dkog naselja na Adi i hotela Belvi na Velikoj pla\u017ei, koji posluju u sastavu\" \/>\n<meta property=\"og:url\" content=\"https:\/\/www.visit-ulcinj.com\/blog\/2017\/01\/09\/njemci-hoce-adu-spremili-200-miliona\/\" \/>\n<meta property=\"og:site_name\" content=\"Lajme nga Ulqini\" \/>\n<meta property=\"article:published_time\" content=\"2017-01-09T16:11:53+00:00\" \/>\n<meta property=\"article:modified_time\" content=\"2017-01-09T16:13:19+00:00\" \/>\n<meta property=\"og:image\" content=\"http:\/\/www.visit-ulcinj.com\/blog\/wp-content\/uploads\/2017\/01\/VIJESTI-ONLINE-ADA-BOJANA.jpg\" \/>\n<meta name=\"twitter:label1\" content=\"Written by\" \/>\n\t<meta name=\"twitter:data1\" content=\"ulqini\" \/>\n\t<meta name=\"twitter:label2\" content=\"Est. reading time\" \/>\n\t<meta name=\"twitter:data2\" content=\"2 minutes\" \/>\n<script type=\"application\/ld+json\" class=\"yoast-schema-graph\">{\"@context\":\"https:\/\/schema.org\",\"@graph\":[{\"@type\":\"WebSite\",\"@id\":\"https:\/\/www.visit-ulcinj.com\/blog\/#website\",\"url\":\"https:\/\/www.visit-ulcinj.com\/blog\/\",\"name\":\"Lajme nga Ulqini\",\"description\":\"Lajme,Vijesti,Ulqini,Ulqin,Crna Gora,Mali i Zi\",\"potentialAction\":[{\"@type\":\"SearchAction\",\"target\":{\"@type\":\"EntryPoint\",\"urlTemplate\":\"https:\/\/www.visit-ulcinj.com\/blog\/?s={search_term_string}\"},\"query-input\":\"required name=search_term_string\"}],\"inLanguage\":\"en-US\"},{\"@type\":\"ImageObject\",\"inLanguage\":\"en-US\",\"@id\":\"https:\/\/www.visit-ulcinj.com\/blog\/2017\/01\/09\/njemci-hoce-adu-spremili-200-miliona\/#primaryimage\",\"url\":\"https:\/\/www.visit-ulcinj.com\/blog\/wp-content\/uploads\/2017\/01\/VIJESTI-ONLINE-ADA-BOJANA.jpg\",\"contentUrl\":\"https:\/\/www.visit-ulcinj.com\/blog\/wp-content\/uploads\/2017\/01\/VIJESTI-ONLINE-ADA-BOJANA.jpg\",\"width\":450,\"height\":619},{\"@type\":\"WebPage\",\"@id\":\"https:\/\/www.visit-ulcinj.com\/blog\/2017\/01\/09\/njemci-hoce-adu-spremili-200-miliona\/#webpage\",\"url\":\"https:\/\/www.visit-ulcinj.com\/blog\/2017\/01\/09\/njemci-hoce-adu-spremili-200-miliona\/\",\"name\":\"Njemci ho\u0107e Adu , spremili 200 miliona - Lajme nga Ulqini\",\"isPartOf\":{\"@id\":\"https:\/\/www.visit-ulcinj.com\/blog\/#website\"},\"primaryImageOfPage\":{\"@id\":\"https:\/\/www.visit-ulcinj.com\/blog\/2017\/01\/09\/njemci-hoce-adu-spremili-200-miliona\/#primaryimage\"},\"datePublished\":\"2017-01-09T16:11:53+00:00\",\"dateModified\":\"2017-01-09T16:13:19+00:00\",\"author\":{\"@id\":\"https:\/\/www.visit-ulcinj.com\/blog\/#\/schema\/person\/dcab619c614d3038751c63bc2aadc06d\"},\"description\":\"Njema\u010dka agencija TUI, zainteresovana je za vi\u0161edecenijski zakup nudisti\u010dkog naselja na Adi i hotela Belvi na Velikoj pla\u017ei, koji posluju u sastavu\",\"breadcrumb\":{\"@id\":\"https:\/\/www.visit-ulcinj.com\/blog\/2017\/01\/09\/njemci-hoce-adu-spremili-200-miliona\/#breadcrumb\"},\"inLanguage\":\"en-US\",\"potentialAction\":[{\"@type\":\"ReadAction\",\"target\":[\"https:\/\/www.visit-ulcinj.com\/blog\/2017\/01\/09\/njemci-hoce-adu-spremili-200-miliona\/\"]}]},{\"@type\":\"BreadcrumbList\",\"@id\":\"https:\/\/www.visit-ulcinj.com\/blog\/2017\/01\/09\/njemci-hoce-adu-spremili-200-miliona\/#breadcrumb\",\"itemListElement\":[{\"@type\":\"ListItem\",\"position\":1,\"name\":\"Njemci ho\u0107e Adu , spremili 200 miliona\"}]},{\"@type\":\"Person\",\"@id\":\"https:\/\/www.visit-ulcinj.com\/blog\/#\/schema\/person\/dcab619c614d3038751c63bc2aadc06d\",\"name\":\"ulqini\",\"sameAs\":[\"http:\/\/www.visit-ulcinj.com\"],\"url\":\"https:\/\/www.visit-ulcinj.com\/blog\/author\/admin\/\"}]}<\/script>\n<!-- \/ Yoast SEO plugin. -->","yoast_head_json":{"title":"Njemci ho\u0107e Adu , spremili 200 miliona - Lajme nga Ulqini","description":"Njema\u010dka agencija TUI, zainteresovana je za vi\u0161edecenijski zakup nudisti\u010dkog naselja na Adi i hotela Belvi na Velikoj pla\u017ei, koji posluju u sastavu","robots":{"index":"index","follow":"follow","max-snippet":"max-snippet:-1","max-image-preview":"max-image-preview:large","max-video-preview":"max-video-preview:-1"},"canonical":"https:\/\/www.visit-ulcinj.com\/blog\/2017\/01\/09\/njemci-hoce-adu-spremili-200-miliona\/","og_locale":"en_US","og_type":"article","og_title":"Njemci ho\u0107e Adu , spremili 200 miliona - Lajme nga Ulqini","og_description":"Njema\u010dka agencija TUI, zainteresovana je za vi\u0161edecenijski zakup nudisti\u010dkog naselja na Adi i hotela Belvi na Velikoj pla\u017ei, koji posluju u sastavu","og_url":"https:\/\/www.visit-ulcinj.com\/blog\/2017\/01\/09\/njemci-hoce-adu-spremili-200-miliona\/","og_site_name":"Lajme nga Ulqini","article_published_time":"2017-01-09T16:11:53+00:00","article_modified_time":"2017-01-09T16:13:19+00:00","og_image":[{"url":"http:\/\/www.visit-ulcinj.com\/blog\/wp-content\/uploads\/2017\/01\/VIJESTI-ONLINE-ADA-BOJANA.jpg"}],"twitter_misc":{"Written by":"ulqini","Est. reading time":"2 minutes"},"schema":{"@context":"https:\/\/schema.org","@graph":[{"@type":"WebSite","@id":"https:\/\/www.visit-ulcinj.com\/blog\/#website","url":"https:\/\/www.visit-ulcinj.com\/blog\/","name":"Lajme nga Ulqini","description":"Lajme,Vijesti,Ulqini,Ulqin,Crna Gora,Mali i Zi","potentialAction":[{"@type":"SearchAction","target":{"@type":"EntryPoint","urlTemplate":"https:\/\/www.visit-ulcinj.com\/blog\/?s={search_term_string}"},"query-input":"required name=search_term_string"}],"inLanguage":"en-US"},{"@type":"ImageObject","inLanguage":"en-US","@id":"https:\/\/www.visit-ulcinj.com\/blog\/2017\/01\/09\/njemci-hoce-adu-spremili-200-miliona\/#primaryimage","url":"https:\/\/www.visit-ulcinj.com\/blog\/wp-content\/uploads\/2017\/01\/VIJESTI-ONLINE-ADA-BOJANA.jpg","contentUrl":"https:\/\/www.visit-ulcinj.com\/blog\/wp-content\/uploads\/2017\/01\/VIJESTI-ONLINE-ADA-BOJANA.jpg","width":450,"height":619},{"@type":"WebPage","@id":"https:\/\/www.visit-ulcinj.com\/blog\/2017\/01\/09\/njemci-hoce-adu-spremili-200-miliona\/#webpage","url":"https:\/\/www.visit-ulcinj.com\/blog\/2017\/01\/09\/njemci-hoce-adu-spremili-200-miliona\/","name":"Njemci ho\u0107e Adu , spremili 200 miliona - Lajme nga Ulqini","isPartOf":{"@id":"https:\/\/www.visit-ulcinj.com\/blog\/#website"},"primaryImageOfPage":{"@id":"https:\/\/www.visit-ulcinj.com\/blog\/2017\/01\/09\/njemci-hoce-adu-spremili-200-miliona\/#primaryimage"},"datePublished":"2017-01-09T16:11:53+00:00","dateModified":"2017-01-09T16:13:19+00:00","author":{"@id":"https:\/\/www.visit-ulcinj.com\/blog\/#\/schema\/person\/dcab619c614d3038751c63bc2aadc06d"},"description":"Njema\u010dka agencija TUI, zainteresovana je za vi\u0161edecenijski zakup nudisti\u010dkog naselja na Adi i hotela Belvi na Velikoj pla\u017ei, koji posluju u sastavu","breadcrumb":{"@id":"https:\/\/www.visit-ulcinj.com\/blog\/2017\/01\/09\/njemci-hoce-adu-spremili-200-miliona\/#breadcrumb"},"inLanguage":"en-US","potentialAction":[{"@type":"ReadAction","target":["https:\/\/www.visit-ulcinj.com\/blog\/2017\/01\/09\/njemci-hoce-adu-spremili-200-miliona\/"]}]},{"@type":"BreadcrumbList","@id":"https:\/\/www.visit-ulcinj.com\/blog\/2017\/01\/09\/njemci-hoce-adu-spremili-200-miliona\/#breadcrumb","itemListElement":[{"@type":"ListItem","position":1,"name":"Njemci ho\u0107e Adu , spremili 200 miliona"}]},{"@type":"Person","@id":"https:\/\/www.visit-ulcinj.com\/blog\/#\/schema\/person\/dcab619c614d3038751c63bc2aadc06d","name":"ulqini","sameAs":["http:\/\/www.visit-ulcinj.com"],"url":"https:\/\/www.visit-ulcinj.com\/blog\/author\/admin\/"}]}},"jetpack_featured_media_url":"","jetpack_sharing_enabled":true,"jetpack_shortlink":"https:\/\/wp.me\/pe6lTn-qzB","_links":{"self":[{"href":"https:\/\/www.visit-ulcinj.com\/blog\/wp-json\/wp\/v2\/posts\/102151"}],"collection":[{"href":"https:\/\/www.visit-ulcinj.com\/blog\/wp-json\/wp\/v2\/posts"}],"about":[{"href":"https:\/\/www.visit-ulcinj.com\/blog\/wp-json\/wp\/v2\/types\/post"}],"author":[{"embeddable":true,"href":"https:\/\/www.visit-ulcinj.com\/blog\/wp-json\/wp\/v2\/users\/1"}],"replies":[{"embeddable":true,"href":"https:\/\/www.visit-ulcinj.com\/blog\/wp-json\/wp\/v2\/comments?post=102151"}],"version-history":[{"count":2,"href":"https:\/\/www.visit-ulcinj.com\/blog\/wp-json\/wp\/v2\/posts\/102151\/revisions"}],"predecessor-version":[{"id":102154,"href":"https:\/\/www.visit-ulcinj.com\/blog\/wp-json\/wp\/v2\/posts\/102151\/revisions\/102154"}],"wp:attachment":[{"href":"https:\/\/www.visit-ulcinj.com\/blog\/wp-json\/wp\/v2\/media?parent=102151"}],"wp:term":[{"taxonomy":"category","embeddable":true,"href":"https:\/\/www.visit-ulcinj.com\/blog\/wp-json\/wp\/v2\/categories?post=102151"},{"taxonomy":"post_tag","embeddable":true,"href":"https:\/\/www.visit-ulcinj.com\/blog\/wp-json\/wp\/v2\/tags?post=102151"}],"curies":[{"name":"wp","href":"https:\/\/api.w.org\/{rel}","templated":true}]}}