{"id":102164,"date":"2017-01-10T14:36:22","date_gmt":"2017-01-10T13:36:22","guid":{"rendered":"http:\/\/www.visit-ulcinj.com\/blog\/?p=102164"},"modified":"2017-01-10T14:36:22","modified_gmt":"2017-01-10T13:36:22","slug":"aiva-orava-ne-odlazite-zastitu-solane","status":"publish","type":"post","link":"https:\/\/www.visit-ulcinj.com\/blog\/2017\/01\/10\/aiva-orava-ne-odlazite-zastitu-solane\/","title":{"rendered":"Aiva Orava: Ne odla\u017eite za\u0161titu Solane"},"content":{"rendered":"<p><a href=\"http:\/\/www.visit-ulcinj.com\/blog\/wp-content\/uploads\/2017\/01\/Zastita-ulcinjske-solane.jpg\"><img loading=\"lazy\" class=\"alignleft wp-image-102165\" src=\"http:\/\/www.visit-ulcinj.com\/blog\/wp-content\/uploads\/2017\/01\/Zastita-ulcinjske-solane.jpg\" alt=\"Zastita-ulcinjske-solane\" width=\"508\" height=\"225\" srcset=\"https:\/\/www.visit-ulcinj.com\/blog\/wp-content\/uploads\/2017\/01\/Zastita-ulcinjske-solane.jpg 960w, https:\/\/www.visit-ulcinj.com\/blog\/wp-content\/uploads\/2017\/01\/Zastita-ulcinjske-solane-300x133.jpg 300w, https:\/\/www.visit-ulcinj.com\/blog\/wp-content\/uploads\/2017\/01\/Zastita-ulcinjske-solane-768x341.jpg 768w\" sizes=\"(max-width: 508px) 100vw, 508px\" \/><\/a>Centar za za\u0161titu i prou\u010davanje ptica i Dru\u0161tvo Martin Schneider Jacoby pozdravljaju poziv \u0161efa Delegacije Evropske unije u Crnoj Gori, Aiva Orava, da se Ulcinjska solana za\u0161titi i napominju da je jo\u0161 na prvoj Me\u0111unarodnoj konferenciji o za\u0161titi Ulcinjske solane odr\u017eanoj u aprilu 2015. godine, zaklju\u010deno da Solana treba biti za\u0161ti\u0107ena na nacionalnom nivou kao i progla\u0161ena mo\u010dvarom od me\u0111unarodnog zna\u010daja prema Ramsarskoj konvenciji. Ovi zaklju\u010dci, potvr\u0111eni su na drugoj konferenciji o za\u0161titi Solane odr\u017eanoj u aprilu pro\u0161le godine, ali nisu ispunjeni.<\/p>\n<p><a href=\"http:\/\/www.visit-ulcinj.com\/blog\/wp-content\/uploads\/2017\/01\/Zastita-ulcinjske-solane-1.jpg\"><img loading=\"lazy\" class=\"alignleft wp-image-102166\" src=\"http:\/\/www.visit-ulcinj.com\/blog\/wp-content\/uploads\/2017\/01\/Zastita-ulcinjske-solane-1.jpg\" alt=\"Zastita-ulcinjske-solane-1\" width=\"508\" height=\"339\" srcset=\"https:\/\/www.visit-ulcinj.com\/blog\/wp-content\/uploads\/2017\/01\/Zastita-ulcinjske-solane-1.jpg 960w, https:\/\/www.visit-ulcinj.com\/blog\/wp-content\/uploads\/2017\/01\/Zastita-ulcinjske-solane-1-300x200.jpg 300w, https:\/\/www.visit-ulcinj.com\/blog\/wp-content\/uploads\/2017\/01\/Zastita-ulcinjske-solane-1-768x512.jpg 768w\" sizes=\"(max-width: 508px) 100vw, 508px\" \/><\/a><\/p>\n<p>U slu\u010daju da se Ulcinjska solane ne proglasi za\u0161ti\u0107enim podru\u010djem, kao i mo\u010dvarom od me\u0111unarodnog zna\u010daja, te na\u0111e rje\u0161enje za njeno funkcionisanje s obzirom na njenu tijesnu povezanost sa odr\u017eivo\u0161\u0107u ovog budu\u0107eg za\u0161ti\u0107enog podru\u010dja, CZIP i Dru\u0161tvo MSJ \u0107e organizovati i tre\u0107u me\u0111unarodnu konferenciju o za\u0161titi ovog podru\u010dja \u010dime bi se napravio evropski presedan da se o nekom stani\u0161tu organizuju me\u0111unarodne konferencije tri godine zaredom u cilju njegove za\u0161tite.<\/p>\n<p>Upozoravamo da je stanje na solani alarmantno, jer uprkos obustavi lova od strane Ministarstva poljoprivrede i ruralnog razvoja zbog ekstremnih vremenskih prilika, lov je uveliko prisutan, dok su nasipi sve ugro\u017eeniji zbog prisustva velike koli\u010dine vode, koja je trebala biti odavno ispumpana, da su pumpe valjano radile, a \u0161to je tako\u0111e bio jedan od zaklju\u010daka na prethodno odr\u017eanim konferencijama.S obzirom na trenutno stanje, budu\u0107em investitoru koji \u0107e htjeti da ulo\u017ei u proizvodnju soli, treba\u0107e velika investicija za renoviranje nasipa i pokretanje proizvodnje.<\/p>\n<p>Podsje\u0107amo da se Ulcinjska solana ve\u0107 drugu godinu zaredom nalazi u Izvje\u0161taju o napretku Evropske komisije, gdje je konstatovano zna\u010dajno ka\u0161njenje u realizaciji njene za\u0161tite.<\/p>\n<p><strong>Izvor: CZIP<\/strong><\/p>\n","protected":false},"excerpt":{"rendered":"<p>Centar za za\u0161titu i prou\u010davanje ptica i Dru\u0161tvo Martin Schneider Jacoby pozdravljaju poziv \u0161efa Delegacije Evropske unije u Crnoj Gori, Aiva Orava, da se Ulcinjska solana za\u0161titi i napominju da je jo\u0161 na prvoj Me\u0111unarodnoj konferenciji o za\u0161titi Ulcinjske solane odr\u017eanoj u aprilu 2015. godine, zaklju\u010deno da Solana treba biti za\u0161ti\u0107ena na nacionalnom nivou kao [&hellip;]<\/p>\n","protected":false},"author":1,"featured_media":0,"comment_status":"closed","ping_status":"closed","sticky":false,"template":"","format":"standard","meta":{"spay_email":"","jetpack_publicize_message":"","jetpack_is_tweetstorm":false,"jetpack_publicize_feature_enabled":true},"categories":[8337],"tags":[],"jetpack_publicize_connections":[],"yoast_head":"<!-- This site is optimized with the Yoast SEO plugin v19.1 - https:\/\/yoast.com\/wordpress\/plugins\/seo\/ -->\n<title>Aiva Orava: Ne odla\u017eite za\u0161titu Solane - Lajme nga Ulqini<\/title>\n<meta name=\"description\" content=\"Centar za za\u0161titu i prou\u010davanje ptica i Dru\u0161tvo Martin Schneider Jacoby pozdravljaju poziv \u0161efa Delegacije Evropske unije u Crnoj Gori, Aiva Orava, da se\" \/>\n<meta name=\"robots\" content=\"index, follow, max-snippet:-1, max-image-preview:large, max-video-preview:-1\" \/>\n<link rel=\"canonical\" href=\"https:\/\/www.visit-ulcinj.com\/blog\/2017\/01\/10\/aiva-orava-ne-odlazite-zastitu-solane\/\" \/>\n<meta property=\"og:locale\" content=\"en_US\" \/>\n<meta property=\"og:type\" content=\"article\" \/>\n<meta property=\"og:title\" content=\"Aiva Orava: Ne odla\u017eite za\u0161titu Solane - Lajme nga Ulqini\" \/>\n<meta property=\"og:description\" content=\"Centar za za\u0161titu i prou\u010davanje ptica i Dru\u0161tvo Martin Schneider Jacoby pozdravljaju poziv \u0161efa Delegacije Evropske unije u Crnoj Gori, Aiva Orava, da se\" \/>\n<meta property=\"og:url\" content=\"https:\/\/www.visit-ulcinj.com\/blog\/2017\/01\/10\/aiva-orava-ne-odlazite-zastitu-solane\/\" \/>\n<meta property=\"og:site_name\" content=\"Lajme nga Ulqini\" \/>\n<meta property=\"article:published_time\" content=\"2017-01-10T13:36:22+00:00\" \/>\n<meta property=\"og:image\" content=\"http:\/\/www.visit-ulcinj.com\/blog\/wp-content\/uploads\/2017\/01\/Zastita-ulcinjske-solane.jpg\" \/>\n<meta name=\"twitter:label1\" content=\"Written by\" \/>\n\t<meta name=\"twitter:data1\" content=\"ulqini\" \/>\n\t<meta name=\"twitter:label2\" content=\"Est. reading time\" \/>\n\t<meta name=\"twitter:data2\" content=\"2 minutes\" \/>\n<script type=\"application\/ld+json\" class=\"yoast-schema-graph\">{\"@context\":\"https:\/\/schema.org\",\"@graph\":[{\"@type\":\"WebSite\",\"@id\":\"https:\/\/www.visit-ulcinj.com\/blog\/#website\",\"url\":\"https:\/\/www.visit-ulcinj.com\/blog\/\",\"name\":\"Lajme nga Ulqini\",\"description\":\"Lajme,Vijesti,Ulqini,Ulqin,Crna Gora,Mali i Zi\",\"potentialAction\":[{\"@type\":\"SearchAction\",\"target\":{\"@type\":\"EntryPoint\",\"urlTemplate\":\"https:\/\/www.visit-ulcinj.com\/blog\/?s={search_term_string}\"},\"query-input\":\"required name=search_term_string\"}],\"inLanguage\":\"en-US\"},{\"@type\":\"ImageObject\",\"inLanguage\":\"en-US\",\"@id\":\"https:\/\/www.visit-ulcinj.com\/blog\/2017\/01\/10\/aiva-orava-ne-odlazite-zastitu-solane\/#primaryimage\",\"url\":\"https:\/\/www.visit-ulcinj.com\/blog\/wp-content\/uploads\/2017\/01\/Zastita-ulcinjske-solane.jpg\",\"contentUrl\":\"https:\/\/www.visit-ulcinj.com\/blog\/wp-content\/uploads\/2017\/01\/Zastita-ulcinjske-solane.jpg\",\"width\":960,\"height\":426},{\"@type\":\"WebPage\",\"@id\":\"https:\/\/www.visit-ulcinj.com\/blog\/2017\/01\/10\/aiva-orava-ne-odlazite-zastitu-solane\/#webpage\",\"url\":\"https:\/\/www.visit-ulcinj.com\/blog\/2017\/01\/10\/aiva-orava-ne-odlazite-zastitu-solane\/\",\"name\":\"Aiva Orava: Ne odla\u017eite za\u0161titu Solane - Lajme nga Ulqini\",\"isPartOf\":{\"@id\":\"https:\/\/www.visit-ulcinj.com\/blog\/#website\"},\"primaryImageOfPage\":{\"@id\":\"https:\/\/www.visit-ulcinj.com\/blog\/2017\/01\/10\/aiva-orava-ne-odlazite-zastitu-solane\/#primaryimage\"},\"datePublished\":\"2017-01-10T13:36:22+00:00\",\"dateModified\":\"2017-01-10T13:36:22+00:00\",\"author\":{\"@id\":\"https:\/\/www.visit-ulcinj.com\/blog\/#\/schema\/person\/dcab619c614d3038751c63bc2aadc06d\"},\"description\":\"Centar za za\u0161titu i prou\u010davanje ptica i Dru\u0161tvo Martin Schneider Jacoby pozdravljaju poziv \u0161efa Delegacije Evropske unije u Crnoj Gori, Aiva Orava, da se\",\"breadcrumb\":{\"@id\":\"https:\/\/www.visit-ulcinj.com\/blog\/2017\/01\/10\/aiva-orava-ne-odlazite-zastitu-solane\/#breadcrumb\"},\"inLanguage\":\"en-US\",\"potentialAction\":[{\"@type\":\"ReadAction\",\"target\":[\"https:\/\/www.visit-ulcinj.com\/blog\/2017\/01\/10\/aiva-orava-ne-odlazite-zastitu-solane\/\"]}]},{\"@type\":\"BreadcrumbList\",\"@id\":\"https:\/\/www.visit-ulcinj.com\/blog\/2017\/01\/10\/aiva-orava-ne-odlazite-zastitu-solane\/#breadcrumb\",\"itemListElement\":[{\"@type\":\"ListItem\",\"position\":1,\"name\":\"Aiva Orava: Ne odla\u017eite za\u0161titu Solane\"}]},{\"@type\":\"Person\",\"@id\":\"https:\/\/www.visit-ulcinj.com\/blog\/#\/schema\/person\/dcab619c614d3038751c63bc2aadc06d\",\"name\":\"ulqini\",\"sameAs\":[\"http:\/\/www.visit-ulcinj.com\"],\"url\":\"https:\/\/www.visit-ulcinj.com\/blog\/author\/admin\/\"}]}<\/script>\n<!-- \/ Yoast SEO plugin. -->","yoast_head_json":{"title":"Aiva Orava: Ne odla\u017eite za\u0161titu Solane - Lajme nga Ulqini","description":"Centar za za\u0161titu i prou\u010davanje ptica i Dru\u0161tvo Martin Schneider Jacoby pozdravljaju poziv \u0161efa Delegacije Evropske unije u Crnoj Gori, Aiva Orava, da se","robots":{"index":"index","follow":"follow","max-snippet":"max-snippet:-1","max-image-preview":"max-image-preview:large","max-video-preview":"max-video-preview:-1"},"canonical":"https:\/\/www.visit-ulcinj.com\/blog\/2017\/01\/10\/aiva-orava-ne-odlazite-zastitu-solane\/","og_locale":"en_US","og_type":"article","og_title":"Aiva Orava: Ne odla\u017eite za\u0161titu Solane - Lajme nga Ulqini","og_description":"Centar za za\u0161titu i prou\u010davanje ptica i Dru\u0161tvo Martin Schneider Jacoby pozdravljaju poziv \u0161efa Delegacije Evropske unije u Crnoj Gori, Aiva Orava, da se","og_url":"https:\/\/www.visit-ulcinj.com\/blog\/2017\/01\/10\/aiva-orava-ne-odlazite-zastitu-solane\/","og_site_name":"Lajme nga Ulqini","article_published_time":"2017-01-10T13:36:22+00:00","og_image":[{"url":"http:\/\/www.visit-ulcinj.com\/blog\/wp-content\/uploads\/2017\/01\/Zastita-ulcinjske-solane.jpg"}],"twitter_misc":{"Written by":"ulqini","Est. reading time":"2 minutes"},"schema":{"@context":"https:\/\/schema.org","@graph":[{"@type":"WebSite","@id":"https:\/\/www.visit-ulcinj.com\/blog\/#website","url":"https:\/\/www.visit-ulcinj.com\/blog\/","name":"Lajme nga Ulqini","description":"Lajme,Vijesti,Ulqini,Ulqin,Crna Gora,Mali i Zi","potentialAction":[{"@type":"SearchAction","target":{"@type":"EntryPoint","urlTemplate":"https:\/\/www.visit-ulcinj.com\/blog\/?s={search_term_string}"},"query-input":"required name=search_term_string"}],"inLanguage":"en-US"},{"@type":"ImageObject","inLanguage":"en-US","@id":"https:\/\/www.visit-ulcinj.com\/blog\/2017\/01\/10\/aiva-orava-ne-odlazite-zastitu-solane\/#primaryimage","url":"https:\/\/www.visit-ulcinj.com\/blog\/wp-content\/uploads\/2017\/01\/Zastita-ulcinjske-solane.jpg","contentUrl":"https:\/\/www.visit-ulcinj.com\/blog\/wp-content\/uploads\/2017\/01\/Zastita-ulcinjske-solane.jpg","width":960,"height":426},{"@type":"WebPage","@id":"https:\/\/www.visit-ulcinj.com\/blog\/2017\/01\/10\/aiva-orava-ne-odlazite-zastitu-solane\/#webpage","url":"https:\/\/www.visit-ulcinj.com\/blog\/2017\/01\/10\/aiva-orava-ne-odlazite-zastitu-solane\/","name":"Aiva Orava: Ne odla\u017eite za\u0161titu Solane - Lajme nga Ulqini","isPartOf":{"@id":"https:\/\/www.visit-ulcinj.com\/blog\/#website"},"primaryImageOfPage":{"@id":"https:\/\/www.visit-ulcinj.com\/blog\/2017\/01\/10\/aiva-orava-ne-odlazite-zastitu-solane\/#primaryimage"},"datePublished":"2017-01-10T13:36:22+00:00","dateModified":"2017-01-10T13:36:22+00:00","author":{"@id":"https:\/\/www.visit-ulcinj.com\/blog\/#\/schema\/person\/dcab619c614d3038751c63bc2aadc06d"},"description":"Centar za za\u0161titu i prou\u010davanje ptica i Dru\u0161tvo Martin Schneider Jacoby pozdravljaju poziv \u0161efa Delegacije Evropske unije u Crnoj Gori, Aiva Orava, da se","breadcrumb":{"@id":"https:\/\/www.visit-ulcinj.com\/blog\/2017\/01\/10\/aiva-orava-ne-odlazite-zastitu-solane\/#breadcrumb"},"inLanguage":"en-US","potentialAction":[{"@type":"ReadAction","target":["https:\/\/www.visit-ulcinj.com\/blog\/2017\/01\/10\/aiva-orava-ne-odlazite-zastitu-solane\/"]}]},{"@type":"BreadcrumbList","@id":"https:\/\/www.visit-ulcinj.com\/blog\/2017\/01\/10\/aiva-orava-ne-odlazite-zastitu-solane\/#breadcrumb","itemListElement":[{"@type":"ListItem","position":1,"name":"Aiva Orava: Ne odla\u017eite za\u0161titu Solane"}]},{"@type":"Person","@id":"https:\/\/www.visit-ulcinj.com\/blog\/#\/schema\/person\/dcab619c614d3038751c63bc2aadc06d","name":"ulqini","sameAs":["http:\/\/www.visit-ulcinj.com"],"url":"https:\/\/www.visit-ulcinj.com\/blog\/author\/admin\/"}]}},"jetpack_featured_media_url":"","jetpack_sharing_enabled":true,"jetpack_shortlink":"https:\/\/wp.me\/pe6lTn-qzO","_links":{"self":[{"href":"https:\/\/www.visit-ulcinj.com\/blog\/wp-json\/wp\/v2\/posts\/102164"}],"collection":[{"href":"https:\/\/www.visit-ulcinj.com\/blog\/wp-json\/wp\/v2\/posts"}],"about":[{"href":"https:\/\/www.visit-ulcinj.com\/blog\/wp-json\/wp\/v2\/types\/post"}],"author":[{"embeddable":true,"href":"https:\/\/www.visit-ulcinj.com\/blog\/wp-json\/wp\/v2\/users\/1"}],"replies":[{"embeddable":true,"href":"https:\/\/www.visit-ulcinj.com\/blog\/wp-json\/wp\/v2\/comments?post=102164"}],"version-history":[{"count":1,"href":"https:\/\/www.visit-ulcinj.com\/blog\/wp-json\/wp\/v2\/posts\/102164\/revisions"}],"predecessor-version":[{"id":102167,"href":"https:\/\/www.visit-ulcinj.com\/blog\/wp-json\/wp\/v2\/posts\/102164\/revisions\/102167"}],"wp:attachment":[{"href":"https:\/\/www.visit-ulcinj.com\/blog\/wp-json\/wp\/v2\/media?parent=102164"}],"wp:term":[{"taxonomy":"category","embeddable":true,"href":"https:\/\/www.visit-ulcinj.com\/blog\/wp-json\/wp\/v2\/categories?post=102164"},{"taxonomy":"post_tag","embeddable":true,"href":"https:\/\/www.visit-ulcinj.com\/blog\/wp-json\/wp\/v2\/tags?post=102164"}],"curies":[{"name":"wp","href":"https:\/\/api.w.org\/{rel}","templated":true}]}}