{"id":102174,"date":"2017-01-10T15:19:28","date_gmt":"2017-01-10T14:19:28","guid":{"rendered":"http:\/\/www.visit-ulcinj.com\/blog\/?p=102174"},"modified":"2017-01-10T15:19:28","modified_gmt":"2017-01-10T14:19:28","slug":"ne-ulqin-vllaznia-per-faze-pergatitore-nuk-shpeton-temperaturave-te-uleta","status":"publish","type":"post","link":"https:\/\/www.visit-ulcinj.com\/blog\/2017\/01\/10\/ne-ulqin-vllaznia-per-faze-pergatitore-nuk-shpeton-temperaturave-te-uleta\/","title":{"rendered":"N\u00eb Ulqin, Vllaznia p\u00ebr faz\u00eb p\u00ebrgatitore, nuk i shp\u00ebton temperaturave t\u00eb ul\u00ebta"},"content":{"rendered":"<div><a href=\"http:\/\/www.visit-ulcinj.com\/blog\/wp-content\/uploads\/2017\/01\/FK-VLLAZNIA-ULQIN.jpg\"><img loading=\"lazy\" class=\"alignleft wp-image-102175\" src=\"http:\/\/www.visit-ulcinj.com\/blog\/wp-content\/uploads\/2017\/01\/FK-VLLAZNIA-ULQIN.jpg\" alt=\"FK-VLLAZNIA-ULQIN\" width=\"508\" height=\"381\" srcset=\"https:\/\/www.visit-ulcinj.com\/blog\/wp-content\/uploads\/2017\/01\/FK-VLLAZNIA-ULQIN.jpg 960w, https:\/\/www.visit-ulcinj.com\/blog\/wp-content\/uploads\/2017\/01\/FK-VLLAZNIA-ULQIN-300x225.jpg 300w, https:\/\/www.visit-ulcinj.com\/blog\/wp-content\/uploads\/2017\/01\/FK-VLLAZNIA-ULQIN-768x576.jpg 768w\" sizes=\"(max-width: 508px) 100vw, 508px\" \/><\/a>Vllaznia ka nisur paraditen e s\u00eb h\u00ebn\u00ebs p\u00ebrgatitjet dim\u00ebrore n\u00eb Ulqin. Ndon\u00ebse edhe atje temperaturat jan\u00eb shum\u00eb t\u00eb ul\u00ebta dhe nj\u00eblloj si n\u00eb Shkod\u00ebr, kuqeblut\u00eb nuk jan\u00eb penguar p\u00ebr t\u00eb zhvilluar ashtu si duhet procesin st\u00ebrvitor. Trajneri Armando Cungu dhe stafi i tij jan\u00eb duke aplikuar nga dy seanca n\u00eb dit\u00eb dhe po k\u00ebrkojn\u00eb q\u00eb futbollist\u00ebt t\u00eb marrin ngarkesat e duhura p\u00ebr t\u00eb p\u00ebrballuar ashtu si duhet gjysm\u00ebn e dyt\u00eb t\u00eb sezonit. St\u00ebrvitjet nd\u00ebrkoh\u00eb kan\u00eb filluar, por ende nuk ka t\u00eb konfirmuar asnj\u00eb miq\u00ebsore, kjo p\u00ebr shkak se aktualisht n\u00eb Ulqin nuk po zhvillon faz\u00ebn p\u00ebrgatitore asnj\u00eb ekip tjet\u00ebr.<\/p>\n<div>N\u00eb k\u00ebto kushte, skuadra shkodrane t\u00eb par\u00ebn miq\u00ebsore mund ta zhvilloj\u00eb n\u00eb dit\u00ebt e ardhshme ndaj ekipit U-19 t\u00eb Akademis\u00eb Vllaznia. Sa i takon afrimeve t\u00eb merkatos, deri m\u00eb tani m\u00ebsohet se nuk ka asnj\u00eb futbollist t\u00eb ardhur p\u00ebr prov\u00eb. Drejtuesit e klubit jan\u00eb duke konsideruar t\u00eb gjitha pistat e mundshme p\u00ebr t\u00eb afruar ndonj\u00eb lojtar cil\u00ebsor, ndon\u00ebse n\u00eb k\u00ebt\u00eb periudh\u00eb shanset jan\u00eb shum\u00eb t\u00eb vogla p\u00ebr goditje kualitative n\u00eb merkato. Vllaznia do t\u00eb q\u00ebndroj\u00eb n\u00eb Ulqin deri 2-3 dit\u00eb p\u00ebrpara ndeshjes s\u00eb par\u00eb t\u00eb k\u00ebtij viti, asaj me Kuk\u00ebsin q\u00eb do t\u00eb zhvillohet m\u00eb 21 janar n\u00eb \u201cLoro Bori\u00e7i\u201d dhe trajneri Cungu duket se \u00ebsht\u00eb duke i b\u00ebr\u00eb planet me kontigjentin aktual q\u00eb ka n\u00eb dispozicion.Sigurisht q\u00eb ai mir\u00ebpret ndonj\u00eb lojtar tjet\u00ebr cil\u00ebsor p\u00ebr t\u00eb cilin ndoshta duhet pritur edhe ndonj\u00eb dit\u00eb.<\/div>\n<div>Nga Gjergj Kola<\/p>\n<p><strong>\u00a9 telesport.al<\/strong><\/div>\n<\/div>\n","protected":false},"excerpt":{"rendered":"<p>Vllaznia ka nisur paraditen e s\u00eb h\u00ebn\u00ebs p\u00ebrgatitjet dim\u00ebrore n\u00eb Ulqin. Ndon\u00ebse edhe atje temperaturat jan\u00eb shum\u00eb t\u00eb ul\u00ebta dhe nj\u00eblloj si n\u00eb Shkod\u00ebr, kuqeblut\u00eb nuk jan\u00eb penguar p\u00ebr t\u00eb zhvilluar ashtu si duhet procesin st\u00ebrvitor. Trajneri Armando Cungu dhe stafi i tij jan\u00eb duke aplikuar nga dy seanca n\u00eb dit\u00eb dhe po k\u00ebrkojn\u00eb q\u00eb [&hellip;]<\/p>\n","protected":false},"author":1,"featured_media":0,"comment_status":"closed","ping_status":"closed","sticky":false,"template":"","format":"standard","meta":{"spay_email":"","jetpack_publicize_message":"","jetpack_is_tweetstorm":false,"jetpack_publicize_feature_enabled":true},"categories":[3],"tags":[],"jetpack_publicize_connections":[],"yoast_head":"<!-- This site is optimized with the Yoast SEO plugin v19.1 - https:\/\/yoast.com\/wordpress\/plugins\/seo\/ -->\n<title>N\u00eb Ulqin, Vllaznia p\u00ebr faz\u00eb p\u00ebrgatitore, nuk i shp\u00ebton temperaturave t\u00eb ul\u00ebta - Lajme nga Ulqini<\/title>\n<meta name=\"description\" content=\"Vllaznia ka nisur paraditen e s\u00eb h\u00ebn\u00ebs p\u00ebrgatitjet dim\u00ebrore n\u00eb Ulqin. Ndon\u00ebse edhe atje temperaturat jan\u00eb shum\u00eb t\u00eb ul\u00ebta dhe nj\u00eblloj si n\u00eb Shkod\u00ebr,\" \/>\n<meta name=\"robots\" content=\"index, follow, max-snippet:-1, max-image-preview:large, max-video-preview:-1\" \/>\n<link rel=\"canonical\" href=\"https:\/\/www.visit-ulcinj.com\/blog\/2017\/01\/10\/ne-ulqin-vllaznia-per-faze-pergatitore-nuk-shpeton-temperaturave-te-uleta\/\" \/>\n<meta property=\"og:locale\" content=\"en_US\" \/>\n<meta property=\"og:type\" content=\"article\" \/>\n<meta property=\"og:title\" content=\"N\u00eb Ulqin, Vllaznia p\u00ebr faz\u00eb p\u00ebrgatitore, nuk i shp\u00ebton temperaturave t\u00eb ul\u00ebta - Lajme nga Ulqini\" \/>\n<meta property=\"og:description\" content=\"Vllaznia ka nisur paraditen e s\u00eb h\u00ebn\u00ebs p\u00ebrgatitjet dim\u00ebrore n\u00eb Ulqin. Ndon\u00ebse edhe atje temperaturat jan\u00eb shum\u00eb t\u00eb ul\u00ebta dhe nj\u00eblloj si n\u00eb Shkod\u00ebr,\" \/>\n<meta property=\"og:url\" content=\"https:\/\/www.visit-ulcinj.com\/blog\/2017\/01\/10\/ne-ulqin-vllaznia-per-faze-pergatitore-nuk-shpeton-temperaturave-te-uleta\/\" \/>\n<meta property=\"og:site_name\" content=\"Lajme nga Ulqini\" \/>\n<meta property=\"article:published_time\" content=\"2017-01-10T14:19:28+00:00\" \/>\n<meta property=\"og:image\" content=\"http:\/\/www.visit-ulcinj.com\/blog\/wp-content\/uploads\/2017\/01\/FK-VLLAZNIA-ULQIN.jpg\" \/>\n<meta name=\"twitter:label1\" content=\"Written by\" \/>\n\t<meta name=\"twitter:data1\" content=\"ulqini\" \/>\n\t<meta name=\"twitter:label2\" content=\"Est. reading time\" \/>\n\t<meta name=\"twitter:data2\" content=\"1 minute\" \/>\n<script type=\"application\/ld+json\" class=\"yoast-schema-graph\">{\"@context\":\"https:\/\/schema.org\",\"@graph\":[{\"@type\":\"WebSite\",\"@id\":\"https:\/\/www.visit-ulcinj.com\/blog\/#website\",\"url\":\"https:\/\/www.visit-ulcinj.com\/blog\/\",\"name\":\"Lajme nga Ulqini\",\"description\":\"Lajme,Vijesti,Ulqini,Ulqin,Crna Gora,Mali i Zi\",\"potentialAction\":[{\"@type\":\"SearchAction\",\"target\":{\"@type\":\"EntryPoint\",\"urlTemplate\":\"https:\/\/www.visit-ulcinj.com\/blog\/?s={search_term_string}\"},\"query-input\":\"required name=search_term_string\"}],\"inLanguage\":\"en-US\"},{\"@type\":\"ImageObject\",\"inLanguage\":\"en-US\",\"@id\":\"https:\/\/www.visit-ulcinj.com\/blog\/2017\/01\/10\/ne-ulqin-vllaznia-per-faze-pergatitore-nuk-shpeton-temperaturave-te-uleta\/#primaryimage\",\"url\":\"https:\/\/www.visit-ulcinj.com\/blog\/wp-content\/uploads\/2017\/01\/FK-VLLAZNIA-ULQIN.jpg\",\"contentUrl\":\"https:\/\/www.visit-ulcinj.com\/blog\/wp-content\/uploads\/2017\/01\/FK-VLLAZNIA-ULQIN.jpg\",\"width\":960,\"height\":720},{\"@type\":\"WebPage\",\"@id\":\"https:\/\/www.visit-ulcinj.com\/blog\/2017\/01\/10\/ne-ulqin-vllaznia-per-faze-pergatitore-nuk-shpeton-temperaturave-te-uleta\/#webpage\",\"url\":\"https:\/\/www.visit-ulcinj.com\/blog\/2017\/01\/10\/ne-ulqin-vllaznia-per-faze-pergatitore-nuk-shpeton-temperaturave-te-uleta\/\",\"name\":\"N\u00eb Ulqin, Vllaznia p\u00ebr faz\u00eb p\u00ebrgatitore, nuk i shp\u00ebton temperaturave t\u00eb ul\u00ebta - Lajme nga Ulqini\",\"isPartOf\":{\"@id\":\"https:\/\/www.visit-ulcinj.com\/blog\/#website\"},\"primaryImageOfPage\":{\"@id\":\"https:\/\/www.visit-ulcinj.com\/blog\/2017\/01\/10\/ne-ulqin-vllaznia-per-faze-pergatitore-nuk-shpeton-temperaturave-te-uleta\/#primaryimage\"},\"datePublished\":\"2017-01-10T14:19:28+00:00\",\"dateModified\":\"2017-01-10T14:19:28+00:00\",\"author\":{\"@id\":\"https:\/\/www.visit-ulcinj.com\/blog\/#\/schema\/person\/dcab619c614d3038751c63bc2aadc06d\"},\"description\":\"Vllaznia ka nisur paraditen e s\u00eb h\u00ebn\u00ebs p\u00ebrgatitjet dim\u00ebrore n\u00eb Ulqin. Ndon\u00ebse edhe atje temperaturat jan\u00eb shum\u00eb t\u00eb ul\u00ebta dhe nj\u00eblloj si n\u00eb Shkod\u00ebr,\",\"breadcrumb\":{\"@id\":\"https:\/\/www.visit-ulcinj.com\/blog\/2017\/01\/10\/ne-ulqin-vllaznia-per-faze-pergatitore-nuk-shpeton-temperaturave-te-uleta\/#breadcrumb\"},\"inLanguage\":\"en-US\",\"potentialAction\":[{\"@type\":\"ReadAction\",\"target\":[\"https:\/\/www.visit-ulcinj.com\/blog\/2017\/01\/10\/ne-ulqin-vllaznia-per-faze-pergatitore-nuk-shpeton-temperaturave-te-uleta\/\"]}]},{\"@type\":\"BreadcrumbList\",\"@id\":\"https:\/\/www.visit-ulcinj.com\/blog\/2017\/01\/10\/ne-ulqin-vllaznia-per-faze-pergatitore-nuk-shpeton-temperaturave-te-uleta\/#breadcrumb\",\"itemListElement\":[{\"@type\":\"ListItem\",\"position\":1,\"name\":\"N\u00eb Ulqin, Vllaznia p\u00ebr faz\u00eb p\u00ebrgatitore, nuk i shp\u00ebton temperaturave t\u00eb ul\u00ebta\"}]},{\"@type\":\"Person\",\"@id\":\"https:\/\/www.visit-ulcinj.com\/blog\/#\/schema\/person\/dcab619c614d3038751c63bc2aadc06d\",\"name\":\"ulqini\",\"sameAs\":[\"http:\/\/www.visit-ulcinj.com\"],\"url\":\"https:\/\/www.visit-ulcinj.com\/blog\/author\/admin\/\"}]}<\/script>\n<!-- \/ Yoast SEO plugin. -->","yoast_head_json":{"title":"N\u00eb Ulqin, Vllaznia p\u00ebr faz\u00eb p\u00ebrgatitore, nuk i shp\u00ebton temperaturave t\u00eb ul\u00ebta - Lajme nga Ulqini","description":"Vllaznia ka nisur paraditen e s\u00eb h\u00ebn\u00ebs p\u00ebrgatitjet dim\u00ebrore n\u00eb Ulqin. Ndon\u00ebse edhe atje temperaturat jan\u00eb shum\u00eb t\u00eb ul\u00ebta dhe nj\u00eblloj si n\u00eb Shkod\u00ebr,","robots":{"index":"index","follow":"follow","max-snippet":"max-snippet:-1","max-image-preview":"max-image-preview:large","max-video-preview":"max-video-preview:-1"},"canonical":"https:\/\/www.visit-ulcinj.com\/blog\/2017\/01\/10\/ne-ulqin-vllaznia-per-faze-pergatitore-nuk-shpeton-temperaturave-te-uleta\/","og_locale":"en_US","og_type":"article","og_title":"N\u00eb Ulqin, Vllaznia p\u00ebr faz\u00eb p\u00ebrgatitore, nuk i shp\u00ebton temperaturave t\u00eb ul\u00ebta - Lajme nga Ulqini","og_description":"Vllaznia ka nisur paraditen e s\u00eb h\u00ebn\u00ebs p\u00ebrgatitjet dim\u00ebrore n\u00eb Ulqin. Ndon\u00ebse edhe atje temperaturat jan\u00eb shum\u00eb t\u00eb ul\u00ebta dhe nj\u00eblloj si n\u00eb Shkod\u00ebr,","og_url":"https:\/\/www.visit-ulcinj.com\/blog\/2017\/01\/10\/ne-ulqin-vllaznia-per-faze-pergatitore-nuk-shpeton-temperaturave-te-uleta\/","og_site_name":"Lajme nga Ulqini","article_published_time":"2017-01-10T14:19:28+00:00","og_image":[{"url":"http:\/\/www.visit-ulcinj.com\/blog\/wp-content\/uploads\/2017\/01\/FK-VLLAZNIA-ULQIN.jpg"}],"twitter_misc":{"Written by":"ulqini","Est. reading time":"1 minute"},"schema":{"@context":"https:\/\/schema.org","@graph":[{"@type":"WebSite","@id":"https:\/\/www.visit-ulcinj.com\/blog\/#website","url":"https:\/\/www.visit-ulcinj.com\/blog\/","name":"Lajme nga Ulqini","description":"Lajme,Vijesti,Ulqini,Ulqin,Crna Gora,Mali i Zi","potentialAction":[{"@type":"SearchAction","target":{"@type":"EntryPoint","urlTemplate":"https:\/\/www.visit-ulcinj.com\/blog\/?s={search_term_string}"},"query-input":"required name=search_term_string"}],"inLanguage":"en-US"},{"@type":"ImageObject","inLanguage":"en-US","@id":"https:\/\/www.visit-ulcinj.com\/blog\/2017\/01\/10\/ne-ulqin-vllaznia-per-faze-pergatitore-nuk-shpeton-temperaturave-te-uleta\/#primaryimage","url":"https:\/\/www.visit-ulcinj.com\/blog\/wp-content\/uploads\/2017\/01\/FK-VLLAZNIA-ULQIN.jpg","contentUrl":"https:\/\/www.visit-ulcinj.com\/blog\/wp-content\/uploads\/2017\/01\/FK-VLLAZNIA-ULQIN.jpg","width":960,"height":720},{"@type":"WebPage","@id":"https:\/\/www.visit-ulcinj.com\/blog\/2017\/01\/10\/ne-ulqin-vllaznia-per-faze-pergatitore-nuk-shpeton-temperaturave-te-uleta\/#webpage","url":"https:\/\/www.visit-ulcinj.com\/blog\/2017\/01\/10\/ne-ulqin-vllaznia-per-faze-pergatitore-nuk-shpeton-temperaturave-te-uleta\/","name":"N\u00eb Ulqin, Vllaznia p\u00ebr faz\u00eb p\u00ebrgatitore, nuk i shp\u00ebton temperaturave t\u00eb ul\u00ebta - Lajme nga Ulqini","isPartOf":{"@id":"https:\/\/www.visit-ulcinj.com\/blog\/#website"},"primaryImageOfPage":{"@id":"https:\/\/www.visit-ulcinj.com\/blog\/2017\/01\/10\/ne-ulqin-vllaznia-per-faze-pergatitore-nuk-shpeton-temperaturave-te-uleta\/#primaryimage"},"datePublished":"2017-01-10T14:19:28+00:00","dateModified":"2017-01-10T14:19:28+00:00","author":{"@id":"https:\/\/www.visit-ulcinj.com\/blog\/#\/schema\/person\/dcab619c614d3038751c63bc2aadc06d"},"description":"Vllaznia ka nisur paraditen e s\u00eb h\u00ebn\u00ebs p\u00ebrgatitjet dim\u00ebrore n\u00eb Ulqin. Ndon\u00ebse edhe atje temperaturat jan\u00eb shum\u00eb t\u00eb ul\u00ebta dhe nj\u00eblloj si n\u00eb Shkod\u00ebr,","breadcrumb":{"@id":"https:\/\/www.visit-ulcinj.com\/blog\/2017\/01\/10\/ne-ulqin-vllaznia-per-faze-pergatitore-nuk-shpeton-temperaturave-te-uleta\/#breadcrumb"},"inLanguage":"en-US","potentialAction":[{"@type":"ReadAction","target":["https:\/\/www.visit-ulcinj.com\/blog\/2017\/01\/10\/ne-ulqin-vllaznia-per-faze-pergatitore-nuk-shpeton-temperaturave-te-uleta\/"]}]},{"@type":"BreadcrumbList","@id":"https:\/\/www.visit-ulcinj.com\/blog\/2017\/01\/10\/ne-ulqin-vllaznia-per-faze-pergatitore-nuk-shpeton-temperaturave-te-uleta\/#breadcrumb","itemListElement":[{"@type":"ListItem","position":1,"name":"N\u00eb Ulqin, Vllaznia p\u00ebr faz\u00eb p\u00ebrgatitore, nuk i shp\u00ebton temperaturave t\u00eb ul\u00ebta"}]},{"@type":"Person","@id":"https:\/\/www.visit-ulcinj.com\/blog\/#\/schema\/person\/dcab619c614d3038751c63bc2aadc06d","name":"ulqini","sameAs":["http:\/\/www.visit-ulcinj.com"],"url":"https:\/\/www.visit-ulcinj.com\/blog\/author\/admin\/"}]}},"jetpack_featured_media_url":"","jetpack_sharing_enabled":true,"jetpack_shortlink":"https:\/\/wp.me\/pe6lTn-qzY","_links":{"self":[{"href":"https:\/\/www.visit-ulcinj.com\/blog\/wp-json\/wp\/v2\/posts\/102174"}],"collection":[{"href":"https:\/\/www.visit-ulcinj.com\/blog\/wp-json\/wp\/v2\/posts"}],"about":[{"href":"https:\/\/www.visit-ulcinj.com\/blog\/wp-json\/wp\/v2\/types\/post"}],"author":[{"embeddable":true,"href":"https:\/\/www.visit-ulcinj.com\/blog\/wp-json\/wp\/v2\/users\/1"}],"replies":[{"embeddable":true,"href":"https:\/\/www.visit-ulcinj.com\/blog\/wp-json\/wp\/v2\/comments?post=102174"}],"version-history":[{"count":1,"href":"https:\/\/www.visit-ulcinj.com\/blog\/wp-json\/wp\/v2\/posts\/102174\/revisions"}],"predecessor-version":[{"id":102176,"href":"https:\/\/www.visit-ulcinj.com\/blog\/wp-json\/wp\/v2\/posts\/102174\/revisions\/102176"}],"wp:attachment":[{"href":"https:\/\/www.visit-ulcinj.com\/blog\/wp-json\/wp\/v2\/media?parent=102174"}],"wp:term":[{"taxonomy":"category","embeddable":true,"href":"https:\/\/www.visit-ulcinj.com\/blog\/wp-json\/wp\/v2\/categories?post=102174"},{"taxonomy":"post_tag","embeddable":true,"href":"https:\/\/www.visit-ulcinj.com\/blog\/wp-json\/wp\/v2\/tags?post=102174"}],"curies":[{"name":"wp","href":"https:\/\/api.w.org\/{rel}","templated":true}]}}