{"id":102192,"date":"2017-01-10T17:15:13","date_gmt":"2017-01-10T16:15:13","guid":{"rendered":"http:\/\/www.visit-ulcinj.com\/blog\/?p=102192"},"modified":"2017-01-10T17:15:13","modified_gmt":"2017-01-10T16:15:13","slug":"kroatet-te-zeshem-ne-bruksel-kunder-arrestimit-te-haradinajt","status":"publish","type":"post","link":"https:\/\/www.visit-ulcinj.com\/blog\/2017\/01\/10\/kroatet-te-zeshem-ne-bruksel-kunder-arrestimit-te-haradinajt\/","title":{"rendered":"Kroat\u00ebt t\u00eb z\u00ebsh\u00ebm n\u00eb Bruksel kund\u00ebr arrestimit t\u00eb Haradinajt"},"content":{"rendered":"<h4 class=\"description\"><a href=\"http:\/\/www.visit-ulcinj.com\/blog\/wp-content\/uploads\/2017\/01\/tonino_BRUXELLES.jpg\"><img loading=\"lazy\" class=\"alignleft wp-image-102193\" src=\"http:\/\/www.visit-ulcinj.com\/blog\/wp-content\/uploads\/2017\/01\/tonino_BRUXELLES.jpg\" alt=\"tonino_BRUXELLES\" width=\"508\" height=\"278\" srcset=\"https:\/\/www.visit-ulcinj.com\/blog\/wp-content\/uploads\/2017\/01\/tonino_BRUXELLES.jpg 633w, https:\/\/www.visit-ulcinj.com\/blog\/wp-content\/uploads\/2017\/01\/tonino_BRUXELLES-300x164.jpg 300w\" sizes=\"(max-width: 508px) 100vw, 508px\" \/><\/a>Gjat\u00eb diskutimit t\u00eb raporteve t\u00eb posa\u00e7me p\u00ebr Kosov\u00ebn dhe Serbin\u00eb n\u00eb Komitetin e Jasht\u00ebm Europarlamentar, p\u00ebrfaq\u00ebsuesja e ekzekutivit europian e injoroi k\u00ebt\u00eb \u00e7\u00ebshtje<\/h4>\n<div id=\"article-text\">\n<p>Rasti \u201cHaradinaj\u201d u p\u00ebrmend me shqet\u00ebsim, ve\u00e7an\u00ebrisht prej eurodeputet\u00ebve kroat\u00eb, t\u00eb cil\u00ebt preken po ashtu nga ligji problematik i Serbis\u00eb, q\u00eb i lejon vet\u00eb Beogradit t\u00eb gjykoj\u00eb k\u00ebdo n\u00eb territorin e ish-Jugosllavis\u00eb.<\/p>\n<p>\u201cSerbia nuk ka juridiksion n\u00eb Kosov\u00eb\u201d u shpreh raportuesja Ulrike Luna\u00e7ek dhe se \u201cBeogradi duhet t\u2019i t\u00ebrheq mbrapsht urdh\u00ebr-arrestet e vjetruara\u201d, sipas eurodeputetes austriake.<\/p>\n<p>Kreu i Delegacionit t\u00eb PE p\u00ebr Kosov\u00ebn, Tonino Picula, deklaroi se \u201ci ashtuquajturi juridiksion rajonal, q\u00eb i mund\u00ebson Serbis\u00eb t\u00eb akuzoj\u00eb qytetar\u00eb t\u00eb shteteve fqinje, si\u00e7 d\u00ebshmon edhe rasti i zotit Haradinaj, nuk i ndihmon aspak stabilitetit t\u00eb rajonit dhe marr\u00ebdh\u00ebnieve t\u00eb fqinj\u00ebsis\u00eb s\u00eb mir\u00eb\u201d. P\u00ebrkrah socialdemokratit kroat, foli Dubrakva \u0160uica e PPE-s\u00eb, duke k\u00ebrkuar nga Serbia q\u00eb t\u00eb p\u00ebrballet me t\u00eb kaluar\u00ebn e vet, \u201cpasi n\u00eb t\u00eb kund\u00ebrt nuk do t\u00eb mund t\u00eb shkoj\u00eb larg n\u00eb procesin e integrimit europian\u201d.<\/p>\n<p>Marijana Petir, gjithashtu kroate, ftoi raportuesin p\u00ebr Serbin\u00eb, t\u00eb djathtin gjerman David McAllister, q\u00eb t\u00eb ndihmoj\u00eb \u201cme njohurit\u00eb e tij\u201d p\u00ebr ta detyruar Serbin\u00eb q\u00eb t\u00eb heq nenet e papranueshme n\u00eb ligjet e k\u00ebtij vendi, \u201cn\u00eb m\u00ebnyr\u00eb q\u00eb mos t\u00eb pretendohet ngritja e akuzave p\u00ebr qytetar\u00ebt e vendeve fqinje, si\u00e7 \u00ebsht\u00eb rasti me Ramush Haradinaj, por potencialisht edhe p\u00ebr shtetasit e 18 vendeve t\u00eb tjera t\u00eb BE- s\u00eb q\u00eb kan\u00eb marr\u00eb pjes\u00eb n\u00eb luft\u00ebn ballkanike duke mbrojtur Kroacin\u00eb kund\u00ebr agresionit serb\u201d.<\/p>\n<p><strong>Botapress.info<\/strong><\/p>\n<\/div>\n","protected":false},"excerpt":{"rendered":"<p>Gjat\u00eb diskutimit t\u00eb raporteve t\u00eb posa\u00e7me p\u00ebr Kosov\u00ebn dhe Serbin\u00eb n\u00eb Komitetin e Jasht\u00ebm Europarlamentar, p\u00ebrfaq\u00ebsuesja e ekzekutivit europian e injoroi k\u00ebt\u00eb \u00e7\u00ebshtje Rasti \u201cHaradinaj\u201d u p\u00ebrmend me shqet\u00ebsim, ve\u00e7an\u00ebrisht prej eurodeputet\u00ebve kroat\u00eb, t\u00eb cil\u00ebt preken po ashtu nga ligji problematik i Serbis\u00eb, q\u00eb i lejon vet\u00eb Beogradit t\u00eb gjykoj\u00eb k\u00ebdo n\u00eb territorin e ish-Jugosllavis\u00eb. [&hellip;]<\/p>\n","protected":false},"author":1,"featured_media":0,"comment_status":"closed","ping_status":"closed","sticky":false,"template":"","format":"standard","meta":{"spay_email":"","jetpack_publicize_message":"","jetpack_is_tweetstorm":false,"jetpack_publicize_feature_enabled":true},"categories":[7],"tags":[],"jetpack_publicize_connections":[],"yoast_head":"<!-- This site is optimized with the Yoast SEO plugin v19.1 - https:\/\/yoast.com\/wordpress\/plugins\/seo\/ -->\n<title>Kroat\u00ebt t\u00eb z\u00ebsh\u00ebm n\u00eb Bruksel kund\u00ebr arrestimit t\u00eb Haradinajt - Lajme nga Ulqini<\/title>\n<meta name=\"description\" content=\"Gjat\u00eb diskutimit t\u00eb raporteve t\u00eb posa\u00e7me p\u00ebr Kosov\u00ebn dhe Serbin\u00eb n\u00eb Komitetin e Jasht\u00ebm Europarlamentar, p\u00ebrfaq\u00ebsuesja e ekzekutivit europian e injoroi\" \/>\n<meta name=\"robots\" content=\"index, follow, max-snippet:-1, max-image-preview:large, max-video-preview:-1\" \/>\n<link rel=\"canonical\" href=\"https:\/\/www.visit-ulcinj.com\/blog\/2017\/01\/10\/kroatet-te-zeshem-ne-bruksel-kunder-arrestimit-te-haradinajt\/\" \/>\n<meta property=\"og:locale\" content=\"en_US\" \/>\n<meta property=\"og:type\" content=\"article\" \/>\n<meta property=\"og:title\" content=\"Kroat\u00ebt t\u00eb z\u00ebsh\u00ebm n\u00eb Bruksel kund\u00ebr arrestimit t\u00eb Haradinajt - Lajme nga Ulqini\" \/>\n<meta property=\"og:description\" content=\"Gjat\u00eb diskutimit t\u00eb raporteve t\u00eb posa\u00e7me p\u00ebr Kosov\u00ebn dhe Serbin\u00eb n\u00eb Komitetin e Jasht\u00ebm Europarlamentar, p\u00ebrfaq\u00ebsuesja e ekzekutivit europian e injoroi\" \/>\n<meta property=\"og:url\" content=\"https:\/\/www.visit-ulcinj.com\/blog\/2017\/01\/10\/kroatet-te-zeshem-ne-bruksel-kunder-arrestimit-te-haradinajt\/\" \/>\n<meta property=\"og:site_name\" content=\"Lajme nga Ulqini\" \/>\n<meta property=\"article:published_time\" content=\"2017-01-10T16:15:13+00:00\" \/>\n<meta property=\"og:image\" content=\"http:\/\/www.visit-ulcinj.com\/blog\/wp-content\/uploads\/2017\/01\/tonino_BRUXELLES.jpg\" \/>\n<meta name=\"twitter:label1\" content=\"Written by\" \/>\n\t<meta name=\"twitter:data1\" content=\"ulqini\" \/>\n\t<meta name=\"twitter:label2\" content=\"Est. reading time\" \/>\n\t<meta name=\"twitter:data2\" content=\"1 minute\" \/>\n<script type=\"application\/ld+json\" class=\"yoast-schema-graph\">{\"@context\":\"https:\/\/schema.org\",\"@graph\":[{\"@type\":\"WebSite\",\"@id\":\"https:\/\/www.visit-ulcinj.com\/blog\/#website\",\"url\":\"https:\/\/www.visit-ulcinj.com\/blog\/\",\"name\":\"Lajme nga Ulqini\",\"description\":\"Lajme,Vijesti,Ulqini,Ulqin,Crna Gora,Mali i Zi\",\"potentialAction\":[{\"@type\":\"SearchAction\",\"target\":{\"@type\":\"EntryPoint\",\"urlTemplate\":\"https:\/\/www.visit-ulcinj.com\/blog\/?s={search_term_string}\"},\"query-input\":\"required name=search_term_string\"}],\"inLanguage\":\"en-US\"},{\"@type\":\"ImageObject\",\"inLanguage\":\"en-US\",\"@id\":\"https:\/\/www.visit-ulcinj.com\/blog\/2017\/01\/10\/kroatet-te-zeshem-ne-bruksel-kunder-arrestimit-te-haradinajt\/#primaryimage\",\"url\":\"https:\/\/www.visit-ulcinj.com\/blog\/wp-content\/uploads\/2017\/01\/tonino_BRUXELLES.jpg\",\"contentUrl\":\"https:\/\/www.visit-ulcinj.com\/blog\/wp-content\/uploads\/2017\/01\/tonino_BRUXELLES.jpg\",\"width\":633,\"height\":347},{\"@type\":\"WebPage\",\"@id\":\"https:\/\/www.visit-ulcinj.com\/blog\/2017\/01\/10\/kroatet-te-zeshem-ne-bruksel-kunder-arrestimit-te-haradinajt\/#webpage\",\"url\":\"https:\/\/www.visit-ulcinj.com\/blog\/2017\/01\/10\/kroatet-te-zeshem-ne-bruksel-kunder-arrestimit-te-haradinajt\/\",\"name\":\"Kroat\u00ebt t\u00eb z\u00ebsh\u00ebm n\u00eb Bruksel kund\u00ebr arrestimit t\u00eb Haradinajt - Lajme nga Ulqini\",\"isPartOf\":{\"@id\":\"https:\/\/www.visit-ulcinj.com\/blog\/#website\"},\"primaryImageOfPage\":{\"@id\":\"https:\/\/www.visit-ulcinj.com\/blog\/2017\/01\/10\/kroatet-te-zeshem-ne-bruksel-kunder-arrestimit-te-haradinajt\/#primaryimage\"},\"datePublished\":\"2017-01-10T16:15:13+00:00\",\"dateModified\":\"2017-01-10T16:15:13+00:00\",\"author\":{\"@id\":\"https:\/\/www.visit-ulcinj.com\/blog\/#\/schema\/person\/dcab619c614d3038751c63bc2aadc06d\"},\"description\":\"Gjat\u00eb diskutimit t\u00eb raporteve t\u00eb posa\u00e7me p\u00ebr Kosov\u00ebn dhe Serbin\u00eb n\u00eb Komitetin e Jasht\u00ebm Europarlamentar, p\u00ebrfaq\u00ebsuesja e ekzekutivit europian e injoroi\",\"breadcrumb\":{\"@id\":\"https:\/\/www.visit-ulcinj.com\/blog\/2017\/01\/10\/kroatet-te-zeshem-ne-bruksel-kunder-arrestimit-te-haradinajt\/#breadcrumb\"},\"inLanguage\":\"en-US\",\"potentialAction\":[{\"@type\":\"ReadAction\",\"target\":[\"https:\/\/www.visit-ulcinj.com\/blog\/2017\/01\/10\/kroatet-te-zeshem-ne-bruksel-kunder-arrestimit-te-haradinajt\/\"]}]},{\"@type\":\"BreadcrumbList\",\"@id\":\"https:\/\/www.visit-ulcinj.com\/blog\/2017\/01\/10\/kroatet-te-zeshem-ne-bruksel-kunder-arrestimit-te-haradinajt\/#breadcrumb\",\"itemListElement\":[{\"@type\":\"ListItem\",\"position\":1,\"name\":\"Kroat\u00ebt t\u00eb z\u00ebsh\u00ebm n\u00eb Bruksel kund\u00ebr arrestimit t\u00eb Haradinajt\"}]},{\"@type\":\"Person\",\"@id\":\"https:\/\/www.visit-ulcinj.com\/blog\/#\/schema\/person\/dcab619c614d3038751c63bc2aadc06d\",\"name\":\"ulqini\",\"sameAs\":[\"http:\/\/www.visit-ulcinj.com\"],\"url\":\"https:\/\/www.visit-ulcinj.com\/blog\/author\/admin\/\"}]}<\/script>\n<!-- \/ Yoast SEO plugin. -->","yoast_head_json":{"title":"Kroat\u00ebt t\u00eb z\u00ebsh\u00ebm n\u00eb Bruksel kund\u00ebr arrestimit t\u00eb Haradinajt - Lajme nga Ulqini","description":"Gjat\u00eb diskutimit t\u00eb raporteve t\u00eb posa\u00e7me p\u00ebr Kosov\u00ebn dhe Serbin\u00eb n\u00eb Komitetin e Jasht\u00ebm Europarlamentar, p\u00ebrfaq\u00ebsuesja e ekzekutivit europian e injoroi","robots":{"index":"index","follow":"follow","max-snippet":"max-snippet:-1","max-image-preview":"max-image-preview:large","max-video-preview":"max-video-preview:-1"},"canonical":"https:\/\/www.visit-ulcinj.com\/blog\/2017\/01\/10\/kroatet-te-zeshem-ne-bruksel-kunder-arrestimit-te-haradinajt\/","og_locale":"en_US","og_type":"article","og_title":"Kroat\u00ebt t\u00eb z\u00ebsh\u00ebm n\u00eb Bruksel kund\u00ebr arrestimit t\u00eb Haradinajt - Lajme nga Ulqini","og_description":"Gjat\u00eb diskutimit t\u00eb raporteve t\u00eb posa\u00e7me p\u00ebr Kosov\u00ebn dhe Serbin\u00eb n\u00eb Komitetin e Jasht\u00ebm Europarlamentar, p\u00ebrfaq\u00ebsuesja e ekzekutivit europian e injoroi","og_url":"https:\/\/www.visit-ulcinj.com\/blog\/2017\/01\/10\/kroatet-te-zeshem-ne-bruksel-kunder-arrestimit-te-haradinajt\/","og_site_name":"Lajme nga Ulqini","article_published_time":"2017-01-10T16:15:13+00:00","og_image":[{"url":"http:\/\/www.visit-ulcinj.com\/blog\/wp-content\/uploads\/2017\/01\/tonino_BRUXELLES.jpg"}],"twitter_misc":{"Written by":"ulqini","Est. reading time":"1 minute"},"schema":{"@context":"https:\/\/schema.org","@graph":[{"@type":"WebSite","@id":"https:\/\/www.visit-ulcinj.com\/blog\/#website","url":"https:\/\/www.visit-ulcinj.com\/blog\/","name":"Lajme nga Ulqini","description":"Lajme,Vijesti,Ulqini,Ulqin,Crna Gora,Mali i Zi","potentialAction":[{"@type":"SearchAction","target":{"@type":"EntryPoint","urlTemplate":"https:\/\/www.visit-ulcinj.com\/blog\/?s={search_term_string}"},"query-input":"required name=search_term_string"}],"inLanguage":"en-US"},{"@type":"ImageObject","inLanguage":"en-US","@id":"https:\/\/www.visit-ulcinj.com\/blog\/2017\/01\/10\/kroatet-te-zeshem-ne-bruksel-kunder-arrestimit-te-haradinajt\/#primaryimage","url":"https:\/\/www.visit-ulcinj.com\/blog\/wp-content\/uploads\/2017\/01\/tonino_BRUXELLES.jpg","contentUrl":"https:\/\/www.visit-ulcinj.com\/blog\/wp-content\/uploads\/2017\/01\/tonino_BRUXELLES.jpg","width":633,"height":347},{"@type":"WebPage","@id":"https:\/\/www.visit-ulcinj.com\/blog\/2017\/01\/10\/kroatet-te-zeshem-ne-bruksel-kunder-arrestimit-te-haradinajt\/#webpage","url":"https:\/\/www.visit-ulcinj.com\/blog\/2017\/01\/10\/kroatet-te-zeshem-ne-bruksel-kunder-arrestimit-te-haradinajt\/","name":"Kroat\u00ebt t\u00eb z\u00ebsh\u00ebm n\u00eb Bruksel kund\u00ebr arrestimit t\u00eb Haradinajt - Lajme nga Ulqini","isPartOf":{"@id":"https:\/\/www.visit-ulcinj.com\/blog\/#website"},"primaryImageOfPage":{"@id":"https:\/\/www.visit-ulcinj.com\/blog\/2017\/01\/10\/kroatet-te-zeshem-ne-bruksel-kunder-arrestimit-te-haradinajt\/#primaryimage"},"datePublished":"2017-01-10T16:15:13+00:00","dateModified":"2017-01-10T16:15:13+00:00","author":{"@id":"https:\/\/www.visit-ulcinj.com\/blog\/#\/schema\/person\/dcab619c614d3038751c63bc2aadc06d"},"description":"Gjat\u00eb diskutimit t\u00eb raporteve t\u00eb posa\u00e7me p\u00ebr Kosov\u00ebn dhe Serbin\u00eb n\u00eb Komitetin e Jasht\u00ebm Europarlamentar, p\u00ebrfaq\u00ebsuesja e ekzekutivit europian e injoroi","breadcrumb":{"@id":"https:\/\/www.visit-ulcinj.com\/blog\/2017\/01\/10\/kroatet-te-zeshem-ne-bruksel-kunder-arrestimit-te-haradinajt\/#breadcrumb"},"inLanguage":"en-US","potentialAction":[{"@type":"ReadAction","target":["https:\/\/www.visit-ulcinj.com\/blog\/2017\/01\/10\/kroatet-te-zeshem-ne-bruksel-kunder-arrestimit-te-haradinajt\/"]}]},{"@type":"BreadcrumbList","@id":"https:\/\/www.visit-ulcinj.com\/blog\/2017\/01\/10\/kroatet-te-zeshem-ne-bruksel-kunder-arrestimit-te-haradinajt\/#breadcrumb","itemListElement":[{"@type":"ListItem","position":1,"name":"Kroat\u00ebt t\u00eb z\u00ebsh\u00ebm n\u00eb Bruksel kund\u00ebr arrestimit t\u00eb Haradinajt"}]},{"@type":"Person","@id":"https:\/\/www.visit-ulcinj.com\/blog\/#\/schema\/person\/dcab619c614d3038751c63bc2aadc06d","name":"ulqini","sameAs":["http:\/\/www.visit-ulcinj.com"],"url":"https:\/\/www.visit-ulcinj.com\/blog\/author\/admin\/"}]}},"jetpack_featured_media_url":"","jetpack_sharing_enabled":true,"jetpack_shortlink":"https:\/\/wp.me\/pe6lTn-qAg","_links":{"self":[{"href":"https:\/\/www.visit-ulcinj.com\/blog\/wp-json\/wp\/v2\/posts\/102192"}],"collection":[{"href":"https:\/\/www.visit-ulcinj.com\/blog\/wp-json\/wp\/v2\/posts"}],"about":[{"href":"https:\/\/www.visit-ulcinj.com\/blog\/wp-json\/wp\/v2\/types\/post"}],"author":[{"embeddable":true,"href":"https:\/\/www.visit-ulcinj.com\/blog\/wp-json\/wp\/v2\/users\/1"}],"replies":[{"embeddable":true,"href":"https:\/\/www.visit-ulcinj.com\/blog\/wp-json\/wp\/v2\/comments?post=102192"}],"version-history":[{"count":1,"href":"https:\/\/www.visit-ulcinj.com\/blog\/wp-json\/wp\/v2\/posts\/102192\/revisions"}],"predecessor-version":[{"id":102194,"href":"https:\/\/www.visit-ulcinj.com\/blog\/wp-json\/wp\/v2\/posts\/102192\/revisions\/102194"}],"wp:attachment":[{"href":"https:\/\/www.visit-ulcinj.com\/blog\/wp-json\/wp\/v2\/media?parent=102192"}],"wp:term":[{"taxonomy":"category","embeddable":true,"href":"https:\/\/www.visit-ulcinj.com\/blog\/wp-json\/wp\/v2\/categories?post=102192"},{"taxonomy":"post_tag","embeddable":true,"href":"https:\/\/www.visit-ulcinj.com\/blog\/wp-json\/wp\/v2\/tags?post=102192"}],"curies":[{"name":"wp","href":"https:\/\/api.w.org\/{rel}","templated":true}]}}