{"id":102205,"date":"2017-01-11T18:46:24","date_gmt":"2017-01-11T17:46:24","guid":{"rendered":"http:\/\/www.visit-ulcinj.com\/blog\/?p=102205"},"modified":"2017-01-18T10:34:47","modified_gmt":"2017-01-18T09:34:47","slug":"bora-po-vazhdon-te-bie-ne-ulqin","status":"publish","type":"post","link":"https:\/\/www.visit-ulcinj.com\/blog\/2017\/01\/11\/bora-po-vazhdon-te-bie-ne-ulqin\/","title":{"rendered":"Bora po vazhdon t\u00eb bie n\u00eb Ulqin"},"content":{"rendered":"<p><strong>Qyteti i Ulqinit \u00ebsht\u00eb duke u shoq\u00ebruar edhe sot me t\u00eb reshura t\u00eb bor\u00ebs. T\u00eb reshura k\u00ebto q\u00eb filluan sot , por dhe temperaturat minimale dhe maksimalet do t\u00eb jen\u00eb n\u00eb vlerat negative pothuaj gjat\u00eb gjith\u00eb jav\u00ebs.<\/strong><\/p>\n<p><a href=\"http:\/\/www.visit-ulcinj.com\/blog\/wp-content\/uploads\/2017\/01\/Bora-n\u00eb-Ulqin.jpg\"><img loading=\"lazy\" class=\"alignleft wp-image-102206\" src=\"http:\/\/www.visit-ulcinj.com\/blog\/wp-content\/uploads\/2017\/01\/Bora-n\u00eb-Ulqin.jpg\" alt=\"Bora n\u00eb Ulqin\" width=\"508\" height=\"339\" srcset=\"https:\/\/www.visit-ulcinj.com\/blog\/wp-content\/uploads\/2017\/01\/Bora-n\u00eb-Ulqin.jpg 960w, https:\/\/www.visit-ulcinj.com\/blog\/wp-content\/uploads\/2017\/01\/Bora-n\u00eb-Ulqin-300x200.jpg 300w, https:\/\/www.visit-ulcinj.com\/blog\/wp-content\/uploads\/2017\/01\/Bora-n\u00eb-Ulqin-768x512.jpg 768w\" sizes=\"(max-width: 508px) 100vw, 508px\" \/><\/a><\/p>\n<p><strong><a id=\"js_s9\" class=\"_hli\" href=\"https:\/\/www.facebook.com\/profile.php?id=100000020826451\" data-hovercard=\"\/ajax\/hovercard\/user.php?id=100000020826451\" data-hovercard-prefer-more-content-show=\"1\">Foto: Edin Sarvan Facebook<\/a><\/strong><\/p>\n<p><a href=\"http:\/\/www.visit-ulcinj.com\/blog\/wp-content\/uploads\/2017\/01\/Bora-n\u00eb-Ulqin-1.jpg\"><img loading=\"lazy\" class=\"alignleft wp-image-102208\" src=\"http:\/\/www.visit-ulcinj.com\/blog\/wp-content\/uploads\/2017\/01\/Bora-n\u00eb-Ulqin-1.jpg\" alt=\"Bora n\u00eb Ulqin-1\" width=\"508\" height=\"508\" srcset=\"https:\/\/www.visit-ulcinj.com\/blog\/wp-content\/uploads\/2017\/01\/Bora-n\u00eb-Ulqin-1.jpg 960w, https:\/\/www.visit-ulcinj.com\/blog\/wp-content\/uploads\/2017\/01\/Bora-n\u00eb-Ulqin-1-150x150.jpg 150w, https:\/\/www.visit-ulcinj.com\/blog\/wp-content\/uploads\/2017\/01\/Bora-n\u00eb-Ulqin-1-300x300.jpg 300w, https:\/\/www.visit-ulcinj.com\/blog\/wp-content\/uploads\/2017\/01\/Bora-n\u00eb-Ulqin-1-768x768.jpg 768w\" sizes=\"(max-width: 508px) 100vw, 508px\" \/><\/a><\/p>\n<p><strong><a id=\"js_s9\" class=\"_hli\" href=\"https:\/\/www.facebook.com\/profile.php?id=100000020826451\" data-hovercard=\"\/ajax\/hovercard\/user.php?id=100000020826451\" data-hovercard-prefer-more-content-show=\"1\">Foto: Edin Sarvan Facebook<\/a><\/strong><\/p>\n<p><a href=\"http:\/\/www.visit-ulcinj.com\/blog\/wp-content\/uploads\/2017\/01\/Bora-ne-Ulqin-.jpg\"><img loading=\"lazy\" class=\"alignleft wp-image-102227\" src=\"http:\/\/www.visit-ulcinj.com\/blog\/wp-content\/uploads\/2017\/01\/Bora-ne-Ulqin-.jpg\" alt=\"Bora ne Ulqin-\" width=\"508\" height=\"339\" srcset=\"https:\/\/www.visit-ulcinj.com\/blog\/wp-content\/uploads\/2017\/01\/Bora-ne-Ulqin-.jpg 960w, https:\/\/www.visit-ulcinj.com\/blog\/wp-content\/uploads\/2017\/01\/Bora-ne-Ulqin--300x200.jpg 300w, https:\/\/www.visit-ulcinj.com\/blog\/wp-content\/uploads\/2017\/01\/Bora-ne-Ulqin--768x512.jpg 768w\" sizes=\"(max-width: 508px) 100vw, 508px\" \/><\/a><\/p>\n<p><a href=\"http:\/\/www.visit-ulcinj.com\/blog\/wp-content\/uploads\/2017\/01\/Bora-ne-Ulqin-1.jpg\"><img loading=\"lazy\" class=\"alignleft wp-image-102228\" src=\"http:\/\/www.visit-ulcinj.com\/blog\/wp-content\/uploads\/2017\/01\/Bora-ne-Ulqin-1.jpg\" alt=\"Bora ne Ulqin-1\" width=\"508\" height=\"339\" srcset=\"https:\/\/www.visit-ulcinj.com\/blog\/wp-content\/uploads\/2017\/01\/Bora-ne-Ulqin-1.jpg 960w, https:\/\/www.visit-ulcinj.com\/blog\/wp-content\/uploads\/2017\/01\/Bora-ne-Ulqin-1-300x200.jpg 300w, https:\/\/www.visit-ulcinj.com\/blog\/wp-content\/uploads\/2017\/01\/Bora-ne-Ulqin-1-768x512.jpg 768w\" sizes=\"(max-width: 508px) 100vw, 508px\" \/><\/a><\/p>\n<p><a href=\"http:\/\/www.visit-ulcinj.com\/blog\/wp-content\/uploads\/2017\/01\/Bora-ne-Ulqin-2.jpg\"><img loading=\"lazy\" class=\"alignleft wp-image-102229\" src=\"http:\/\/www.visit-ulcinj.com\/blog\/wp-content\/uploads\/2017\/01\/Bora-ne-Ulqin-2.jpg\" alt=\"Bora ne Ulqin-2\" width=\"508\" height=\"339\" srcset=\"https:\/\/www.visit-ulcinj.com\/blog\/wp-content\/uploads\/2017\/01\/Bora-ne-Ulqin-2.jpg 960w, https:\/\/www.visit-ulcinj.com\/blog\/wp-content\/uploads\/2017\/01\/Bora-ne-Ulqin-2-300x200.jpg 300w, https:\/\/www.visit-ulcinj.com\/blog\/wp-content\/uploads\/2017\/01\/Bora-ne-Ulqin-2-768x512.jpg 768w\" sizes=\"(max-width: 508px) 100vw, 508px\" \/><\/a><\/p>\n<p><a href=\"http:\/\/www.visit-ulcinj.com\/blog\/wp-content\/uploads\/2017\/01\/Bora-ne-Ulqin-3.jpg\"><img loading=\"lazy\" class=\"alignleft wp-image-102230\" src=\"http:\/\/www.visit-ulcinj.com\/blog\/wp-content\/uploads\/2017\/01\/Bora-ne-Ulqin-3.jpg\" alt=\"Bora ne Ulqin-3\" width=\"508\" height=\"339\" srcset=\"https:\/\/www.visit-ulcinj.com\/blog\/wp-content\/uploads\/2017\/01\/Bora-ne-Ulqin-3.jpg 960w, https:\/\/www.visit-ulcinj.com\/blog\/wp-content\/uploads\/2017\/01\/Bora-ne-Ulqin-3-300x200.jpg 300w, https:\/\/www.visit-ulcinj.com\/blog\/wp-content\/uploads\/2017\/01\/Bora-ne-Ulqin-3-768x512.jpg 768w\" sizes=\"(max-width: 508px) 100vw, 508px\" \/><\/a><\/p>\n<p><a href=\"http:\/\/www.visit-ulcinj.com\/blog\/wp-content\/uploads\/2017\/01\/Bora-ne-Ulqin-4.jpg\"><img loading=\"lazy\" class=\"alignleft wp-image-102231\" src=\"http:\/\/www.visit-ulcinj.com\/blog\/wp-content\/uploads\/2017\/01\/Bora-ne-Ulqin-4.jpg\" alt=\"Bora ne Ulqin-4\" width=\"508\" height=\"339\" srcset=\"https:\/\/www.visit-ulcinj.com\/blog\/wp-content\/uploads\/2017\/01\/Bora-ne-Ulqin-4.jpg 960w, https:\/\/www.visit-ulcinj.com\/blog\/wp-content\/uploads\/2017\/01\/Bora-ne-Ulqin-4-300x200.jpg 300w, https:\/\/www.visit-ulcinj.com\/blog\/wp-content\/uploads\/2017\/01\/Bora-ne-Ulqin-4-768x512.jpg 768w\" sizes=\"(max-width: 508px) 100vw, 508px\" \/><\/a><\/p>\n","protected":false},"excerpt":{"rendered":"<p>Qyteti i Ulqinit \u00ebsht\u00eb duke u shoq\u00ebruar edhe sot me t\u00eb reshura t\u00eb bor\u00ebs. T\u00eb reshura k\u00ebto q\u00eb filluan sot , por dhe temperaturat minimale dhe maksimalet do t\u00eb jen\u00eb n\u00eb vlerat negative pothuaj gjat\u00eb gjith\u00eb jav\u00ebs. Foto: Edin Sarvan Facebook Foto: Edin Sarvan Facebook<\/p>\n","protected":false},"author":1,"featured_media":0,"comment_status":"closed","ping_status":"closed","sticky":false,"template":"","format":"standard","meta":{"spay_email":"","jetpack_publicize_message":"","jetpack_is_tweetstorm":false,"jetpack_publicize_feature_enabled":true},"categories":[1,6950],"tags":[],"jetpack_publicize_connections":[],"yoast_head":"<!-- This site is optimized with the Yoast SEO plugin v19.1 - https:\/\/yoast.com\/wordpress\/plugins\/seo\/ -->\n<title>Bora po vazhdon t\u00eb bie n\u00eb Ulqin - Lajme nga Ulqini<\/title>\n<meta name=\"description\" content=\"Qyteti i Ulqinit \u00ebsht\u00eb duke u shoq\u00ebruar edhe sot me t\u00eb reshura t\u00eb bor\u00ebs. T\u00eb reshura k\u00ebto q\u00eb filluan sot , por dhe temperaturat minimale dhe maksimalet do\" \/>\n<meta name=\"robots\" content=\"index, follow, max-snippet:-1, max-image-preview:large, max-video-preview:-1\" \/>\n<link rel=\"canonical\" href=\"https:\/\/www.visit-ulcinj.com\/blog\/2017\/01\/11\/bora-po-vazhdon-te-bie-ne-ulqin\/\" \/>\n<meta property=\"og:locale\" content=\"en_US\" \/>\n<meta property=\"og:type\" content=\"article\" \/>\n<meta property=\"og:title\" content=\"Bora po vazhdon t\u00eb bie n\u00eb Ulqin - Lajme nga Ulqini\" \/>\n<meta property=\"og:description\" content=\"Qyteti i Ulqinit \u00ebsht\u00eb duke u shoq\u00ebruar edhe sot me t\u00eb reshura t\u00eb bor\u00ebs. T\u00eb reshura k\u00ebto q\u00eb filluan sot , por dhe temperaturat minimale dhe maksimalet do\" \/>\n<meta property=\"og:url\" content=\"https:\/\/www.visit-ulcinj.com\/blog\/2017\/01\/11\/bora-po-vazhdon-te-bie-ne-ulqin\/\" \/>\n<meta property=\"og:site_name\" content=\"Lajme nga Ulqini\" \/>\n<meta property=\"article:published_time\" content=\"2017-01-11T17:46:24+00:00\" \/>\n<meta property=\"article:modified_time\" content=\"2017-01-18T09:34:47+00:00\" \/>\n<meta property=\"og:image\" content=\"http:\/\/www.visit-ulcinj.com\/blog\/wp-content\/uploads\/2017\/01\/Bora-ne-Ulqin-.jpg\" \/>\n<meta name=\"twitter:label1\" content=\"Written by\" \/>\n\t<meta name=\"twitter:data1\" content=\"ulqini\" \/>\n<script type=\"application\/ld+json\" class=\"yoast-schema-graph\">{\"@context\":\"https:\/\/schema.org\",\"@graph\":[{\"@type\":\"WebSite\",\"@id\":\"https:\/\/www.visit-ulcinj.com\/blog\/#website\",\"url\":\"https:\/\/www.visit-ulcinj.com\/blog\/\",\"name\":\"Lajme nga Ulqini\",\"description\":\"Lajme,Vijesti,Ulqini,Ulqin,Crna Gora,Mali i Zi\",\"potentialAction\":[{\"@type\":\"SearchAction\",\"target\":{\"@type\":\"EntryPoint\",\"urlTemplate\":\"https:\/\/www.visit-ulcinj.com\/blog\/?s={search_term_string}\"},\"query-input\":\"required name=search_term_string\"}],\"inLanguage\":\"en-US\"},{\"@type\":\"ImageObject\",\"inLanguage\":\"en-US\",\"@id\":\"https:\/\/www.visit-ulcinj.com\/blog\/2017\/01\/11\/bora-po-vazhdon-te-bie-ne-ulqin\/#primaryimage\",\"url\":\"https:\/\/www.visit-ulcinj.com\/blog\/wp-content\/uploads\/2017\/01\/Bora-ne-Ulqin-.jpg\",\"contentUrl\":\"https:\/\/www.visit-ulcinj.com\/blog\/wp-content\/uploads\/2017\/01\/Bora-ne-Ulqin-.jpg\",\"width\":960,\"height\":640},{\"@type\":\"WebPage\",\"@id\":\"https:\/\/www.visit-ulcinj.com\/blog\/2017\/01\/11\/bora-po-vazhdon-te-bie-ne-ulqin\/#webpage\",\"url\":\"https:\/\/www.visit-ulcinj.com\/blog\/2017\/01\/11\/bora-po-vazhdon-te-bie-ne-ulqin\/\",\"name\":\"Bora po vazhdon t\u00eb bie n\u00eb Ulqin - Lajme nga Ulqini\",\"isPartOf\":{\"@id\":\"https:\/\/www.visit-ulcinj.com\/blog\/#website\"},\"primaryImageOfPage\":{\"@id\":\"https:\/\/www.visit-ulcinj.com\/blog\/2017\/01\/11\/bora-po-vazhdon-te-bie-ne-ulqin\/#primaryimage\"},\"datePublished\":\"2017-01-11T17:46:24+00:00\",\"dateModified\":\"2017-01-18T09:34:47+00:00\",\"author\":{\"@id\":\"https:\/\/www.visit-ulcinj.com\/blog\/#\/schema\/person\/dcab619c614d3038751c63bc2aadc06d\"},\"description\":\"Qyteti i Ulqinit \u00ebsht\u00eb duke u shoq\u00ebruar edhe sot me t\u00eb reshura t\u00eb bor\u00ebs. T\u00eb reshura k\u00ebto q\u00eb filluan sot , por dhe temperaturat minimale dhe maksimalet do\",\"breadcrumb\":{\"@id\":\"https:\/\/www.visit-ulcinj.com\/blog\/2017\/01\/11\/bora-po-vazhdon-te-bie-ne-ulqin\/#breadcrumb\"},\"inLanguage\":\"en-US\",\"potentialAction\":[{\"@type\":\"ReadAction\",\"target\":[\"https:\/\/www.visit-ulcinj.com\/blog\/2017\/01\/11\/bora-po-vazhdon-te-bie-ne-ulqin\/\"]}]},{\"@type\":\"BreadcrumbList\",\"@id\":\"https:\/\/www.visit-ulcinj.com\/blog\/2017\/01\/11\/bora-po-vazhdon-te-bie-ne-ulqin\/#breadcrumb\",\"itemListElement\":[{\"@type\":\"ListItem\",\"position\":1,\"name\":\"Bora po vazhdon t\u00eb bie n\u00eb Ulqin\"}]},{\"@type\":\"Person\",\"@id\":\"https:\/\/www.visit-ulcinj.com\/blog\/#\/schema\/person\/dcab619c614d3038751c63bc2aadc06d\",\"name\":\"ulqini\",\"sameAs\":[\"http:\/\/www.visit-ulcinj.com\"],\"url\":\"https:\/\/www.visit-ulcinj.com\/blog\/author\/admin\/\"}]}<\/script>\n<!-- \/ Yoast SEO plugin. -->","yoast_head_json":{"title":"Bora po vazhdon t\u00eb bie n\u00eb Ulqin - Lajme nga Ulqini","description":"Qyteti i Ulqinit \u00ebsht\u00eb duke u shoq\u00ebruar edhe sot me t\u00eb reshura t\u00eb bor\u00ebs. T\u00eb reshura k\u00ebto q\u00eb filluan sot , por dhe temperaturat minimale dhe maksimalet do","robots":{"index":"index","follow":"follow","max-snippet":"max-snippet:-1","max-image-preview":"max-image-preview:large","max-video-preview":"max-video-preview:-1"},"canonical":"https:\/\/www.visit-ulcinj.com\/blog\/2017\/01\/11\/bora-po-vazhdon-te-bie-ne-ulqin\/","og_locale":"en_US","og_type":"article","og_title":"Bora po vazhdon t\u00eb bie n\u00eb Ulqin - Lajme nga Ulqini","og_description":"Qyteti i Ulqinit \u00ebsht\u00eb duke u shoq\u00ebruar edhe sot me t\u00eb reshura t\u00eb bor\u00ebs. T\u00eb reshura k\u00ebto q\u00eb filluan sot , por dhe temperaturat minimale dhe maksimalet do","og_url":"https:\/\/www.visit-ulcinj.com\/blog\/2017\/01\/11\/bora-po-vazhdon-te-bie-ne-ulqin\/","og_site_name":"Lajme nga Ulqini","article_published_time":"2017-01-11T17:46:24+00:00","article_modified_time":"2017-01-18T09:34:47+00:00","og_image":[{"url":"http:\/\/www.visit-ulcinj.com\/blog\/wp-content\/uploads\/2017\/01\/Bora-ne-Ulqin-.jpg"}],"twitter_misc":{"Written by":"ulqini"},"schema":{"@context":"https:\/\/schema.org","@graph":[{"@type":"WebSite","@id":"https:\/\/www.visit-ulcinj.com\/blog\/#website","url":"https:\/\/www.visit-ulcinj.com\/blog\/","name":"Lajme nga Ulqini","description":"Lajme,Vijesti,Ulqini,Ulqin,Crna Gora,Mali i Zi","potentialAction":[{"@type":"SearchAction","target":{"@type":"EntryPoint","urlTemplate":"https:\/\/www.visit-ulcinj.com\/blog\/?s={search_term_string}"},"query-input":"required name=search_term_string"}],"inLanguage":"en-US"},{"@type":"ImageObject","inLanguage":"en-US","@id":"https:\/\/www.visit-ulcinj.com\/blog\/2017\/01\/11\/bora-po-vazhdon-te-bie-ne-ulqin\/#primaryimage","url":"https:\/\/www.visit-ulcinj.com\/blog\/wp-content\/uploads\/2017\/01\/Bora-ne-Ulqin-.jpg","contentUrl":"https:\/\/www.visit-ulcinj.com\/blog\/wp-content\/uploads\/2017\/01\/Bora-ne-Ulqin-.jpg","width":960,"height":640},{"@type":"WebPage","@id":"https:\/\/www.visit-ulcinj.com\/blog\/2017\/01\/11\/bora-po-vazhdon-te-bie-ne-ulqin\/#webpage","url":"https:\/\/www.visit-ulcinj.com\/blog\/2017\/01\/11\/bora-po-vazhdon-te-bie-ne-ulqin\/","name":"Bora po vazhdon t\u00eb bie n\u00eb Ulqin - Lajme nga Ulqini","isPartOf":{"@id":"https:\/\/www.visit-ulcinj.com\/blog\/#website"},"primaryImageOfPage":{"@id":"https:\/\/www.visit-ulcinj.com\/blog\/2017\/01\/11\/bora-po-vazhdon-te-bie-ne-ulqin\/#primaryimage"},"datePublished":"2017-01-11T17:46:24+00:00","dateModified":"2017-01-18T09:34:47+00:00","author":{"@id":"https:\/\/www.visit-ulcinj.com\/blog\/#\/schema\/person\/dcab619c614d3038751c63bc2aadc06d"},"description":"Qyteti i Ulqinit \u00ebsht\u00eb duke u shoq\u00ebruar edhe sot me t\u00eb reshura t\u00eb bor\u00ebs. T\u00eb reshura k\u00ebto q\u00eb filluan sot , por dhe temperaturat minimale dhe maksimalet do","breadcrumb":{"@id":"https:\/\/www.visit-ulcinj.com\/blog\/2017\/01\/11\/bora-po-vazhdon-te-bie-ne-ulqin\/#breadcrumb"},"inLanguage":"en-US","potentialAction":[{"@type":"ReadAction","target":["https:\/\/www.visit-ulcinj.com\/blog\/2017\/01\/11\/bora-po-vazhdon-te-bie-ne-ulqin\/"]}]},{"@type":"BreadcrumbList","@id":"https:\/\/www.visit-ulcinj.com\/blog\/2017\/01\/11\/bora-po-vazhdon-te-bie-ne-ulqin\/#breadcrumb","itemListElement":[{"@type":"ListItem","position":1,"name":"Bora po vazhdon t\u00eb bie n\u00eb Ulqin"}]},{"@type":"Person","@id":"https:\/\/www.visit-ulcinj.com\/blog\/#\/schema\/person\/dcab619c614d3038751c63bc2aadc06d","name":"ulqini","sameAs":["http:\/\/www.visit-ulcinj.com"],"url":"https:\/\/www.visit-ulcinj.com\/blog\/author\/admin\/"}]}},"jetpack_featured_media_url":"","jetpack_sharing_enabled":true,"jetpack_shortlink":"https:\/\/wp.me\/pe6lTn-qAt","_links":{"self":[{"href":"https:\/\/www.visit-ulcinj.com\/blog\/wp-json\/wp\/v2\/posts\/102205"}],"collection":[{"href":"https:\/\/www.visit-ulcinj.com\/blog\/wp-json\/wp\/v2\/posts"}],"about":[{"href":"https:\/\/www.visit-ulcinj.com\/blog\/wp-json\/wp\/v2\/types\/post"}],"author":[{"embeddable":true,"href":"https:\/\/www.visit-ulcinj.com\/blog\/wp-json\/wp\/v2\/users\/1"}],"replies":[{"embeddable":true,"href":"https:\/\/www.visit-ulcinj.com\/blog\/wp-json\/wp\/v2\/comments?post=102205"}],"version-history":[{"count":9,"href":"https:\/\/www.visit-ulcinj.com\/blog\/wp-json\/wp\/v2\/posts\/102205\/revisions"}],"predecessor-version":[{"id":102232,"href":"https:\/\/www.visit-ulcinj.com\/blog\/wp-json\/wp\/v2\/posts\/102205\/revisions\/102232"}],"wp:attachment":[{"href":"https:\/\/www.visit-ulcinj.com\/blog\/wp-json\/wp\/v2\/media?parent=102205"}],"wp:term":[{"taxonomy":"category","embeddable":true,"href":"https:\/\/www.visit-ulcinj.com\/blog\/wp-json\/wp\/v2\/categories?post=102205"},{"taxonomy":"post_tag","embeddable":true,"href":"https:\/\/www.visit-ulcinj.com\/blog\/wp-json\/wp\/v2\/tags?post=102205"}],"curies":[{"name":"wp","href":"https:\/\/api.w.org\/{rel}","templated":true}]}}