{"id":102212,"date":"2017-01-11T22:40:53","date_gmt":"2017-01-11T21:40:53","guid":{"rendered":"http:\/\/www.visit-ulcinj.com\/blog\/?p=102212"},"modified":"2017-01-11T23:00:36","modified_gmt":"2017-01-11T22:00:36","slug":"nika-sa-vone-e-marrim-vesht-punen-e-ligjit-na-shqiptaret-ne-ulqin","status":"publish","type":"post","link":"https:\/\/www.visit-ulcinj.com\/blog\/2017\/01\/11\/nika-sa-vone-e-marrim-vesht-punen-e-ligjit-na-shqiptaret-ne-ulqin\/","title":{"rendered":"Nika: Sa von\u00eb e marrim vesht pun\u00ebn e ligjit na shqiptar\u00ebt n\u00eb Ulqin &#8211;"},"content":{"rendered":"<p><a href=\"http:\/\/www.visit-ulcinj.com\/blog\/wp-content\/uploads\/2014\/11\/Muhamet-Nika.jpg\"><img loading=\"lazy\" class=\"alignleft wp-image-86143 size-medium\" src=\"http:\/\/www.visit-ulcinj.com\/blog\/wp-content\/uploads\/2014\/11\/Muhamet-Nika-240x300.jpg\" alt=\"Muhamet Nika, Sudski tuma\u010d- P\u00ebrkthyes gjyq\u00ebsor \u201c MUHAMET NIKA \u201d Ulcinj- Ulqin Adresa: zgrada SO ULCINJ- nd\u00ebrtesa e KK Ulqin Telefon-i: 068 264 122 Email-i : muhamet-nika@hotmail.com Albanski jezik- prof. Albanskog jezika Gjuh\u00eb shqipe- prof. I gjuh\u00ebs shqipe\" width=\"240\" height=\"300\" srcset=\"https:\/\/www.visit-ulcinj.com\/blog\/wp-content\/uploads\/2014\/11\/Muhamet-Nika-240x300.jpg 240w, https:\/\/www.visit-ulcinj.com\/blog\/wp-content\/uploads\/2014\/11\/Muhamet-Nika.jpg 256w\" sizes=\"(max-width: 240px) 100vw, 240px\" \/><\/a>Shkruan Muhamet Nika<\/p>\n<p><strong><em>Sa von\u00eb e marrim\u00a0 vesht pun\u00ebn \u00a0e ligjit na shqiptar\u00ebt n\u00eb ulqin &#8211;\u00a0 ose\u00a0 jemi ka\u00a0 shtiremi\u00a0 si nuk e marrim&#8230;. ?!<\/em><\/strong><\/p>\n<p>Mos ma shihni p\u00ebr t\u00eb madhe \u2013 por mua \u00a0p\u00ebr t\u00eb qarat e nd\u00ebrmarrjeve publike n\u00eb Ulqin, m\u00eb ka mbetur vet\u00ebm t\u2019 ju tregoj\u00a0 e p\u00ebrkujtoj atyre se ata , k\u00ebshtu si jan\u00eb t\u00eb organizuara\u00a0 nuk ekzistojn\u00eb moti dhe se nuk \u00a0i njeh ligji. Q\u00eb do t\u00eb thot\u00eb se nuk guxohet tu p\u00ebrcillen rroga me buxhet \u201c nga zot\u00ebrinjt\u00eb e komun\u00ebs\u201d- \u00a0themeluesi&#8230;.?!<\/p>\n<p>Thjesht , ligji p\u00ebr buxhet \u00a0t\u00eb komunave \u00a0n\u00eb Mal t\u00eb Zi e ndalon k\u00ebt\u00eb gj\u00eb&#8230;?!<\/p>\n<p>Shikojeni \u00a0ju lutem , buxhetin e vitit 2017 t\u00eb komun\u00ebs, as ku nuk p\u00ebrmendet se themeluesi \u2013komuna do tu p\u00ebrcjell\u00eb<em> para p\u00ebr rroga , si p\u00ebrmenden p\u00ebr shembull \u00a0rrogat e t\u00eb pun\u00ebsuarve n\u00eb komun\u00eb- \u00e7<\/em><em>\u00ebsht\u00eb e v\u00ebrteta vet\u00ebm 10\u00a0 nga 12 rroga \u00a0sa parasheh ligji?! Mbase \u00a0<\/em><em>2 t\u00eb \u00a0\u00a0tjerat\u00a0 tesh i marrin\u00a0 te Pal Vaca- kur t\u00eb vij\u00eb kryetar komune- ndoshta edhe vjen&#8230;?!!<\/em><\/p>\n<p>Andaj \u00a0k\u00ebshtu vitin e radh\u00ebs, radio Ulqini nuk do t\u00eb ket\u00eb m\u00eb 12 rroga t\u00eb pa marra &#8211; por 24 &#8230;?!!<\/p>\n<p>Me gjith\u00eb at\u00eb \u00a0mos t\u00eb harrojm\u00eb, themi se komuna mundet po desh t\u00eb financoj\u00eb ndonj\u00eb program pune informativ, n\u00ebse ata e kan\u00eb dhe konkurrojn\u00eb p\u00ebr te. Mir\u00ebpo edhe p\u00ebr k\u00ebt\u00eb \u00ebsht\u00eb dashur m\u00eb par\u00eb t\u00eb parashihen mjetet me buxhet, si p\u00ebr shembull nga rritja e taks\u00ebs s\u00eb q\u00ebndrimit q\u00eb u b\u00eb s\u00eb fundmi.<\/p>\n<p>Ta \u00a0z\u00ebm\u00eb p\u00ebr mes Radio Ulqinit, nga rritja e k\u00ebsaj takse e me vendim kuvendi, mund t\u00eb b\u00ebhej nj\u00eb pjes\u00eb e propagand\u00ebs p\u00ebr\u00a0\u00a0 turiz\u00ebm- \u00a0se sa k\u00ebt\u00eb ta b\u00ebj\u00eb\u00a0\u00a0 p\u00ebr shembull drejtori i organizat\u00ebs turistike me \u00a0shetije panairesh nga\u00a0 karvani p\u00ebr \u00a0m\u00ebditje\u00a0 jasht\u00eb vendi , \u00a0ku vet\u00ebm nj\u00eb\u00a0 m\u00ebditje kushton \u00a0100$&#8230;?!!!!<\/p>\n<p>Ose \u00a0thjesht\u00eb drejtor\u00ebt kur konkurruan \u00a0p\u00ebr poste t\u00eb k\u00ebtyre institucioneve \u00a0\u00ebsht\u00eb dashur t\u00eb paraqisnin vet\u00eb\u00a0 nj\u00eb projekt t\u00eb k\u00ebtill\u00eb pune.<\/p>\n<p>Nd\u00ebrsa ky i kultur\u00ebs- mund \u00a0t\u00eb ket\u00eb ofruar q\u00eb ai\u00a0 p\u00ebr q\u00ebllim t\u00eb ofert\u00ebs turistike\u00a0 t\u00eb organizonte vet\u00eb \u00a0manifestimet \u00a0kulturore , q\u00eb sot \u00a0i organizon Organizata Turistike duke ia leht\u00ebsuar pun\u00ebn. Zaten m\u00eb her\u00ebt 30-40 % e taks\u00ebs turistike (q\u00ebndrimit), komuna ia jepte sht\u00ebpis\u00eb s\u00eb kultur\u00ebs&#8230;?!!<\/p>\n<p>Por shohim se \u00a0tash pun\u00ebt dhe mjetet e kultur\u00ebs , ia mori organizata turistike- pa vendim t\u00eb themeluesit&#8230;?! Si ndodhi kjo as kush nuk e di?!<\/p>\n<p>Nuk dua ta zgjas, as t\u00eb g\u00ebrgas- \u00a0por nuk ka arsye q\u00eb nga kjo taks\u00eb t\u00eb mos financohej festivali skena verore , q\u00eb \u00ebsht\u00eb thjesht nj\u00eb program n\u00eb sh\u00ebrbim t\u00eb turizmit ,ose Kalimera Poetike \u00a0p\u00ebr turiz\u00ebm elitar\u00eb etj.<\/p>\n<p>P\u00cbR VETE ME K\u00cbT\u00cb TAKS\u00cb DO T\u00cb KISHA AMBICIJE Q\u00cb GJAT\u00cb VER\u00cbS ULQININ TA B\u00cbJ\u00cb METROPOL\u00cb KULTURORE GJITH\u00cbSHQIPTARE T\u00cb VER\u00cbS DUKE IU P\u00cbRNGJA DO QYTETEVE T\u00cb FRANC\u00cbS DHE SPANJ\u00cbS GJAT\u00cb K\u00cbSAJ STINE. P\u00cbR NDRYSHE KJO Q\u00cb NDODH\u00cb \u00cbSHT\u00cb HEDHJE E PARAVE KOT. N\u00cb ULQIN DO T\u00cb DUHEJ T\u00cb ISHIN GJITH\u00cb YJET E ESTRAD\u00cbS MUZIK\u00cbS LET\u00cbRSIS\u00cb DHE GJITH\u00cb KULTUR\u00cbS KOMB\u00cbTARE. KJO DO T\u00cb DUHEJ T\u00cb ISHTE ME DY FJAL\u00cb EDHE STRATEGJI KOMB\u00cbTARE E SHP\u00cbTIMIT T\u00cb TIJ.<\/p>\n<p>MOS T\u00cb HARROJM\u00cb Q\u00cb BILE EDHE \u00a0KUVENDI KOMUNIST I ULQINIT\u00a0 I PAT NDAR\u00cb BEKIM FEHMIUT TRUALL ND\u00cbRTIMOR VET\u00cbM E VET\u00cbM\u00a0 SE\u00a0 SI TA JOSH\u00cb &#8230;<\/p>\n<p>EDHE\u00a0 PSE T\u00cb NDJERIT\u00a0 M\u00cb VON\u00cb THUHET SE IA GRABIT\u00cbN LAROT KOMB\u00cbTAR\u00cb-\u00a0 ME T\u00cb CIL\u00cbT NA\u00a0 SHOQ\u00cbROHEMI, U RRAHIM KRAH\u00cbT DHE PIJM\u00cb\u00a0 KAFE..?!!<\/p>\n<p>GJYNAH I SHKRETI, \u00a0DERI SA ISHA KRYETAR KUVENDI , P\u00cbR MES NJ\u00cb MIKU E K\u00cbRKOI Q\u00cb TA FITOJ\u00cb VENDIN E TROLLIT T\u00cb NDAR\u00cb , POR ISHTE TEP\u00cbR VON\u00cb&#8230;.?!!<\/p>\n<p>E sa larg jan\u00eb k\u00ebta tan\u00ebt n\u00eb k\u00ebto pun\u00eb.., po m\u00eb duket sa me h\u00ebn\u00eb&#8230;?!<\/p>\n<p>&nbsp;<\/p>\n","protected":false},"excerpt":{"rendered":"<p>Shkruan Muhamet Nika Sa von\u00eb e marrim\u00a0 vesht pun\u00ebn \u00a0e ligjit na shqiptar\u00ebt n\u00eb ulqin &#8211;\u00a0 ose\u00a0 jemi ka\u00a0 shtiremi\u00a0 si nuk e marrim&#8230;. ?! Mos ma shihni p\u00ebr t\u00eb madhe \u2013 por mua \u00a0p\u00ebr t\u00eb qarat e nd\u00ebrmarrjeve publike n\u00eb Ulqin, m\u00eb ka mbetur vet\u00ebm t\u2019 ju tregoj\u00a0 e p\u00ebrkujtoj atyre se ata , [&hellip;]<\/p>\n","protected":false},"author":1,"featured_media":0,"comment_status":"closed","ping_status":"closed","sticky":false,"template":"","format":"standard","meta":{"spay_email":"","jetpack_publicize_message":"","jetpack_is_tweetstorm":false,"jetpack_publicize_feature_enabled":true},"categories":[14249],"tags":[],"jetpack_publicize_connections":[],"yoast_head":"<!-- This site is optimized with the Yoast SEO plugin v19.1 - https:\/\/yoast.com\/wordpress\/plugins\/seo\/ -->\n<title>Nika: Sa von\u00eb e marrim vesht pun\u00ebn e ligjit na shqiptar\u00ebt n\u00eb Ulqin - - Lajme nga Ulqini<\/title>\n<meta name=\"description\" content=\"Shkruan Muhamet Nika Sa von\u00eb e marrim\u00a0 vesht pun\u00ebn \u00a0e ligjit na shqiptar\u00ebt n\u00eb ulqin -\u00a0 ose\u00a0 jemi ka\u00a0 shtiremi\u00a0 si nuk e marrim.... ?! Mos ma shihni p\u00ebr t\u00eb\" \/>\n<meta name=\"robots\" content=\"index, follow, max-snippet:-1, max-image-preview:large, max-video-preview:-1\" \/>\n<link rel=\"canonical\" href=\"https:\/\/www.visit-ulcinj.com\/blog\/2017\/01\/11\/nika-sa-vone-e-marrim-vesht-punen-e-ligjit-na-shqiptaret-ne-ulqin\/\" \/>\n<meta property=\"og:locale\" content=\"en_US\" \/>\n<meta property=\"og:type\" content=\"article\" \/>\n<meta property=\"og:title\" content=\"Nika: Sa von\u00eb e marrim vesht pun\u00ebn e ligjit na shqiptar\u00ebt n\u00eb Ulqin - - Lajme nga Ulqini\" \/>\n<meta property=\"og:description\" content=\"Shkruan Muhamet Nika Sa von\u00eb e marrim\u00a0 vesht pun\u00ebn \u00a0e ligjit na shqiptar\u00ebt n\u00eb ulqin -\u00a0 ose\u00a0 jemi ka\u00a0 shtiremi\u00a0 si nuk e marrim.... ?! Mos ma shihni p\u00ebr t\u00eb\" \/>\n<meta property=\"og:url\" content=\"https:\/\/www.visit-ulcinj.com\/blog\/2017\/01\/11\/nika-sa-vone-e-marrim-vesht-punen-e-ligjit-na-shqiptaret-ne-ulqin\/\" \/>\n<meta property=\"og:site_name\" content=\"Lajme nga Ulqini\" \/>\n<meta property=\"article:published_time\" content=\"2017-01-11T21:40:53+00:00\" \/>\n<meta property=\"article:modified_time\" content=\"2017-01-11T22:00:36+00:00\" \/>\n<meta property=\"og:image\" content=\"http:\/\/www.visit-ulcinj.com\/blog\/wp-content\/uploads\/2014\/11\/Muhamet-Nika-240x300.jpg\" \/>\n<meta name=\"twitter:label1\" content=\"Written by\" \/>\n\t<meta name=\"twitter:data1\" content=\"ulqini\" \/>\n\t<meta name=\"twitter:label2\" content=\"Est. reading time\" \/>\n\t<meta name=\"twitter:data2\" content=\"3 minutes\" \/>\n<script type=\"application\/ld+json\" class=\"yoast-schema-graph\">{\"@context\":\"https:\/\/schema.org\",\"@graph\":[{\"@type\":\"WebSite\",\"@id\":\"https:\/\/www.visit-ulcinj.com\/blog\/#website\",\"url\":\"https:\/\/www.visit-ulcinj.com\/blog\/\",\"name\":\"Lajme nga Ulqini\",\"description\":\"Lajme,Vijesti,Ulqini,Ulqin,Crna Gora,Mali i Zi\",\"potentialAction\":[{\"@type\":\"SearchAction\",\"target\":{\"@type\":\"EntryPoint\",\"urlTemplate\":\"https:\/\/www.visit-ulcinj.com\/blog\/?s={search_term_string}\"},\"query-input\":\"required name=search_term_string\"}],\"inLanguage\":\"en-US\"},{\"@type\":\"ImageObject\",\"inLanguage\":\"en-US\",\"@id\":\"https:\/\/www.visit-ulcinj.com\/blog\/2017\/01\/11\/nika-sa-vone-e-marrim-vesht-punen-e-ligjit-na-shqiptaret-ne-ulqin\/#primaryimage\",\"url\":\"https:\/\/www.visit-ulcinj.com\/blog\/wp-content\/uploads\/2014\/11\/Muhamet-Nika.jpg\",\"contentUrl\":\"https:\/\/www.visit-ulcinj.com\/blog\/wp-content\/uploads\/2014\/11\/Muhamet-Nika.jpg\",\"width\":256,\"height\":319},{\"@type\":\"WebPage\",\"@id\":\"https:\/\/www.visit-ulcinj.com\/blog\/2017\/01\/11\/nika-sa-vone-e-marrim-vesht-punen-e-ligjit-na-shqiptaret-ne-ulqin\/#webpage\",\"url\":\"https:\/\/www.visit-ulcinj.com\/blog\/2017\/01\/11\/nika-sa-vone-e-marrim-vesht-punen-e-ligjit-na-shqiptaret-ne-ulqin\/\",\"name\":\"Nika: Sa von\u00eb e marrim vesht pun\u00ebn e ligjit na shqiptar\u00ebt n\u00eb Ulqin - - Lajme nga Ulqini\",\"isPartOf\":{\"@id\":\"https:\/\/www.visit-ulcinj.com\/blog\/#website\"},\"primaryImageOfPage\":{\"@id\":\"https:\/\/www.visit-ulcinj.com\/blog\/2017\/01\/11\/nika-sa-vone-e-marrim-vesht-punen-e-ligjit-na-shqiptaret-ne-ulqin\/#primaryimage\"},\"datePublished\":\"2017-01-11T21:40:53+00:00\",\"dateModified\":\"2017-01-11T22:00:36+00:00\",\"author\":{\"@id\":\"https:\/\/www.visit-ulcinj.com\/blog\/#\/schema\/person\/dcab619c614d3038751c63bc2aadc06d\"},\"description\":\"Shkruan Muhamet Nika Sa von\u00eb e marrim\u00a0 vesht pun\u00ebn \u00a0e ligjit na shqiptar\u00ebt n\u00eb ulqin -\u00a0 ose\u00a0 jemi ka\u00a0 shtiremi\u00a0 si nuk e marrim.... ?! Mos ma shihni p\u00ebr t\u00eb\",\"breadcrumb\":{\"@id\":\"https:\/\/www.visit-ulcinj.com\/blog\/2017\/01\/11\/nika-sa-vone-e-marrim-vesht-punen-e-ligjit-na-shqiptaret-ne-ulqin\/#breadcrumb\"},\"inLanguage\":\"en-US\",\"potentialAction\":[{\"@type\":\"ReadAction\",\"target\":[\"https:\/\/www.visit-ulcinj.com\/blog\/2017\/01\/11\/nika-sa-vone-e-marrim-vesht-punen-e-ligjit-na-shqiptaret-ne-ulqin\/\"]}]},{\"@type\":\"BreadcrumbList\",\"@id\":\"https:\/\/www.visit-ulcinj.com\/blog\/2017\/01\/11\/nika-sa-vone-e-marrim-vesht-punen-e-ligjit-na-shqiptaret-ne-ulqin\/#breadcrumb\",\"itemListElement\":[{\"@type\":\"ListItem\",\"position\":1,\"name\":\"Nika: Sa von\u00eb e marrim vesht pun\u00ebn e ligjit na shqiptar\u00ebt n\u00eb Ulqin &#8211;\"}]},{\"@type\":\"Person\",\"@id\":\"https:\/\/www.visit-ulcinj.com\/blog\/#\/schema\/person\/dcab619c614d3038751c63bc2aadc06d\",\"name\":\"ulqini\",\"sameAs\":[\"http:\/\/www.visit-ulcinj.com\"],\"url\":\"https:\/\/www.visit-ulcinj.com\/blog\/author\/admin\/\"}]}<\/script>\n<!-- \/ Yoast SEO plugin. -->","yoast_head_json":{"title":"Nika: Sa von\u00eb e marrim vesht pun\u00ebn e ligjit na shqiptar\u00ebt n\u00eb Ulqin - - Lajme nga Ulqini","description":"Shkruan Muhamet Nika Sa von\u00eb e marrim\u00a0 vesht pun\u00ebn \u00a0e ligjit na shqiptar\u00ebt n\u00eb ulqin -\u00a0 ose\u00a0 jemi ka\u00a0 shtiremi\u00a0 si nuk e marrim.... ?! Mos ma shihni p\u00ebr t\u00eb","robots":{"index":"index","follow":"follow","max-snippet":"max-snippet:-1","max-image-preview":"max-image-preview:large","max-video-preview":"max-video-preview:-1"},"canonical":"https:\/\/www.visit-ulcinj.com\/blog\/2017\/01\/11\/nika-sa-vone-e-marrim-vesht-punen-e-ligjit-na-shqiptaret-ne-ulqin\/","og_locale":"en_US","og_type":"article","og_title":"Nika: Sa von\u00eb e marrim vesht pun\u00ebn e ligjit na shqiptar\u00ebt n\u00eb Ulqin - - Lajme nga Ulqini","og_description":"Shkruan Muhamet Nika Sa von\u00eb e marrim\u00a0 vesht pun\u00ebn \u00a0e ligjit na shqiptar\u00ebt n\u00eb ulqin -\u00a0 ose\u00a0 jemi ka\u00a0 shtiremi\u00a0 si nuk e marrim.... ?! Mos ma shihni p\u00ebr t\u00eb","og_url":"https:\/\/www.visit-ulcinj.com\/blog\/2017\/01\/11\/nika-sa-vone-e-marrim-vesht-punen-e-ligjit-na-shqiptaret-ne-ulqin\/","og_site_name":"Lajme nga Ulqini","article_published_time":"2017-01-11T21:40:53+00:00","article_modified_time":"2017-01-11T22:00:36+00:00","og_image":[{"url":"http:\/\/www.visit-ulcinj.com\/blog\/wp-content\/uploads\/2014\/11\/Muhamet-Nika-240x300.jpg"}],"twitter_misc":{"Written by":"ulqini","Est. reading time":"3 minutes"},"schema":{"@context":"https:\/\/schema.org","@graph":[{"@type":"WebSite","@id":"https:\/\/www.visit-ulcinj.com\/blog\/#website","url":"https:\/\/www.visit-ulcinj.com\/blog\/","name":"Lajme nga Ulqini","description":"Lajme,Vijesti,Ulqini,Ulqin,Crna Gora,Mali i Zi","potentialAction":[{"@type":"SearchAction","target":{"@type":"EntryPoint","urlTemplate":"https:\/\/www.visit-ulcinj.com\/blog\/?s={search_term_string}"},"query-input":"required name=search_term_string"}],"inLanguage":"en-US"},{"@type":"ImageObject","inLanguage":"en-US","@id":"https:\/\/www.visit-ulcinj.com\/blog\/2017\/01\/11\/nika-sa-vone-e-marrim-vesht-punen-e-ligjit-na-shqiptaret-ne-ulqin\/#primaryimage","url":"https:\/\/www.visit-ulcinj.com\/blog\/wp-content\/uploads\/2014\/11\/Muhamet-Nika.jpg","contentUrl":"https:\/\/www.visit-ulcinj.com\/blog\/wp-content\/uploads\/2014\/11\/Muhamet-Nika.jpg","width":256,"height":319},{"@type":"WebPage","@id":"https:\/\/www.visit-ulcinj.com\/blog\/2017\/01\/11\/nika-sa-vone-e-marrim-vesht-punen-e-ligjit-na-shqiptaret-ne-ulqin\/#webpage","url":"https:\/\/www.visit-ulcinj.com\/blog\/2017\/01\/11\/nika-sa-vone-e-marrim-vesht-punen-e-ligjit-na-shqiptaret-ne-ulqin\/","name":"Nika: Sa von\u00eb e marrim vesht pun\u00ebn e ligjit na shqiptar\u00ebt n\u00eb Ulqin - - Lajme nga Ulqini","isPartOf":{"@id":"https:\/\/www.visit-ulcinj.com\/blog\/#website"},"primaryImageOfPage":{"@id":"https:\/\/www.visit-ulcinj.com\/blog\/2017\/01\/11\/nika-sa-vone-e-marrim-vesht-punen-e-ligjit-na-shqiptaret-ne-ulqin\/#primaryimage"},"datePublished":"2017-01-11T21:40:53+00:00","dateModified":"2017-01-11T22:00:36+00:00","author":{"@id":"https:\/\/www.visit-ulcinj.com\/blog\/#\/schema\/person\/dcab619c614d3038751c63bc2aadc06d"},"description":"Shkruan Muhamet Nika Sa von\u00eb e marrim\u00a0 vesht pun\u00ebn \u00a0e ligjit na shqiptar\u00ebt n\u00eb ulqin -\u00a0 ose\u00a0 jemi ka\u00a0 shtiremi\u00a0 si nuk e marrim.... ?! Mos ma shihni p\u00ebr t\u00eb","breadcrumb":{"@id":"https:\/\/www.visit-ulcinj.com\/blog\/2017\/01\/11\/nika-sa-vone-e-marrim-vesht-punen-e-ligjit-na-shqiptaret-ne-ulqin\/#breadcrumb"},"inLanguage":"en-US","potentialAction":[{"@type":"ReadAction","target":["https:\/\/www.visit-ulcinj.com\/blog\/2017\/01\/11\/nika-sa-vone-e-marrim-vesht-punen-e-ligjit-na-shqiptaret-ne-ulqin\/"]}]},{"@type":"BreadcrumbList","@id":"https:\/\/www.visit-ulcinj.com\/blog\/2017\/01\/11\/nika-sa-vone-e-marrim-vesht-punen-e-ligjit-na-shqiptaret-ne-ulqin\/#breadcrumb","itemListElement":[{"@type":"ListItem","position":1,"name":"Nika: Sa von\u00eb e marrim vesht pun\u00ebn e ligjit na shqiptar\u00ebt n\u00eb Ulqin &#8211;"}]},{"@type":"Person","@id":"https:\/\/www.visit-ulcinj.com\/blog\/#\/schema\/person\/dcab619c614d3038751c63bc2aadc06d","name":"ulqini","sameAs":["http:\/\/www.visit-ulcinj.com"],"url":"https:\/\/www.visit-ulcinj.com\/blog\/author\/admin\/"}]}},"jetpack_featured_media_url":"","jetpack_sharing_enabled":true,"jetpack_shortlink":"https:\/\/wp.me\/pe6lTn-qAA","_links":{"self":[{"href":"https:\/\/www.visit-ulcinj.com\/blog\/wp-json\/wp\/v2\/posts\/102212"}],"collection":[{"href":"https:\/\/www.visit-ulcinj.com\/blog\/wp-json\/wp\/v2\/posts"}],"about":[{"href":"https:\/\/www.visit-ulcinj.com\/blog\/wp-json\/wp\/v2\/types\/post"}],"author":[{"embeddable":true,"href":"https:\/\/www.visit-ulcinj.com\/blog\/wp-json\/wp\/v2\/users\/1"}],"replies":[{"embeddable":true,"href":"https:\/\/www.visit-ulcinj.com\/blog\/wp-json\/wp\/v2\/comments?post=102212"}],"version-history":[{"count":3,"href":"https:\/\/www.visit-ulcinj.com\/blog\/wp-json\/wp\/v2\/posts\/102212\/revisions"}],"predecessor-version":[{"id":102215,"href":"https:\/\/www.visit-ulcinj.com\/blog\/wp-json\/wp\/v2\/posts\/102212\/revisions\/102215"}],"wp:attachment":[{"href":"https:\/\/www.visit-ulcinj.com\/blog\/wp-json\/wp\/v2\/media?parent=102212"}],"wp:term":[{"taxonomy":"category","embeddable":true,"href":"https:\/\/www.visit-ulcinj.com\/blog\/wp-json\/wp\/v2\/categories?post=102212"},{"taxonomy":"post_tag","embeddable":true,"href":"https:\/\/www.visit-ulcinj.com\/blog\/wp-json\/wp\/v2\/tags?post=102212"}],"curies":[{"name":"wp","href":"https:\/\/api.w.org\/{rel}","templated":true}]}}