{"id":102236,"date":"2017-01-12T19:28:43","date_gmt":"2017-01-12T18:28:43","guid":{"rendered":"http:\/\/www.visit-ulcinj.com\/blog\/?p=102236"},"modified":"2017-01-13T09:21:49","modified_gmt":"2017-01-13T08:21:49","slug":"pamje-mahnitese-te-bores-nga-plazha-e-madhe-e-ulqinit","status":"publish","type":"post","link":"https:\/\/www.visit-ulcinj.com\/blog\/2017\/01\/12\/pamje-mahnitese-te-bores-nga-plazha-e-madhe-e-ulqinit\/","title":{"rendered":"Pamje mahnit\u00ebse t\u00eb bor\u00ebs nga Plazha e Madhe e Ulqinit"},"content":{"rendered":"<div class=\"ExcerptBold\">\n<p><a href=\"http:\/\/www.visit-ulcinj.com\/blog\/wp-content\/uploads\/2017\/01\/plazha-e-madhe-bore-dimer-ulqini.jpg\"><img loading=\"lazy\" class=\"alignleft wp-image-102237\" src=\"http:\/\/www.visit-ulcinj.com\/blog\/wp-content\/uploads\/2017\/01\/plazha-e-madhe-bore-dimer-ulqini.jpg\" alt=\"plazha-e-madhe-bore-dimer-ulqini\" width=\"508\" height=\"286\" srcset=\"https:\/\/www.visit-ulcinj.com\/blog\/wp-content\/uploads\/2017\/01\/plazha-e-madhe-bore-dimer-ulqini.jpg 960w, https:\/\/www.visit-ulcinj.com\/blog\/wp-content\/uploads\/2017\/01\/plazha-e-madhe-bore-dimer-ulqini-300x169.jpg 300w, https:\/\/www.visit-ulcinj.com\/blog\/wp-content\/uploads\/2017\/01\/plazha-e-madhe-bore-dimer-ulqini-768x432.jpg 768w\" sizes=\"(max-width: 508px) 100vw, 508px\" \/><\/a>Qyteti i bukur shqiptar i Ulqinit dit\u00ebt e me bor\u00eb i ka t\u00eb rralla p\u00ebr shkak t\u00eb pozit\u00ebs gjeografike.<\/p>\n<\/div>\n<p>Pasi q\u00eb njihet si vend bregdetar dhe me klim\u00eb t\u00eb nxeht\u00eb verore, atje nuk rastis shpesh q\u00eb t\u00eb bie bor\u00eb e dendur.<\/p>\n<p>Por dimri i sivjetm\u00eb duket se nuk do e kursej\u00eb ask\u00ebnd nga reshjet e pandalshme, e k\u00ebshtu ka b\u00ebr\u00eb edhe me Ulqinin.<\/p>\n<p>P\u00ebrderisa edhe qyteti \u00ebsht\u00eb mbuluar nga bora duke krijuar nj\u00eb atmosfer\u00eb t\u00eb bukur festive, edhe pjesa e Plazhit t\u00eb Madh atje \u00ebsht\u00eb \u00a0tanim\u00eb nj\u00eb peizazh pikturash.<\/p>\n<p>Nj\u00eb lexuesi i ORAinfo-s ka d\u00ebrguar fotografi nga pamjet e Plazhit t\u00eb Madh n\u00eb bregdetin shqiptar n\u00eb Mal t\u00eb Zi.<\/p>\n<p>Pamjet jan\u00eb v\u00ebrtet\u00eb panoramike. <strong>\/ORAinfo\/<\/strong><\/p>\n","protected":false},"excerpt":{"rendered":"<p>Qyteti i bukur shqiptar i Ulqinit dit\u00ebt e me bor\u00eb i ka t\u00eb rralla p\u00ebr shkak t\u00eb pozit\u00ebs gjeografike. Pasi q\u00eb njihet si vend bregdetar dhe me klim\u00eb t\u00eb nxeht\u00eb verore, atje nuk rastis shpesh q\u00eb t\u00eb bie bor\u00eb e dendur. Por dimri i sivjetm\u00eb duket se nuk do e kursej\u00eb ask\u00ebnd nga reshjet e [&hellip;]<\/p>\n","protected":false},"author":1,"featured_media":0,"comment_status":"closed","ping_status":"closed","sticky":false,"template":"","format":"standard","meta":{"spay_email":"","jetpack_publicize_message":"","jetpack_is_tweetstorm":false,"jetpack_publicize_feature_enabled":true},"categories":[6950],"tags":[],"jetpack_publicize_connections":[],"yoast_head":"<!-- This site is optimized with the Yoast SEO plugin v19.1 - https:\/\/yoast.com\/wordpress\/plugins\/seo\/ -->\n<title>Pamje mahnit\u00ebse t\u00eb bor\u00ebs nga Plazha e Madhe e Ulqinit - Lajme nga Ulqini<\/title>\n<meta name=\"description\" content=\"Qyteti i bukur shqiptar i Ulqinit dit\u00ebt e me bor\u00eb i ka t\u00eb rralla p\u00ebr shkak t\u00eb pozit\u00ebs gjeografike. Pasi q\u00eb njihet si vend bregdetar dhe me klim\u00eb t\u00eb nxeht\u00eb\" \/>\n<meta name=\"robots\" content=\"index, follow, max-snippet:-1, max-image-preview:large, max-video-preview:-1\" \/>\n<link rel=\"canonical\" href=\"https:\/\/www.visit-ulcinj.com\/blog\/2017\/01\/12\/pamje-mahnitese-te-bores-nga-plazha-e-madhe-e-ulqinit\/\" \/>\n<meta property=\"og:locale\" content=\"en_US\" \/>\n<meta property=\"og:type\" content=\"article\" \/>\n<meta property=\"og:title\" content=\"Pamje mahnit\u00ebse t\u00eb bor\u00ebs nga Plazha e Madhe e Ulqinit - Lajme nga Ulqini\" \/>\n<meta property=\"og:description\" content=\"Qyteti i bukur shqiptar i Ulqinit dit\u00ebt e me bor\u00eb i ka t\u00eb rralla p\u00ebr shkak t\u00eb pozit\u00ebs gjeografike. Pasi q\u00eb njihet si vend bregdetar dhe me klim\u00eb t\u00eb nxeht\u00eb\" \/>\n<meta property=\"og:url\" content=\"https:\/\/www.visit-ulcinj.com\/blog\/2017\/01\/12\/pamje-mahnitese-te-bores-nga-plazha-e-madhe-e-ulqinit\/\" \/>\n<meta property=\"og:site_name\" content=\"Lajme nga Ulqini\" \/>\n<meta property=\"article:published_time\" content=\"2017-01-12T18:28:43+00:00\" \/>\n<meta property=\"article:modified_time\" content=\"2017-01-13T08:21:49+00:00\" \/>\n<meta property=\"og:image\" content=\"http:\/\/www.visit-ulcinj.com\/blog\/wp-content\/uploads\/2017\/01\/plazha-e-madhe-bore-dimer-ulqini.jpg\" \/>\n<meta name=\"twitter:label1\" content=\"Written by\" \/>\n\t<meta name=\"twitter:data1\" content=\"ulqini\" \/>\n\t<meta name=\"twitter:label2\" content=\"Est. reading time\" \/>\n\t<meta name=\"twitter:data2\" content=\"1 minute\" \/>\n<script type=\"application\/ld+json\" class=\"yoast-schema-graph\">{\"@context\":\"https:\/\/schema.org\",\"@graph\":[{\"@type\":\"WebSite\",\"@id\":\"https:\/\/www.visit-ulcinj.com\/blog\/#website\",\"url\":\"https:\/\/www.visit-ulcinj.com\/blog\/\",\"name\":\"Lajme nga Ulqini\",\"description\":\"Lajme,Vijesti,Ulqini,Ulqin,Crna Gora,Mali i Zi\",\"potentialAction\":[{\"@type\":\"SearchAction\",\"target\":{\"@type\":\"EntryPoint\",\"urlTemplate\":\"https:\/\/www.visit-ulcinj.com\/blog\/?s={search_term_string}\"},\"query-input\":\"required name=search_term_string\"}],\"inLanguage\":\"en-US\"},{\"@type\":\"ImageObject\",\"inLanguage\":\"en-US\",\"@id\":\"https:\/\/www.visit-ulcinj.com\/blog\/2017\/01\/12\/pamje-mahnitese-te-bores-nga-plazha-e-madhe-e-ulqinit\/#primaryimage\",\"url\":\"https:\/\/www.visit-ulcinj.com\/blog\/wp-content\/uploads\/2017\/01\/plazha-e-madhe-bore-dimer-ulqini.jpg\",\"contentUrl\":\"https:\/\/www.visit-ulcinj.com\/blog\/wp-content\/uploads\/2017\/01\/plazha-e-madhe-bore-dimer-ulqini.jpg\",\"width\":960,\"height\":540},{\"@type\":\"WebPage\",\"@id\":\"https:\/\/www.visit-ulcinj.com\/blog\/2017\/01\/12\/pamje-mahnitese-te-bores-nga-plazha-e-madhe-e-ulqinit\/#webpage\",\"url\":\"https:\/\/www.visit-ulcinj.com\/blog\/2017\/01\/12\/pamje-mahnitese-te-bores-nga-plazha-e-madhe-e-ulqinit\/\",\"name\":\"Pamje mahnit\u00ebse t\u00eb bor\u00ebs nga Plazha e Madhe e Ulqinit - Lajme nga Ulqini\",\"isPartOf\":{\"@id\":\"https:\/\/www.visit-ulcinj.com\/blog\/#website\"},\"primaryImageOfPage\":{\"@id\":\"https:\/\/www.visit-ulcinj.com\/blog\/2017\/01\/12\/pamje-mahnitese-te-bores-nga-plazha-e-madhe-e-ulqinit\/#primaryimage\"},\"datePublished\":\"2017-01-12T18:28:43+00:00\",\"dateModified\":\"2017-01-13T08:21:49+00:00\",\"author\":{\"@id\":\"https:\/\/www.visit-ulcinj.com\/blog\/#\/schema\/person\/dcab619c614d3038751c63bc2aadc06d\"},\"description\":\"Qyteti i bukur shqiptar i Ulqinit dit\u00ebt e me bor\u00eb i ka t\u00eb rralla p\u00ebr shkak t\u00eb pozit\u00ebs gjeografike. Pasi q\u00eb njihet si vend bregdetar dhe me klim\u00eb t\u00eb nxeht\u00eb\",\"breadcrumb\":{\"@id\":\"https:\/\/www.visit-ulcinj.com\/blog\/2017\/01\/12\/pamje-mahnitese-te-bores-nga-plazha-e-madhe-e-ulqinit\/#breadcrumb\"},\"inLanguage\":\"en-US\",\"potentialAction\":[{\"@type\":\"ReadAction\",\"target\":[\"https:\/\/www.visit-ulcinj.com\/blog\/2017\/01\/12\/pamje-mahnitese-te-bores-nga-plazha-e-madhe-e-ulqinit\/\"]}]},{\"@type\":\"BreadcrumbList\",\"@id\":\"https:\/\/www.visit-ulcinj.com\/blog\/2017\/01\/12\/pamje-mahnitese-te-bores-nga-plazha-e-madhe-e-ulqinit\/#breadcrumb\",\"itemListElement\":[{\"@type\":\"ListItem\",\"position\":1,\"name\":\"Pamje mahnit\u00ebse t\u00eb bor\u00ebs nga Plazha e Madhe e Ulqinit\"}]},{\"@type\":\"Person\",\"@id\":\"https:\/\/www.visit-ulcinj.com\/blog\/#\/schema\/person\/dcab619c614d3038751c63bc2aadc06d\",\"name\":\"ulqini\",\"sameAs\":[\"http:\/\/www.visit-ulcinj.com\"],\"url\":\"https:\/\/www.visit-ulcinj.com\/blog\/author\/admin\/\"}]}<\/script>\n<!-- \/ Yoast SEO plugin. -->","yoast_head_json":{"title":"Pamje mahnit\u00ebse t\u00eb bor\u00ebs nga Plazha e Madhe e Ulqinit - Lajme nga Ulqini","description":"Qyteti i bukur shqiptar i Ulqinit dit\u00ebt e me bor\u00eb i ka t\u00eb rralla p\u00ebr shkak t\u00eb pozit\u00ebs gjeografike. Pasi q\u00eb njihet si vend bregdetar dhe me klim\u00eb t\u00eb nxeht\u00eb","robots":{"index":"index","follow":"follow","max-snippet":"max-snippet:-1","max-image-preview":"max-image-preview:large","max-video-preview":"max-video-preview:-1"},"canonical":"https:\/\/www.visit-ulcinj.com\/blog\/2017\/01\/12\/pamje-mahnitese-te-bores-nga-plazha-e-madhe-e-ulqinit\/","og_locale":"en_US","og_type":"article","og_title":"Pamje mahnit\u00ebse t\u00eb bor\u00ebs nga Plazha e Madhe e Ulqinit - Lajme nga Ulqini","og_description":"Qyteti i bukur shqiptar i Ulqinit dit\u00ebt e me bor\u00eb i ka t\u00eb rralla p\u00ebr shkak t\u00eb pozit\u00ebs gjeografike. Pasi q\u00eb njihet si vend bregdetar dhe me klim\u00eb t\u00eb nxeht\u00eb","og_url":"https:\/\/www.visit-ulcinj.com\/blog\/2017\/01\/12\/pamje-mahnitese-te-bores-nga-plazha-e-madhe-e-ulqinit\/","og_site_name":"Lajme nga Ulqini","article_published_time":"2017-01-12T18:28:43+00:00","article_modified_time":"2017-01-13T08:21:49+00:00","og_image":[{"url":"http:\/\/www.visit-ulcinj.com\/blog\/wp-content\/uploads\/2017\/01\/plazha-e-madhe-bore-dimer-ulqini.jpg"}],"twitter_misc":{"Written by":"ulqini","Est. reading time":"1 minute"},"schema":{"@context":"https:\/\/schema.org","@graph":[{"@type":"WebSite","@id":"https:\/\/www.visit-ulcinj.com\/blog\/#website","url":"https:\/\/www.visit-ulcinj.com\/blog\/","name":"Lajme nga Ulqini","description":"Lajme,Vijesti,Ulqini,Ulqin,Crna Gora,Mali i Zi","potentialAction":[{"@type":"SearchAction","target":{"@type":"EntryPoint","urlTemplate":"https:\/\/www.visit-ulcinj.com\/blog\/?s={search_term_string}"},"query-input":"required name=search_term_string"}],"inLanguage":"en-US"},{"@type":"ImageObject","inLanguage":"en-US","@id":"https:\/\/www.visit-ulcinj.com\/blog\/2017\/01\/12\/pamje-mahnitese-te-bores-nga-plazha-e-madhe-e-ulqinit\/#primaryimage","url":"https:\/\/www.visit-ulcinj.com\/blog\/wp-content\/uploads\/2017\/01\/plazha-e-madhe-bore-dimer-ulqini.jpg","contentUrl":"https:\/\/www.visit-ulcinj.com\/blog\/wp-content\/uploads\/2017\/01\/plazha-e-madhe-bore-dimer-ulqini.jpg","width":960,"height":540},{"@type":"WebPage","@id":"https:\/\/www.visit-ulcinj.com\/blog\/2017\/01\/12\/pamje-mahnitese-te-bores-nga-plazha-e-madhe-e-ulqinit\/#webpage","url":"https:\/\/www.visit-ulcinj.com\/blog\/2017\/01\/12\/pamje-mahnitese-te-bores-nga-plazha-e-madhe-e-ulqinit\/","name":"Pamje mahnit\u00ebse t\u00eb bor\u00ebs nga Plazha e Madhe e Ulqinit - Lajme nga Ulqini","isPartOf":{"@id":"https:\/\/www.visit-ulcinj.com\/blog\/#website"},"primaryImageOfPage":{"@id":"https:\/\/www.visit-ulcinj.com\/blog\/2017\/01\/12\/pamje-mahnitese-te-bores-nga-plazha-e-madhe-e-ulqinit\/#primaryimage"},"datePublished":"2017-01-12T18:28:43+00:00","dateModified":"2017-01-13T08:21:49+00:00","author":{"@id":"https:\/\/www.visit-ulcinj.com\/blog\/#\/schema\/person\/dcab619c614d3038751c63bc2aadc06d"},"description":"Qyteti i bukur shqiptar i Ulqinit dit\u00ebt e me bor\u00eb i ka t\u00eb rralla p\u00ebr shkak t\u00eb pozit\u00ebs gjeografike. Pasi q\u00eb njihet si vend bregdetar dhe me klim\u00eb t\u00eb nxeht\u00eb","breadcrumb":{"@id":"https:\/\/www.visit-ulcinj.com\/blog\/2017\/01\/12\/pamje-mahnitese-te-bores-nga-plazha-e-madhe-e-ulqinit\/#breadcrumb"},"inLanguage":"en-US","potentialAction":[{"@type":"ReadAction","target":["https:\/\/www.visit-ulcinj.com\/blog\/2017\/01\/12\/pamje-mahnitese-te-bores-nga-plazha-e-madhe-e-ulqinit\/"]}]},{"@type":"BreadcrumbList","@id":"https:\/\/www.visit-ulcinj.com\/blog\/2017\/01\/12\/pamje-mahnitese-te-bores-nga-plazha-e-madhe-e-ulqinit\/#breadcrumb","itemListElement":[{"@type":"ListItem","position":1,"name":"Pamje mahnit\u00ebse t\u00eb bor\u00ebs nga Plazha e Madhe e Ulqinit"}]},{"@type":"Person","@id":"https:\/\/www.visit-ulcinj.com\/blog\/#\/schema\/person\/dcab619c614d3038751c63bc2aadc06d","name":"ulqini","sameAs":["http:\/\/www.visit-ulcinj.com"],"url":"https:\/\/www.visit-ulcinj.com\/blog\/author\/admin\/"}]}},"jetpack_featured_media_url":"","jetpack_sharing_enabled":true,"jetpack_shortlink":"https:\/\/wp.me\/pe6lTn-qAY","_links":{"self":[{"href":"https:\/\/www.visit-ulcinj.com\/blog\/wp-json\/wp\/v2\/posts\/102236"}],"collection":[{"href":"https:\/\/www.visit-ulcinj.com\/blog\/wp-json\/wp\/v2\/posts"}],"about":[{"href":"https:\/\/www.visit-ulcinj.com\/blog\/wp-json\/wp\/v2\/types\/post"}],"author":[{"embeddable":true,"href":"https:\/\/www.visit-ulcinj.com\/blog\/wp-json\/wp\/v2\/users\/1"}],"replies":[{"embeddable":true,"href":"https:\/\/www.visit-ulcinj.com\/blog\/wp-json\/wp\/v2\/comments?post=102236"}],"version-history":[{"count":1,"href":"https:\/\/www.visit-ulcinj.com\/blog\/wp-json\/wp\/v2\/posts\/102236\/revisions"}],"predecessor-version":[{"id":102238,"href":"https:\/\/www.visit-ulcinj.com\/blog\/wp-json\/wp\/v2\/posts\/102236\/revisions\/102238"}],"wp:attachment":[{"href":"https:\/\/www.visit-ulcinj.com\/blog\/wp-json\/wp\/v2\/media?parent=102236"}],"wp:term":[{"taxonomy":"category","embeddable":true,"href":"https:\/\/www.visit-ulcinj.com\/blog\/wp-json\/wp\/v2\/categories?post=102236"},{"taxonomy":"post_tag","embeddable":true,"href":"https:\/\/www.visit-ulcinj.com\/blog\/wp-json\/wp\/v2\/tags?post=102236"}],"curies":[{"name":"wp","href":"https:\/\/api.w.org\/{rel}","templated":true}]}}