{"id":102245,"date":"2017-01-13T09:29:20","date_gmt":"2017-01-13T08:29:20","guid":{"rendered":"http:\/\/www.visit-ulcinj.com\/blog\/?p=102245"},"modified":"2017-01-13T09:29:20","modified_gmt":"2017-01-13T08:29:20","slug":"ulqini-merr-pjese-ne-panairin-e-turizmit-ne-vjene","status":"publish","type":"post","link":"https:\/\/www.visit-ulcinj.com\/blog\/2017\/01\/13\/ulqini-merr-pjese-ne-panairin-e-turizmit-ne-vjene\/","title":{"rendered":"Ulqini merr pjes\u00eb n\u00eb Panairin e Turizmit n\u00eb Vjen\u00eb"},"content":{"rendered":"<p><strong><a href=\"http:\/\/www.visit-ulcinj.com\/blog\/wp-content\/uploads\/2017\/01\/Ulqini-merr-pjes\u00eb-n\u00eb-Panairin-e-Turizmit-n\u00eb-Vjen\u00eb-.jpg\"><img loading=\"lazy\" class=\"alignleft wp-image-102246\" src=\"http:\/\/www.visit-ulcinj.com\/blog\/wp-content\/uploads\/2017\/01\/Ulqini-merr-pjes\u00eb-n\u00eb-Panairin-e-Turizmit-n\u00eb-Vjen\u00eb-.jpg\" alt=\"Ulqini merr pjes\u00eb n\u00eb Panairin e Turizmit n\u00eb Vjen\u00eb-\" width=\"508\" height=\"381\" srcset=\"https:\/\/www.visit-ulcinj.com\/blog\/wp-content\/uploads\/2017\/01\/Ulqini-merr-pjes\u00eb-n\u00eb-Panairin-e-Turizmit-n\u00eb-Vjen\u00eb-.jpg 824w, https:\/\/www.visit-ulcinj.com\/blog\/wp-content\/uploads\/2017\/01\/Ulqini-merr-pjes\u00eb-n\u00eb-Panairin-e-Turizmit-n\u00eb-Vjen\u00eb--300x225.jpg 300w, https:\/\/www.visit-ulcinj.com\/blog\/wp-content\/uploads\/2017\/01\/Ulqini-merr-pjes\u00eb-n\u00eb-Panairin-e-Turizmit-n\u00eb-Vjen\u00eb--768x576.jpg 768w\" sizes=\"(max-width: 508px) 100vw, 508px\" \/><\/a>Ferien Messe 2017 \u2013 Panairi ne Vjene<\/strong><\/p>\n<p>Organizata Nacionale turistike e Malit te Zi edhe kete vit eshte duke marre pjese dhe duke prezentuar oferten e vet turistike ne bashkepunim me organizatat lokale dhe afaristet ne panairin e Vjenes <strong>Ferien messe Wien 2017 <\/strong>qe po mbahet prej 12 deri me 15 janar.<\/p>\n<p>&nbsp;<\/p>\n<p>Organizata Turistike e Ulqinit per here te trete sipas Plan programit per vitin 2017 merre pjese ne kete panair me te cilin filloi edhe prezantimi dhe kampanja e ofertes turistike neper panaire gjate ketij viti.<\/p>\n<p>Ferien Messe eshte nje nder panairet me te medhenj ne Austri ku per cdo vit e vizitojne 100.000 vizitore dhe shume eksperte nga fusha e turizmit qe vijne te informohen per ofertat turistike si dhe te zgjedhin destinacionin e tyre per pushime. Shume afariste kane mundesine te bejne takime me turoperatere, agjensione dhe medije nga tregu I Austrise. Ky panair mbledh mbi 800 ekspozues nga 70 vende te ndryshme.<\/p>\n<p>Mvaresisht nga interesimi, vizitoret e stendes tone mund te fitojne informata per pushime familjare, per te rinj, per pushime aktive dhe rekreative, manifestime dhe aktivitete zbavitese dhe kulturore etj. Austrijaket kane deshire te udhetojne dhe shumica e tyre shkojne ne pushime kryesore nje here ne vit dhe sipas anketave te organizatoreve preferojne pushimin aktiv (te ecurit, biciklizmin, Kite Surf, kalerimin etj)<\/p>\n<p>&nbsp;<\/p>\n<p>Nga afaristet tane qe kete vit po prezentojne oferten turistike se bashku me OT jane Riviera e Ulqinit, agjensioni Real Estate dhe Pallata Venezia, si dhe hoteli Continental. Drejtori i OT Mr Fuad Haxhibeti tha se diten e pare vizitueshmeria ka qene shume e madhe dhe ka shume interesim per Ulqinin, dhe deri ne fund te panairit presim nje numer te madh te vizitoreve sepse ne baze te lajmerimeve qe kemi numri i turisteve nga ky vend eshte ne rritje per cdo vit e me teper.<\/p>\n<p>&nbsp;<\/p>\n<p>Sherbimi i OT Ulqin<\/p>\n\n\t\t<style type=\"text\/css\">\n\t\t\t#gallery-1 {\n\t\t\t\tmargin: auto;\n\t\t\t}\n\t\t\t#gallery-1 .gallery-item {\n\t\t\t\tfloat: left;\n\t\t\t\tmargin-top: 10px;\n\t\t\t\ttext-align: center;\n\t\t\t\twidth: 33%;\n\t\t\t}\n\t\t\t#gallery-1 img {\n\t\t\t\tborder: 2px solid #cfcfcf;\n\t\t\t}\n\t\t\t#gallery-1 .gallery-caption {\n\t\t\t\tmargin-left: 0;\n\t\t\t}\n\t\t\t\/* see gallery_shortcode() in wp-includes\/media.php *\/\n\t\t<\/style>\n\t\t<div id='gallery-1' class='gallery galleryid-102245 gallery-columns-3 gallery-size-thumbnail'><dl class='gallery-item'>\n\t\t\t<dt class='gallery-icon landscape'>\n\t\t\t\t<a href='https:\/\/www.visit-ulcinj.com\/blog\/2017\/01\/13\/ulqini-merr-pjese-ne-panairin-e-turizmit-ne-vjene\/ulqini-merr-pjese-ne-panairin-e-turizmit-ne-vjene-1\/'><img width=\"150\" height=\"150\" src=\"https:\/\/www.visit-ulcinj.com\/blog\/wp-content\/uploads\/2017\/01\/Ulqini-merr-pjes\u00eb-n\u00eb-Panairin-e-Turizmit-n\u00eb-Vjen\u00eb-1-150x150.jpg\" class=\"attachment-thumbnail size-thumbnail\" alt=\"\" loading=\"lazy\" \/><\/a>\n\t\t\t<\/dt><\/dl><dl class='gallery-item'>\n\t\t\t<dt class='gallery-icon portrait'>\n\t\t\t\t<a href='https:\/\/www.visit-ulcinj.com\/blog\/2017\/01\/13\/ulqini-merr-pjese-ne-panairin-e-turizmit-ne-vjene\/ulqini-merr-pjese-ne-panairin-e-turizmit-ne-vjene-2\/'><img width=\"150\" height=\"150\" src=\"https:\/\/www.visit-ulcinj.com\/blog\/wp-content\/uploads\/2017\/01\/Ulqini-merr-pjes\u00eb-n\u00eb-Panairin-e-Turizmit-n\u00eb-Vjen\u00eb-2-150x150.jpg\" class=\"attachment-thumbnail size-thumbnail\" alt=\"\" loading=\"lazy\" \/><\/a>\n\t\t\t<\/dt><\/dl><dl class='gallery-item'>\n\t\t\t<dt class='gallery-icon landscape'>\n\t\t\t\t<a href='https:\/\/www.visit-ulcinj.com\/blog\/2017\/01\/13\/ulqini-merr-pjese-ne-panairin-e-turizmit-ne-vjene\/ulqini-merr-pjese-ne-panairin-e-turizmit-ne-vjene-3\/'><img width=\"150\" height=\"150\" src=\"https:\/\/www.visit-ulcinj.com\/blog\/wp-content\/uploads\/2017\/01\/Ulqini-merr-pjes\u00eb-n\u00eb-Panairin-e-Turizmit-n\u00eb-Vjen\u00eb-3-150x150.jpg\" class=\"attachment-thumbnail size-thumbnail\" alt=\"\" loading=\"lazy\" \/><\/a>\n\t\t\t<\/dt><\/dl><br style=\"clear: both\" \/>\n\t\t<\/div>\n\n","protected":false},"excerpt":{"rendered":"<p>Ferien Messe 2017 \u2013 Panairi ne Vjene Organizata Nacionale turistike e Malit te Zi edhe kete vit eshte duke marre pjese dhe duke prezentuar oferten e vet turistike ne bashkepunim me organizatat lokale dhe afaristet ne panairin e Vjenes Ferien messe Wien 2017 qe po mbahet prej 12 deri me 15 janar. &nbsp; Organizata Turistike [&hellip;]<\/p>\n","protected":false},"author":1,"featured_media":0,"comment_status":"closed","ping_status":"closed","sticky":false,"template":"","format":"standard","meta":{"spay_email":"","jetpack_publicize_message":"","jetpack_is_tweetstorm":false,"jetpack_publicize_feature_enabled":true},"categories":[15],"tags":[],"jetpack_publicize_connections":[],"yoast_head":"<!-- This site is optimized with the Yoast SEO plugin v19.1 - https:\/\/yoast.com\/wordpress\/plugins\/seo\/ -->\n<title>Ulqini merr pjes\u00eb n\u00eb Panairin e Turizmit n\u00eb Vjen\u00eb - Lajme nga Ulqini<\/title>\n<meta name=\"description\" content=\"Ferien Messe 2017 \u2013 Panairi ne Vjene Organizata Nacionale turistike e Malit te Zi edhe kete vit eshte duke marre pjese dhe duke prezentuar oferten e vet\" \/>\n<meta name=\"robots\" content=\"index, follow, max-snippet:-1, max-image-preview:large, max-video-preview:-1\" \/>\n<link rel=\"canonical\" href=\"https:\/\/www.visit-ulcinj.com\/blog\/2017\/01\/13\/ulqini-merr-pjese-ne-panairin-e-turizmit-ne-vjene\/\" \/>\n<meta property=\"og:locale\" content=\"en_US\" \/>\n<meta property=\"og:type\" content=\"article\" \/>\n<meta property=\"og:title\" content=\"Ulqini merr pjes\u00eb n\u00eb Panairin e Turizmit n\u00eb Vjen\u00eb - Lajme nga Ulqini\" \/>\n<meta property=\"og:description\" content=\"Ferien Messe 2017 \u2013 Panairi ne Vjene Organizata Nacionale turistike e Malit te Zi edhe kete vit eshte duke marre pjese dhe duke prezentuar oferten e vet\" \/>\n<meta property=\"og:url\" content=\"https:\/\/www.visit-ulcinj.com\/blog\/2017\/01\/13\/ulqini-merr-pjese-ne-panairin-e-turizmit-ne-vjene\/\" \/>\n<meta property=\"og:site_name\" content=\"Lajme nga Ulqini\" \/>\n<meta property=\"article:published_time\" content=\"2017-01-13T08:29:20+00:00\" \/>\n<meta property=\"og:image\" content=\"https:\/\/www.visit-ulcinj.com\/blog\/wp-content\/uploads\/2017\/01\/Ulqini-merr-pjes\u00eb-n\u00eb-Panairin-e-Turizmit-n\u00eb-Vjen\u00eb-1-150x150.jpg\" \/>\n<meta name=\"twitter:label1\" content=\"Written by\" \/>\n\t<meta name=\"twitter:data1\" content=\"ulqini\" \/>\n\t<meta name=\"twitter:label2\" content=\"Est. reading time\" \/>\n\t<meta name=\"twitter:data2\" content=\"2 minutes\" \/>\n<script type=\"application\/ld+json\" class=\"yoast-schema-graph\">{\"@context\":\"https:\/\/schema.org\",\"@graph\":[{\"@type\":\"WebSite\",\"@id\":\"https:\/\/www.visit-ulcinj.com\/blog\/#website\",\"url\":\"https:\/\/www.visit-ulcinj.com\/blog\/\",\"name\":\"Lajme nga Ulqini\",\"description\":\"Lajme,Vijesti,Ulqini,Ulqin,Crna Gora,Mali i Zi\",\"potentialAction\":[{\"@type\":\"SearchAction\",\"target\":{\"@type\":\"EntryPoint\",\"urlTemplate\":\"https:\/\/www.visit-ulcinj.com\/blog\/?s={search_term_string}\"},\"query-input\":\"required name=search_term_string\"}],\"inLanguage\":\"en-US\"},{\"@type\":\"WebPage\",\"@id\":\"https:\/\/www.visit-ulcinj.com\/blog\/2017\/01\/13\/ulqini-merr-pjese-ne-panairin-e-turizmit-ne-vjene\/#webpage\",\"url\":\"https:\/\/www.visit-ulcinj.com\/blog\/2017\/01\/13\/ulqini-merr-pjese-ne-panairin-e-turizmit-ne-vjene\/\",\"name\":\"Ulqini merr pjes\u00eb n\u00eb Panairin e Turizmit n\u00eb Vjen\u00eb - Lajme nga Ulqini\",\"isPartOf\":{\"@id\":\"https:\/\/www.visit-ulcinj.com\/blog\/#website\"},\"datePublished\":\"2017-01-13T08:29:20+00:00\",\"dateModified\":\"2017-01-13T08:29:20+00:00\",\"author\":{\"@id\":\"https:\/\/www.visit-ulcinj.com\/blog\/#\/schema\/person\/dcab619c614d3038751c63bc2aadc06d\"},\"description\":\"Ferien Messe 2017 \u2013 Panairi ne Vjene Organizata Nacionale turistike e Malit te Zi edhe kete vit eshte duke marre pjese dhe duke prezentuar oferten e vet\",\"breadcrumb\":{\"@id\":\"https:\/\/www.visit-ulcinj.com\/blog\/2017\/01\/13\/ulqini-merr-pjese-ne-panairin-e-turizmit-ne-vjene\/#breadcrumb\"},\"inLanguage\":\"en-US\",\"potentialAction\":[{\"@type\":\"ReadAction\",\"target\":[\"https:\/\/www.visit-ulcinj.com\/blog\/2017\/01\/13\/ulqini-merr-pjese-ne-panairin-e-turizmit-ne-vjene\/\"]}]},{\"@type\":\"BreadcrumbList\",\"@id\":\"https:\/\/www.visit-ulcinj.com\/blog\/2017\/01\/13\/ulqini-merr-pjese-ne-panairin-e-turizmit-ne-vjene\/#breadcrumb\",\"itemListElement\":[{\"@type\":\"ListItem\",\"position\":1,\"name\":\"Ulqini merr pjes\u00eb n\u00eb Panairin e Turizmit n\u00eb Vjen\u00eb\"}]},{\"@type\":\"Person\",\"@id\":\"https:\/\/www.visit-ulcinj.com\/blog\/#\/schema\/person\/dcab619c614d3038751c63bc2aadc06d\",\"name\":\"ulqini\",\"sameAs\":[\"http:\/\/www.visit-ulcinj.com\"],\"url\":\"https:\/\/www.visit-ulcinj.com\/blog\/author\/admin\/\"}]}<\/script>\n<!-- \/ Yoast SEO plugin. -->","yoast_head_json":{"title":"Ulqini merr pjes\u00eb n\u00eb Panairin e Turizmit n\u00eb Vjen\u00eb - Lajme nga Ulqini","description":"Ferien Messe 2017 \u2013 Panairi ne Vjene Organizata Nacionale turistike e Malit te Zi edhe kete vit eshte duke marre pjese dhe duke prezentuar oferten e vet","robots":{"index":"index","follow":"follow","max-snippet":"max-snippet:-1","max-image-preview":"max-image-preview:large","max-video-preview":"max-video-preview:-1"},"canonical":"https:\/\/www.visit-ulcinj.com\/blog\/2017\/01\/13\/ulqini-merr-pjese-ne-panairin-e-turizmit-ne-vjene\/","og_locale":"en_US","og_type":"article","og_title":"Ulqini merr pjes\u00eb n\u00eb Panairin e Turizmit n\u00eb Vjen\u00eb - Lajme nga Ulqini","og_description":"Ferien Messe 2017 \u2013 Panairi ne Vjene Organizata Nacionale turistike e Malit te Zi edhe kete vit eshte duke marre pjese dhe duke prezentuar oferten e vet","og_url":"https:\/\/www.visit-ulcinj.com\/blog\/2017\/01\/13\/ulqini-merr-pjese-ne-panairin-e-turizmit-ne-vjene\/","og_site_name":"Lajme nga Ulqini","article_published_time":"2017-01-13T08:29:20+00:00","og_image":[{"url":"https:\/\/www.visit-ulcinj.com\/blog\/wp-content\/uploads\/2017\/01\/Ulqini-merr-pjes\u00eb-n\u00eb-Panairin-e-Turizmit-n\u00eb-Vjen\u00eb-1-150x150.jpg"}],"twitter_misc":{"Written by":"ulqini","Est. reading time":"2 minutes"},"schema":{"@context":"https:\/\/schema.org","@graph":[{"@type":"WebSite","@id":"https:\/\/www.visit-ulcinj.com\/blog\/#website","url":"https:\/\/www.visit-ulcinj.com\/blog\/","name":"Lajme nga Ulqini","description":"Lajme,Vijesti,Ulqini,Ulqin,Crna Gora,Mali i Zi","potentialAction":[{"@type":"SearchAction","target":{"@type":"EntryPoint","urlTemplate":"https:\/\/www.visit-ulcinj.com\/blog\/?s={search_term_string}"},"query-input":"required name=search_term_string"}],"inLanguage":"en-US"},{"@type":"WebPage","@id":"https:\/\/www.visit-ulcinj.com\/blog\/2017\/01\/13\/ulqini-merr-pjese-ne-panairin-e-turizmit-ne-vjene\/#webpage","url":"https:\/\/www.visit-ulcinj.com\/blog\/2017\/01\/13\/ulqini-merr-pjese-ne-panairin-e-turizmit-ne-vjene\/","name":"Ulqini merr pjes\u00eb n\u00eb Panairin e Turizmit n\u00eb Vjen\u00eb - Lajme nga Ulqini","isPartOf":{"@id":"https:\/\/www.visit-ulcinj.com\/blog\/#website"},"datePublished":"2017-01-13T08:29:20+00:00","dateModified":"2017-01-13T08:29:20+00:00","author":{"@id":"https:\/\/www.visit-ulcinj.com\/blog\/#\/schema\/person\/dcab619c614d3038751c63bc2aadc06d"},"description":"Ferien Messe 2017 \u2013 Panairi ne Vjene Organizata Nacionale turistike e Malit te Zi edhe kete vit eshte duke marre pjese dhe duke prezentuar oferten e vet","breadcrumb":{"@id":"https:\/\/www.visit-ulcinj.com\/blog\/2017\/01\/13\/ulqini-merr-pjese-ne-panairin-e-turizmit-ne-vjene\/#breadcrumb"},"inLanguage":"en-US","potentialAction":[{"@type":"ReadAction","target":["https:\/\/www.visit-ulcinj.com\/blog\/2017\/01\/13\/ulqini-merr-pjese-ne-panairin-e-turizmit-ne-vjene\/"]}]},{"@type":"BreadcrumbList","@id":"https:\/\/www.visit-ulcinj.com\/blog\/2017\/01\/13\/ulqini-merr-pjese-ne-panairin-e-turizmit-ne-vjene\/#breadcrumb","itemListElement":[{"@type":"ListItem","position":1,"name":"Ulqini merr pjes\u00eb n\u00eb Panairin e Turizmit n\u00eb Vjen\u00eb"}]},{"@type":"Person","@id":"https:\/\/www.visit-ulcinj.com\/blog\/#\/schema\/person\/dcab619c614d3038751c63bc2aadc06d","name":"ulqini","sameAs":["http:\/\/www.visit-ulcinj.com"],"url":"https:\/\/www.visit-ulcinj.com\/blog\/author\/admin\/"}]}},"jetpack_featured_media_url":"","jetpack_sharing_enabled":true,"jetpack_shortlink":"https:\/\/wp.me\/pe6lTn-qB7","_links":{"self":[{"href":"https:\/\/www.visit-ulcinj.com\/blog\/wp-json\/wp\/v2\/posts\/102245"}],"collection":[{"href":"https:\/\/www.visit-ulcinj.com\/blog\/wp-json\/wp\/v2\/posts"}],"about":[{"href":"https:\/\/www.visit-ulcinj.com\/blog\/wp-json\/wp\/v2\/types\/post"}],"author":[{"embeddable":true,"href":"https:\/\/www.visit-ulcinj.com\/blog\/wp-json\/wp\/v2\/users\/1"}],"replies":[{"embeddable":true,"href":"https:\/\/www.visit-ulcinj.com\/blog\/wp-json\/wp\/v2\/comments?post=102245"}],"version-history":[{"count":1,"href":"https:\/\/www.visit-ulcinj.com\/blog\/wp-json\/wp\/v2\/posts\/102245\/revisions"}],"predecessor-version":[{"id":102250,"href":"https:\/\/www.visit-ulcinj.com\/blog\/wp-json\/wp\/v2\/posts\/102245\/revisions\/102250"}],"wp:attachment":[{"href":"https:\/\/www.visit-ulcinj.com\/blog\/wp-json\/wp\/v2\/media?parent=102245"}],"wp:term":[{"taxonomy":"category","embeddable":true,"href":"https:\/\/www.visit-ulcinj.com\/blog\/wp-json\/wp\/v2\/categories?post=102245"},{"taxonomy":"post_tag","embeddable":true,"href":"https:\/\/www.visit-ulcinj.com\/blog\/wp-json\/wp\/v2\/tags?post=102245"}],"curies":[{"name":"wp","href":"https:\/\/api.w.org\/{rel}","templated":true}]}}