{"id":102251,"date":"2017-01-13T10:12:59","date_gmt":"2017-01-13T09:12:59","guid":{"rendered":"http:\/\/www.visit-ulcinj.com\/blog\/?p=102251"},"modified":"2017-01-13T10:12:59","modified_gmt":"2017-01-13T09:12:59","slug":"ponuda-ulcinja-na-sajmu-turizma-u-becu-2017","status":"publish","type":"post","link":"https:\/\/www.visit-ulcinj.com\/blog\/2017\/01\/13\/ponuda-ulcinja-na-sajmu-turizma-u-becu-2017\/","title":{"rendered":"Ponuda TO Ulcinja na sajmu turizma u Be\u010du 2017"},"content":{"rendered":"<p><strong><a href=\"http:\/\/www.visit-ulcinj.com\/blog\/wp-content\/uploads\/2017\/01\/Ulqini-merr-pjes\u00eb-n\u00eb-Panairin-e-Turizmit-n\u00eb-Vjen\u00eb-1.jpg\"><img loading=\"lazy\" class=\"alignleft wp-image-102247\" src=\"http:\/\/www.visit-ulcinj.com\/blog\/wp-content\/uploads\/2017\/01\/Ulqini-merr-pjes\u00eb-n\u00eb-Panairin-e-Turizmit-n\u00eb-Vjen\u00eb-1.jpg\" alt=\"Ulqini merr pjes\u00eb n\u00eb Panairin e Turizmit n\u00eb Vjen\u00eb-1\" width=\"508\" height=\"381\" srcset=\"https:\/\/www.visit-ulcinj.com\/blog\/wp-content\/uploads\/2017\/01\/Ulqini-merr-pjes\u00eb-n\u00eb-Panairin-e-Turizmit-n\u00eb-Vjen\u00eb-1.jpg 824w, https:\/\/www.visit-ulcinj.com\/blog\/wp-content\/uploads\/2017\/01\/Ulqini-merr-pjes\u00eb-n\u00eb-Panairin-e-Turizmit-n\u00eb-Vjen\u00eb-1-300x225.jpg 300w, https:\/\/www.visit-ulcinj.com\/blog\/wp-content\/uploads\/2017\/01\/Ulqini-merr-pjes\u00eb-n\u00eb-Panairin-e-Turizmit-n\u00eb-Vjen\u00eb-1-768x576.jpg 768w\" sizes=\"(max-width: 508px) 100vw, 508px\" \/><\/a>Ferien Messe 2017 \u2013 Sajam Turizma Be\u010d<\/strong><\/p>\n<p>Nacionalna turisti\u010dka organizacija Crne Gore i ove godine u saradnji sa lokalnim turisti\u010dkim organizacijama i turisti\u010dkom privredom predstavlja turisti\u010dku ponudu na me\u0111unarodnom sajmu turizma \u201eFerien\u00a0 Messe 2017\u201c, koji se odr\u017eava u Be\u010du u periodu od 12. do 15. januara.<\/p>\n<p>&nbsp;<\/p>\n<p>Turisti\u010dka Organizacija Ulcinj po treci put, prema Planu i programu za 2017. godinu, nastupa na Sajmu turizma u Be\u010du \u2013 <strong>Ferien<\/strong> <strong>Messe<\/strong> <strong>Wien<\/strong>, \u010dime i po\u010dinju sajamske prezentacije ulcinjske turisti\u010dke ponude za ovu godinu.<\/p>\n<p><strong>Ferien<\/strong> <strong>Messe<\/strong> je vode\u0107i sajam u Austriji koji svake godine posjeti preko 100.000 posjetilaca i hiljade eksperata iz oblasti turizma koji dolaze da se informi\u0161u \u00a0o turisti\u010dkoj ponudi, kao i da odaberu svoju sljede\u0107u destinaciju za odmor i razonodu. Okuplja 800 izlaga\u010da iz 70 zemalja koje predstavljaju najpopularnija odredi\u0161ta za odmor i putovanja. Poslovni korisnici imaju priliku da uspostave vrijedne kontakte sa turoperaterima i medijima sa tr\u017ei\u0161ta Austrije.<\/p>\n<p>Tokom sajma organizovani su sastanci sa partnerima sa ovog tr\u017ei\u0161ta i specijalizovanim turisti\u010dkim agencijama. Turisti\u010dku ponudu Crne Gore u svojim programima nude brojni austrijski turoperatori i turisti\u010dke agencije, izme\u0111u ostalog: Adventure Top Tours, Up and Down, Ficher Reisen, Isla Verde Reisen, Asi Wirkclih Reisen, Die Bergspechte Outdoor Reisen, Wetweitwandern, Sabtours Touristik Gmbh Austria, Commerce Tours Reisebuero. Kneisseltouristik, Krauland i td.<\/p>\n<p>&nbsp;<\/p>\n<p>Zavisno od interesovanja, posjetioci crnogorskog \u0161tanda mogu dobiti informacije o ponudi namijenjenoj porodicama sa djecom, mladim ljudima, ljubiteljima rekreacije, biciklizma, pje\u0161a\u010denja, vina i kulinarskih putovanja, prazni\u010dnih de\u0161avanja i manifestacija i sl. Austrijanci vole putovati i ve\u0107ina njih ide na jedan glavni odmor godi\u0161nje i prema anketama organizatora ve\u0107ina njih preferira aktivan odmor (pje\u0161a\u010denje, biciklizam, Kite Surf).<\/p>\n<p>&nbsp;<\/p>\n<p>Svoju turisticku ponudu na ovom sajmu od nase turisticke privrede predstavljaju i Ulcinjska Rivijera, agencija Real Estate i hotel Pallata Venezia kao i hotel Continental.\u00a0 Direktor Turisti\u010dke Organizacije Ulcinj Mr Fuad Hadzibeti je naveo da prvog dana posjecenost je bila izuzetno velika i da vlada veliko interesovanje za Ulcinj, i da do kraja sajma o\u010dekujemo veliki broj posjetilaca jer po prijavama koje imamo svake godine procenat turista sa ovog podru\u010dja je u porastu,<\/p>\n<p>&nbsp;<\/p>\n<p>Stru\u010dna slu\u017eba Turisti\u010dke Organizacije Ulcinj.<\/p>\n","protected":false},"excerpt":{"rendered":"<p>Ferien Messe 2017 \u2013 Sajam Turizma Be\u010d Nacionalna turisti\u010dka organizacija Crne Gore i ove godine u saradnji sa lokalnim turisti\u010dkim organizacijama i turisti\u010dkom privredom predstavlja turisti\u010dku ponudu na me\u0111unarodnom sajmu turizma \u201eFerien\u00a0 Messe 2017\u201c, koji se odr\u017eava u Be\u010du u periodu od 12. do 15. januara. &nbsp; Turisti\u010dka Organizacija Ulcinj po treci put, prema Planu [&hellip;]<\/p>\n","protected":false},"author":1,"featured_media":0,"comment_status":"closed","ping_status":"closed","sticky":false,"template":"","format":"standard","meta":{"spay_email":"","jetpack_publicize_message":"","jetpack_is_tweetstorm":false,"jetpack_publicize_feature_enabled":true},"categories":[8337],"tags":[],"jetpack_publicize_connections":[],"yoast_head":"<!-- This site is optimized with the Yoast SEO plugin v19.1 - https:\/\/yoast.com\/wordpress\/plugins\/seo\/ -->\n<title>Ponuda TO Ulcinja na sajmu turizma u Be\u010du 2017 - Lajme nga Ulqini<\/title>\n<meta name=\"description\" content=\"Ferien Messe 2017 \u2013 Sajam Turizma Be\u010d Nacionalna turisti\u010dka organizacija Crne Gore i ove godine u saradnji sa lokalnim turisti\u010dkim organizacijama i\" \/>\n<meta name=\"robots\" content=\"index, follow, max-snippet:-1, max-image-preview:large, max-video-preview:-1\" \/>\n<link rel=\"canonical\" href=\"https:\/\/www.visit-ulcinj.com\/blog\/2017\/01\/13\/ponuda-ulcinja-na-sajmu-turizma-u-becu-2017\/\" \/>\n<meta property=\"og:locale\" content=\"en_US\" \/>\n<meta property=\"og:type\" content=\"article\" \/>\n<meta property=\"og:title\" content=\"Ponuda TO Ulcinja na sajmu turizma u Be\u010du 2017 - Lajme nga Ulqini\" \/>\n<meta property=\"og:description\" content=\"Ferien Messe 2017 \u2013 Sajam Turizma Be\u010d Nacionalna turisti\u010dka organizacija Crne Gore i ove godine u saradnji sa lokalnim turisti\u010dkim organizacijama i\" \/>\n<meta property=\"og:url\" content=\"https:\/\/www.visit-ulcinj.com\/blog\/2017\/01\/13\/ponuda-ulcinja-na-sajmu-turizma-u-becu-2017\/\" \/>\n<meta property=\"og:site_name\" content=\"Lajme nga Ulqini\" \/>\n<meta property=\"article:published_time\" content=\"2017-01-13T09:12:59+00:00\" \/>\n<meta name=\"twitter:label1\" content=\"Written by\" \/>\n\t<meta name=\"twitter:data1\" content=\"ulqini\" \/>\n\t<meta name=\"twitter:label2\" content=\"Est. reading time\" \/>\n\t<meta name=\"twitter:data2\" content=\"2 minutes\" \/>\n<script type=\"application\/ld+json\" class=\"yoast-schema-graph\">{\"@context\":\"https:\/\/schema.org\",\"@graph\":[{\"@type\":\"WebSite\",\"@id\":\"https:\/\/www.visit-ulcinj.com\/blog\/#website\",\"url\":\"https:\/\/www.visit-ulcinj.com\/blog\/\",\"name\":\"Lajme nga Ulqini\",\"description\":\"Lajme,Vijesti,Ulqini,Ulqin,Crna Gora,Mali i Zi\",\"potentialAction\":[{\"@type\":\"SearchAction\",\"target\":{\"@type\":\"EntryPoint\",\"urlTemplate\":\"https:\/\/www.visit-ulcinj.com\/blog\/?s={search_term_string}\"},\"query-input\":\"required name=search_term_string\"}],\"inLanguage\":\"en-US\"},{\"@type\":\"WebPage\",\"@id\":\"https:\/\/www.visit-ulcinj.com\/blog\/2017\/01\/13\/ponuda-ulcinja-na-sajmu-turizma-u-becu-2017\/#webpage\",\"url\":\"https:\/\/www.visit-ulcinj.com\/blog\/2017\/01\/13\/ponuda-ulcinja-na-sajmu-turizma-u-becu-2017\/\",\"name\":\"Ponuda TO Ulcinja na sajmu turizma u Be\u010du 2017 - Lajme nga Ulqini\",\"isPartOf\":{\"@id\":\"https:\/\/www.visit-ulcinj.com\/blog\/#website\"},\"datePublished\":\"2017-01-13T09:12:59+00:00\",\"dateModified\":\"2017-01-13T09:12:59+00:00\",\"author\":{\"@id\":\"https:\/\/www.visit-ulcinj.com\/blog\/#\/schema\/person\/dcab619c614d3038751c63bc2aadc06d\"},\"description\":\"Ferien Messe 2017 \u2013 Sajam Turizma Be\u010d Nacionalna turisti\u010dka organizacija Crne Gore i ove godine u saradnji sa lokalnim turisti\u010dkim organizacijama i\",\"breadcrumb\":{\"@id\":\"https:\/\/www.visit-ulcinj.com\/blog\/2017\/01\/13\/ponuda-ulcinja-na-sajmu-turizma-u-becu-2017\/#breadcrumb\"},\"inLanguage\":\"en-US\",\"potentialAction\":[{\"@type\":\"ReadAction\",\"target\":[\"https:\/\/www.visit-ulcinj.com\/blog\/2017\/01\/13\/ponuda-ulcinja-na-sajmu-turizma-u-becu-2017\/\"]}]},{\"@type\":\"BreadcrumbList\",\"@id\":\"https:\/\/www.visit-ulcinj.com\/blog\/2017\/01\/13\/ponuda-ulcinja-na-sajmu-turizma-u-becu-2017\/#breadcrumb\",\"itemListElement\":[{\"@type\":\"ListItem\",\"position\":1,\"name\":\"Ponuda TO Ulcinja na sajmu turizma u Be\u010du 2017\"}]},{\"@type\":\"Person\",\"@id\":\"https:\/\/www.visit-ulcinj.com\/blog\/#\/schema\/person\/dcab619c614d3038751c63bc2aadc06d\",\"name\":\"ulqini\",\"sameAs\":[\"http:\/\/www.visit-ulcinj.com\"],\"url\":\"https:\/\/www.visit-ulcinj.com\/blog\/author\/admin\/\"}]}<\/script>\n<!-- \/ Yoast SEO plugin. -->","yoast_head_json":{"title":"Ponuda TO Ulcinja na sajmu turizma u Be\u010du 2017 - Lajme nga Ulqini","description":"Ferien Messe 2017 \u2013 Sajam Turizma Be\u010d Nacionalna turisti\u010dka organizacija Crne Gore i ove godine u saradnji sa lokalnim turisti\u010dkim organizacijama i","robots":{"index":"index","follow":"follow","max-snippet":"max-snippet:-1","max-image-preview":"max-image-preview:large","max-video-preview":"max-video-preview:-1"},"canonical":"https:\/\/www.visit-ulcinj.com\/blog\/2017\/01\/13\/ponuda-ulcinja-na-sajmu-turizma-u-becu-2017\/","og_locale":"en_US","og_type":"article","og_title":"Ponuda TO Ulcinja na sajmu turizma u Be\u010du 2017 - Lajme nga Ulqini","og_description":"Ferien Messe 2017 \u2013 Sajam Turizma Be\u010d Nacionalna turisti\u010dka organizacija Crne Gore i ove godine u saradnji sa lokalnim turisti\u010dkim organizacijama i","og_url":"https:\/\/www.visit-ulcinj.com\/blog\/2017\/01\/13\/ponuda-ulcinja-na-sajmu-turizma-u-becu-2017\/","og_site_name":"Lajme nga Ulqini","article_published_time":"2017-01-13T09:12:59+00:00","twitter_misc":{"Written by":"ulqini","Est. reading time":"2 minutes"},"schema":{"@context":"https:\/\/schema.org","@graph":[{"@type":"WebSite","@id":"https:\/\/www.visit-ulcinj.com\/blog\/#website","url":"https:\/\/www.visit-ulcinj.com\/blog\/","name":"Lajme nga Ulqini","description":"Lajme,Vijesti,Ulqini,Ulqin,Crna Gora,Mali i Zi","potentialAction":[{"@type":"SearchAction","target":{"@type":"EntryPoint","urlTemplate":"https:\/\/www.visit-ulcinj.com\/blog\/?s={search_term_string}"},"query-input":"required name=search_term_string"}],"inLanguage":"en-US"},{"@type":"WebPage","@id":"https:\/\/www.visit-ulcinj.com\/blog\/2017\/01\/13\/ponuda-ulcinja-na-sajmu-turizma-u-becu-2017\/#webpage","url":"https:\/\/www.visit-ulcinj.com\/blog\/2017\/01\/13\/ponuda-ulcinja-na-sajmu-turizma-u-becu-2017\/","name":"Ponuda TO Ulcinja na sajmu turizma u Be\u010du 2017 - Lajme nga Ulqini","isPartOf":{"@id":"https:\/\/www.visit-ulcinj.com\/blog\/#website"},"datePublished":"2017-01-13T09:12:59+00:00","dateModified":"2017-01-13T09:12:59+00:00","author":{"@id":"https:\/\/www.visit-ulcinj.com\/blog\/#\/schema\/person\/dcab619c614d3038751c63bc2aadc06d"},"description":"Ferien Messe 2017 \u2013 Sajam Turizma Be\u010d Nacionalna turisti\u010dka organizacija Crne Gore i ove godine u saradnji sa lokalnim turisti\u010dkim organizacijama i","breadcrumb":{"@id":"https:\/\/www.visit-ulcinj.com\/blog\/2017\/01\/13\/ponuda-ulcinja-na-sajmu-turizma-u-becu-2017\/#breadcrumb"},"inLanguage":"en-US","potentialAction":[{"@type":"ReadAction","target":["https:\/\/www.visit-ulcinj.com\/blog\/2017\/01\/13\/ponuda-ulcinja-na-sajmu-turizma-u-becu-2017\/"]}]},{"@type":"BreadcrumbList","@id":"https:\/\/www.visit-ulcinj.com\/blog\/2017\/01\/13\/ponuda-ulcinja-na-sajmu-turizma-u-becu-2017\/#breadcrumb","itemListElement":[{"@type":"ListItem","position":1,"name":"Ponuda TO Ulcinja na sajmu turizma u Be\u010du 2017"}]},{"@type":"Person","@id":"https:\/\/www.visit-ulcinj.com\/blog\/#\/schema\/person\/dcab619c614d3038751c63bc2aadc06d","name":"ulqini","sameAs":["http:\/\/www.visit-ulcinj.com"],"url":"https:\/\/www.visit-ulcinj.com\/blog\/author\/admin\/"}]}},"jetpack_featured_media_url":"","jetpack_sharing_enabled":true,"jetpack_shortlink":"https:\/\/wp.me\/pe6lTn-qBd","_links":{"self":[{"href":"https:\/\/www.visit-ulcinj.com\/blog\/wp-json\/wp\/v2\/posts\/102251"}],"collection":[{"href":"https:\/\/www.visit-ulcinj.com\/blog\/wp-json\/wp\/v2\/posts"}],"about":[{"href":"https:\/\/www.visit-ulcinj.com\/blog\/wp-json\/wp\/v2\/types\/post"}],"author":[{"embeddable":true,"href":"https:\/\/www.visit-ulcinj.com\/blog\/wp-json\/wp\/v2\/users\/1"}],"replies":[{"embeddable":true,"href":"https:\/\/www.visit-ulcinj.com\/blog\/wp-json\/wp\/v2\/comments?post=102251"}],"version-history":[{"count":1,"href":"https:\/\/www.visit-ulcinj.com\/blog\/wp-json\/wp\/v2\/posts\/102251\/revisions"}],"predecessor-version":[{"id":102252,"href":"https:\/\/www.visit-ulcinj.com\/blog\/wp-json\/wp\/v2\/posts\/102251\/revisions\/102252"}],"wp:attachment":[{"href":"https:\/\/www.visit-ulcinj.com\/blog\/wp-json\/wp\/v2\/media?parent=102251"}],"wp:term":[{"taxonomy":"category","embeddable":true,"href":"https:\/\/www.visit-ulcinj.com\/blog\/wp-json\/wp\/v2\/categories?post=102251"},{"taxonomy":"post_tag","embeddable":true,"href":"https:\/\/www.visit-ulcinj.com\/blog\/wp-json\/wp\/v2\/tags?post=102251"}],"curies":[{"name":"wp","href":"https:\/\/api.w.org\/{rel}","templated":true}]}}