{"id":102257,"date":"2017-01-14T17:57:45","date_gmt":"2017-01-14T16:57:45","guid":{"rendered":"http:\/\/www.visit-ulcinj.com\/blog\/?p=102257"},"modified":"2017-01-15T16:33:11","modified_gmt":"2017-01-15T15:33:11","slug":"gjystja-e-kalle-atmosferen-kengen-moj-serbi-murin-ta-rrezova","status":"publish","type":"post","link":"https:\/\/www.visit-ulcinj.com\/blog\/2017\/01\/14\/gjystja-e-kalle-atmosferen-kengen-moj-serbi-murin-ta-rrezova\/","title":{"rendered":"Gjystja e kall\u00eb atmosfer\u00ebn me k\u00ebng\u00ebn \u2018Moj Serbi murin ta rr\u00ebzova\u2019"},"content":{"rendered":"<p><strong><a href=\"http:\/\/www.visit-ulcinj.com\/blog\/wp-content\/uploads\/2017\/01\/Gjyste-Vulaj-1-1.jpg\"><img loading=\"lazy\" class=\"alignleft wp-image-102259\" src=\"http:\/\/www.visit-ulcinj.com\/blog\/wp-content\/uploads\/2017\/01\/Gjyste-Vulaj-1-1.jpg\" alt=\"Gjyste-Vulaj-\" width=\"508\" height=\"286\" \/><\/a>K\u00ebng\u00ebtarja Gjyste Vulaj \u00ebsht\u00eb shum\u00eb e dashur p\u00ebr publikun.<\/strong><\/p>\n<p>Kudo q\u00eb ajo performon, dhuron shou dhe atmosfer\u00eb t\u00eb nxeht\u00eb, p\u00ebrcjell Bota sot.<\/p>\n<p>N\u00eb nj\u00eb video t\u00eb publikuar n\u00eb rrjete sociale, shihet Gjystja teksa k\u00ebndon n\u00eb nj\u00eb mbr\u00ebmje muzikore n\u00eb Detroit dhe ndez atmosfer\u00ebn.<\/p>\n<p>\u2018Moj Serbi murin ta rr\u00ebzova, se m\u00eb thon\u00eb Ibrahim Rugova\u2019, thot\u00eb ajo n\u00eb k\u00ebng\u00ebn e saj.<\/p>\n<p><iframe loading=\"lazy\" style=\"border: none; overflow: hidden;\" src=\"https:\/\/www.facebook.com\/plugins\/video.php?href=https%3A%2F%2Fwww.facebook.com%2Fnikinina.bojaj%2Fvideos%2F1270475009658549%2F&amp;show_text=0&amp;width=400\" width=\"400\" height=\"400\" frameborder=\"0\" scrolling=\"no\" allowfullscreen=\"allowfullscreen\"><\/iframe><\/p>\n","protected":false},"excerpt":{"rendered":"<p>K\u00ebng\u00ebtarja Gjyste Vulaj \u00ebsht\u00eb shum\u00eb e dashur p\u00ebr publikun. Kudo q\u00eb ajo performon, dhuron shou dhe atmosfer\u00eb t\u00eb nxeht\u00eb, p\u00ebrcjell Bota sot. N\u00eb nj\u00eb video t\u00eb publikuar n\u00eb rrjete sociale, shihet Gjystja teksa k\u00ebndon n\u00eb nj\u00eb mbr\u00ebmje muzikore n\u00eb Detroit dhe ndez atmosfer\u00ebn. \u2018Moj Serbi murin ta rr\u00ebzova, se m\u00eb thon\u00eb Ibrahim Rugova\u2019, thot\u00eb ajo [&hellip;]<\/p>\n","protected":false},"author":1,"featured_media":0,"comment_status":"closed","ping_status":"closed","sticky":false,"template":"","format":"standard","meta":{"spay_email":"","jetpack_publicize_message":"","jetpack_is_tweetstorm":false,"jetpack_publicize_feature_enabled":true},"categories":[1],"tags":[],"jetpack_publicize_connections":[],"yoast_head":"<!-- This site is optimized with the Yoast SEO plugin v19.1 - https:\/\/yoast.com\/wordpress\/plugins\/seo\/ -->\n<title>Gjystja e kall\u00eb atmosfer\u00ebn me k\u00ebng\u00ebn \u2018Moj Serbi murin ta rr\u00ebzova\u2019 - Lajme nga Ulqini<\/title>\n<meta name=\"description\" content=\"K\u00ebng\u00ebtarja Gjyste Vulaj \u00ebsht\u00eb shum\u00eb e dashur p\u00ebr publikun. Kudo q\u00eb ajo performon, dhuron shou dhe atmosfer\u00eb t\u00eb nxeht\u00eb, p\u00ebrcjell Bota sot. N\u00eb nj\u00eb video t\u00eb\" \/>\n<meta name=\"robots\" content=\"index, follow, max-snippet:-1, max-image-preview:large, max-video-preview:-1\" \/>\n<link rel=\"canonical\" href=\"https:\/\/www.visit-ulcinj.com\/blog\/2017\/01\/14\/gjystja-e-kalle-atmosferen-kengen-moj-serbi-murin-ta-rrezova\/\" \/>\n<meta property=\"og:locale\" content=\"en_US\" \/>\n<meta property=\"og:type\" content=\"article\" \/>\n<meta property=\"og:title\" content=\"Gjystja e kall\u00eb atmosfer\u00ebn me k\u00ebng\u00ebn \u2018Moj Serbi murin ta rr\u00ebzova\u2019 - Lajme nga Ulqini\" \/>\n<meta property=\"og:description\" content=\"K\u00ebng\u00ebtarja Gjyste Vulaj \u00ebsht\u00eb shum\u00eb e dashur p\u00ebr publikun. Kudo q\u00eb ajo performon, dhuron shou dhe atmosfer\u00eb t\u00eb nxeht\u00eb, p\u00ebrcjell Bota sot. N\u00eb nj\u00eb video t\u00eb\" \/>\n<meta property=\"og:url\" content=\"https:\/\/www.visit-ulcinj.com\/blog\/2017\/01\/14\/gjystja-e-kalle-atmosferen-kengen-moj-serbi-murin-ta-rrezova\/\" \/>\n<meta property=\"og:site_name\" content=\"Lajme nga Ulqini\" \/>\n<meta property=\"article:published_time\" content=\"2017-01-14T16:57:45+00:00\" \/>\n<meta property=\"article:modified_time\" content=\"2017-01-15T15:33:11+00:00\" \/>\n<meta property=\"og:image\" content=\"http:\/\/www.visit-ulcinj.com\/blog\/wp-content\/uploads\/2017\/01\/Gjyste-Vulaj-1-1.jpg\" \/>\n<meta name=\"twitter:label1\" content=\"Written by\" \/>\n\t<meta name=\"twitter:data1\" content=\"ulqini\" \/>\n<script type=\"application\/ld+json\" class=\"yoast-schema-graph\">{\"@context\":\"https:\/\/schema.org\",\"@graph\":[{\"@type\":\"WebSite\",\"@id\":\"https:\/\/www.visit-ulcinj.com\/blog\/#website\",\"url\":\"https:\/\/www.visit-ulcinj.com\/blog\/\",\"name\":\"Lajme nga Ulqini\",\"description\":\"Lajme,Vijesti,Ulqini,Ulqin,Crna Gora,Mali i Zi\",\"potentialAction\":[{\"@type\":\"SearchAction\",\"target\":{\"@type\":\"EntryPoint\",\"urlTemplate\":\"https:\/\/www.visit-ulcinj.com\/blog\/?s={search_term_string}\"},\"query-input\":\"required name=search_term_string\"}],\"inLanguage\":\"en-US\"},{\"@type\":\"ImageObject\",\"inLanguage\":\"en-US\",\"@id\":\"https:\/\/www.visit-ulcinj.com\/blog\/2017\/01\/14\/gjystja-e-kalle-atmosferen-kengen-moj-serbi-murin-ta-rrezova\/#primaryimage\",\"url\":\"http:\/\/www.visit-ulcinj.com\/blog\/wp-content\/uploads\/2017\/01\/Gjyste-Vulaj-1-1.jpg\",\"contentUrl\":\"http:\/\/www.visit-ulcinj.com\/blog\/wp-content\/uploads\/2017\/01\/Gjyste-Vulaj-1-1.jpg\"},{\"@type\":\"WebPage\",\"@id\":\"https:\/\/www.visit-ulcinj.com\/blog\/2017\/01\/14\/gjystja-e-kalle-atmosferen-kengen-moj-serbi-murin-ta-rrezova\/#webpage\",\"url\":\"https:\/\/www.visit-ulcinj.com\/blog\/2017\/01\/14\/gjystja-e-kalle-atmosferen-kengen-moj-serbi-murin-ta-rrezova\/\",\"name\":\"Gjystja e kall\u00eb atmosfer\u00ebn me k\u00ebng\u00ebn \u2018Moj Serbi murin ta rr\u00ebzova\u2019 - Lajme nga Ulqini\",\"isPartOf\":{\"@id\":\"https:\/\/www.visit-ulcinj.com\/blog\/#website\"},\"primaryImageOfPage\":{\"@id\":\"https:\/\/www.visit-ulcinj.com\/blog\/2017\/01\/14\/gjystja-e-kalle-atmosferen-kengen-moj-serbi-murin-ta-rrezova\/#primaryimage\"},\"datePublished\":\"2017-01-14T16:57:45+00:00\",\"dateModified\":\"2017-01-15T15:33:11+00:00\",\"author\":{\"@id\":\"https:\/\/www.visit-ulcinj.com\/blog\/#\/schema\/person\/dcab619c614d3038751c63bc2aadc06d\"},\"description\":\"K\u00ebng\u00ebtarja Gjyste Vulaj \u00ebsht\u00eb shum\u00eb e dashur p\u00ebr publikun. Kudo q\u00eb ajo performon, dhuron shou dhe atmosfer\u00eb t\u00eb nxeht\u00eb, p\u00ebrcjell Bota sot. N\u00eb nj\u00eb video t\u00eb\",\"breadcrumb\":{\"@id\":\"https:\/\/www.visit-ulcinj.com\/blog\/2017\/01\/14\/gjystja-e-kalle-atmosferen-kengen-moj-serbi-murin-ta-rrezova\/#breadcrumb\"},\"inLanguage\":\"en-US\",\"potentialAction\":[{\"@type\":\"ReadAction\",\"target\":[\"https:\/\/www.visit-ulcinj.com\/blog\/2017\/01\/14\/gjystja-e-kalle-atmosferen-kengen-moj-serbi-murin-ta-rrezova\/\"]}]},{\"@type\":\"BreadcrumbList\",\"@id\":\"https:\/\/www.visit-ulcinj.com\/blog\/2017\/01\/14\/gjystja-e-kalle-atmosferen-kengen-moj-serbi-murin-ta-rrezova\/#breadcrumb\",\"itemListElement\":[{\"@type\":\"ListItem\",\"position\":1,\"name\":\"Gjystja e kall\u00eb atmosfer\u00ebn me k\u00ebng\u00ebn \u2018Moj Serbi murin ta rr\u00ebzova\u2019\"}]},{\"@type\":\"Person\",\"@id\":\"https:\/\/www.visit-ulcinj.com\/blog\/#\/schema\/person\/dcab619c614d3038751c63bc2aadc06d\",\"name\":\"ulqini\",\"sameAs\":[\"http:\/\/www.visit-ulcinj.com\"],\"url\":\"https:\/\/www.visit-ulcinj.com\/blog\/author\/admin\/\"}]}<\/script>\n<!-- \/ Yoast SEO plugin. -->","yoast_head_json":{"title":"Gjystja e kall\u00eb atmosfer\u00ebn me k\u00ebng\u00ebn \u2018Moj Serbi murin ta rr\u00ebzova\u2019 - Lajme nga Ulqini","description":"K\u00ebng\u00ebtarja Gjyste Vulaj \u00ebsht\u00eb shum\u00eb e dashur p\u00ebr publikun. Kudo q\u00eb ajo performon, dhuron shou dhe atmosfer\u00eb t\u00eb nxeht\u00eb, p\u00ebrcjell Bota sot. N\u00eb nj\u00eb video t\u00eb","robots":{"index":"index","follow":"follow","max-snippet":"max-snippet:-1","max-image-preview":"max-image-preview:large","max-video-preview":"max-video-preview:-1"},"canonical":"https:\/\/www.visit-ulcinj.com\/blog\/2017\/01\/14\/gjystja-e-kalle-atmosferen-kengen-moj-serbi-murin-ta-rrezova\/","og_locale":"en_US","og_type":"article","og_title":"Gjystja e kall\u00eb atmosfer\u00ebn me k\u00ebng\u00ebn \u2018Moj Serbi murin ta rr\u00ebzova\u2019 - Lajme nga Ulqini","og_description":"K\u00ebng\u00ebtarja Gjyste Vulaj \u00ebsht\u00eb shum\u00eb e dashur p\u00ebr publikun. Kudo q\u00eb ajo performon, dhuron shou dhe atmosfer\u00eb t\u00eb nxeht\u00eb, p\u00ebrcjell Bota sot. N\u00eb nj\u00eb video t\u00eb","og_url":"https:\/\/www.visit-ulcinj.com\/blog\/2017\/01\/14\/gjystja-e-kalle-atmosferen-kengen-moj-serbi-murin-ta-rrezova\/","og_site_name":"Lajme nga Ulqini","article_published_time":"2017-01-14T16:57:45+00:00","article_modified_time":"2017-01-15T15:33:11+00:00","og_image":[{"url":"http:\/\/www.visit-ulcinj.com\/blog\/wp-content\/uploads\/2017\/01\/Gjyste-Vulaj-1-1.jpg"}],"twitter_misc":{"Written by":"ulqini"},"schema":{"@context":"https:\/\/schema.org","@graph":[{"@type":"WebSite","@id":"https:\/\/www.visit-ulcinj.com\/blog\/#website","url":"https:\/\/www.visit-ulcinj.com\/blog\/","name":"Lajme nga Ulqini","description":"Lajme,Vijesti,Ulqini,Ulqin,Crna Gora,Mali i Zi","potentialAction":[{"@type":"SearchAction","target":{"@type":"EntryPoint","urlTemplate":"https:\/\/www.visit-ulcinj.com\/blog\/?s={search_term_string}"},"query-input":"required name=search_term_string"}],"inLanguage":"en-US"},{"@type":"ImageObject","inLanguage":"en-US","@id":"https:\/\/www.visit-ulcinj.com\/blog\/2017\/01\/14\/gjystja-e-kalle-atmosferen-kengen-moj-serbi-murin-ta-rrezova\/#primaryimage","url":"http:\/\/www.visit-ulcinj.com\/blog\/wp-content\/uploads\/2017\/01\/Gjyste-Vulaj-1-1.jpg","contentUrl":"http:\/\/www.visit-ulcinj.com\/blog\/wp-content\/uploads\/2017\/01\/Gjyste-Vulaj-1-1.jpg"},{"@type":"WebPage","@id":"https:\/\/www.visit-ulcinj.com\/blog\/2017\/01\/14\/gjystja-e-kalle-atmosferen-kengen-moj-serbi-murin-ta-rrezova\/#webpage","url":"https:\/\/www.visit-ulcinj.com\/blog\/2017\/01\/14\/gjystja-e-kalle-atmosferen-kengen-moj-serbi-murin-ta-rrezova\/","name":"Gjystja e kall\u00eb atmosfer\u00ebn me k\u00ebng\u00ebn \u2018Moj Serbi murin ta rr\u00ebzova\u2019 - Lajme nga Ulqini","isPartOf":{"@id":"https:\/\/www.visit-ulcinj.com\/blog\/#website"},"primaryImageOfPage":{"@id":"https:\/\/www.visit-ulcinj.com\/blog\/2017\/01\/14\/gjystja-e-kalle-atmosferen-kengen-moj-serbi-murin-ta-rrezova\/#primaryimage"},"datePublished":"2017-01-14T16:57:45+00:00","dateModified":"2017-01-15T15:33:11+00:00","author":{"@id":"https:\/\/www.visit-ulcinj.com\/blog\/#\/schema\/person\/dcab619c614d3038751c63bc2aadc06d"},"description":"K\u00ebng\u00ebtarja Gjyste Vulaj \u00ebsht\u00eb shum\u00eb e dashur p\u00ebr publikun. Kudo q\u00eb ajo performon, dhuron shou dhe atmosfer\u00eb t\u00eb nxeht\u00eb, p\u00ebrcjell Bota sot. N\u00eb nj\u00eb video t\u00eb","breadcrumb":{"@id":"https:\/\/www.visit-ulcinj.com\/blog\/2017\/01\/14\/gjystja-e-kalle-atmosferen-kengen-moj-serbi-murin-ta-rrezova\/#breadcrumb"},"inLanguage":"en-US","potentialAction":[{"@type":"ReadAction","target":["https:\/\/www.visit-ulcinj.com\/blog\/2017\/01\/14\/gjystja-e-kalle-atmosferen-kengen-moj-serbi-murin-ta-rrezova\/"]}]},{"@type":"BreadcrumbList","@id":"https:\/\/www.visit-ulcinj.com\/blog\/2017\/01\/14\/gjystja-e-kalle-atmosferen-kengen-moj-serbi-murin-ta-rrezova\/#breadcrumb","itemListElement":[{"@type":"ListItem","position":1,"name":"Gjystja e kall\u00eb atmosfer\u00ebn me k\u00ebng\u00ebn \u2018Moj Serbi murin ta rr\u00ebzova\u2019"}]},{"@type":"Person","@id":"https:\/\/www.visit-ulcinj.com\/blog\/#\/schema\/person\/dcab619c614d3038751c63bc2aadc06d","name":"ulqini","sameAs":["http:\/\/www.visit-ulcinj.com"],"url":"https:\/\/www.visit-ulcinj.com\/blog\/author\/admin\/"}]}},"jetpack_featured_media_url":"","jetpack_sharing_enabled":true,"jetpack_shortlink":"https:\/\/wp.me\/pe6lTn-qBj","_links":{"self":[{"href":"https:\/\/www.visit-ulcinj.com\/blog\/wp-json\/wp\/v2\/posts\/102257"}],"collection":[{"href":"https:\/\/www.visit-ulcinj.com\/blog\/wp-json\/wp\/v2\/posts"}],"about":[{"href":"https:\/\/www.visit-ulcinj.com\/blog\/wp-json\/wp\/v2\/types\/post"}],"author":[{"embeddable":true,"href":"https:\/\/www.visit-ulcinj.com\/blog\/wp-json\/wp\/v2\/users\/1"}],"replies":[{"embeddable":true,"href":"https:\/\/www.visit-ulcinj.com\/blog\/wp-json\/wp\/v2\/comments?post=102257"}],"version-history":[{"count":1,"href":"https:\/\/www.visit-ulcinj.com\/blog\/wp-json\/wp\/v2\/posts\/102257\/revisions"}],"predecessor-version":[{"id":102260,"href":"https:\/\/www.visit-ulcinj.com\/blog\/wp-json\/wp\/v2\/posts\/102257\/revisions\/102260"}],"wp:attachment":[{"href":"https:\/\/www.visit-ulcinj.com\/blog\/wp-json\/wp\/v2\/media?parent=102257"}],"wp:term":[{"taxonomy":"category","embeddable":true,"href":"https:\/\/www.visit-ulcinj.com\/blog\/wp-json\/wp\/v2\/categories?post=102257"},{"taxonomy":"post_tag","embeddable":true,"href":"https:\/\/www.visit-ulcinj.com\/blog\/wp-json\/wp\/v2\/tags?post=102257"}],"curies":[{"name":"wp","href":"https:\/\/api.w.org\/{rel}","templated":true}]}}