{"id":102262,"date":"2017-01-14T18:17:42","date_gmt":"2017-01-14T17:17:42","guid":{"rendered":"http:\/\/www.visit-ulcinj.com\/blog\/?p=102262"},"modified":"2017-01-28T19:02:32","modified_gmt":"2017-01-28T18:02:32","slug":"olta-gixhari-heq-mbathjet-ne-spektakel-te-ermal-mamaqit","status":"publish","type":"post","link":"https:\/\/www.visit-ulcinj.com\/blog\/2017\/01\/14\/olta-gixhari-heq-mbathjet-ne-spektakel-te-ermal-mamaqit\/","title":{"rendered":"Olta Gixhari heq mbathjet n\u00eb spektak\u00ebl t\u00eb Ermal Mamaqit"},"content":{"rendered":"<p><a href=\"http:\/\/www.visit-ulcinj.com\/blog\/wp-content\/uploads\/2017\/01\/Olta-Gixhari-heq-mbathjet-n\u00eb-spektak\u00ebl-t\u00eb-Ermal-Mamaqit-.jpg\"><img loading=\"lazy\" class=\"alignleft wp-image-102263\" src=\"http:\/\/www.visit-ulcinj.com\/blog\/wp-content\/uploads\/2017\/01\/Olta-Gixhari-heq-mbathjet-n\u00eb-spektak\u00ebl-t\u00eb-Ermal-Mamaqit-.jpg\" alt=\"Olta Gixhari heq mbathjet n\u00eb spektak\u00ebl t\u00eb Ermal Mamaqit\" width=\"508\" height=\"286\" \/><\/a>Aktorja Olta Gixhari b\u00ebn spektak\u00ebl duke u shfaqur pa mbathje n\u00eb emisionin e Ermal Mamaqit n\u00eb TV KLAN, duke b\u00ebr\u00eb t\u00eb gjitha mediat roz\u00eb t\u00eb flasin p\u00ebr t\u00eb. Olta nuk nguroi t\u00eb zbulonte k\u00ebmb\u00ebt, fal\u00eb pantollave t\u00eb ngushta.<\/p>\n<p>Kaq mjaftoi q\u00eb mediat roz\u00eb t\u00eb \u201cshp\u00ebrthenin\u201d me lajme, madje duke vendosur n\u00eb goj\u00ebn e Olt\u00ebs nj\u00eb shprehje q\u00eb ajo nuk u d\u00ebgjua ta thoshte gjat\u00eb spektaklit, \u2018Kam 5 vjet q\u00eb nuk vesh brek\u00eb,\u201d prandaj Ermal Mamaqi d\u00ebshiroj ta dije a vesh brek Olta apo jo.<\/p>\n<p><a href=\"http:\/\/www.visit-ulcinj.com\/blog\/wp-content\/uploads\/2017\/01\/Olta-Gixhari-heq-mbathjet-n\u00eb-spektak\u00ebl-t\u00eb-Ermal-Mamaqit-1.jpg\"><img loading=\"lazy\" class=\"alignleft wp-image-102266\" src=\"http:\/\/www.visit-ulcinj.com\/blog\/wp-content\/uploads\/2017\/01\/Olta-Gixhari-heq-mbathjet-n\u00eb-spektak\u00ebl-t\u00eb-Ermal-Mamaqit-1.jpg\" alt=\"Olta Gixhari heq mbathjet n\u00eb spektak\u00ebl t\u00eb Ermal Mamaqit-1\" width=\"508\" height=\"280\" \/><\/a><\/p>\n<p>Shiko videon e radh\u00ebs:<\/p>\n<p><iframe loading=\"lazy\" style=\"border: none; overflow: hidden;\" src=\"https:\/\/www.facebook.com\/plugins\/video.php?href=https%3A%2F%2Fwww.facebook.com%2FErmal.Mamaqi.Official%2Fvideos%2F1739668616058663%2F&amp;show_text=0&amp;width=508\" width=\"508\" height=\"335\" frameborder=\"0\" scrolling=\"no\" allowfullscreen=\"allowfullscreen\"><\/iframe><!--YouTube Error: bad URL entered--><\/p>\n","protected":false},"excerpt":{"rendered":"<p>Aktorja Olta Gixhari b\u00ebn spektak\u00ebl duke u shfaqur pa mbathje n\u00eb emisionin e Ermal Mamaqit n\u00eb TV KLAN, duke b\u00ebr\u00eb t\u00eb gjitha mediat roz\u00eb t\u00eb flasin p\u00ebr t\u00eb. Olta nuk nguroi t\u00eb zbulonte k\u00ebmb\u00ebt, fal\u00eb pantollave t\u00eb ngushta. Kaq mjaftoi q\u00eb mediat roz\u00eb t\u00eb \u201cshp\u00ebrthenin\u201d me lajme, madje duke vendosur n\u00eb goj\u00ebn e Olt\u00ebs nj\u00eb [&hellip;]<\/p>\n","protected":false},"author":1,"featured_media":0,"comment_status":"closed","ping_status":"closed","sticky":false,"template":"","format":"standard","meta":{"spay_email":"","jetpack_publicize_message":"","jetpack_is_tweetstorm":false,"jetpack_publicize_feature_enabled":true},"categories":[6950],"tags":[],"jetpack_publicize_connections":[],"yoast_head":"<!-- This site is optimized with the Yoast SEO plugin v19.1 - https:\/\/yoast.com\/wordpress\/plugins\/seo\/ -->\n<title>Olta Gixhari heq mbathjet n\u00eb spektak\u00ebl t\u00eb Ermal Mamaqit - Lajme nga Ulqini<\/title>\n<meta name=\"description\" content=\"Aktorja Olta Gixhari b\u00ebn spektak\u00ebl duke u shfaqur pa mbathje n\u00eb emisionin e Ermal Mamaqit n\u00eb TV KLAN, duke b\u00ebr\u00eb t\u00eb gjitha mediat roz\u00eb t\u00eb flasin p\u00ebr t\u00eb.\" \/>\n<meta name=\"robots\" content=\"index, follow, max-snippet:-1, max-image-preview:large, max-video-preview:-1\" \/>\n<link rel=\"canonical\" href=\"https:\/\/www.visit-ulcinj.com\/blog\/2017\/01\/14\/olta-gixhari-heq-mbathjet-ne-spektakel-te-ermal-mamaqit\/\" \/>\n<meta property=\"og:locale\" content=\"en_US\" \/>\n<meta property=\"og:type\" content=\"article\" \/>\n<meta property=\"og:title\" content=\"Olta Gixhari heq mbathjet n\u00eb spektak\u00ebl t\u00eb Ermal Mamaqit - Lajme nga Ulqini\" \/>\n<meta property=\"og:description\" content=\"Aktorja Olta Gixhari b\u00ebn spektak\u00ebl duke u shfaqur pa mbathje n\u00eb emisionin e Ermal Mamaqit n\u00eb TV KLAN, duke b\u00ebr\u00eb t\u00eb gjitha mediat roz\u00eb t\u00eb flasin p\u00ebr t\u00eb.\" \/>\n<meta property=\"og:url\" content=\"https:\/\/www.visit-ulcinj.com\/blog\/2017\/01\/14\/olta-gixhari-heq-mbathjet-ne-spektakel-te-ermal-mamaqit\/\" \/>\n<meta property=\"og:site_name\" content=\"Lajme nga Ulqini\" \/>\n<meta property=\"article:published_time\" content=\"2017-01-14T17:17:42+00:00\" \/>\n<meta property=\"article:modified_time\" content=\"2017-01-28T18:02:32+00:00\" \/>\n<meta name=\"twitter:label1\" content=\"Written by\" \/>\n\t<meta name=\"twitter:data1\" content=\"ulqini\" \/>\n\t<meta name=\"twitter:label2\" content=\"Est. reading time\" \/>\n\t<meta name=\"twitter:data2\" content=\"1 minute\" \/>\n<script type=\"application\/ld+json\" class=\"yoast-schema-graph\">{\"@context\":\"https:\/\/schema.org\",\"@graph\":[{\"@type\":\"WebSite\",\"@id\":\"https:\/\/www.visit-ulcinj.com\/blog\/#website\",\"url\":\"https:\/\/www.visit-ulcinj.com\/blog\/\",\"name\":\"Lajme nga Ulqini\",\"description\":\"Lajme,Vijesti,Ulqini,Ulqin,Crna Gora,Mali i Zi\",\"potentialAction\":[{\"@type\":\"SearchAction\",\"target\":{\"@type\":\"EntryPoint\",\"urlTemplate\":\"https:\/\/www.visit-ulcinj.com\/blog\/?s={search_term_string}\"},\"query-input\":\"required name=search_term_string\"}],\"inLanguage\":\"en-US\"},{\"@type\":\"WebPage\",\"@id\":\"https:\/\/www.visit-ulcinj.com\/blog\/2017\/01\/14\/olta-gixhari-heq-mbathjet-ne-spektakel-te-ermal-mamaqit\/#webpage\",\"url\":\"https:\/\/www.visit-ulcinj.com\/blog\/2017\/01\/14\/olta-gixhari-heq-mbathjet-ne-spektakel-te-ermal-mamaqit\/\",\"name\":\"Olta Gixhari heq mbathjet n\u00eb spektak\u00ebl t\u00eb Ermal Mamaqit - Lajme nga Ulqini\",\"isPartOf\":{\"@id\":\"https:\/\/www.visit-ulcinj.com\/blog\/#website\"},\"datePublished\":\"2017-01-14T17:17:42+00:00\",\"dateModified\":\"2017-01-28T18:02:32+00:00\",\"author\":{\"@id\":\"https:\/\/www.visit-ulcinj.com\/blog\/#\/schema\/person\/dcab619c614d3038751c63bc2aadc06d\"},\"description\":\"Aktorja Olta Gixhari b\u00ebn spektak\u00ebl duke u shfaqur pa mbathje n\u00eb emisionin e Ermal Mamaqit n\u00eb TV KLAN, duke b\u00ebr\u00eb t\u00eb gjitha mediat roz\u00eb t\u00eb flasin p\u00ebr t\u00eb.\",\"breadcrumb\":{\"@id\":\"https:\/\/www.visit-ulcinj.com\/blog\/2017\/01\/14\/olta-gixhari-heq-mbathjet-ne-spektakel-te-ermal-mamaqit\/#breadcrumb\"},\"inLanguage\":\"en-US\",\"potentialAction\":[{\"@type\":\"ReadAction\",\"target\":[\"https:\/\/www.visit-ulcinj.com\/blog\/2017\/01\/14\/olta-gixhari-heq-mbathjet-ne-spektakel-te-ermal-mamaqit\/\"]}]},{\"@type\":\"BreadcrumbList\",\"@id\":\"https:\/\/www.visit-ulcinj.com\/blog\/2017\/01\/14\/olta-gixhari-heq-mbathjet-ne-spektakel-te-ermal-mamaqit\/#breadcrumb\",\"itemListElement\":[{\"@type\":\"ListItem\",\"position\":1,\"name\":\"Olta Gixhari heq mbathjet n\u00eb spektak\u00ebl t\u00eb Ermal Mamaqit\"}]},{\"@type\":\"Person\",\"@id\":\"https:\/\/www.visit-ulcinj.com\/blog\/#\/schema\/person\/dcab619c614d3038751c63bc2aadc06d\",\"name\":\"ulqini\",\"sameAs\":[\"http:\/\/www.visit-ulcinj.com\"],\"url\":\"https:\/\/www.visit-ulcinj.com\/blog\/author\/admin\/\"}]}<\/script>\n<!-- \/ Yoast SEO plugin. -->","yoast_head_json":{"title":"Olta Gixhari heq mbathjet n\u00eb spektak\u00ebl t\u00eb Ermal Mamaqit - Lajme nga Ulqini","description":"Aktorja Olta Gixhari b\u00ebn spektak\u00ebl duke u shfaqur pa mbathje n\u00eb emisionin e Ermal Mamaqit n\u00eb TV KLAN, duke b\u00ebr\u00eb t\u00eb gjitha mediat roz\u00eb t\u00eb flasin p\u00ebr t\u00eb.","robots":{"index":"index","follow":"follow","max-snippet":"max-snippet:-1","max-image-preview":"max-image-preview:large","max-video-preview":"max-video-preview:-1"},"canonical":"https:\/\/www.visit-ulcinj.com\/blog\/2017\/01\/14\/olta-gixhari-heq-mbathjet-ne-spektakel-te-ermal-mamaqit\/","og_locale":"en_US","og_type":"article","og_title":"Olta Gixhari heq mbathjet n\u00eb spektak\u00ebl t\u00eb Ermal Mamaqit - Lajme nga Ulqini","og_description":"Aktorja Olta Gixhari b\u00ebn spektak\u00ebl duke u shfaqur pa mbathje n\u00eb emisionin e Ermal Mamaqit n\u00eb TV KLAN, duke b\u00ebr\u00eb t\u00eb gjitha mediat roz\u00eb t\u00eb flasin p\u00ebr t\u00eb.","og_url":"https:\/\/www.visit-ulcinj.com\/blog\/2017\/01\/14\/olta-gixhari-heq-mbathjet-ne-spektakel-te-ermal-mamaqit\/","og_site_name":"Lajme nga Ulqini","article_published_time":"2017-01-14T17:17:42+00:00","article_modified_time":"2017-01-28T18:02:32+00:00","twitter_misc":{"Written by":"ulqini","Est. reading time":"1 minute"},"schema":{"@context":"https:\/\/schema.org","@graph":[{"@type":"WebSite","@id":"https:\/\/www.visit-ulcinj.com\/blog\/#website","url":"https:\/\/www.visit-ulcinj.com\/blog\/","name":"Lajme nga Ulqini","description":"Lajme,Vijesti,Ulqini,Ulqin,Crna Gora,Mali i Zi","potentialAction":[{"@type":"SearchAction","target":{"@type":"EntryPoint","urlTemplate":"https:\/\/www.visit-ulcinj.com\/blog\/?s={search_term_string}"},"query-input":"required name=search_term_string"}],"inLanguage":"en-US"},{"@type":"WebPage","@id":"https:\/\/www.visit-ulcinj.com\/blog\/2017\/01\/14\/olta-gixhari-heq-mbathjet-ne-spektakel-te-ermal-mamaqit\/#webpage","url":"https:\/\/www.visit-ulcinj.com\/blog\/2017\/01\/14\/olta-gixhari-heq-mbathjet-ne-spektakel-te-ermal-mamaqit\/","name":"Olta Gixhari heq mbathjet n\u00eb spektak\u00ebl t\u00eb Ermal Mamaqit - Lajme nga Ulqini","isPartOf":{"@id":"https:\/\/www.visit-ulcinj.com\/blog\/#website"},"datePublished":"2017-01-14T17:17:42+00:00","dateModified":"2017-01-28T18:02:32+00:00","author":{"@id":"https:\/\/www.visit-ulcinj.com\/blog\/#\/schema\/person\/dcab619c614d3038751c63bc2aadc06d"},"description":"Aktorja Olta Gixhari b\u00ebn spektak\u00ebl duke u shfaqur pa mbathje n\u00eb emisionin e Ermal Mamaqit n\u00eb TV KLAN, duke b\u00ebr\u00eb t\u00eb gjitha mediat roz\u00eb t\u00eb flasin p\u00ebr t\u00eb.","breadcrumb":{"@id":"https:\/\/www.visit-ulcinj.com\/blog\/2017\/01\/14\/olta-gixhari-heq-mbathjet-ne-spektakel-te-ermal-mamaqit\/#breadcrumb"},"inLanguage":"en-US","potentialAction":[{"@type":"ReadAction","target":["https:\/\/www.visit-ulcinj.com\/blog\/2017\/01\/14\/olta-gixhari-heq-mbathjet-ne-spektakel-te-ermal-mamaqit\/"]}]},{"@type":"BreadcrumbList","@id":"https:\/\/www.visit-ulcinj.com\/blog\/2017\/01\/14\/olta-gixhari-heq-mbathjet-ne-spektakel-te-ermal-mamaqit\/#breadcrumb","itemListElement":[{"@type":"ListItem","position":1,"name":"Olta Gixhari heq mbathjet n\u00eb spektak\u00ebl t\u00eb Ermal Mamaqit"}]},{"@type":"Person","@id":"https:\/\/www.visit-ulcinj.com\/blog\/#\/schema\/person\/dcab619c614d3038751c63bc2aadc06d","name":"ulqini","sameAs":["http:\/\/www.visit-ulcinj.com"],"url":"https:\/\/www.visit-ulcinj.com\/blog\/author\/admin\/"}]}},"jetpack_featured_media_url":"","jetpack_sharing_enabled":true,"jetpack_shortlink":"https:\/\/wp.me\/pe6lTn-qBo","_links":{"self":[{"href":"https:\/\/www.visit-ulcinj.com\/blog\/wp-json\/wp\/v2\/posts\/102262"}],"collection":[{"href":"https:\/\/www.visit-ulcinj.com\/blog\/wp-json\/wp\/v2\/posts"}],"about":[{"href":"https:\/\/www.visit-ulcinj.com\/blog\/wp-json\/wp\/v2\/types\/post"}],"author":[{"embeddable":true,"href":"https:\/\/www.visit-ulcinj.com\/blog\/wp-json\/wp\/v2\/users\/1"}],"replies":[{"embeddable":true,"href":"https:\/\/www.visit-ulcinj.com\/blog\/wp-json\/wp\/v2\/comments?post=102262"}],"version-history":[{"count":4,"href":"https:\/\/www.visit-ulcinj.com\/blog\/wp-json\/wp\/v2\/posts\/102262\/revisions"}],"predecessor-version":[{"id":102269,"href":"https:\/\/www.visit-ulcinj.com\/blog\/wp-json\/wp\/v2\/posts\/102262\/revisions\/102269"}],"wp:attachment":[{"href":"https:\/\/www.visit-ulcinj.com\/blog\/wp-json\/wp\/v2\/media?parent=102262"}],"wp:term":[{"taxonomy":"category","embeddable":true,"href":"https:\/\/www.visit-ulcinj.com\/blog\/wp-json\/wp\/v2\/categories?post=102262"},{"taxonomy":"post_tag","embeddable":true,"href":"https:\/\/www.visit-ulcinj.com\/blog\/wp-json\/wp\/v2\/tags?post=102262"}],"curies":[{"name":"wp","href":"https:\/\/api.w.org\/{rel}","templated":true}]}}