{"id":102326,"date":"2017-01-18T15:35:38","date_gmt":"2017-01-18T14:35:38","guid":{"rendered":"http:\/\/www.visit-ulcinj.com\/blog\/?p=102326"},"modified":"2017-01-19T16:51:38","modified_gmt":"2017-01-19T15:51:38","slug":"investitoret-nga-franca-te-interesuar-per-plazhin-e-madhe-te-ulqinit","status":"publish","type":"post","link":"https:\/\/www.visit-ulcinj.com\/blog\/2017\/01\/18\/investitoret-nga-franca-te-interesuar-per-plazhin-e-madhe-te-ulqinit\/","title":{"rendered":"Investitor\u00ebt nga Franca t\u00eb interesuar p\u00ebr plazhin e madh\u00eb t\u00eb Ulqinit"},"content":{"rendered":"<p><strong><a href=\"http:\/\/www.visit-ulcinj.com\/blog\/wp-content\/uploads\/2017\/01\/Francuzi-zainteresovani-za-Veliku-plazu-Ulcinj-4.jpg\"><img loading=\"lazy\" class=\"alignleft wp-image-102322\" src=\"http:\/\/www.visit-ulcinj.com\/blog\/wp-content\/uploads\/2017\/01\/Francuzi-zainteresovani-za-Veliku-plazu-Ulcinj-4.jpg\" alt=\"Francuzi zainteresovani za Veliku plazu-Ulcinj-4\" width=\"508\" height=\"280\" srcset=\"https:\/\/www.visit-ulcinj.com\/blog\/wp-content\/uploads\/2017\/01\/Francuzi-zainteresovani-za-Veliku-plazu-Ulcinj-4.jpg 1120w, https:\/\/www.visit-ulcinj.com\/blog\/wp-content\/uploads\/2017\/01\/Francuzi-zainteresovani-za-Veliku-plazu-Ulcinj-4-300x166.jpg 300w, https:\/\/www.visit-ulcinj.com\/blog\/wp-content\/uploads\/2017\/01\/Francuzi-zainteresovani-za-Veliku-plazu-Ulcinj-4-768x424.jpg 768w, https:\/\/www.visit-ulcinj.com\/blog\/wp-content\/uploads\/2017\/01\/Francuzi-zainteresovani-za-Veliku-plazu-Ulcinj-4-1024x565.jpg 1024w\" sizes=\"(max-width: 508px) 100vw, 508px\" \/><\/a>P\u00ebrfaq\u00ebsues dhe afarist\u00eb nga Franca u shprehen t\u00eb gatsh\u00ebm p\u00ebr t\u00eb bashk\u00ebpunuar ngusht\u00eb me kompanit\u00eb vendore dhe me komun\u00ebn e Ulqinit por edhe p\u00ebr t\u00eb investuar kapitalin e tyre n\u00eb qytetin e Ulqinit.<\/strong><\/p>\n<p>Nj\u00eb delegacion i investitor\u00ebve dhe projektuesve francez, t\u00eb shoq\u00ebruar nga princi Nikolla Petroviq, q\u00ebndruan sot p\u00ebr vizit\u00eb n\u00eb Ulqin ku u takuan me zyrtar\u00ebt m\u00eb t\u00eb lart\u00eb t\u00eb Komun\u00ebs.<\/p>\n<p>N\u00eb takim mor\u00ebn pjes\u00eb edhe p\u00ebrfaqsuesit e ministris\u00eb s\u00eb turizmit dhe zhvillimit t\u00eb q\u00ebndruesh\u00ebm. Princi Nikolla Petroviq tha p\u00ebr televizionin Teuta \u00a0se Ulqini dhe sidomos Plazhi i Madh jan\u00eb mjaft t\u00ebrheq\u00ebs p\u00ebr invesistitor\u00ebt e huaj, dhe se kjo e fundit n\u00eb vitet e ardhsh\u00ebm do t\u00eb jet\u00eb destinacioni kryeosr turistik i Malit t\u00eb Zi.<\/p>\n\n\t\t<style type=\"text\/css\">\n\t\t\t#gallery-1 {\n\t\t\t\tmargin: auto;\n\t\t\t}\n\t\t\t#gallery-1 .gallery-item {\n\t\t\t\tfloat: left;\n\t\t\t\tmargin-top: 10px;\n\t\t\t\ttext-align: center;\n\t\t\t\twidth: 33%;\n\t\t\t}\n\t\t\t#gallery-1 img {\n\t\t\t\tborder: 2px solid #cfcfcf;\n\t\t\t}\n\t\t\t#gallery-1 .gallery-caption {\n\t\t\t\tmargin-left: 0;\n\t\t\t}\n\t\t\t\/* see gallery_shortcode() in wp-includes\/media.php *\/\n\t\t<\/style>\n\t\t<div id='gallery-1' class='gallery galleryid-102326 gallery-columns-3 gallery-size-thumbnail'><dl class='gallery-item'>\n\t\t\t<dt class='gallery-icon landscape'>\n\t\t\t\t<a href='https:\/\/www.visit-ulcinj.com\/blog\/2017\/01\/18\/francuzi-zainteresovani-za-veliku-plazu-foto\/francuzi-zainteresovani-za-veliku-plazu-ulcinj-5\/'><img width=\"150\" height=\"150\" src=\"https:\/\/www.visit-ulcinj.com\/blog\/wp-content\/uploads\/2017\/01\/Francuzi-zainteresovani-za-Veliku-plazu-Ulcinj-5-150x150.jpg\" class=\"attachment-thumbnail size-thumbnail\" alt=\"\" loading=\"lazy\" \/><\/a>\n\t\t\t<\/dt><\/dl><dl class='gallery-item'>\n\t\t\t<dt class='gallery-icon landscape'>\n\t\t\t\t<a href='https:\/\/www.visit-ulcinj.com\/blog\/2017\/01\/18\/francuzi-zainteresovani-za-veliku-plazu-foto\/francuzi-zainteresovani-za-veliku-plazu-ulcinj-3\/'><img width=\"150\" height=\"150\" src=\"https:\/\/www.visit-ulcinj.com\/blog\/wp-content\/uploads\/2017\/01\/Francuzi-zainteresovani-za-Veliku-plazu-Ulcinj-3-150x150.jpg\" class=\"attachment-thumbnail size-thumbnail\" alt=\"\" loading=\"lazy\" \/><\/a>\n\t\t\t<\/dt><\/dl><dl class='gallery-item'>\n\t\t\t<dt class='gallery-icon landscape'>\n\t\t\t\t<a href='https:\/\/www.visit-ulcinj.com\/blog\/2017\/01\/18\/francuzi-zainteresovani-za-veliku-plazu-foto\/francuzi-zainteresovani-za-veliku-plazu-ulcinj-2\/'><img width=\"150\" height=\"150\" src=\"https:\/\/www.visit-ulcinj.com\/blog\/wp-content\/uploads\/2017\/01\/Francuzi-zainteresovani-za-Veliku-plazu-Ulcinj-2-150x150.jpg\" class=\"attachment-thumbnail size-thumbnail\" alt=\"\" loading=\"lazy\" \/><\/a>\n\t\t\t<\/dt><\/dl><br style=\"clear: both\" \/><dl class='gallery-item'>\n\t\t\t<dt class='gallery-icon landscape'>\n\t\t\t\t<a href='https:\/\/www.visit-ulcinj.com\/blog\/2017\/01\/18\/francuzi-zainteresovani-za-veliku-plazu-foto\/francuzi-zainteresovani-za-veliku-plazu-ulcinj-1\/'><img width=\"150\" height=\"150\" src=\"https:\/\/www.visit-ulcinj.com\/blog\/wp-content\/uploads\/2017\/01\/Francuzi-zainteresovani-za-Veliku-plazu-Ulcinj-1-150x150.jpg\" class=\"attachment-thumbnail size-thumbnail\" alt=\"\" loading=\"lazy\" \/><\/a>\n\t\t\t<\/dt><\/dl><dl class='gallery-item'>\n\t\t\t<dt class='gallery-icon landscape'>\n\t\t\t\t<a href='https:\/\/www.visit-ulcinj.com\/blog\/2017\/01\/18\/francuzi-zainteresovani-za-veliku-plazu-foto\/francuzi-zainteresovani-za-veliku-plazu-ulcinj\/'><img width=\"150\" height=\"150\" src=\"https:\/\/www.visit-ulcinj.com\/blog\/wp-content\/uploads\/2017\/01\/Francuzi-zainteresovani-za-Veliku-plazu-Ulcinj-150x150.jpg\" class=\"attachment-thumbnail size-thumbnail\" alt=\"\" loading=\"lazy\" \/><\/a>\n\t\t\t<\/dt><\/dl><dl class='gallery-item'>\n\t\t\t<dt class='gallery-icon landscape'>\n\t\t\t\t<a href='https:\/\/www.visit-ulcinj.com\/blog\/2017\/01\/18\/francuzi-zainteresovani-za-veliku-plazu-foto\/francuzi-zainteresovani-za-veliku-plazu-ulcinj-4\/'><img width=\"150\" height=\"150\" src=\"https:\/\/www.visit-ulcinj.com\/blog\/wp-content\/uploads\/2017\/01\/Francuzi-zainteresovani-za-Veliku-plazu-Ulcinj-4-150x150.jpg\" class=\"attachment-thumbnail size-thumbnail\" alt=\"\" loading=\"lazy\" \/><\/a>\n\t\t\t<\/dt><\/dl><br style=\"clear: both\" \/>\n\t\t<\/div>\n\n","protected":false},"excerpt":{"rendered":"<p>P\u00ebrfaq\u00ebsues dhe afarist\u00eb nga Franca u shprehen t\u00eb gatsh\u00ebm p\u00ebr t\u00eb bashk\u00ebpunuar ngusht\u00eb me kompanit\u00eb vendore dhe me komun\u00ebn e Ulqinit por edhe p\u00ebr t\u00eb investuar kapitalin e tyre n\u00eb qytetin e Ulqinit. Nj\u00eb delegacion i investitor\u00ebve dhe projektuesve francez, t\u00eb shoq\u00ebruar nga princi Nikolla Petroviq, q\u00ebndruan sot p\u00ebr vizit\u00eb n\u00eb Ulqin ku u takuan [&hellip;]<\/p>\n","protected":false},"author":1,"featured_media":0,"comment_status":"closed","ping_status":"closed","sticky":false,"template":"","format":"standard","meta":{"spay_email":"","jetpack_publicize_message":"","jetpack_is_tweetstorm":false,"jetpack_publicize_feature_enabled":true},"categories":[10,1],"tags":[],"jetpack_publicize_connections":[],"yoast_head":"<!-- This site is optimized with the Yoast SEO plugin v19.1 - https:\/\/yoast.com\/wordpress\/plugins\/seo\/ -->\n<title>Investitor\u00ebt nga Franca t\u00eb interesuar p\u00ebr plazhin e madh\u00eb t\u00eb Ulqinit - Lajme nga Ulqini<\/title>\n<meta name=\"description\" content=\"P\u00ebrfaq\u00ebsues dhe afarist\u00eb nga Franca u shprehen t\u00eb gatsh\u00ebm p\u00ebr t\u00eb bashk\u00ebpunuar ngusht\u00eb me kompanit\u00eb vendore dhe me komun\u00ebn e Ulqinit por edhe p\u00ebr t\u00eb\" \/>\n<meta name=\"robots\" content=\"index, follow, max-snippet:-1, max-image-preview:large, max-video-preview:-1\" \/>\n<link rel=\"canonical\" href=\"https:\/\/www.visit-ulcinj.com\/blog\/2017\/01\/18\/investitoret-nga-franca-te-interesuar-per-plazhin-e-madhe-te-ulqinit\/\" \/>\n<meta property=\"og:locale\" content=\"en_US\" \/>\n<meta property=\"og:type\" content=\"article\" \/>\n<meta property=\"og:title\" content=\"Investitor\u00ebt nga Franca t\u00eb interesuar p\u00ebr plazhin e madh\u00eb t\u00eb Ulqinit - Lajme nga Ulqini\" \/>\n<meta property=\"og:description\" content=\"P\u00ebrfaq\u00ebsues dhe afarist\u00eb nga Franca u shprehen t\u00eb gatsh\u00ebm p\u00ebr t\u00eb bashk\u00ebpunuar ngusht\u00eb me kompanit\u00eb vendore dhe me komun\u00ebn e Ulqinit por edhe p\u00ebr t\u00eb\" \/>\n<meta property=\"og:url\" content=\"https:\/\/www.visit-ulcinj.com\/blog\/2017\/01\/18\/investitoret-nga-franca-te-interesuar-per-plazhin-e-madhe-te-ulqinit\/\" \/>\n<meta property=\"og:site_name\" content=\"Lajme nga Ulqini\" \/>\n<meta property=\"article:published_time\" content=\"2017-01-18T14:35:38+00:00\" \/>\n<meta property=\"article:modified_time\" content=\"2017-01-19T15:51:38+00:00\" \/>\n<meta property=\"og:image\" content=\"https:\/\/www.visit-ulcinj.com\/blog\/wp-content\/uploads\/2017\/01\/Francuzi-zainteresovani-za-Veliku-plazu-Ulcinj-5-150x150.jpg\" \/>\n<meta name=\"twitter:label1\" content=\"Written by\" \/>\n\t<meta name=\"twitter:data1\" content=\"ulqini\" \/>\n\t<meta name=\"twitter:label2\" content=\"Est. reading time\" \/>\n\t<meta name=\"twitter:data2\" content=\"1 minute\" \/>\n<script type=\"application\/ld+json\" class=\"yoast-schema-graph\">{\"@context\":\"https:\/\/schema.org\",\"@graph\":[{\"@type\":\"WebSite\",\"@id\":\"https:\/\/www.visit-ulcinj.com\/blog\/#website\",\"url\":\"https:\/\/www.visit-ulcinj.com\/blog\/\",\"name\":\"Lajme nga Ulqini\",\"description\":\"Lajme,Vijesti,Ulqini,Ulqin,Crna Gora,Mali i Zi\",\"potentialAction\":[{\"@type\":\"SearchAction\",\"target\":{\"@type\":\"EntryPoint\",\"urlTemplate\":\"https:\/\/www.visit-ulcinj.com\/blog\/?s={search_term_string}\"},\"query-input\":\"required name=search_term_string\"}],\"inLanguage\":\"en-US\"},{\"@type\":\"ImageObject\",\"inLanguage\":\"en-US\",\"@id\":\"https:\/\/www.visit-ulcinj.com\/blog\/2017\/01\/18\/investitoret-nga-franca-te-interesuar-per-plazhin-e-madhe-te-ulqinit\/#primaryimage\",\"url\":\"https:\/\/www.visit-ulcinj.com\/blog\/wp-content\/uploads\/2017\/01\/Francuzi-zainteresovani-za-Veliku-plazu-Ulcinj-4.jpg\",\"contentUrl\":\"https:\/\/www.visit-ulcinj.com\/blog\/wp-content\/uploads\/2017\/01\/Francuzi-zainteresovani-za-Veliku-plazu-Ulcinj-4.jpg\",\"width\":1120,\"height\":618},{\"@type\":\"WebPage\",\"@id\":\"https:\/\/www.visit-ulcinj.com\/blog\/2017\/01\/18\/investitoret-nga-franca-te-interesuar-per-plazhin-e-madhe-te-ulqinit\/#webpage\",\"url\":\"https:\/\/www.visit-ulcinj.com\/blog\/2017\/01\/18\/investitoret-nga-franca-te-interesuar-per-plazhin-e-madhe-te-ulqinit\/\",\"name\":\"Investitor\u00ebt nga Franca t\u00eb interesuar p\u00ebr plazhin e madh\u00eb t\u00eb Ulqinit - Lajme nga Ulqini\",\"isPartOf\":{\"@id\":\"https:\/\/www.visit-ulcinj.com\/blog\/#website\"},\"primaryImageOfPage\":{\"@id\":\"https:\/\/www.visit-ulcinj.com\/blog\/2017\/01\/18\/investitoret-nga-franca-te-interesuar-per-plazhin-e-madhe-te-ulqinit\/#primaryimage\"},\"datePublished\":\"2017-01-18T14:35:38+00:00\",\"dateModified\":\"2017-01-19T15:51:38+00:00\",\"author\":{\"@id\":\"https:\/\/www.visit-ulcinj.com\/blog\/#\/schema\/person\/dcab619c614d3038751c63bc2aadc06d\"},\"description\":\"P\u00ebrfaq\u00ebsues dhe afarist\u00eb nga Franca u shprehen t\u00eb gatsh\u00ebm p\u00ebr t\u00eb bashk\u00ebpunuar ngusht\u00eb me kompanit\u00eb vendore dhe me komun\u00ebn e Ulqinit por edhe p\u00ebr t\u00eb\",\"breadcrumb\":{\"@id\":\"https:\/\/www.visit-ulcinj.com\/blog\/2017\/01\/18\/investitoret-nga-franca-te-interesuar-per-plazhin-e-madhe-te-ulqinit\/#breadcrumb\"},\"inLanguage\":\"en-US\",\"potentialAction\":[{\"@type\":\"ReadAction\",\"target\":[\"https:\/\/www.visit-ulcinj.com\/blog\/2017\/01\/18\/investitoret-nga-franca-te-interesuar-per-plazhin-e-madhe-te-ulqinit\/\"]}]},{\"@type\":\"BreadcrumbList\",\"@id\":\"https:\/\/www.visit-ulcinj.com\/blog\/2017\/01\/18\/investitoret-nga-franca-te-interesuar-per-plazhin-e-madhe-te-ulqinit\/#breadcrumb\",\"itemListElement\":[{\"@type\":\"ListItem\",\"position\":1,\"name\":\"Investitor\u00ebt nga Franca t\u00eb interesuar p\u00ebr plazhin e madh\u00eb t\u00eb Ulqinit\"}]},{\"@type\":\"Person\",\"@id\":\"https:\/\/www.visit-ulcinj.com\/blog\/#\/schema\/person\/dcab619c614d3038751c63bc2aadc06d\",\"name\":\"ulqini\",\"sameAs\":[\"http:\/\/www.visit-ulcinj.com\"],\"url\":\"https:\/\/www.visit-ulcinj.com\/blog\/author\/admin\/\"}]}<\/script>\n<!-- \/ Yoast SEO plugin. -->","yoast_head_json":{"title":"Investitor\u00ebt nga Franca t\u00eb interesuar p\u00ebr plazhin e madh\u00eb t\u00eb Ulqinit - Lajme nga Ulqini","description":"P\u00ebrfaq\u00ebsues dhe afarist\u00eb nga Franca u shprehen t\u00eb gatsh\u00ebm p\u00ebr t\u00eb bashk\u00ebpunuar ngusht\u00eb me kompanit\u00eb vendore dhe me komun\u00ebn e Ulqinit por edhe p\u00ebr t\u00eb","robots":{"index":"index","follow":"follow","max-snippet":"max-snippet:-1","max-image-preview":"max-image-preview:large","max-video-preview":"max-video-preview:-1"},"canonical":"https:\/\/www.visit-ulcinj.com\/blog\/2017\/01\/18\/investitoret-nga-franca-te-interesuar-per-plazhin-e-madhe-te-ulqinit\/","og_locale":"en_US","og_type":"article","og_title":"Investitor\u00ebt nga Franca t\u00eb interesuar p\u00ebr plazhin e madh\u00eb t\u00eb Ulqinit - Lajme nga Ulqini","og_description":"P\u00ebrfaq\u00ebsues dhe afarist\u00eb nga Franca u shprehen t\u00eb gatsh\u00ebm p\u00ebr t\u00eb bashk\u00ebpunuar ngusht\u00eb me kompanit\u00eb vendore dhe me komun\u00ebn e Ulqinit por edhe p\u00ebr t\u00eb","og_url":"https:\/\/www.visit-ulcinj.com\/blog\/2017\/01\/18\/investitoret-nga-franca-te-interesuar-per-plazhin-e-madhe-te-ulqinit\/","og_site_name":"Lajme nga Ulqini","article_published_time":"2017-01-18T14:35:38+00:00","article_modified_time":"2017-01-19T15:51:38+00:00","og_image":[{"url":"https:\/\/www.visit-ulcinj.com\/blog\/wp-content\/uploads\/2017\/01\/Francuzi-zainteresovani-za-Veliku-plazu-Ulcinj-5-150x150.jpg"}],"twitter_misc":{"Written by":"ulqini","Est. reading time":"1 minute"},"schema":{"@context":"https:\/\/schema.org","@graph":[{"@type":"WebSite","@id":"https:\/\/www.visit-ulcinj.com\/blog\/#website","url":"https:\/\/www.visit-ulcinj.com\/blog\/","name":"Lajme nga Ulqini","description":"Lajme,Vijesti,Ulqini,Ulqin,Crna Gora,Mali i Zi","potentialAction":[{"@type":"SearchAction","target":{"@type":"EntryPoint","urlTemplate":"https:\/\/www.visit-ulcinj.com\/blog\/?s={search_term_string}"},"query-input":"required name=search_term_string"}],"inLanguage":"en-US"},{"@type":"ImageObject","inLanguage":"en-US","@id":"https:\/\/www.visit-ulcinj.com\/blog\/2017\/01\/18\/investitoret-nga-franca-te-interesuar-per-plazhin-e-madhe-te-ulqinit\/#primaryimage","url":"https:\/\/www.visit-ulcinj.com\/blog\/wp-content\/uploads\/2017\/01\/Francuzi-zainteresovani-za-Veliku-plazu-Ulcinj-4.jpg","contentUrl":"https:\/\/www.visit-ulcinj.com\/blog\/wp-content\/uploads\/2017\/01\/Francuzi-zainteresovani-za-Veliku-plazu-Ulcinj-4.jpg","width":1120,"height":618},{"@type":"WebPage","@id":"https:\/\/www.visit-ulcinj.com\/blog\/2017\/01\/18\/investitoret-nga-franca-te-interesuar-per-plazhin-e-madhe-te-ulqinit\/#webpage","url":"https:\/\/www.visit-ulcinj.com\/blog\/2017\/01\/18\/investitoret-nga-franca-te-interesuar-per-plazhin-e-madhe-te-ulqinit\/","name":"Investitor\u00ebt nga Franca t\u00eb interesuar p\u00ebr plazhin e madh\u00eb t\u00eb Ulqinit - Lajme nga Ulqini","isPartOf":{"@id":"https:\/\/www.visit-ulcinj.com\/blog\/#website"},"primaryImageOfPage":{"@id":"https:\/\/www.visit-ulcinj.com\/blog\/2017\/01\/18\/investitoret-nga-franca-te-interesuar-per-plazhin-e-madhe-te-ulqinit\/#primaryimage"},"datePublished":"2017-01-18T14:35:38+00:00","dateModified":"2017-01-19T15:51:38+00:00","author":{"@id":"https:\/\/www.visit-ulcinj.com\/blog\/#\/schema\/person\/dcab619c614d3038751c63bc2aadc06d"},"description":"P\u00ebrfaq\u00ebsues dhe afarist\u00eb nga Franca u shprehen t\u00eb gatsh\u00ebm p\u00ebr t\u00eb bashk\u00ebpunuar ngusht\u00eb me kompanit\u00eb vendore dhe me komun\u00ebn e Ulqinit por edhe p\u00ebr t\u00eb","breadcrumb":{"@id":"https:\/\/www.visit-ulcinj.com\/blog\/2017\/01\/18\/investitoret-nga-franca-te-interesuar-per-plazhin-e-madhe-te-ulqinit\/#breadcrumb"},"inLanguage":"en-US","potentialAction":[{"@type":"ReadAction","target":["https:\/\/www.visit-ulcinj.com\/blog\/2017\/01\/18\/investitoret-nga-franca-te-interesuar-per-plazhin-e-madhe-te-ulqinit\/"]}]},{"@type":"BreadcrumbList","@id":"https:\/\/www.visit-ulcinj.com\/blog\/2017\/01\/18\/investitoret-nga-franca-te-interesuar-per-plazhin-e-madhe-te-ulqinit\/#breadcrumb","itemListElement":[{"@type":"ListItem","position":1,"name":"Investitor\u00ebt nga Franca t\u00eb interesuar p\u00ebr plazhin e madh\u00eb t\u00eb Ulqinit"}]},{"@type":"Person","@id":"https:\/\/www.visit-ulcinj.com\/blog\/#\/schema\/person\/dcab619c614d3038751c63bc2aadc06d","name":"ulqini","sameAs":["http:\/\/www.visit-ulcinj.com"],"url":"https:\/\/www.visit-ulcinj.com\/blog\/author\/admin\/"}]}},"jetpack_featured_media_url":"","jetpack_sharing_enabled":true,"jetpack_shortlink":"https:\/\/wp.me\/pe6lTn-qCq","_links":{"self":[{"href":"https:\/\/www.visit-ulcinj.com\/blog\/wp-json\/wp\/v2\/posts\/102326"}],"collection":[{"href":"https:\/\/www.visit-ulcinj.com\/blog\/wp-json\/wp\/v2\/posts"}],"about":[{"href":"https:\/\/www.visit-ulcinj.com\/blog\/wp-json\/wp\/v2\/types\/post"}],"author":[{"embeddable":true,"href":"https:\/\/www.visit-ulcinj.com\/blog\/wp-json\/wp\/v2\/users\/1"}],"replies":[{"embeddable":true,"href":"https:\/\/www.visit-ulcinj.com\/blog\/wp-json\/wp\/v2\/comments?post=102326"}],"version-history":[{"count":1,"href":"https:\/\/www.visit-ulcinj.com\/blog\/wp-json\/wp\/v2\/posts\/102326\/revisions"}],"predecessor-version":[{"id":102327,"href":"https:\/\/www.visit-ulcinj.com\/blog\/wp-json\/wp\/v2\/posts\/102326\/revisions\/102327"}],"wp:attachment":[{"href":"https:\/\/www.visit-ulcinj.com\/blog\/wp-json\/wp\/v2\/media?parent=102326"}],"wp:term":[{"taxonomy":"category","embeddable":true,"href":"https:\/\/www.visit-ulcinj.com\/blog\/wp-json\/wp\/v2\/categories?post=102326"},{"taxonomy":"post_tag","embeddable":true,"href":"https:\/\/www.visit-ulcinj.com\/blog\/wp-json\/wp\/v2\/tags?post=102326"}],"curies":[{"name":"wp","href":"https:\/\/api.w.org\/{rel}","templated":true}]}}