{"id":102334,"date":"2017-01-18T17:40:29","date_gmt":"2017-01-18T16:40:29","guid":{"rendered":"http:\/\/www.visit-ulcinj.com\/blog\/?p=102334"},"modified":"2017-01-18T17:48:40","modified_gmt":"2017-01-18T16:48:40","slug":"qytetaret-e-malit-te-zi-e-duan-integrimin-ne","status":"publish","type":"post","link":"https:\/\/www.visit-ulcinj.com\/blog\/2017\/01\/18\/qytetaret-e-malit-te-zi-e-duan-integrimin-ne\/","title":{"rendered":"Qytetar\u00ebt e Malit t\u00eb Zi e duan integrimin n\u00eb BE"},"content":{"rendered":"<p><a href=\"http:\/\/www.visit-ulcinj.com\/blog\/wp-content\/uploads\/2017\/01\/EU-MONTENEGRO.jpg\"><img loading=\"lazy\" class=\"alignleft wp-image-102336\" src=\"http:\/\/www.visit-ulcinj.com\/blog\/wp-content\/uploads\/2017\/01\/EU-MONTENEGRO.jpg\" alt=\"EU-MONTENEGRO\" width=\"508\" height=\"286\" srcset=\"https:\/\/www.visit-ulcinj.com\/blog\/wp-content\/uploads\/2017\/01\/EU-MONTENEGRO.jpg 695w, https:\/\/www.visit-ulcinj.com\/blog\/wp-content\/uploads\/2017\/01\/EU-MONTENEGRO-300x169.jpg 300w\" sizes=\"(max-width: 508px) 100vw, 508px\" \/><\/a>M\u00eb shum\u00eb se dy t\u00eb tretat e qytetar\u00ebve t\u00eb Malit t\u00eb Zi do t\u00eb mb\u00ebshtesnin integrimin e vendit t\u00eb tyre n\u00eb Bashkimin Evropian.<\/p>\n<p>Sipas nj\u00eb studimi t\u00eb publikuar sot n\u00eb Podgoric\u00eb, thuhet se n\u00eb rast t\u00eb mbajtjes s\u00eb nj\u00eb referendumi, dy t\u00eb tretat e qytetar\u00ebve t\u00eb Malit t\u00eb Zi do t\u2019i thon\u00eb po integrimit n\u00eb BE.<\/p>\n<p><a href=\"http:\/\/www.visit-ulcinj.com\/blog\/wp-content\/uploads\/2017\/01\/Aleksandar-Andria-Pejovic-Aivo-Orav.jpg\"><img loading=\"lazy\" class=\"alignleft wp-image-102339\" src=\"http:\/\/www.visit-ulcinj.com\/blog\/wp-content\/uploads\/2017\/01\/Aleksandar-Andria-Pejovic-Aivo-Orav.jpg\" alt=\"Aleksandar Andria Pejovic - Aivo Orav\" width=\"508\" height=\"285\" srcset=\"https:\/\/www.visit-ulcinj.com\/blog\/wp-content\/uploads\/2017\/01\/Aleksandar-Andria-Pejovic-Aivo-Orav.jpg 864w, https:\/\/www.visit-ulcinj.com\/blog\/wp-content\/uploads\/2017\/01\/Aleksandar-Andria-Pejovic-Aivo-Orav-300x168.jpg 300w, https:\/\/www.visit-ulcinj.com\/blog\/wp-content\/uploads\/2017\/01\/Aleksandar-Andria-Pejovic-Aivo-Orav-768x431.jpg 768w\" sizes=\"(max-width: 508px) 100vw, 508px\" \/><\/a><\/p>\n<p><strong>Rritet mb\u00ebshtetja e qytetar\u00ebve t\u00eb Malit t\u00eb Zi p\u00ebr BE-n\u00eb<\/strong><\/p>\n<p class=\"selectionShareable\">PODGORIC\u00cb (AA) \u2013 Qytetar\u00ebt e Malit t\u00eb Zi kan\u00eb q\u00ebndrim pozitiv p\u00ebr Bashkimin Evropian (BE), meq\u00eb b\u00ebhet fjal\u00eb p\u00ebr madje 61 p\u00ebr qind t\u00eb qytetar\u00ebve dhe ky num\u00ebr asnj\u00ebher\u00eb nuk ka qen\u00eb m\u00eb i lart\u00eb, tregojn\u00eb rezultatet e hulumtimit t\u00eb agjencis\u00eb Defacto, realizuar p\u00ebr nevojat e Delegacionit t\u00eb BE-s\u00eb n\u00eb Podgoric\u00eb, raporton Anadolu Agency (AA).<\/p>\n<p class=\"selectionShareable\">Q\u00ebndrim negativ p\u00ebr BE-n\u00eb kan\u00eb 27 p\u00ebrqind e qytetar\u00ebve, nd\u00ebrsa nj\u00eb e treta konsideron se BE do t\u00eb mbijetoj\u00eb si bashk\u00ebsi e shteteve.<\/p>\n<p class=\"selectionShareable\">Olivera Komar nga agjencia Defacto, duke prezantuar rezultatet e hulumtimit tha se shumica e qytetar\u00ebve mb\u00ebshtet procesin e an\u00ebtar\u00ebsimit t\u00eb Malit t\u00eb Zi n\u00eb BE.<\/p>\n<p class=\"selectionShareable\">\u201cHulumtimi i sivjetm\u00eb \u00ebsht\u00eb i pari n\u00eb t\u00eb cilin mbi 60 p\u00ebrqind e qytetar\u00ebve mb\u00ebshtesin an\u00ebtar\u00ebsimin e Malit t\u00eb Zi n\u00eb BE. Duke gjykuar sipas t\u00eb dh\u00ebnave t\u00eb marra, referendumi p\u00ebr hyrjen e Malit t\u00eb Zi n\u00eb BE n\u00eb aspektin &#8216;e rezultateve&#8217; do t\u00eb jet\u00eb joatraktiv, sepse 75 p\u00ebrqind e tyre q\u00eb mb\u00ebshtesin an\u00ebtar\u00ebsimin do t\u00eb votonin \u2013 p\u00ebr\u201d, tha Komar.<\/p>\n<p class=\"selectionShareable\">Hulumtimi tregoi se q\u00ebndrim negative p\u00ebr BE-n\u00eb kan\u00eb 27 p\u00ebrqind, nd\u00ebrsa 12 p\u00ebrqind e qytetar\u00ebve nuk kan\u00eb q\u00ebndrim p\u00ebr k\u00ebt\u00eb \u00e7\u00ebshtje. N\u00eb \u00e7do sfer\u00eb t\u00eb jet\u00ebs shoq\u00ebrore qytetar\u00ebt konsiderojn\u00eb se an\u00ebtar\u00ebsimi n\u00eb BE do t\u00eb ket\u00eb ndikim pozitiv.<\/p>\n<p class=\"selectionShareable\">Hulumtimi \u00ebsht\u00eb b\u00ebr\u00eb n\u00eb periudh\u00ebn nga 18 n\u00ebntori deri m\u00eb 3 dhjetor t\u00eb vitit 2016 dhe \u00ebsht\u00eb zbatuar n\u00eb ekzemplar\u00eb prej 1008 t\u00eb anketuarve.<\/p>\n<p class=\"selectionShareable\">Ministri p\u00ebr \u00c7\u00ebshtje Evropiane i Malit t\u00eb Zi Aleksandar Andria Pejovi\u00e7, duke komentuar rezultatet e hulumtimit, tha se Mali i Zi sh\u00ebnon rritje prej kat\u00ebr p\u00ebrqind kur \u00ebsht\u00eb n\u00eb pyetje mb\u00ebshtetja ndaj BE-s\u00eb, n\u00eb koh\u00ebn kur ekziston kriza n\u00eb vendet e BE-s\u00eb.<\/p>\n<p class=\"selectionShareable\">Shefi i Delegacionit t\u00eb BE-s\u00eb n\u00eb Mal t\u00eb Zi, Aivo Orav, theksoi se shumica stabile e qytetar\u00ebve t\u00eb Malit t\u00eb Zi besojn\u00eb se an\u00ebtar\u00ebsimi i vendit n\u00eb BE do t\u00eb ishte i dobish\u00ebm, ve\u00e7mas p\u00ebr t\u00eb rinjt\u00eb, fermer\u00ebt dhe t\u00eb papun\u00ebt.<\/p>\n<p class=\"selectionShareable\">Anadolu Agency<\/p>\n<p>&nbsp;<\/p>\n","protected":false},"excerpt":{"rendered":"<p>M\u00eb shum\u00eb se dy t\u00eb tretat e qytetar\u00ebve t\u00eb Malit t\u00eb Zi do t\u00eb mb\u00ebshtesnin integrimin e vendit t\u00eb tyre n\u00eb Bashkimin Evropian. Sipas nj\u00eb studimi t\u00eb publikuar sot n\u00eb Podgoric\u00eb, thuhet se n\u00eb rast t\u00eb mbajtjes s\u00eb nj\u00eb referendumi, dy t\u00eb tretat e qytetar\u00ebve t\u00eb Malit t\u00eb Zi do t\u2019i thon\u00eb po integrimit n\u00eb [&hellip;]<\/p>\n","protected":false},"author":1,"featured_media":0,"comment_status":"closed","ping_status":"closed","sticky":false,"template":"","format":"standard","meta":{"spay_email":"","jetpack_publicize_message":"","jetpack_is_tweetstorm":false,"jetpack_publicize_feature_enabled":true},"categories":[14],"tags":[],"jetpack_publicize_connections":[],"yoast_head":"<!-- This site is optimized with the Yoast SEO plugin v19.1 - https:\/\/yoast.com\/wordpress\/plugins\/seo\/ -->\n<title>Qytetar\u00ebt e Malit t\u00eb Zi e duan integrimin n\u00eb BE - Lajme nga Ulqini<\/title>\n<meta name=\"description\" content=\"M\u00eb shum\u00eb se dy t\u00eb tretat e qytetar\u00ebve t\u00eb Malit t\u00eb Zi do t\u00eb mb\u00ebshtesnin integrimin e vendit t\u00eb tyre n\u00eb Bashkimin Evropian. Sipas nj\u00eb studimi t\u00eb publikuar\" \/>\n<meta name=\"robots\" content=\"index, follow, max-snippet:-1, max-image-preview:large, max-video-preview:-1\" \/>\n<link rel=\"canonical\" href=\"https:\/\/www.visit-ulcinj.com\/blog\/2017\/01\/18\/qytetaret-e-malit-te-zi-e-duan-integrimin-ne\/\" \/>\n<meta property=\"og:locale\" content=\"en_US\" \/>\n<meta property=\"og:type\" content=\"article\" \/>\n<meta property=\"og:title\" content=\"Qytetar\u00ebt e Malit t\u00eb Zi e duan integrimin n\u00eb BE - Lajme nga Ulqini\" \/>\n<meta property=\"og:description\" content=\"M\u00eb shum\u00eb se dy t\u00eb tretat e qytetar\u00ebve t\u00eb Malit t\u00eb Zi do t\u00eb mb\u00ebshtesnin integrimin e vendit t\u00eb tyre n\u00eb Bashkimin Evropian. Sipas nj\u00eb studimi t\u00eb publikuar\" \/>\n<meta property=\"og:url\" content=\"https:\/\/www.visit-ulcinj.com\/blog\/2017\/01\/18\/qytetaret-e-malit-te-zi-e-duan-integrimin-ne\/\" \/>\n<meta property=\"og:site_name\" content=\"Lajme nga Ulqini\" \/>\n<meta property=\"article:published_time\" content=\"2017-01-18T16:40:29+00:00\" \/>\n<meta property=\"article:modified_time\" content=\"2017-01-18T16:48:40+00:00\" \/>\n<meta property=\"og:image\" content=\"http:\/\/www.visit-ulcinj.com\/blog\/wp-content\/uploads\/2017\/01\/EU-MONTENEGRO.jpg\" \/>\n<meta name=\"twitter:label1\" content=\"Written by\" \/>\n\t<meta name=\"twitter:data1\" content=\"ulqini\" \/>\n\t<meta name=\"twitter:label2\" content=\"Est. reading time\" \/>\n\t<meta name=\"twitter:data2\" content=\"2 minutes\" \/>\n<script type=\"application\/ld+json\" class=\"yoast-schema-graph\">{\"@context\":\"https:\/\/schema.org\",\"@graph\":[{\"@type\":\"WebSite\",\"@id\":\"https:\/\/www.visit-ulcinj.com\/blog\/#website\",\"url\":\"https:\/\/www.visit-ulcinj.com\/blog\/\",\"name\":\"Lajme nga Ulqini\",\"description\":\"Lajme,Vijesti,Ulqini,Ulqin,Crna Gora,Mali i Zi\",\"potentialAction\":[{\"@type\":\"SearchAction\",\"target\":{\"@type\":\"EntryPoint\",\"urlTemplate\":\"https:\/\/www.visit-ulcinj.com\/blog\/?s={search_term_string}\"},\"query-input\":\"required name=search_term_string\"}],\"inLanguage\":\"en-US\"},{\"@type\":\"ImageObject\",\"inLanguage\":\"en-US\",\"@id\":\"https:\/\/www.visit-ulcinj.com\/blog\/2017\/01\/18\/qytetaret-e-malit-te-zi-e-duan-integrimin-ne\/#primaryimage\",\"url\":\"https:\/\/www.visit-ulcinj.com\/blog\/wp-content\/uploads\/2017\/01\/EU-MONTENEGRO.jpg\",\"contentUrl\":\"https:\/\/www.visit-ulcinj.com\/blog\/wp-content\/uploads\/2017\/01\/EU-MONTENEGRO.jpg\",\"width\":695,\"height\":391},{\"@type\":\"WebPage\",\"@id\":\"https:\/\/www.visit-ulcinj.com\/blog\/2017\/01\/18\/qytetaret-e-malit-te-zi-e-duan-integrimin-ne\/#webpage\",\"url\":\"https:\/\/www.visit-ulcinj.com\/blog\/2017\/01\/18\/qytetaret-e-malit-te-zi-e-duan-integrimin-ne\/\",\"name\":\"Qytetar\u00ebt e Malit t\u00eb Zi e duan integrimin n\u00eb BE - Lajme nga Ulqini\",\"isPartOf\":{\"@id\":\"https:\/\/www.visit-ulcinj.com\/blog\/#website\"},\"primaryImageOfPage\":{\"@id\":\"https:\/\/www.visit-ulcinj.com\/blog\/2017\/01\/18\/qytetaret-e-malit-te-zi-e-duan-integrimin-ne\/#primaryimage\"},\"datePublished\":\"2017-01-18T16:40:29+00:00\",\"dateModified\":\"2017-01-18T16:48:40+00:00\",\"author\":{\"@id\":\"https:\/\/www.visit-ulcinj.com\/blog\/#\/schema\/person\/dcab619c614d3038751c63bc2aadc06d\"},\"description\":\"M\u00eb shum\u00eb se dy t\u00eb tretat e qytetar\u00ebve t\u00eb Malit t\u00eb Zi do t\u00eb mb\u00ebshtesnin integrimin e vendit t\u00eb tyre n\u00eb Bashkimin Evropian. Sipas nj\u00eb studimi t\u00eb publikuar\",\"breadcrumb\":{\"@id\":\"https:\/\/www.visit-ulcinj.com\/blog\/2017\/01\/18\/qytetaret-e-malit-te-zi-e-duan-integrimin-ne\/#breadcrumb\"},\"inLanguage\":\"en-US\",\"potentialAction\":[{\"@type\":\"ReadAction\",\"target\":[\"https:\/\/www.visit-ulcinj.com\/blog\/2017\/01\/18\/qytetaret-e-malit-te-zi-e-duan-integrimin-ne\/\"]}]},{\"@type\":\"BreadcrumbList\",\"@id\":\"https:\/\/www.visit-ulcinj.com\/blog\/2017\/01\/18\/qytetaret-e-malit-te-zi-e-duan-integrimin-ne\/#breadcrumb\",\"itemListElement\":[{\"@type\":\"ListItem\",\"position\":1,\"name\":\"Qytetar\u00ebt e Malit t\u00eb Zi e duan integrimin n\u00eb BE\"}]},{\"@type\":\"Person\",\"@id\":\"https:\/\/www.visit-ulcinj.com\/blog\/#\/schema\/person\/dcab619c614d3038751c63bc2aadc06d\",\"name\":\"ulqini\",\"sameAs\":[\"http:\/\/www.visit-ulcinj.com\"],\"url\":\"https:\/\/www.visit-ulcinj.com\/blog\/author\/admin\/\"}]}<\/script>\n<!-- \/ Yoast SEO plugin. -->","yoast_head_json":{"title":"Qytetar\u00ebt e Malit t\u00eb Zi e duan integrimin n\u00eb BE - Lajme nga Ulqini","description":"M\u00eb shum\u00eb se dy t\u00eb tretat e qytetar\u00ebve t\u00eb Malit t\u00eb Zi do t\u00eb mb\u00ebshtesnin integrimin e vendit t\u00eb tyre n\u00eb Bashkimin Evropian. Sipas nj\u00eb studimi t\u00eb publikuar","robots":{"index":"index","follow":"follow","max-snippet":"max-snippet:-1","max-image-preview":"max-image-preview:large","max-video-preview":"max-video-preview:-1"},"canonical":"https:\/\/www.visit-ulcinj.com\/blog\/2017\/01\/18\/qytetaret-e-malit-te-zi-e-duan-integrimin-ne\/","og_locale":"en_US","og_type":"article","og_title":"Qytetar\u00ebt e Malit t\u00eb Zi e duan integrimin n\u00eb BE - Lajme nga Ulqini","og_description":"M\u00eb shum\u00eb se dy t\u00eb tretat e qytetar\u00ebve t\u00eb Malit t\u00eb Zi do t\u00eb mb\u00ebshtesnin integrimin e vendit t\u00eb tyre n\u00eb Bashkimin Evropian. Sipas nj\u00eb studimi t\u00eb publikuar","og_url":"https:\/\/www.visit-ulcinj.com\/blog\/2017\/01\/18\/qytetaret-e-malit-te-zi-e-duan-integrimin-ne\/","og_site_name":"Lajme nga Ulqini","article_published_time":"2017-01-18T16:40:29+00:00","article_modified_time":"2017-01-18T16:48:40+00:00","og_image":[{"url":"http:\/\/www.visit-ulcinj.com\/blog\/wp-content\/uploads\/2017\/01\/EU-MONTENEGRO.jpg"}],"twitter_misc":{"Written by":"ulqini","Est. reading time":"2 minutes"},"schema":{"@context":"https:\/\/schema.org","@graph":[{"@type":"WebSite","@id":"https:\/\/www.visit-ulcinj.com\/blog\/#website","url":"https:\/\/www.visit-ulcinj.com\/blog\/","name":"Lajme nga Ulqini","description":"Lajme,Vijesti,Ulqini,Ulqin,Crna Gora,Mali i Zi","potentialAction":[{"@type":"SearchAction","target":{"@type":"EntryPoint","urlTemplate":"https:\/\/www.visit-ulcinj.com\/blog\/?s={search_term_string}"},"query-input":"required name=search_term_string"}],"inLanguage":"en-US"},{"@type":"ImageObject","inLanguage":"en-US","@id":"https:\/\/www.visit-ulcinj.com\/blog\/2017\/01\/18\/qytetaret-e-malit-te-zi-e-duan-integrimin-ne\/#primaryimage","url":"https:\/\/www.visit-ulcinj.com\/blog\/wp-content\/uploads\/2017\/01\/EU-MONTENEGRO.jpg","contentUrl":"https:\/\/www.visit-ulcinj.com\/blog\/wp-content\/uploads\/2017\/01\/EU-MONTENEGRO.jpg","width":695,"height":391},{"@type":"WebPage","@id":"https:\/\/www.visit-ulcinj.com\/blog\/2017\/01\/18\/qytetaret-e-malit-te-zi-e-duan-integrimin-ne\/#webpage","url":"https:\/\/www.visit-ulcinj.com\/blog\/2017\/01\/18\/qytetaret-e-malit-te-zi-e-duan-integrimin-ne\/","name":"Qytetar\u00ebt e Malit t\u00eb Zi e duan integrimin n\u00eb BE - Lajme nga Ulqini","isPartOf":{"@id":"https:\/\/www.visit-ulcinj.com\/blog\/#website"},"primaryImageOfPage":{"@id":"https:\/\/www.visit-ulcinj.com\/blog\/2017\/01\/18\/qytetaret-e-malit-te-zi-e-duan-integrimin-ne\/#primaryimage"},"datePublished":"2017-01-18T16:40:29+00:00","dateModified":"2017-01-18T16:48:40+00:00","author":{"@id":"https:\/\/www.visit-ulcinj.com\/blog\/#\/schema\/person\/dcab619c614d3038751c63bc2aadc06d"},"description":"M\u00eb shum\u00eb se dy t\u00eb tretat e qytetar\u00ebve t\u00eb Malit t\u00eb Zi do t\u00eb mb\u00ebshtesnin integrimin e vendit t\u00eb tyre n\u00eb Bashkimin Evropian. Sipas nj\u00eb studimi t\u00eb publikuar","breadcrumb":{"@id":"https:\/\/www.visit-ulcinj.com\/blog\/2017\/01\/18\/qytetaret-e-malit-te-zi-e-duan-integrimin-ne\/#breadcrumb"},"inLanguage":"en-US","potentialAction":[{"@type":"ReadAction","target":["https:\/\/www.visit-ulcinj.com\/blog\/2017\/01\/18\/qytetaret-e-malit-te-zi-e-duan-integrimin-ne\/"]}]},{"@type":"BreadcrumbList","@id":"https:\/\/www.visit-ulcinj.com\/blog\/2017\/01\/18\/qytetaret-e-malit-te-zi-e-duan-integrimin-ne\/#breadcrumb","itemListElement":[{"@type":"ListItem","position":1,"name":"Qytetar\u00ebt e Malit t\u00eb Zi e duan integrimin n\u00eb BE"}]},{"@type":"Person","@id":"https:\/\/www.visit-ulcinj.com\/blog\/#\/schema\/person\/dcab619c614d3038751c63bc2aadc06d","name":"ulqini","sameAs":["http:\/\/www.visit-ulcinj.com"],"url":"https:\/\/www.visit-ulcinj.com\/blog\/author\/admin\/"}]}},"jetpack_featured_media_url":"","jetpack_sharing_enabled":true,"jetpack_shortlink":"https:\/\/wp.me\/pe6lTn-qCy","_links":{"self":[{"href":"https:\/\/www.visit-ulcinj.com\/blog\/wp-json\/wp\/v2\/posts\/102334"}],"collection":[{"href":"https:\/\/www.visit-ulcinj.com\/blog\/wp-json\/wp\/v2\/posts"}],"about":[{"href":"https:\/\/www.visit-ulcinj.com\/blog\/wp-json\/wp\/v2\/types\/post"}],"author":[{"embeddable":true,"href":"https:\/\/www.visit-ulcinj.com\/blog\/wp-json\/wp\/v2\/users\/1"}],"replies":[{"embeddable":true,"href":"https:\/\/www.visit-ulcinj.com\/blog\/wp-json\/wp\/v2\/comments?post=102334"}],"version-history":[{"count":4,"href":"https:\/\/www.visit-ulcinj.com\/blog\/wp-json\/wp\/v2\/posts\/102334\/revisions"}],"predecessor-version":[{"id":102341,"href":"https:\/\/www.visit-ulcinj.com\/blog\/wp-json\/wp\/v2\/posts\/102334\/revisions\/102341"}],"wp:attachment":[{"href":"https:\/\/www.visit-ulcinj.com\/blog\/wp-json\/wp\/v2\/media?parent=102334"}],"wp:term":[{"taxonomy":"category","embeddable":true,"href":"https:\/\/www.visit-ulcinj.com\/blog\/wp-json\/wp\/v2\/categories?post=102334"},{"taxonomy":"post_tag","embeddable":true,"href":"https:\/\/www.visit-ulcinj.com\/blog\/wp-json\/wp\/v2\/tags?post=102334"}],"curies":[{"name":"wp","href":"https:\/\/api.w.org\/{rel}","templated":true}]}}