{"id":102342,"date":"2017-01-18T18:13:15","date_gmt":"2017-01-18T17:13:15","guid":{"rendered":"http:\/\/www.visit-ulcinj.com\/blog\/?p=102342"},"modified":"2017-01-18T18:13:15","modified_gmt":"2017-01-18T17:13:15","slug":"paga-mujore-e-nje-deputeti-ne-mal-te-zi-plus-super-meditjet","status":"publish","type":"post","link":"https:\/\/www.visit-ulcinj.com\/blog\/2017\/01\/18\/paga-mujore-e-nje-deputeti-ne-mal-te-zi-plus-super-meditjet\/","title":{"rendered":"Paga mujore e nj\u00eb deputeti n\u00eb Mal t\u00eb Zi, plus super m\u00ebditjet"},"content":{"rendered":"<p class=\"p1\"><strong><span class=\"st\"> <a href=\"http:\/\/www.visit-ulcinj.com\/blog\/wp-content\/uploads\/2017\/01\/Ja-sa-\u00ebsht\u00eb-rroga-e-deputetit-n\u00eb-Mal-t\u00eb-Zi.jpg\"><img loading=\"lazy\" class=\"alignleft wp-image-102343\" src=\"http:\/\/www.visit-ulcinj.com\/blog\/wp-content\/uploads\/2017\/01\/Ja-sa-\u00ebsht\u00eb-rroga-e-deputetit-n\u00eb-Mal-t\u00eb-Zi.jpg\" alt=\"Ja sa \u00ebsht\u00eb rroga e deputetit n\u00eb Mal t\u00eb Zi\" width=\"508\" height=\"321\" srcset=\"https:\/\/www.visit-ulcinj.com\/blog\/wp-content\/uploads\/2017\/01\/Ja-sa-\u00ebsht\u00eb-rroga-e-deputetit-n\u00eb-Mal-t\u00eb-Zi.jpg 800w, https:\/\/www.visit-ulcinj.com\/blog\/wp-content\/uploads\/2017\/01\/Ja-sa-\u00ebsht\u00eb-rroga-e-deputetit-n\u00eb-Mal-t\u00eb-Zi-300x190.jpg 300w, https:\/\/www.visit-ulcinj.com\/blog\/wp-content\/uploads\/2017\/01\/Ja-sa-\u00ebsht\u00eb-rroga-e-deputetit-n\u00eb-Mal-t\u00eb-Zi-768x486.jpg 768w\" sizes=\"(max-width: 508px) 100vw, 508px\" \/><\/a>Paga baz\u00eb e deputet\u00ebve t\u00eb Mali t\u00eb Zi \u00ebsht\u00eb <\/span>1883 euro<\/strong><\/p>\n<p class=\"p1\">Kjo \u00ebsht\u00eb rroga e deputet\u00ebve t\u00eb Parlamentit t\u00eb Malit t\u00eb Zi. K\u00ebsaj rroge i shtohen edhe harxhimet e rrug\u00ebs, q\u00eb shkojn\u00eb nga 11 euro deri n\u00eb 100 euro p\u00ebr \u00e7do ardhje n\u00eb seancat kuvendore, informon INA.<\/p>\n<p class=\"p1\">Pagesat e m\u00ebditjeve dhe harxhimeve t\u00eb rrug\u00ebs paguhen var\u00ebsisht nga cili vend vijn\u00eb deputet\u00ebt. Atyre q\u00eb jan\u00eb nga periferit\u00eb gjithashtu u paguhen edhe harxhimet e banes\u00ebs n\u00eb rast<span class=\"Apple-converted-space\">\u00a0 <\/span>se duan t\u00eb q\u00ebndrojn\u00eb n\u00eb Podgoric\u00eb.<\/p>\n<p>Deputet\u00ebt e Malit t\u00eb Zi kan\u00eb pagat m\u00eb t\u00eb larta krahasuar me deputet\u00ebt e vendeve fqinje. Njoh\u00ebsit e ekonomis\u00eb dhe analist\u00ebt politik\u00eb thon\u00eb se n\u00eb nj\u00eb vend si Mali i Zi me varf\u00ebri dhe papun\u00ebsi t\u00eb madhe \u00ebsht\u00eb e papranueshme q\u00eb pagat e deputet\u00ebve t\u00eb shkojn\u00eb deri n\u00eb 1883 euro.<\/p>\n<p>Deri n\u00eb 1883 euro marrin paga mujore deputet\u00ebt e Malit t\u00eb Zi, derisa\u00a0ata t\u00eb Serbis\u00eb nuk marrin as 1000 euro n\u00eb muaj. Gazeta INA ka nxjerr\u00eb t\u00eb dh\u00ebnat e pagave mujore t\u00eb shteteve t\u00eb rajonit dhe del se Mali i Zi dhe Kosova 1488 euro, bashk\u00eb m\u00eb Maqedonin\u00eb 1000 euro dhe Shqip\u00ebrin\u00eb 1080 euro, mbetet n\u00eb top-list\u00eb p\u00ebr nga rrogat e deputet\u00ebve t\u00eb saj.<\/p>\n<p>INA<\/p>\n<p>&nbsp;<\/p>\n","protected":false},"excerpt":{"rendered":"<p>Paga baz\u00eb e deputet\u00ebve t\u00eb Mali t\u00eb Zi \u00ebsht\u00eb 1883 euro Kjo \u00ebsht\u00eb rroga e deputet\u00ebve t\u00eb Parlamentit t\u00eb Malit t\u00eb Zi. K\u00ebsaj rroge i shtohen edhe harxhimet e rrug\u00ebs, q\u00eb shkojn\u00eb nga 11 euro deri n\u00eb 100 euro p\u00ebr \u00e7do ardhje n\u00eb seancat kuvendore, informon INA. Pagesat e m\u00ebditjeve dhe harxhimeve t\u00eb rrug\u00ebs paguhen [&hellip;]<\/p>\n","protected":false},"author":1,"featured_media":0,"comment_status":"closed","ping_status":"closed","sticky":false,"template":"","format":"standard","meta":{"spay_email":"","jetpack_publicize_message":"","jetpack_is_tweetstorm":false,"jetpack_publicize_feature_enabled":true},"categories":[12],"tags":[],"jetpack_publicize_connections":[],"yoast_head":"<!-- This site is optimized with the Yoast SEO plugin v19.1 - https:\/\/yoast.com\/wordpress\/plugins\/seo\/ -->\n<title>Paga mujore e nj\u00eb deputeti n\u00eb Mal t\u00eb Zi, plus super m\u00ebditjet - Lajme nga Ulqini<\/title>\n<meta name=\"description\" content=\"Paga baz\u00eb e deputet\u00ebve t\u00eb Mali t\u00eb Zi \u00ebsht\u00eb 1883 euro Kjo \u00ebsht\u00eb rroga e deputet\u00ebve t\u00eb Parlamentit t\u00eb Malit t\u00eb Zi. K\u00ebsaj rroge i shtohen edhe harxhimet e\" \/>\n<meta name=\"robots\" content=\"index, follow, max-snippet:-1, max-image-preview:large, max-video-preview:-1\" \/>\n<link rel=\"canonical\" href=\"https:\/\/www.visit-ulcinj.com\/blog\/2017\/01\/18\/paga-mujore-e-nje-deputeti-ne-mal-te-zi-plus-super-meditjet\/\" \/>\n<meta property=\"og:locale\" content=\"en_US\" \/>\n<meta property=\"og:type\" content=\"article\" \/>\n<meta property=\"og:title\" content=\"Paga mujore e nj\u00eb deputeti n\u00eb Mal t\u00eb Zi, plus super m\u00ebditjet - Lajme nga Ulqini\" \/>\n<meta property=\"og:description\" content=\"Paga baz\u00eb e deputet\u00ebve t\u00eb Mali t\u00eb Zi \u00ebsht\u00eb 1883 euro Kjo \u00ebsht\u00eb rroga e deputet\u00ebve t\u00eb Parlamentit t\u00eb Malit t\u00eb Zi. K\u00ebsaj rroge i shtohen edhe harxhimet e\" \/>\n<meta property=\"og:url\" content=\"https:\/\/www.visit-ulcinj.com\/blog\/2017\/01\/18\/paga-mujore-e-nje-deputeti-ne-mal-te-zi-plus-super-meditjet\/\" \/>\n<meta property=\"og:site_name\" content=\"Lajme nga Ulqini\" \/>\n<meta property=\"article:published_time\" content=\"2017-01-18T17:13:15+00:00\" \/>\n<meta name=\"twitter:label1\" content=\"Written by\" \/>\n\t<meta name=\"twitter:data1\" content=\"ulqini\" \/>\n\t<meta name=\"twitter:label2\" content=\"Est. reading time\" \/>\n\t<meta name=\"twitter:data2\" content=\"1 minute\" \/>\n<script type=\"application\/ld+json\" class=\"yoast-schema-graph\">{\"@context\":\"https:\/\/schema.org\",\"@graph\":[{\"@type\":\"WebSite\",\"@id\":\"https:\/\/www.visit-ulcinj.com\/blog\/#website\",\"url\":\"https:\/\/www.visit-ulcinj.com\/blog\/\",\"name\":\"Lajme nga Ulqini\",\"description\":\"Lajme,Vijesti,Ulqini,Ulqin,Crna Gora,Mali i Zi\",\"potentialAction\":[{\"@type\":\"SearchAction\",\"target\":{\"@type\":\"EntryPoint\",\"urlTemplate\":\"https:\/\/www.visit-ulcinj.com\/blog\/?s={search_term_string}\"},\"query-input\":\"required name=search_term_string\"}],\"inLanguage\":\"en-US\"},{\"@type\":\"WebPage\",\"@id\":\"https:\/\/www.visit-ulcinj.com\/blog\/2017\/01\/18\/paga-mujore-e-nje-deputeti-ne-mal-te-zi-plus-super-meditjet\/#webpage\",\"url\":\"https:\/\/www.visit-ulcinj.com\/blog\/2017\/01\/18\/paga-mujore-e-nje-deputeti-ne-mal-te-zi-plus-super-meditjet\/\",\"name\":\"Paga mujore e nj\u00eb deputeti n\u00eb Mal t\u00eb Zi, plus super m\u00ebditjet - Lajme nga Ulqini\",\"isPartOf\":{\"@id\":\"https:\/\/www.visit-ulcinj.com\/blog\/#website\"},\"datePublished\":\"2017-01-18T17:13:15+00:00\",\"dateModified\":\"2017-01-18T17:13:15+00:00\",\"author\":{\"@id\":\"https:\/\/www.visit-ulcinj.com\/blog\/#\/schema\/person\/dcab619c614d3038751c63bc2aadc06d\"},\"description\":\"Paga baz\u00eb e deputet\u00ebve t\u00eb Mali t\u00eb Zi \u00ebsht\u00eb 1883 euro Kjo \u00ebsht\u00eb rroga e deputet\u00ebve t\u00eb Parlamentit t\u00eb Malit t\u00eb Zi. K\u00ebsaj rroge i shtohen edhe harxhimet e\",\"breadcrumb\":{\"@id\":\"https:\/\/www.visit-ulcinj.com\/blog\/2017\/01\/18\/paga-mujore-e-nje-deputeti-ne-mal-te-zi-plus-super-meditjet\/#breadcrumb\"},\"inLanguage\":\"en-US\",\"potentialAction\":[{\"@type\":\"ReadAction\",\"target\":[\"https:\/\/www.visit-ulcinj.com\/blog\/2017\/01\/18\/paga-mujore-e-nje-deputeti-ne-mal-te-zi-plus-super-meditjet\/\"]}]},{\"@type\":\"BreadcrumbList\",\"@id\":\"https:\/\/www.visit-ulcinj.com\/blog\/2017\/01\/18\/paga-mujore-e-nje-deputeti-ne-mal-te-zi-plus-super-meditjet\/#breadcrumb\",\"itemListElement\":[{\"@type\":\"ListItem\",\"position\":1,\"name\":\"Paga mujore e nj\u00eb deputeti n\u00eb Mal t\u00eb Zi, plus super m\u00ebditjet\"}]},{\"@type\":\"Person\",\"@id\":\"https:\/\/www.visit-ulcinj.com\/blog\/#\/schema\/person\/dcab619c614d3038751c63bc2aadc06d\",\"name\":\"ulqini\",\"sameAs\":[\"http:\/\/www.visit-ulcinj.com\"],\"url\":\"https:\/\/www.visit-ulcinj.com\/blog\/author\/admin\/\"}]}<\/script>\n<!-- \/ Yoast SEO plugin. -->","yoast_head_json":{"title":"Paga mujore e nj\u00eb deputeti n\u00eb Mal t\u00eb Zi, plus super m\u00ebditjet - Lajme nga Ulqini","description":"Paga baz\u00eb e deputet\u00ebve t\u00eb Mali t\u00eb Zi \u00ebsht\u00eb 1883 euro Kjo \u00ebsht\u00eb rroga e deputet\u00ebve t\u00eb Parlamentit t\u00eb Malit t\u00eb Zi. K\u00ebsaj rroge i shtohen edhe harxhimet e","robots":{"index":"index","follow":"follow","max-snippet":"max-snippet:-1","max-image-preview":"max-image-preview:large","max-video-preview":"max-video-preview:-1"},"canonical":"https:\/\/www.visit-ulcinj.com\/blog\/2017\/01\/18\/paga-mujore-e-nje-deputeti-ne-mal-te-zi-plus-super-meditjet\/","og_locale":"en_US","og_type":"article","og_title":"Paga mujore e nj\u00eb deputeti n\u00eb Mal t\u00eb Zi, plus super m\u00ebditjet - Lajme nga Ulqini","og_description":"Paga baz\u00eb e deputet\u00ebve t\u00eb Mali t\u00eb Zi \u00ebsht\u00eb 1883 euro Kjo \u00ebsht\u00eb rroga e deputet\u00ebve t\u00eb Parlamentit t\u00eb Malit t\u00eb Zi. K\u00ebsaj rroge i shtohen edhe harxhimet e","og_url":"https:\/\/www.visit-ulcinj.com\/blog\/2017\/01\/18\/paga-mujore-e-nje-deputeti-ne-mal-te-zi-plus-super-meditjet\/","og_site_name":"Lajme nga Ulqini","article_published_time":"2017-01-18T17:13:15+00:00","twitter_misc":{"Written by":"ulqini","Est. reading time":"1 minute"},"schema":{"@context":"https:\/\/schema.org","@graph":[{"@type":"WebSite","@id":"https:\/\/www.visit-ulcinj.com\/blog\/#website","url":"https:\/\/www.visit-ulcinj.com\/blog\/","name":"Lajme nga Ulqini","description":"Lajme,Vijesti,Ulqini,Ulqin,Crna Gora,Mali i Zi","potentialAction":[{"@type":"SearchAction","target":{"@type":"EntryPoint","urlTemplate":"https:\/\/www.visit-ulcinj.com\/blog\/?s={search_term_string}"},"query-input":"required name=search_term_string"}],"inLanguage":"en-US"},{"@type":"WebPage","@id":"https:\/\/www.visit-ulcinj.com\/blog\/2017\/01\/18\/paga-mujore-e-nje-deputeti-ne-mal-te-zi-plus-super-meditjet\/#webpage","url":"https:\/\/www.visit-ulcinj.com\/blog\/2017\/01\/18\/paga-mujore-e-nje-deputeti-ne-mal-te-zi-plus-super-meditjet\/","name":"Paga mujore e nj\u00eb deputeti n\u00eb Mal t\u00eb Zi, plus super m\u00ebditjet - Lajme nga Ulqini","isPartOf":{"@id":"https:\/\/www.visit-ulcinj.com\/blog\/#website"},"datePublished":"2017-01-18T17:13:15+00:00","dateModified":"2017-01-18T17:13:15+00:00","author":{"@id":"https:\/\/www.visit-ulcinj.com\/blog\/#\/schema\/person\/dcab619c614d3038751c63bc2aadc06d"},"description":"Paga baz\u00eb e deputet\u00ebve t\u00eb Mali t\u00eb Zi \u00ebsht\u00eb 1883 euro Kjo \u00ebsht\u00eb rroga e deputet\u00ebve t\u00eb Parlamentit t\u00eb Malit t\u00eb Zi. K\u00ebsaj rroge i shtohen edhe harxhimet e","breadcrumb":{"@id":"https:\/\/www.visit-ulcinj.com\/blog\/2017\/01\/18\/paga-mujore-e-nje-deputeti-ne-mal-te-zi-plus-super-meditjet\/#breadcrumb"},"inLanguage":"en-US","potentialAction":[{"@type":"ReadAction","target":["https:\/\/www.visit-ulcinj.com\/blog\/2017\/01\/18\/paga-mujore-e-nje-deputeti-ne-mal-te-zi-plus-super-meditjet\/"]}]},{"@type":"BreadcrumbList","@id":"https:\/\/www.visit-ulcinj.com\/blog\/2017\/01\/18\/paga-mujore-e-nje-deputeti-ne-mal-te-zi-plus-super-meditjet\/#breadcrumb","itemListElement":[{"@type":"ListItem","position":1,"name":"Paga mujore e nj\u00eb deputeti n\u00eb Mal t\u00eb Zi, plus super m\u00ebditjet"}]},{"@type":"Person","@id":"https:\/\/www.visit-ulcinj.com\/blog\/#\/schema\/person\/dcab619c614d3038751c63bc2aadc06d","name":"ulqini","sameAs":["http:\/\/www.visit-ulcinj.com"],"url":"https:\/\/www.visit-ulcinj.com\/blog\/author\/admin\/"}]}},"jetpack_featured_media_url":"","jetpack_sharing_enabled":true,"jetpack_shortlink":"https:\/\/wp.me\/pe6lTn-qCG","_links":{"self":[{"href":"https:\/\/www.visit-ulcinj.com\/blog\/wp-json\/wp\/v2\/posts\/102342"}],"collection":[{"href":"https:\/\/www.visit-ulcinj.com\/blog\/wp-json\/wp\/v2\/posts"}],"about":[{"href":"https:\/\/www.visit-ulcinj.com\/blog\/wp-json\/wp\/v2\/types\/post"}],"author":[{"embeddable":true,"href":"https:\/\/www.visit-ulcinj.com\/blog\/wp-json\/wp\/v2\/users\/1"}],"replies":[{"embeddable":true,"href":"https:\/\/www.visit-ulcinj.com\/blog\/wp-json\/wp\/v2\/comments?post=102342"}],"version-history":[{"count":1,"href":"https:\/\/www.visit-ulcinj.com\/blog\/wp-json\/wp\/v2\/posts\/102342\/revisions"}],"predecessor-version":[{"id":102344,"href":"https:\/\/www.visit-ulcinj.com\/blog\/wp-json\/wp\/v2\/posts\/102342\/revisions\/102344"}],"wp:attachment":[{"href":"https:\/\/www.visit-ulcinj.com\/blog\/wp-json\/wp\/v2\/media?parent=102342"}],"wp:term":[{"taxonomy":"category","embeddable":true,"href":"https:\/\/www.visit-ulcinj.com\/blog\/wp-json\/wp\/v2\/categories?post=102342"},{"taxonomy":"post_tag","embeddable":true,"href":"https:\/\/www.visit-ulcinj.com\/blog\/wp-json\/wp\/v2\/tags?post=102342"}],"curies":[{"name":"wp","href":"https:\/\/api.w.org\/{rel}","templated":true}]}}