{"id":10235,"date":"2009-02-01T12:48:35","date_gmt":"2009-02-01T11:48:35","guid":{"rendered":"http:\/\/www.visit-ulcinj.com\/blog\/?p=10235"},"modified":"2009-02-01T12:48:39","modified_gmt":"2009-02-01T11:48:39","slug":"mungese-guximi-per-bashkim","status":"publish","type":"post","link":"https:\/\/www.visit-ulcinj.com\/blog\/2009\/02\/01\/mungese-guximi-per-bashkim\/","title":{"rendered":"Munges\u00eb guximi p\u00ebr bashkim"},"content":{"rendered":"<p><strong><a rel=\"attachment wp-att-10236\" href=\"http:\/\/www.visit-ulcinj.com\/blog\/2009\/02\/01\/mungese-guximi-per-bashkim\/logo_partit-shqiptare-ne-mal-te-zi1-2\/\"><img loading=\"lazy\" class=\"alignleft size-full wp-image-10236\" title=\"logo_partit-shqiptare-ne-mal-te-zi1\" src=\"http:\/\/www.visit-ulcinj.com\/blog\/wp-content\/uploads\/2009\/02\/logo_partit-shqiptare-ne-mal-te-zi1.jpg\" alt=\"logo_partit-shqiptare-ne-mal-te-zi1\" width=\"321\" height=\"354\" \/><\/a>Po vijn\u00eb zgjedhjet e parakohshme parlamentare<\/strong><br \/>\nN\u00eb k\u00ebt\u00eb fillim viti me shpejt\u00ebsi qarkulluan deklarata t\u00eb zyrtar\u00ebve malazez se m\u00eb 29 mars parashikohen t\u00eb mbahen zgjedhje t\u00eb parakohshme parlamentare n\u00eb Mal t\u00eb Zi.<br \/>\nArsyet jan\u00eb nga m\u00eb t\u00eb ndryshmet, gj\u00eb q\u00eb si duket e gjeti opozit\u00ebn t\u00eb pap\u00ebrgatitur dhe kjo hetohet tashm\u00eb p\u00ebrmes deklaratave t\u00eb tyre. Arsyeja se m\u00eb par\u00eb \u00ebsht\u00eb dashur t\u00eb miratohet Ligji i ri zgjedhor n\u00eb harmoni me parimet kushtetuese malazeze duket se nuk pi uj\u00eb. Shikuar realisht n\u00eb k\u00ebt\u00eb pik\u00ebpamje opozita ka t\u00eb drejt\u00eb, por n\u00eb t\u00eb nj\u00ebjt\u00ebn koh\u00eb ajo \u00ebsht\u00eb dashur m\u00eb heret t\u00eb paraqes\u00eb alternativat e veta, gj\u00eb q\u00eb nuk ndodhi. Deklaratat e dh\u00ebna nga p\u00ebrfaq\u00ebsuesit e opozit\u00ebs provokojn\u00eb dyshime p\u00ebr t\u00eb realizuar ndryshimet e nevojshme, ku t\u00eb nj\u00ebjtit b\u00ebh\u00ebn sikur duan ndryshime, po edhe sikur jan\u00eb t\u00eb k\u00ebnaqur me ligjin ekzistues.<br \/>\nN\u00eb k\u00ebto rrethana r\u00ebnd\u00ebsi ka se si do t\u00eb veprojn\u00eb subjektet politike shqiptare n\u00eb Mal t\u00eb Zi. A jan\u00eb ato t\u00eb gatshme t\u00eb tejkalojn\u00eb barrierat e krijuara n\u00eb mes veti, apo do t\u00eb dalin n\u00eb zgjedhje secila m\u00eb vete? Ka shum\u00eb arsye t\u00eb besohet kjo e dyta, duke iu referuar klim\u00ebs s\u00eb tanishme politike, po edhe zgedhjeve t\u00eb m\u00ebparshme. Ky paralajm\u00ebrim i zgjedhjeve t\u00eb parakohshme parlamentare n\u00eb Mal t\u00eb Zi e b\u00ebn edhe m\u00eb t\u00eb v\u00ebshtir\u00eb situat\u00ebn jo vet\u00ebm n\u00eb mes t\u00eb partive, por edhe br\u00ebnda vet subjektit politik, cilido qoft\u00eb ai. Kjo edhe p\u00ebr faktin se disa nga k\u00ebta lider\u00eb nuk hedhin pik\u00ebpamjet e veta rreth organizimit rajonal me nj\u00eb list\u00eb t\u00eb p\u00ebrbashk\u00ebt t\u00eb kandidat\u00ebve p\u00ebr deputet\u00eb n\u00eb trojet etnike shqiptare, gj\u00eb q\u00eb v\u00ebshtir\u00eb t\u00eb dakordohen, po edhe n\u00ebse dakordohen kjo mund t\u00eb paraqes\u00eb moll\u00eb sherri lidhur me rangimin e kandidat\u00ebve.<br \/>\nTani n\u00eb prag t\u00eb zgjedhjeve t\u00eb parakohshme parlamentare do t\u00eb ket\u00eb edhe t\u00eb atill\u00eb q\u00eb jan\u00eb t\u00eb gatsh\u00ebm p\u00ebr t`u p\u00ebrqendruar n\u00eb sllogane patriotike, ku ka shum\u00eb arsye t\u00eb besohet se kjo b\u00ebhet me q\u00ebllime politike me \u00e7ka k\u00ebrkohet t\u00eb p\u00ebrbuzet kund\u00ebrshtari politik br\u00ebnda t\u00eb nj\u00ebjtit komb, sic jan\u00eb shqiptar\u00ebt n\u00eb Mal t\u00eb Zi. Po t`u referohemi zgjedhjeve t\u00eb m\u00ebparshme duhet besuar se disa prej tyre do t\u00eb shpallen &#8220;tradhtar\u00eb t\u00eb interesave komb\u00ebtare&#8221;, e cila etiket\u00eb cil\u00ebsohet si m\u00eb efektivja p\u00ebr t\u00eb diskredituar personalitetin e dikujt. Ky tashm\u00eb \u00ebsht\u00eb nj\u00eb element i njohur p\u00ebr ne k\u00ebtu, sidomos t\u00eb atyre q\u00eb kan\u00eb p\u00ebrcjell\u00eb rrjedhat politike n\u00eb Mal t\u00eb Zi. Kjo \u00ebsht\u00eb ajo q\u00eb ka shkaktuar reagime t\u00eb shumta edhe te p\u00ebrfq\u00ebsuesit e shqiptar\u00ebve q\u00eb si duket v\u00ebshtir\u00eb t\u00eb rreshtohen n\u00eb nj\u00eb lloj aleance partish p\u00ebr t\u00eb pasur p\u00ebraq\u00ebsuesin e tyre, nga se ndryshe si parti t\u00eb vogla kan\u00eb pak shans t\u00eb futen n\u00eb Parlament n\u00ebse konkurrojn\u00eb ndaras. Sido q\u00eb t\u00eb jet\u00eb, drejtuesit e politik\u00ebs shqiptare e kan\u00eb t\u00eb qart\u00eb se jan\u00eb konsumuar aq shum\u00eb sa u duhet t\u00eb shpikin forma t\u00eb reja e t\u00eb \u00e7uditshme me elektoratin, si dhe p\u00ebr faktin se ky elektorat i vog\u00ebl ka shum\u00eb kryetar\u00eb partish gj\u00eb q\u00eb i v\u00eb votuesit n\u00eb siklet se kujt duhet dh\u00ebn\u00eb vot\u00ebn.<br \/>\nLider\u00ebrve t\u00eb subjektve politike shqiptare u mungon kuraja t\u00eb b\u00ebjn\u00eb thirrje p\u00ebr bashkim. Kjo nuk ndodh\u00eb vet\u00ebm k\u00ebtu, pa dallim n\u00eb mes nj\u00ebri-tjetrit p\u00ebr t\u00eb zgjidhur shkall\u00eb-shkall\u00eb problemet e komunitetit t\u00eb k\u00ebtush\u00ebm. N\u00ebse kjo nuk ndodh\u00eb, at\u00ebher\u00eb ka shum\u00eb pak gjasa q\u00eb shqiptar\u00ebt n\u00eb Mal t\u00eb Zi t\u00eb jen\u00eb t\u00eb p\u00ebrfaq\u00ebsuar me ndonj\u00eb deputet n\u00eb Parlamentin malazez nga radh\u00ebt e partive politike shqiptare. Drejtuesve t\u00eb fushat\u00ebs elektorale u mungon p\u00ebr momentin orientimi n\u00eb t\u00ebr\u00ebsi, u mungojn\u00eb alternativat politike p\u00ebr t\u00eb ardhmen e bashk\u00ebqytetar\u00ebve t\u00eb tyre, u mungon programi dhe analiza e asaj q\u00eb ka mbetur pa u realzuar gjat\u00eb manadatit t\u00eb cilin e mbyllen me rezultate jo t\u00eb mira. Ndaj shqiptar\u00ebt e k\u00ebtuesh\u00ebm tani jan\u00eb t\u00eb bindur se nuk kan\u00eb pse dhe p\u00ebr cka t\u00eb rendin pas lider\u00ebve, ata jan\u00eb ngopur me premtime t\u00eb cil\u00ebt mbet\u00ebn diku n\u00eb mes t\u00eb rrug\u00ebs.<br \/>\nJemi m\u00ebsuar t\u00eb shkojm\u00eb p\u00ebr t\u00eb votuar me shpres\u00eb se dicka nga premtimet e dh\u00ebna do t\u00eb realzohet dhe n\u00ebse u referohemi zgjedhjeve t\u00eb kaluara duhet pitur q\u00eb s\u00eb shpejti n\u00ebp\u00ebr rrug\u00ebt tona t\u00eb shohim postera pran\u00eb e pran\u00eb nj\u00ebri-tjetrit p\u00ebr cka derdhen bukur shum\u00eb para n\u00eb nj\u00eb koh\u00eb kur qytetari \u00ebsht\u00eb n\u00eb hall se si do shkojn\u00eb pun\u00ebt me ekonomi, si do t\u00eb jet\u00eb nes\u00ebr gjendja sociale, cfar\u00eb sezoni turistik do t\u00eb kemi, dhe k\u00ebshtu politika jon\u00eb joshet pas lider\u00ebve q\u00eb k\u00ebrkojn\u00eb t\u00eb b\u00ebh\u00ebn legjend\u00eb.<br \/>\nPrej gjith\u00eb k\u00ebtyre viteve t\u00eb demokracis\u00eb kemi nj\u00eb politik\u00eb q\u00eb ka prodhuar nj\u00eb s\u00ebr\u00eb partish politike nga ku lider\u00ebt e tyre po na shiten p\u00ebr pleq t\u00eb urt\u00eb, dreqi e marrt\u00eb, hajde b\u00ebji dy mendje bashk\u00eb! Nga deklaratat e tyre ndeshesh n\u00eb lavd\u00ebrime pa mas\u00eb, n\u00eb nj\u00ebrin krah sheh vet\u00ebm suksese, n\u00eb krahun tjet\u00ebr akuza p\u00ebr mosarritje t\u00eb sukseseve, ku edhe nj\u00ebri edhe tjetri nuk t\u00eb ofrojn\u00eb fakte bind\u00ebse e nuk t\u00eb gjejn\u00eb zgjidhje se si duhet t\u00eb dilet nga ky labirint n\u00eb t\u00eb cilin kemi hyr\u00eb.<br \/>\nQytetar\u00ebt t\u00eb kapluar me hallet e jet\u00ebs s\u00eb p\u00ebrditshme shum\u00eb gj\u00ebra nuk i v\u00ebjn\u00eb re, ata meritojn\u00eb nj\u00eb t\u00eb ardhme m\u00eb t\u00eb ndritur, nj\u00eb t\u00eb ardhme me perspektiv\u00eb. Ndaj shqiptar\u00ebt e k\u00ebtush\u00ebm duhet t\u00eb heqin nj\u00ebher\u00eb e p\u00ebrgjithmon\u00eb mitin e krijuar &#8220;lider\u00eb&#8221; , kjo \u00ebsht\u00eb m\u00ebnyra m\u00eb e mir\u00eb p\u00ebr ta edhe p\u00ebr faktin se zgjedhjet e sivjetshme nuk do t\u00eb b\u00ebjn\u00eb buj\u00eb t\u00eb madhe po t`i referohemi kriz\u00ebs ekonomike t\u00eb paralajm\u00ebruar.<br \/>\nSido q\u00eb t\u00eb jet\u00eb, shqiptar\u00ebt n\u00eb Mal t\u00eb Zi vazhdojn\u00eb t\u00eb jen\u00eb optimist\u00eb p\u00ebr t\u00eb ardhmen e tyre, pavar\u00ebsisht q\u00ebndrimeve t\u00eb subjekteve politike shqiptare, nga duhet pranuar se t\u00eb nj\u00ebjtit nuk kan\u00eb b\u00ebr\u00eb edhe aq shum\u00eb p\u00ebr elektoratin e tyre. Si qytetar i k\u00ebtij vendi do t\u00eb doja t\u00eb besoja sinqerisht se p\u00ebrtej retorik\u00ebs politike, shqiptar\u00ebt t\u00eb lodhur tashm\u00eb nga ajo \u00e7far\u00eb u b\u00eb e u arrit p\u00ebr k\u00ebto vite t\u00eb demokracis\u00eb do t\u00eb din\u00eb t\u00eb pozicionohen p\u00ebr kandidat\u00ebt e tyre dhe t\u00eb respektojn\u00eb ata dhe institucionet e shtetit t\u00eb Malit t\u00eb Zi, ashtu si\u00e7 kan\u00eb vepruar p\u00ebrher\u00eb edhe p\u00ebrkund\u00ebr paralajm\u00ebrimeve p\u00ebr zgjedhje t\u00eb parakohshme n\u00eb k\u00ebt\u00eb koh\u00eb krize. Sido q\u00eb t\u00eb jet\u00eb, dhasht\u00eb zoti t\u00eb bashkohen, por ajo q\u00eb \u00ebsht\u00eb n\u00eb terren t\u00eb b\u00ebn t\u00eb kuptosh se n\u00eb mes bart\u00ebsve politik\u00eb ekzistojn\u00eb mosbesime t\u00eb nd\u00ebrsjella cka e b\u00ebn\u00eb edhe m\u00eb t\u00eb v\u00ebshtir\u00eb harmonizimin e q\u00ebndrimeve t\u00eb subjekteve politike shqiptare n\u00eb Mal t\u00eb Zi rreth k\u00ebrkesave t\u00eb shumta q\u00eb ka komuniteti i k\u00ebtush\u00ebm. P\u00ebr k\u00eb duhet votuar k\u00ebsaj radhe, n\u00ebse jo p\u00ebr vetvet\u00ebn.<\/p>\n<p><strong>Shaban Peraj<br \/>\nKoha Javore<\/strong><\/p>\n","protected":false},"excerpt":{"rendered":"<p>Po vijn\u00eb zgjedhjet e parakohshme parlamentare N\u00eb k\u00ebt\u00eb fillim viti me shpejt\u00ebsi qarkulluan deklarata t\u00eb zyrtar\u00ebve malazez se m\u00eb 29 mars parashikohen t\u00eb mbahen zgjedhje t\u00eb parakohshme parlamentare n\u00eb Mal t\u00eb Zi. Arsyet jan\u00eb nga m\u00eb t\u00eb ndryshmet, gj\u00eb q\u00eb si duket e gjeti opozit\u00ebn t\u00eb pap\u00ebrgatitur dhe kjo hetohet tashm\u00eb p\u00ebrmes deklaratave t\u00eb tyre. [&hellip;]<\/p>\n","protected":false},"author":1,"featured_media":0,"comment_status":"open","ping_status":"closed","sticky":false,"template":"","format":"standard","meta":{"spay_email":"","jetpack_publicize_message":"","jetpack_is_tweetstorm":false,"jetpack_publicize_feature_enabled":true},"categories":[12],"tags":[38,6300,6301],"jetpack_publicize_connections":[],"yoast_head":"<!-- This site is optimized with the Yoast SEO plugin v19.1 - https:\/\/yoast.com\/wordpress\/plugins\/seo\/ -->\n<title>Munges\u00eb guximi p\u00ebr bashkim - Lajme nga Ulqini<\/title>\n<meta name=\"description\" content=\"Po vijn\u00eb zgjedhjet e parakohshme parlamentare N\u00eb k\u00ebt\u00eb fillim viti me shpejt\u00ebsi qarkulluan deklarata t\u00eb zyrtar\u00ebve malazez se m\u00eb 29 mars parashikohen t\u00eb\" \/>\n<meta name=\"robots\" content=\"index, follow, max-snippet:-1, max-image-preview:large, max-video-preview:-1\" \/>\n<link rel=\"canonical\" href=\"https:\/\/www.visit-ulcinj.com\/blog\/2009\/02\/01\/mungese-guximi-per-bashkim\/\" \/>\n<meta property=\"og:locale\" content=\"en_US\" \/>\n<meta property=\"og:type\" content=\"article\" \/>\n<meta property=\"og:title\" content=\"Munges\u00eb guximi p\u00ebr bashkim - Lajme nga Ulqini\" \/>\n<meta property=\"og:description\" content=\"Po vijn\u00eb zgjedhjet e parakohshme parlamentare N\u00eb k\u00ebt\u00eb fillim viti me shpejt\u00ebsi qarkulluan deklarata t\u00eb zyrtar\u00ebve malazez se m\u00eb 29 mars parashikohen t\u00eb\" \/>\n<meta property=\"og:url\" content=\"https:\/\/www.visit-ulcinj.com\/blog\/2009\/02\/01\/mungese-guximi-per-bashkim\/\" \/>\n<meta property=\"og:site_name\" content=\"Lajme nga Ulqini\" \/>\n<meta property=\"article:published_time\" content=\"2009-02-01T11:48:35+00:00\" \/>\n<meta property=\"article:modified_time\" content=\"2009-02-01T11:48:39+00:00\" \/>\n<meta property=\"og:image\" content=\"http:\/\/www.visit-ulcinj.com\/blog\/wp-content\/uploads\/2009\/02\/logo_partit-shqiptare-ne-mal-te-zi1.jpg\" \/>\n<meta name=\"twitter:label1\" content=\"Written by\" \/>\n\t<meta name=\"twitter:data1\" content=\"ulqini\" \/>\n\t<meta name=\"twitter:label2\" content=\"Est. reading time\" \/>\n\t<meta name=\"twitter:data2\" content=\"6 minutes\" \/>\n<script type=\"application\/ld+json\" class=\"yoast-schema-graph\">{\"@context\":\"https:\/\/schema.org\",\"@graph\":[{\"@type\":\"WebSite\",\"@id\":\"https:\/\/www.visit-ulcinj.com\/blog\/#website\",\"url\":\"https:\/\/www.visit-ulcinj.com\/blog\/\",\"name\":\"Lajme nga Ulqini\",\"description\":\"Lajme,Vijesti,Ulqini,Ulqin,Crna Gora,Mali i Zi\",\"potentialAction\":[{\"@type\":\"SearchAction\",\"target\":{\"@type\":\"EntryPoint\",\"urlTemplate\":\"https:\/\/www.visit-ulcinj.com\/blog\/?s={search_term_string}\"},\"query-input\":\"required name=search_term_string\"}],\"inLanguage\":\"en-US\"},{\"@type\":\"ImageObject\",\"inLanguage\":\"en-US\",\"@id\":\"https:\/\/www.visit-ulcinj.com\/blog\/2009\/02\/01\/mungese-guximi-per-bashkim\/#primaryimage\",\"url\":\"https:\/\/www.visit-ulcinj.com\/blog\/wp-content\/uploads\/2009\/02\/logo_partit-shqiptare-ne-mal-te-zi1.jpg\",\"contentUrl\":\"https:\/\/www.visit-ulcinj.com\/blog\/wp-content\/uploads\/2009\/02\/logo_partit-shqiptare-ne-mal-te-zi1.jpg\",\"width\":\"1070\",\"height\":\"1197\"},{\"@type\":\"WebPage\",\"@id\":\"https:\/\/www.visit-ulcinj.com\/blog\/2009\/02\/01\/mungese-guximi-per-bashkim\/#webpage\",\"url\":\"https:\/\/www.visit-ulcinj.com\/blog\/2009\/02\/01\/mungese-guximi-per-bashkim\/\",\"name\":\"Munges\u00eb guximi p\u00ebr bashkim - Lajme nga Ulqini\",\"isPartOf\":{\"@id\":\"https:\/\/www.visit-ulcinj.com\/blog\/#website\"},\"primaryImageOfPage\":{\"@id\":\"https:\/\/www.visit-ulcinj.com\/blog\/2009\/02\/01\/mungese-guximi-per-bashkim\/#primaryimage\"},\"datePublished\":\"2009-02-01T11:48:35+00:00\",\"dateModified\":\"2009-02-01T11:48:39+00:00\",\"author\":{\"@id\":\"https:\/\/www.visit-ulcinj.com\/blog\/#\/schema\/person\/dcab619c614d3038751c63bc2aadc06d\"},\"description\":\"Po vijn\u00eb zgjedhjet e parakohshme parlamentare N\u00eb k\u00ebt\u00eb fillim viti me shpejt\u00ebsi qarkulluan deklarata t\u00eb zyrtar\u00ebve malazez se m\u00eb 29 mars parashikohen t\u00eb\",\"breadcrumb\":{\"@id\":\"https:\/\/www.visit-ulcinj.com\/blog\/2009\/02\/01\/mungese-guximi-per-bashkim\/#breadcrumb\"},\"inLanguage\":\"en-US\",\"potentialAction\":[{\"@type\":\"ReadAction\",\"target\":[\"https:\/\/www.visit-ulcinj.com\/blog\/2009\/02\/01\/mungese-guximi-per-bashkim\/\"]}]},{\"@type\":\"BreadcrumbList\",\"@id\":\"https:\/\/www.visit-ulcinj.com\/blog\/2009\/02\/01\/mungese-guximi-per-bashkim\/#breadcrumb\",\"itemListElement\":[{\"@type\":\"ListItem\",\"position\":1,\"name\":\"Munges\u00eb guximi p\u00ebr bashkim\"}]},{\"@type\":\"Person\",\"@id\":\"https:\/\/www.visit-ulcinj.com\/blog\/#\/schema\/person\/dcab619c614d3038751c63bc2aadc06d\",\"name\":\"ulqini\",\"sameAs\":[\"http:\/\/www.visit-ulcinj.com\"],\"url\":\"https:\/\/www.visit-ulcinj.com\/blog\/author\/admin\/\"}]}<\/script>\n<!-- \/ Yoast SEO plugin. -->","yoast_head_json":{"title":"Munges\u00eb guximi p\u00ebr bashkim - Lajme nga Ulqini","description":"Po vijn\u00eb zgjedhjet e parakohshme parlamentare N\u00eb k\u00ebt\u00eb fillim viti me shpejt\u00ebsi qarkulluan deklarata t\u00eb zyrtar\u00ebve malazez se m\u00eb 29 mars parashikohen t\u00eb","robots":{"index":"index","follow":"follow","max-snippet":"max-snippet:-1","max-image-preview":"max-image-preview:large","max-video-preview":"max-video-preview:-1"},"canonical":"https:\/\/www.visit-ulcinj.com\/blog\/2009\/02\/01\/mungese-guximi-per-bashkim\/","og_locale":"en_US","og_type":"article","og_title":"Munges\u00eb guximi p\u00ebr bashkim - Lajme nga Ulqini","og_description":"Po vijn\u00eb zgjedhjet e parakohshme parlamentare N\u00eb k\u00ebt\u00eb fillim viti me shpejt\u00ebsi qarkulluan deklarata t\u00eb zyrtar\u00ebve malazez se m\u00eb 29 mars parashikohen t\u00eb","og_url":"https:\/\/www.visit-ulcinj.com\/blog\/2009\/02\/01\/mungese-guximi-per-bashkim\/","og_site_name":"Lajme nga Ulqini","article_published_time":"2009-02-01T11:48:35+00:00","article_modified_time":"2009-02-01T11:48:39+00:00","og_image":[{"url":"http:\/\/www.visit-ulcinj.com\/blog\/wp-content\/uploads\/2009\/02\/logo_partit-shqiptare-ne-mal-te-zi1.jpg"}],"twitter_misc":{"Written by":"ulqini","Est. reading time":"6 minutes"},"schema":{"@context":"https:\/\/schema.org","@graph":[{"@type":"WebSite","@id":"https:\/\/www.visit-ulcinj.com\/blog\/#website","url":"https:\/\/www.visit-ulcinj.com\/blog\/","name":"Lajme nga Ulqini","description":"Lajme,Vijesti,Ulqini,Ulqin,Crna Gora,Mali i Zi","potentialAction":[{"@type":"SearchAction","target":{"@type":"EntryPoint","urlTemplate":"https:\/\/www.visit-ulcinj.com\/blog\/?s={search_term_string}"},"query-input":"required name=search_term_string"}],"inLanguage":"en-US"},{"@type":"ImageObject","inLanguage":"en-US","@id":"https:\/\/www.visit-ulcinj.com\/blog\/2009\/02\/01\/mungese-guximi-per-bashkim\/#primaryimage","url":"https:\/\/www.visit-ulcinj.com\/blog\/wp-content\/uploads\/2009\/02\/logo_partit-shqiptare-ne-mal-te-zi1.jpg","contentUrl":"https:\/\/www.visit-ulcinj.com\/blog\/wp-content\/uploads\/2009\/02\/logo_partit-shqiptare-ne-mal-te-zi1.jpg","width":"1070","height":"1197"},{"@type":"WebPage","@id":"https:\/\/www.visit-ulcinj.com\/blog\/2009\/02\/01\/mungese-guximi-per-bashkim\/#webpage","url":"https:\/\/www.visit-ulcinj.com\/blog\/2009\/02\/01\/mungese-guximi-per-bashkim\/","name":"Munges\u00eb guximi p\u00ebr bashkim - Lajme nga Ulqini","isPartOf":{"@id":"https:\/\/www.visit-ulcinj.com\/blog\/#website"},"primaryImageOfPage":{"@id":"https:\/\/www.visit-ulcinj.com\/blog\/2009\/02\/01\/mungese-guximi-per-bashkim\/#primaryimage"},"datePublished":"2009-02-01T11:48:35+00:00","dateModified":"2009-02-01T11:48:39+00:00","author":{"@id":"https:\/\/www.visit-ulcinj.com\/blog\/#\/schema\/person\/dcab619c614d3038751c63bc2aadc06d"},"description":"Po vijn\u00eb zgjedhjet e parakohshme parlamentare N\u00eb k\u00ebt\u00eb fillim viti me shpejt\u00ebsi qarkulluan deklarata t\u00eb zyrtar\u00ebve malazez se m\u00eb 29 mars parashikohen t\u00eb","breadcrumb":{"@id":"https:\/\/www.visit-ulcinj.com\/blog\/2009\/02\/01\/mungese-guximi-per-bashkim\/#breadcrumb"},"inLanguage":"en-US","potentialAction":[{"@type":"ReadAction","target":["https:\/\/www.visit-ulcinj.com\/blog\/2009\/02\/01\/mungese-guximi-per-bashkim\/"]}]},{"@type":"BreadcrumbList","@id":"https:\/\/www.visit-ulcinj.com\/blog\/2009\/02\/01\/mungese-guximi-per-bashkim\/#breadcrumb","itemListElement":[{"@type":"ListItem","position":1,"name":"Munges\u00eb guximi p\u00ebr bashkim"}]},{"@type":"Person","@id":"https:\/\/www.visit-ulcinj.com\/blog\/#\/schema\/person\/dcab619c614d3038751c63bc2aadc06d","name":"ulqini","sameAs":["http:\/\/www.visit-ulcinj.com"],"url":"https:\/\/www.visit-ulcinj.com\/blog\/author\/admin\/"}]}},"jetpack_featured_media_url":"","jetpack_sharing_enabled":true,"jetpack_shortlink":"https:\/\/wp.me\/pe6lTn-2F5","_links":{"self":[{"href":"https:\/\/www.visit-ulcinj.com\/blog\/wp-json\/wp\/v2\/posts\/10235"}],"collection":[{"href":"https:\/\/www.visit-ulcinj.com\/blog\/wp-json\/wp\/v2\/posts"}],"about":[{"href":"https:\/\/www.visit-ulcinj.com\/blog\/wp-json\/wp\/v2\/types\/post"}],"author":[{"embeddable":true,"href":"https:\/\/www.visit-ulcinj.com\/blog\/wp-json\/wp\/v2\/users\/1"}],"replies":[{"embeddable":true,"href":"https:\/\/www.visit-ulcinj.com\/blog\/wp-json\/wp\/v2\/comments?post=10235"}],"version-history":[{"count":0,"href":"https:\/\/www.visit-ulcinj.com\/blog\/wp-json\/wp\/v2\/posts\/10235\/revisions"}],"wp:attachment":[{"href":"https:\/\/www.visit-ulcinj.com\/blog\/wp-json\/wp\/v2\/media?parent=10235"}],"wp:term":[{"taxonomy":"category","embeddable":true,"href":"https:\/\/www.visit-ulcinj.com\/blog\/wp-json\/wp\/v2\/categories?post=10235"},{"taxonomy":"post_tag","embeddable":true,"href":"https:\/\/www.visit-ulcinj.com\/blog\/wp-json\/wp\/v2\/tags?post=10235"}],"curies":[{"name":"wp","href":"https:\/\/api.w.org\/{rel}","templated":true}]}}