{"id":102353,"date":"2017-01-19T16:48:09","date_gmt":"2017-01-19T15:48:09","guid":{"rendered":"http:\/\/www.visit-ulcinj.com\/blog\/?p=102353"},"modified":"2017-01-20T09:19:05","modified_gmt":"2017-01-20T08:19:05","slug":"nika-ne-rashtishe-te-siperme-mungon-bereqeti","status":"publish","type":"post","link":"https:\/\/www.visit-ulcinj.com\/blog\/2017\/01\/19\/nika-ne-rashtishe-te-siperme-mungon-bereqeti\/","title":{"rendered":"Nika: N\u00eb Rashtish\u00eb t\u00eb sip\u00ebrme mungon \u201cBereqeti\u201d"},"content":{"rendered":"<p><strong><em><a href=\"http:\/\/www.visit-ulcinj.com\/blog\/wp-content\/uploads\/2014\/11\/Muhamet-Nika.jpg\"><img loading=\"lazy\" class=\"alignleft wp-image-86143 size-medium\" src=\"http:\/\/www.visit-ulcinj.com\/blog\/wp-content\/uploads\/2014\/11\/Muhamet-Nika-240x300.jpg\" alt=\"Muhamet Nika, Sudski tuma\u010d- P\u00ebrkthyes gjyq\u00ebsor \u201c MUHAMET NIKA \u201d Ulcinj- Ulqin Adresa: zgrada SO ULCINJ- nd\u00ebrtesa e KK Ulqin Telefon-i: 068 264 122 Email-i : muhamet-nika@hotmail.com Albanski jezik- prof. Albanskog jezika Gjuh\u00eb shqipe- prof. I gjuh\u00ebs shqipe\" width=\"240\" height=\"300\" srcset=\"https:\/\/www.visit-ulcinj.com\/blog\/wp-content\/uploads\/2014\/11\/Muhamet-Nika-240x300.jpg 240w, https:\/\/www.visit-ulcinj.com\/blog\/wp-content\/uploads\/2014\/11\/Muhamet-Nika.jpg 256w\" sizes=\"(max-width: 240px) 100vw, 240px\" \/><\/a>Shkruan Muhamet Nika<\/em><\/strong><\/p>\n<p>Pas do pamjeve t\u00eb dimrit polar i cili tash disa dit\u00eb ka\u00a0 shternguar Ulqinin, pam\u00eb edhe do fotografi t\u00eb shp\u00ebrndara nga Lajme nga Ulqini , nga nj\u00eb informator i fshatit i cili ankohej se si fshati q\u00ebndroj i izoluar\u00a0 p\u00ebr rreth nj\u00eb jav\u00eb pa uj\u00eb pa drita dhe pa ushqime, sikur \u00a0ai t\u00eb ishte\u00a0 diku larg , si n\u00eb Theth\u00a0 t\u00eb Shqip\u00ebris\u00eb.<\/p>\n<p>Nuk do mend se\u00a0 \u201c harresa \u201c e tyre , po dukej se ishte e q\u00ebllimt\u00eb dhe u desh pik\u00ebrisht publikimi i situat\u00ebs\u00a0 nga faqja&#8230;, p\u00ebr tu k\u00ebndellur e \u00e7uar nga gjumi ata t\u00eb cil\u00ebt ndreq\u00ebn gjendjen<\/p>\n<p><strong>Kjo nuk ishte rast\u00ebsi<\/strong><\/p>\n<p>Se kjo nuk ishte rast\u00ebsi\u00a0 &#8211; \u00a0si anashkalim u pa edhe nga pakot me ushqime q\u00eb ndau pushteti lokal p\u00ebr familjet m\u00eb me nevoj\u00eb n\u00eb komun\u00eb t\u00eb Ulqinit ,e t\u00eb cilat u ndan\u00eb pa kurr\u00eb far\u00eb kriteri- ngjash\u00ebm si dikur ndihmat e Fatmir Gjek\u00ebs , n\u00eb komunale dhe q\u00eb u b\u00ebn\u00eb tem\u00eb diskutimi n\u00eb kuvend.<\/p>\n<p>Pasi koh\u00eb pas kohe\u00a0\u00a0 pako t\u00eb ngjashme n\u00eb fshat ndan\u00eb Shoqata Bamir\u00ebse Bereqet dhe duke kujtuar se ajo p\u00ebrs\u00ebri po b\u00ebnte shp\u00ebrndarjen, u interesuam dhe pyet\u00ebm atje : A mos ishte\u00a0 kjo nj\u00eb harres\u00eb e tyre ?!<\/p>\n<p>Ata na konfirmuan\u00a0 se nuk kishin\u00a0 njohuri\u00a0 p\u00ebr ndarjen, por se\u00a0 para do dit\u00ebve , n\u00ebnkryetari i komun\u00ebs Met Gjoni , i kish pyetur se si e b\u00ebjn\u00eb ndarjen dhe a do kish qen\u00eb mir\u00eb , q\u00eb edhe k\u00ebto ndihma t\u2019i ndaj\u00eb shoqata. Por me sa duket , pushteti kish vendosur t\u2019i ndaj\u00eb vet&#8230;.?!<\/p>\n<p>Pasi ky fshat malor q\u00eb dihet se nuk ka ndonj\u00eb ekonomi t\u00eb zhvilluar , vetvetiu\u00a0 ka edhe\u00a0 nevoj\u00eb edhe m\u00eb\u00a0 t\u00eb madhe\u00a0 p\u00ebr ndihmat\u00a0 t\u00eb k\u00ebtilla n\u00eb ushqime dhe l\u00ebnia e tyre n\u00eb harres\u00eb edhe k\u00ebsaj radhe \u2013 deri n\u00eb k\u00ebt\u00eb moment, flet se fshati , po duket ka mbetur si zon\u00eb e lir\u00eb\u00a0 politikisht \u2013 Sepse as kush nuk po kujdeset m\u00eb p\u00ebr ta, p\u00ebrve\u00e7\u00a0 se Shoqat\u00ebs Bereqeti..?!<\/p>\n","protected":false},"excerpt":{"rendered":"<p>Shkruan Muhamet Nika Pas do pamjeve t\u00eb dimrit polar i cili tash disa dit\u00eb ka\u00a0 shternguar Ulqinin, pam\u00eb edhe do fotografi t\u00eb shp\u00ebrndara nga Lajme nga Ulqini , nga nj\u00eb informator i fshatit i cili ankohej se si fshati q\u00ebndroj i izoluar\u00a0 p\u00ebr rreth nj\u00eb jav\u00eb pa uj\u00eb pa drita dhe pa ushqime, sikur \u00a0ai [&hellip;]<\/p>\n","protected":false},"author":1,"featured_media":0,"comment_status":"closed","ping_status":"closed","sticky":false,"template":"","format":"standard","meta":{"spay_email":"","jetpack_publicize_message":"","jetpack_is_tweetstorm":false,"jetpack_publicize_feature_enabled":true},"categories":[1,14249],"tags":[],"jetpack_publicize_connections":[],"yoast_head":"<!-- This site is optimized with the Yoast SEO plugin v19.1 - https:\/\/yoast.com\/wordpress\/plugins\/seo\/ -->\n<title>Nika: N\u00eb Rashtish\u00eb t\u00eb sip\u00ebrme mungon \u201cBereqeti\u201d - Lajme nga Ulqini<\/title>\n<meta name=\"description\" content=\"Shkruan Muhamet Nika Pas do pamjeve t\u00eb dimrit polar i cili tash disa dit\u00eb ka\u00a0 shternguar Ulqinin, pam\u00eb edhe do fotografi t\u00eb shp\u00ebrndara nga Lajme nga\" \/>\n<meta name=\"robots\" content=\"index, follow, max-snippet:-1, max-image-preview:large, max-video-preview:-1\" \/>\n<link rel=\"canonical\" href=\"https:\/\/www.visit-ulcinj.com\/blog\/2017\/01\/19\/nika-ne-rashtishe-te-siperme-mungon-bereqeti\/\" \/>\n<meta property=\"og:locale\" content=\"en_US\" \/>\n<meta property=\"og:type\" content=\"article\" \/>\n<meta property=\"og:title\" content=\"Nika: N\u00eb Rashtish\u00eb t\u00eb sip\u00ebrme mungon \u201cBereqeti\u201d - Lajme nga Ulqini\" \/>\n<meta property=\"og:description\" content=\"Shkruan Muhamet Nika Pas do pamjeve t\u00eb dimrit polar i cili tash disa dit\u00eb ka\u00a0 shternguar Ulqinin, pam\u00eb edhe do fotografi t\u00eb shp\u00ebrndara nga Lajme nga\" \/>\n<meta property=\"og:url\" content=\"https:\/\/www.visit-ulcinj.com\/blog\/2017\/01\/19\/nika-ne-rashtishe-te-siperme-mungon-bereqeti\/\" \/>\n<meta property=\"og:site_name\" content=\"Lajme nga Ulqini\" \/>\n<meta property=\"article:published_time\" content=\"2017-01-19T15:48:09+00:00\" \/>\n<meta property=\"article:modified_time\" content=\"2017-01-20T08:19:05+00:00\" \/>\n<meta property=\"og:image\" content=\"http:\/\/www.visit-ulcinj.com\/blog\/wp-content\/uploads\/2014\/11\/Muhamet-Nika-240x300.jpg\" \/>\n<meta name=\"twitter:label1\" content=\"Written by\" \/>\n\t<meta name=\"twitter:data1\" content=\"ulqini\" \/>\n\t<meta name=\"twitter:label2\" content=\"Est. reading time\" \/>\n\t<meta name=\"twitter:data2\" content=\"2 minutes\" \/>\n<script type=\"application\/ld+json\" class=\"yoast-schema-graph\">{\"@context\":\"https:\/\/schema.org\",\"@graph\":[{\"@type\":\"WebSite\",\"@id\":\"https:\/\/www.visit-ulcinj.com\/blog\/#website\",\"url\":\"https:\/\/www.visit-ulcinj.com\/blog\/\",\"name\":\"Lajme nga Ulqini\",\"description\":\"Lajme,Vijesti,Ulqini,Ulqin,Crna Gora,Mali i Zi\",\"potentialAction\":[{\"@type\":\"SearchAction\",\"target\":{\"@type\":\"EntryPoint\",\"urlTemplate\":\"https:\/\/www.visit-ulcinj.com\/blog\/?s={search_term_string}\"},\"query-input\":\"required name=search_term_string\"}],\"inLanguage\":\"en-US\"},{\"@type\":\"ImageObject\",\"inLanguage\":\"en-US\",\"@id\":\"https:\/\/www.visit-ulcinj.com\/blog\/2017\/01\/19\/nika-ne-rashtishe-te-siperme-mungon-bereqeti\/#primaryimage\",\"url\":\"https:\/\/www.visit-ulcinj.com\/blog\/wp-content\/uploads\/2014\/11\/Muhamet-Nika.jpg\",\"contentUrl\":\"https:\/\/www.visit-ulcinj.com\/blog\/wp-content\/uploads\/2014\/11\/Muhamet-Nika.jpg\",\"width\":256,\"height\":319},{\"@type\":\"WebPage\",\"@id\":\"https:\/\/www.visit-ulcinj.com\/blog\/2017\/01\/19\/nika-ne-rashtishe-te-siperme-mungon-bereqeti\/#webpage\",\"url\":\"https:\/\/www.visit-ulcinj.com\/blog\/2017\/01\/19\/nika-ne-rashtishe-te-siperme-mungon-bereqeti\/\",\"name\":\"Nika: N\u00eb Rashtish\u00eb t\u00eb sip\u00ebrme mungon \u201cBereqeti\u201d - Lajme nga Ulqini\",\"isPartOf\":{\"@id\":\"https:\/\/www.visit-ulcinj.com\/blog\/#website\"},\"primaryImageOfPage\":{\"@id\":\"https:\/\/www.visit-ulcinj.com\/blog\/2017\/01\/19\/nika-ne-rashtishe-te-siperme-mungon-bereqeti\/#primaryimage\"},\"datePublished\":\"2017-01-19T15:48:09+00:00\",\"dateModified\":\"2017-01-20T08:19:05+00:00\",\"author\":{\"@id\":\"https:\/\/www.visit-ulcinj.com\/blog\/#\/schema\/person\/dcab619c614d3038751c63bc2aadc06d\"},\"description\":\"Shkruan Muhamet Nika Pas do pamjeve t\u00eb dimrit polar i cili tash disa dit\u00eb ka\u00a0 shternguar Ulqinin, pam\u00eb edhe do fotografi t\u00eb shp\u00ebrndara nga Lajme nga\",\"breadcrumb\":{\"@id\":\"https:\/\/www.visit-ulcinj.com\/blog\/2017\/01\/19\/nika-ne-rashtishe-te-siperme-mungon-bereqeti\/#breadcrumb\"},\"inLanguage\":\"en-US\",\"potentialAction\":[{\"@type\":\"ReadAction\",\"target\":[\"https:\/\/www.visit-ulcinj.com\/blog\/2017\/01\/19\/nika-ne-rashtishe-te-siperme-mungon-bereqeti\/\"]}]},{\"@type\":\"BreadcrumbList\",\"@id\":\"https:\/\/www.visit-ulcinj.com\/blog\/2017\/01\/19\/nika-ne-rashtishe-te-siperme-mungon-bereqeti\/#breadcrumb\",\"itemListElement\":[{\"@type\":\"ListItem\",\"position\":1,\"name\":\"Nika: N\u00eb Rashtish\u00eb t\u00eb sip\u00ebrme mungon \u201cBereqeti\u201d\"}]},{\"@type\":\"Person\",\"@id\":\"https:\/\/www.visit-ulcinj.com\/blog\/#\/schema\/person\/dcab619c614d3038751c63bc2aadc06d\",\"name\":\"ulqini\",\"sameAs\":[\"http:\/\/www.visit-ulcinj.com\"],\"url\":\"https:\/\/www.visit-ulcinj.com\/blog\/author\/admin\/\"}]}<\/script>\n<!-- \/ Yoast SEO plugin. -->","yoast_head_json":{"title":"Nika: N\u00eb Rashtish\u00eb t\u00eb sip\u00ebrme mungon \u201cBereqeti\u201d - Lajme nga Ulqini","description":"Shkruan Muhamet Nika Pas do pamjeve t\u00eb dimrit polar i cili tash disa dit\u00eb ka\u00a0 shternguar Ulqinin, pam\u00eb edhe do fotografi t\u00eb shp\u00ebrndara nga Lajme nga","robots":{"index":"index","follow":"follow","max-snippet":"max-snippet:-1","max-image-preview":"max-image-preview:large","max-video-preview":"max-video-preview:-1"},"canonical":"https:\/\/www.visit-ulcinj.com\/blog\/2017\/01\/19\/nika-ne-rashtishe-te-siperme-mungon-bereqeti\/","og_locale":"en_US","og_type":"article","og_title":"Nika: N\u00eb Rashtish\u00eb t\u00eb sip\u00ebrme mungon \u201cBereqeti\u201d - Lajme nga Ulqini","og_description":"Shkruan Muhamet Nika Pas do pamjeve t\u00eb dimrit polar i cili tash disa dit\u00eb ka\u00a0 shternguar Ulqinin, pam\u00eb edhe do fotografi t\u00eb shp\u00ebrndara nga Lajme nga","og_url":"https:\/\/www.visit-ulcinj.com\/blog\/2017\/01\/19\/nika-ne-rashtishe-te-siperme-mungon-bereqeti\/","og_site_name":"Lajme nga Ulqini","article_published_time":"2017-01-19T15:48:09+00:00","article_modified_time":"2017-01-20T08:19:05+00:00","og_image":[{"url":"http:\/\/www.visit-ulcinj.com\/blog\/wp-content\/uploads\/2014\/11\/Muhamet-Nika-240x300.jpg"}],"twitter_misc":{"Written by":"ulqini","Est. reading time":"2 minutes"},"schema":{"@context":"https:\/\/schema.org","@graph":[{"@type":"WebSite","@id":"https:\/\/www.visit-ulcinj.com\/blog\/#website","url":"https:\/\/www.visit-ulcinj.com\/blog\/","name":"Lajme nga Ulqini","description":"Lajme,Vijesti,Ulqini,Ulqin,Crna Gora,Mali i Zi","potentialAction":[{"@type":"SearchAction","target":{"@type":"EntryPoint","urlTemplate":"https:\/\/www.visit-ulcinj.com\/blog\/?s={search_term_string}"},"query-input":"required name=search_term_string"}],"inLanguage":"en-US"},{"@type":"ImageObject","inLanguage":"en-US","@id":"https:\/\/www.visit-ulcinj.com\/blog\/2017\/01\/19\/nika-ne-rashtishe-te-siperme-mungon-bereqeti\/#primaryimage","url":"https:\/\/www.visit-ulcinj.com\/blog\/wp-content\/uploads\/2014\/11\/Muhamet-Nika.jpg","contentUrl":"https:\/\/www.visit-ulcinj.com\/blog\/wp-content\/uploads\/2014\/11\/Muhamet-Nika.jpg","width":256,"height":319},{"@type":"WebPage","@id":"https:\/\/www.visit-ulcinj.com\/blog\/2017\/01\/19\/nika-ne-rashtishe-te-siperme-mungon-bereqeti\/#webpage","url":"https:\/\/www.visit-ulcinj.com\/blog\/2017\/01\/19\/nika-ne-rashtishe-te-siperme-mungon-bereqeti\/","name":"Nika: N\u00eb Rashtish\u00eb t\u00eb sip\u00ebrme mungon \u201cBereqeti\u201d - Lajme nga Ulqini","isPartOf":{"@id":"https:\/\/www.visit-ulcinj.com\/blog\/#website"},"primaryImageOfPage":{"@id":"https:\/\/www.visit-ulcinj.com\/blog\/2017\/01\/19\/nika-ne-rashtishe-te-siperme-mungon-bereqeti\/#primaryimage"},"datePublished":"2017-01-19T15:48:09+00:00","dateModified":"2017-01-20T08:19:05+00:00","author":{"@id":"https:\/\/www.visit-ulcinj.com\/blog\/#\/schema\/person\/dcab619c614d3038751c63bc2aadc06d"},"description":"Shkruan Muhamet Nika Pas do pamjeve t\u00eb dimrit polar i cili tash disa dit\u00eb ka\u00a0 shternguar Ulqinin, pam\u00eb edhe do fotografi t\u00eb shp\u00ebrndara nga Lajme nga","breadcrumb":{"@id":"https:\/\/www.visit-ulcinj.com\/blog\/2017\/01\/19\/nika-ne-rashtishe-te-siperme-mungon-bereqeti\/#breadcrumb"},"inLanguage":"en-US","potentialAction":[{"@type":"ReadAction","target":["https:\/\/www.visit-ulcinj.com\/blog\/2017\/01\/19\/nika-ne-rashtishe-te-siperme-mungon-bereqeti\/"]}]},{"@type":"BreadcrumbList","@id":"https:\/\/www.visit-ulcinj.com\/blog\/2017\/01\/19\/nika-ne-rashtishe-te-siperme-mungon-bereqeti\/#breadcrumb","itemListElement":[{"@type":"ListItem","position":1,"name":"Nika: N\u00eb Rashtish\u00eb t\u00eb sip\u00ebrme mungon \u201cBereqeti\u201d"}]},{"@type":"Person","@id":"https:\/\/www.visit-ulcinj.com\/blog\/#\/schema\/person\/dcab619c614d3038751c63bc2aadc06d","name":"ulqini","sameAs":["http:\/\/www.visit-ulcinj.com"],"url":"https:\/\/www.visit-ulcinj.com\/blog\/author\/admin\/"}]}},"jetpack_featured_media_url":"","jetpack_sharing_enabled":true,"jetpack_shortlink":"https:\/\/wp.me\/pe6lTn-qCR","_links":{"self":[{"href":"https:\/\/www.visit-ulcinj.com\/blog\/wp-json\/wp\/v2\/posts\/102353"}],"collection":[{"href":"https:\/\/www.visit-ulcinj.com\/blog\/wp-json\/wp\/v2\/posts"}],"about":[{"href":"https:\/\/www.visit-ulcinj.com\/blog\/wp-json\/wp\/v2\/types\/post"}],"author":[{"embeddable":true,"href":"https:\/\/www.visit-ulcinj.com\/blog\/wp-json\/wp\/v2\/users\/1"}],"replies":[{"embeddable":true,"href":"https:\/\/www.visit-ulcinj.com\/blog\/wp-json\/wp\/v2\/comments?post=102353"}],"version-history":[{"count":1,"href":"https:\/\/www.visit-ulcinj.com\/blog\/wp-json\/wp\/v2\/posts\/102353\/revisions"}],"predecessor-version":[{"id":102354,"href":"https:\/\/www.visit-ulcinj.com\/blog\/wp-json\/wp\/v2\/posts\/102353\/revisions\/102354"}],"wp:attachment":[{"href":"https:\/\/www.visit-ulcinj.com\/blog\/wp-json\/wp\/v2\/media?parent=102353"}],"wp:term":[{"taxonomy":"category","embeddable":true,"href":"https:\/\/www.visit-ulcinj.com\/blog\/wp-json\/wp\/v2\/categories?post=102353"},{"taxonomy":"post_tag","embeddable":true,"href":"https:\/\/www.visit-ulcinj.com\/blog\/wp-json\/wp\/v2\/tags?post=102353"}],"curies":[{"name":"wp","href":"https:\/\/api.w.org\/{rel}","templated":true}]}}