{"id":102355,"date":"2017-01-19T20:27:56","date_gmt":"2017-01-19T19:27:56","guid":{"rendered":"http:\/\/www.visit-ulcinj.com\/blog\/?p=102355"},"modified":"2017-01-19T20:27:56","modified_gmt":"2017-01-19T19:27:56","slug":"filo-nikoliq-per-nje-bashkepunim-intensiv-nderparlamentar","status":"publish","type":"post","link":"https:\/\/www.visit-ulcinj.com\/blog\/2017\/01\/19\/filo-nikoliq-per-nje-bashkepunim-intensiv-nderparlamentar\/","title":{"rendered":"Filo &#8211; Nikoliq: P\u00ebr nj\u00eb bashk\u00ebpunim m\u00eb intensiv nd\u00ebrparlamentar"},"content":{"rendered":"<p><a href=\"http:\/\/www.visit-ulcinj.com\/blog\/wp-content\/uploads\/2017\/01\/Ernal-Filo-Andrija-Nikolic.jpg\"><img loading=\"lazy\" class=\"alignleft wp-image-102356\" src=\"http:\/\/www.visit-ulcinj.com\/blog\/wp-content\/uploads\/2017\/01\/Ernal-Filo-Andrija-Nikolic.jpg\" alt=\"Ernal Filo - Andrija Nikolic\" width=\"508\" height=\"339\" srcset=\"https:\/\/www.visit-ulcinj.com\/blog\/wp-content\/uploads\/2017\/01\/Ernal-Filo-Andrija-Nikolic.jpg 480w, https:\/\/www.visit-ulcinj.com\/blog\/wp-content\/uploads\/2017\/01\/Ernal-Filo-Andrija-Nikolic-300x200.jpg 300w\" sizes=\"(max-width: 508px) 100vw, 508px\" \/><\/a>Ambasadori, z. Ernal Filo zhvilloi sot nj\u00eb takim me Kryetarin e Komisionit p\u00ebr Marr\u00ebdh\u00ebniet Nd\u00ebrkomb\u00ebtare dhe Emigrant\u00ebt n\u00eb Parlamentin e Malit t\u00eb Zi, z. Andrija Nikolic.<\/p>\n<p>Bashk\u00ebbiseduesit vler\u00ebsuan marr\u00ebdh\u00ebniet shum\u00eb t\u00eb mira dhe miq\u00ebsore midis dy vendeve tona n\u00eb t\u00eb gjitha fushat si dhe rolin q\u00eb luajn\u00eb parlamentet respektive n\u00eb konsolidimin e bashk\u00ebpunimit.<\/p>\n<div class=\"text_exposed_show\">\n<p>Gjat\u00eb takimit u fol edhe p\u00ebr impulsin q\u00eb marr\u00ebdh\u00ebniet tona duhet t\u00eb ken\u00eb n\u00eb kuad\u00ebr t\u00eb integrimeve evropiane dhe euroatlantike, si dhe bashk\u00ebpunimin n\u00eb kuad\u00ebr t\u00eb nismave rajonale. Z. Nikolic shprehu mir\u00ebnjohjen e tij institucionale dhe personale p\u00ebr Parlamentin e Republik\u00ebs s\u00eb Shqip\u00ebris\u00eb, i cili ishte nd\u00ebr t\u00eb par\u00ebt q\u00eb ratifikoi Protokollin e Pranimit t\u00eb Malit t\u00eb Zi n\u00eb NATO, duke shtuar se q\u00ebllimet strategjike t\u00eb integrimit jan\u00eb p\u00ebr t\u00eb qen\u00eb t\u00eb bashkuar n\u00eb BE dhe n\u00eb NATO, dhe se kjo nuk mund t\u00eb arrihet pa marr\u00eb parasysh politik\u00ebn e jashtme n\u00eb kontekstin rajonal.<\/p>\n<p>Nxitjes s\u00eb bashk\u00ebpunimit nd\u00ebrparlamentar pritet t&#8217;i sh\u00ebrbej\u00eb edhe vizita s\u00eb shpejti n\u00eb Mal t\u00eb Zi e delegacionit t\u00eb Komisionit p\u00ebr Pun\u00eb t\u00eb Jashtme t\u00eb Kuvendit t\u00eb Republik\u00ebs s\u00eb Shqip\u00ebris\u00eb, n\u00ebn kryesimin e Kryetares, znj. Arta Dade.<\/p>\n<p id=\"js_6el\" class=\"_5pbw _5vra\" data-ft=\"{&quot;tn&quot;:&quot;C&quot;}\"><strong><span class=\"fwn fcg\"><span class=\"fwb fcg\" data-ft=\"{&quot;tn&quot;:&quot;k&quot;}\"><a id=\"js_81f\" href=\"https:\/\/www.facebook.com\/AlEmbassyMNE\/?hc_ref=NEWSFEED&amp;fref=nf\" data-hovercard=\"\/ajax\/hovercard\/page.php?id=1467670880222035&amp;extragetparams=%7B%22hc_ref%22%3A%22NEWSFEED%22%2C%22fref%22%3A%22nf%22%7D\" data-hovercard-prefer-more-content-show=\"1\">Ambasada Shqiptare n\u00eb Mal t\u00eb Zi<\/a><\/span><\/span><\/strong><\/p>\n<\/div>\n","protected":false},"excerpt":{"rendered":"<p>Ambasadori, z. Ernal Filo zhvilloi sot nj\u00eb takim me Kryetarin e Komisionit p\u00ebr Marr\u00ebdh\u00ebniet Nd\u00ebrkomb\u00ebtare dhe Emigrant\u00ebt n\u00eb Parlamentin e Malit t\u00eb Zi, z. Andrija Nikolic. Bashk\u00ebbiseduesit vler\u00ebsuan marr\u00ebdh\u00ebniet shum\u00eb t\u00eb mira dhe miq\u00ebsore midis dy vendeve tona n\u00eb t\u00eb gjitha fushat si dhe rolin q\u00eb luajn\u00eb parlamentet respektive n\u00eb konsolidimin e bashk\u00ebpunimit. Gjat\u00eb takimit [&hellip;]<\/p>\n","protected":false},"author":1,"featured_media":0,"comment_status":"closed","ping_status":"closed","sticky":false,"template":"","format":"standard","meta":{"spay_email":"","jetpack_publicize_message":"","jetpack_is_tweetstorm":false,"jetpack_publicize_feature_enabled":true},"categories":[13],"tags":[],"jetpack_publicize_connections":[],"yoast_head":"<!-- This site is optimized with the Yoast SEO plugin v19.1 - https:\/\/yoast.com\/wordpress\/plugins\/seo\/ -->\n<title>Filo - Nikoliq: P\u00ebr nj\u00eb bashk\u00ebpunim m\u00eb intensiv nd\u00ebrparlamentar - Lajme nga Ulqini<\/title>\n<meta name=\"description\" content=\"Ambasadori, z. Ernal Filo zhvilloi sot nj\u00eb takim me Kryetarin e Komisionit p\u00ebr Marr\u00ebdh\u00ebniet Nd\u00ebrkomb\u00ebtare dhe Emigrant\u00ebt n\u00eb Parlamentin e Malit t\u00eb Zi, z.\" \/>\n<meta name=\"robots\" content=\"index, follow, max-snippet:-1, max-image-preview:large, max-video-preview:-1\" \/>\n<link rel=\"canonical\" href=\"https:\/\/www.visit-ulcinj.com\/blog\/2017\/01\/19\/filo-nikoliq-per-nje-bashkepunim-intensiv-nderparlamentar\/\" \/>\n<meta property=\"og:locale\" content=\"en_US\" \/>\n<meta property=\"og:type\" content=\"article\" \/>\n<meta property=\"og:title\" content=\"Filo - Nikoliq: P\u00ebr nj\u00eb bashk\u00ebpunim m\u00eb intensiv nd\u00ebrparlamentar - Lajme nga Ulqini\" \/>\n<meta property=\"og:description\" content=\"Ambasadori, z. Ernal Filo zhvilloi sot nj\u00eb takim me Kryetarin e Komisionit p\u00ebr Marr\u00ebdh\u00ebniet Nd\u00ebrkomb\u00ebtare dhe Emigrant\u00ebt n\u00eb Parlamentin e Malit t\u00eb Zi, z.\" \/>\n<meta property=\"og:url\" content=\"https:\/\/www.visit-ulcinj.com\/blog\/2017\/01\/19\/filo-nikoliq-per-nje-bashkepunim-intensiv-nderparlamentar\/\" \/>\n<meta property=\"og:site_name\" content=\"Lajme nga Ulqini\" \/>\n<meta property=\"article:published_time\" content=\"2017-01-19T19:27:56+00:00\" \/>\n<meta property=\"og:image\" content=\"http:\/\/www.visit-ulcinj.com\/blog\/wp-content\/uploads\/2017\/01\/Ernal-Filo-Andrija-Nikolic.jpg\" \/>\n<meta name=\"twitter:label1\" content=\"Written by\" \/>\n\t<meta name=\"twitter:data1\" content=\"ulqini\" \/>\n\t<meta name=\"twitter:label2\" content=\"Est. reading time\" \/>\n\t<meta name=\"twitter:data2\" content=\"1 minute\" \/>\n<script type=\"application\/ld+json\" class=\"yoast-schema-graph\">{\"@context\":\"https:\/\/schema.org\",\"@graph\":[{\"@type\":\"WebSite\",\"@id\":\"https:\/\/www.visit-ulcinj.com\/blog\/#website\",\"url\":\"https:\/\/www.visit-ulcinj.com\/blog\/\",\"name\":\"Lajme nga Ulqini\",\"description\":\"Lajme,Vijesti,Ulqini,Ulqin,Crna Gora,Mali i Zi\",\"potentialAction\":[{\"@type\":\"SearchAction\",\"target\":{\"@type\":\"EntryPoint\",\"urlTemplate\":\"https:\/\/www.visit-ulcinj.com\/blog\/?s={search_term_string}\"},\"query-input\":\"required name=search_term_string\"}],\"inLanguage\":\"en-US\"},{\"@type\":\"ImageObject\",\"inLanguage\":\"en-US\",\"@id\":\"https:\/\/www.visit-ulcinj.com\/blog\/2017\/01\/19\/filo-nikoliq-per-nje-bashkepunim-intensiv-nderparlamentar\/#primaryimage\",\"url\":\"https:\/\/www.visit-ulcinj.com\/blog\/wp-content\/uploads\/2017\/01\/Ernal-Filo-Andrija-Nikolic.jpg\",\"contentUrl\":\"https:\/\/www.visit-ulcinj.com\/blog\/wp-content\/uploads\/2017\/01\/Ernal-Filo-Andrija-Nikolic.jpg\",\"width\":480,\"height\":320},{\"@type\":\"WebPage\",\"@id\":\"https:\/\/www.visit-ulcinj.com\/blog\/2017\/01\/19\/filo-nikoliq-per-nje-bashkepunim-intensiv-nderparlamentar\/#webpage\",\"url\":\"https:\/\/www.visit-ulcinj.com\/blog\/2017\/01\/19\/filo-nikoliq-per-nje-bashkepunim-intensiv-nderparlamentar\/\",\"name\":\"Filo - Nikoliq: P\u00ebr nj\u00eb bashk\u00ebpunim m\u00eb intensiv nd\u00ebrparlamentar - Lajme nga Ulqini\",\"isPartOf\":{\"@id\":\"https:\/\/www.visit-ulcinj.com\/blog\/#website\"},\"primaryImageOfPage\":{\"@id\":\"https:\/\/www.visit-ulcinj.com\/blog\/2017\/01\/19\/filo-nikoliq-per-nje-bashkepunim-intensiv-nderparlamentar\/#primaryimage\"},\"datePublished\":\"2017-01-19T19:27:56+00:00\",\"dateModified\":\"2017-01-19T19:27:56+00:00\",\"author\":{\"@id\":\"https:\/\/www.visit-ulcinj.com\/blog\/#\/schema\/person\/dcab619c614d3038751c63bc2aadc06d\"},\"description\":\"Ambasadori, z. Ernal Filo zhvilloi sot nj\u00eb takim me Kryetarin e Komisionit p\u00ebr Marr\u00ebdh\u00ebniet Nd\u00ebrkomb\u00ebtare dhe Emigrant\u00ebt n\u00eb Parlamentin e Malit t\u00eb Zi, z.\",\"breadcrumb\":{\"@id\":\"https:\/\/www.visit-ulcinj.com\/blog\/2017\/01\/19\/filo-nikoliq-per-nje-bashkepunim-intensiv-nderparlamentar\/#breadcrumb\"},\"inLanguage\":\"en-US\",\"potentialAction\":[{\"@type\":\"ReadAction\",\"target\":[\"https:\/\/www.visit-ulcinj.com\/blog\/2017\/01\/19\/filo-nikoliq-per-nje-bashkepunim-intensiv-nderparlamentar\/\"]}]},{\"@type\":\"BreadcrumbList\",\"@id\":\"https:\/\/www.visit-ulcinj.com\/blog\/2017\/01\/19\/filo-nikoliq-per-nje-bashkepunim-intensiv-nderparlamentar\/#breadcrumb\",\"itemListElement\":[{\"@type\":\"ListItem\",\"position\":1,\"name\":\"Filo &#8211; Nikoliq: P\u00ebr nj\u00eb bashk\u00ebpunim m\u00eb intensiv nd\u00ebrparlamentar\"}]},{\"@type\":\"Person\",\"@id\":\"https:\/\/www.visit-ulcinj.com\/blog\/#\/schema\/person\/dcab619c614d3038751c63bc2aadc06d\",\"name\":\"ulqini\",\"sameAs\":[\"http:\/\/www.visit-ulcinj.com\"],\"url\":\"https:\/\/www.visit-ulcinj.com\/blog\/author\/admin\/\"}]}<\/script>\n<!-- \/ Yoast SEO plugin. -->","yoast_head_json":{"title":"Filo - Nikoliq: P\u00ebr nj\u00eb bashk\u00ebpunim m\u00eb intensiv nd\u00ebrparlamentar - Lajme nga Ulqini","description":"Ambasadori, z. Ernal Filo zhvilloi sot nj\u00eb takim me Kryetarin e Komisionit p\u00ebr Marr\u00ebdh\u00ebniet Nd\u00ebrkomb\u00ebtare dhe Emigrant\u00ebt n\u00eb Parlamentin e Malit t\u00eb Zi, z.","robots":{"index":"index","follow":"follow","max-snippet":"max-snippet:-1","max-image-preview":"max-image-preview:large","max-video-preview":"max-video-preview:-1"},"canonical":"https:\/\/www.visit-ulcinj.com\/blog\/2017\/01\/19\/filo-nikoliq-per-nje-bashkepunim-intensiv-nderparlamentar\/","og_locale":"en_US","og_type":"article","og_title":"Filo - Nikoliq: P\u00ebr nj\u00eb bashk\u00ebpunim m\u00eb intensiv nd\u00ebrparlamentar - Lajme nga Ulqini","og_description":"Ambasadori, z. Ernal Filo zhvilloi sot nj\u00eb takim me Kryetarin e Komisionit p\u00ebr Marr\u00ebdh\u00ebniet Nd\u00ebrkomb\u00ebtare dhe Emigrant\u00ebt n\u00eb Parlamentin e Malit t\u00eb Zi, z.","og_url":"https:\/\/www.visit-ulcinj.com\/blog\/2017\/01\/19\/filo-nikoliq-per-nje-bashkepunim-intensiv-nderparlamentar\/","og_site_name":"Lajme nga Ulqini","article_published_time":"2017-01-19T19:27:56+00:00","og_image":[{"url":"http:\/\/www.visit-ulcinj.com\/blog\/wp-content\/uploads\/2017\/01\/Ernal-Filo-Andrija-Nikolic.jpg"}],"twitter_misc":{"Written by":"ulqini","Est. reading time":"1 minute"},"schema":{"@context":"https:\/\/schema.org","@graph":[{"@type":"WebSite","@id":"https:\/\/www.visit-ulcinj.com\/blog\/#website","url":"https:\/\/www.visit-ulcinj.com\/blog\/","name":"Lajme nga Ulqini","description":"Lajme,Vijesti,Ulqini,Ulqin,Crna Gora,Mali i Zi","potentialAction":[{"@type":"SearchAction","target":{"@type":"EntryPoint","urlTemplate":"https:\/\/www.visit-ulcinj.com\/blog\/?s={search_term_string}"},"query-input":"required name=search_term_string"}],"inLanguage":"en-US"},{"@type":"ImageObject","inLanguage":"en-US","@id":"https:\/\/www.visit-ulcinj.com\/blog\/2017\/01\/19\/filo-nikoliq-per-nje-bashkepunim-intensiv-nderparlamentar\/#primaryimage","url":"https:\/\/www.visit-ulcinj.com\/blog\/wp-content\/uploads\/2017\/01\/Ernal-Filo-Andrija-Nikolic.jpg","contentUrl":"https:\/\/www.visit-ulcinj.com\/blog\/wp-content\/uploads\/2017\/01\/Ernal-Filo-Andrija-Nikolic.jpg","width":480,"height":320},{"@type":"WebPage","@id":"https:\/\/www.visit-ulcinj.com\/blog\/2017\/01\/19\/filo-nikoliq-per-nje-bashkepunim-intensiv-nderparlamentar\/#webpage","url":"https:\/\/www.visit-ulcinj.com\/blog\/2017\/01\/19\/filo-nikoliq-per-nje-bashkepunim-intensiv-nderparlamentar\/","name":"Filo - Nikoliq: P\u00ebr nj\u00eb bashk\u00ebpunim m\u00eb intensiv nd\u00ebrparlamentar - Lajme nga Ulqini","isPartOf":{"@id":"https:\/\/www.visit-ulcinj.com\/blog\/#website"},"primaryImageOfPage":{"@id":"https:\/\/www.visit-ulcinj.com\/blog\/2017\/01\/19\/filo-nikoliq-per-nje-bashkepunim-intensiv-nderparlamentar\/#primaryimage"},"datePublished":"2017-01-19T19:27:56+00:00","dateModified":"2017-01-19T19:27:56+00:00","author":{"@id":"https:\/\/www.visit-ulcinj.com\/blog\/#\/schema\/person\/dcab619c614d3038751c63bc2aadc06d"},"description":"Ambasadori, z. Ernal Filo zhvilloi sot nj\u00eb takim me Kryetarin e Komisionit p\u00ebr Marr\u00ebdh\u00ebniet Nd\u00ebrkomb\u00ebtare dhe Emigrant\u00ebt n\u00eb Parlamentin e Malit t\u00eb Zi, z.","breadcrumb":{"@id":"https:\/\/www.visit-ulcinj.com\/blog\/2017\/01\/19\/filo-nikoliq-per-nje-bashkepunim-intensiv-nderparlamentar\/#breadcrumb"},"inLanguage":"en-US","potentialAction":[{"@type":"ReadAction","target":["https:\/\/www.visit-ulcinj.com\/blog\/2017\/01\/19\/filo-nikoliq-per-nje-bashkepunim-intensiv-nderparlamentar\/"]}]},{"@type":"BreadcrumbList","@id":"https:\/\/www.visit-ulcinj.com\/blog\/2017\/01\/19\/filo-nikoliq-per-nje-bashkepunim-intensiv-nderparlamentar\/#breadcrumb","itemListElement":[{"@type":"ListItem","position":1,"name":"Filo &#8211; Nikoliq: P\u00ebr nj\u00eb bashk\u00ebpunim m\u00eb intensiv nd\u00ebrparlamentar"}]},{"@type":"Person","@id":"https:\/\/www.visit-ulcinj.com\/blog\/#\/schema\/person\/dcab619c614d3038751c63bc2aadc06d","name":"ulqini","sameAs":["http:\/\/www.visit-ulcinj.com"],"url":"https:\/\/www.visit-ulcinj.com\/blog\/author\/admin\/"}]}},"jetpack_featured_media_url":"","jetpack_sharing_enabled":true,"jetpack_shortlink":"https:\/\/wp.me\/pe6lTn-qCT","_links":{"self":[{"href":"https:\/\/www.visit-ulcinj.com\/blog\/wp-json\/wp\/v2\/posts\/102355"}],"collection":[{"href":"https:\/\/www.visit-ulcinj.com\/blog\/wp-json\/wp\/v2\/posts"}],"about":[{"href":"https:\/\/www.visit-ulcinj.com\/blog\/wp-json\/wp\/v2\/types\/post"}],"author":[{"embeddable":true,"href":"https:\/\/www.visit-ulcinj.com\/blog\/wp-json\/wp\/v2\/users\/1"}],"replies":[{"embeddable":true,"href":"https:\/\/www.visit-ulcinj.com\/blog\/wp-json\/wp\/v2\/comments?post=102355"}],"version-history":[{"count":1,"href":"https:\/\/www.visit-ulcinj.com\/blog\/wp-json\/wp\/v2\/posts\/102355\/revisions"}],"predecessor-version":[{"id":102357,"href":"https:\/\/www.visit-ulcinj.com\/blog\/wp-json\/wp\/v2\/posts\/102355\/revisions\/102357"}],"wp:attachment":[{"href":"https:\/\/www.visit-ulcinj.com\/blog\/wp-json\/wp\/v2\/media?parent=102355"}],"wp:term":[{"taxonomy":"category","embeddable":true,"href":"https:\/\/www.visit-ulcinj.com\/blog\/wp-json\/wp\/v2\/categories?post=102355"},{"taxonomy":"post_tag","embeddable":true,"href":"https:\/\/www.visit-ulcinj.com\/blog\/wp-json\/wp\/v2\/tags?post=102355"}],"curies":[{"name":"wp","href":"https:\/\/api.w.org\/{rel}","templated":true}]}}