{"id":102358,"date":"2017-01-19T21:11:56","date_gmt":"2017-01-19T20:11:56","guid":{"rendered":"http:\/\/www.visit-ulcinj.com\/blog\/?p=102358"},"modified":"2017-01-19T21:11:56","modified_gmt":"2017-01-19T20:11:56","slug":"shkrela-per-funksionaret-publike-rrogat-8-per-qind-te-uleta","status":"publish","type":"post","link":"https:\/\/www.visit-ulcinj.com\/blog\/2017\/01\/19\/shkrela-per-funksionaret-publike-rrogat-8-per-qind-te-uleta\/","title":{"rendered":"Shkrela: P\u00ebr funksionar\u00ebt publik\u00eb rrogat 8 p\u00ebr qind m\u00eb t\u00eb ul\u00ebta"},"content":{"rendered":"<p><a href=\"http:\/\/www.visit-ulcinj.com\/blog\/wp-content\/uploads\/2017\/01\/Luigj-Shkrela.jpg\"><img loading=\"lazy\" class=\"alignleft wp-image-102359\" src=\"http:\/\/www.visit-ulcinj.com\/blog\/wp-content\/uploads\/2017\/01\/Luigj-Shkrela.jpg\" alt=\"Luigj Shkrela\" width=\"508\" height=\"339\" srcset=\"https:\/\/www.visit-ulcinj.com\/blog\/wp-content\/uploads\/2017\/01\/Luigj-Shkrela.jpg 525w, https:\/\/www.visit-ulcinj.com\/blog\/wp-content\/uploads\/2017\/01\/Luigj-Shkrela-300x200.jpg 300w\" sizes=\"(max-width: 508px) 100vw, 508px\" \/><\/a>T\u00eb ardhurat e funksionar\u00ebve publik do t\u00eb gjenden nes\u00ebr n\u00eb tryez\u00ebn e K\u00ebshillit administrativ. Me ndryshimet e ligjit \u00ebsht\u00eb parapar\u00eb zbritja e rrogave 8 p\u00ebr qind dhe pezullimi i llogaritjes s\u00eb stazhit t\u00eb pun\u00ebs q\u00eb nga muaji maj. Nga ana tjet\u00ebr \u00e7do dit flitet rritja e rrog\u00ebs minimale nga 193 n\u00eb 250 euro. P\u00ebrkrahja p\u00ebr k\u00ebt\u00eb propozim arrijn\u00eb nga Parlamenti dhe nga t\u00eb dy sindikata reprezentuese. Kund\u00ebr jan\u00eb deputet\u00ebt.<\/p>\n<p>Kryetari i K\u00ebshillit administrativ Luigj Shkreli ka theksuar se n\u00eb p\u00ebrputhje me ligjin p\u00ebr ndryshimet dhe plot\u00ebsimet e ligjit p\u00ebr t\u00eb ardhurat e t\u00eb pun\u00ebsuarve n\u00eb sektorin publik, K\u00ebshilli \u00ebsht\u00eb i obliguar q\u00eb p\u00ebr t\u00eb gjith\u00eb funksionar\u00ebt t\u00eb cil\u00ebt i zgjedh dhe i em\u00ebron Kuvendi i Malit t\u00eb Zi t\u00eb sjell akt vendime me t\u00eb cilat zvog\u00eblohet koeficienti n\u00eb llogaritjen e t\u00eb ardhurave 8 p\u00ebr qind.<\/p>\n<p>TVCG<\/p>\n","protected":false},"excerpt":{"rendered":"<p>T\u00eb ardhurat e funksionar\u00ebve publik do t\u00eb gjenden nes\u00ebr n\u00eb tryez\u00ebn e K\u00ebshillit administrativ. Me ndryshimet e ligjit \u00ebsht\u00eb parapar\u00eb zbritja e rrogave 8 p\u00ebr qind dhe pezullimi i llogaritjes s\u00eb stazhit t\u00eb pun\u00ebs q\u00eb nga muaji maj. Nga ana tjet\u00ebr \u00e7do dit flitet rritja e rrog\u00ebs minimale nga 193 n\u00eb 250 euro. P\u00ebrkrahja p\u00ebr [&hellip;]<\/p>\n","protected":false},"author":1,"featured_media":0,"comment_status":"closed","ping_status":"closed","sticky":false,"template":"","format":"standard","meta":{"spay_email":"","jetpack_publicize_message":"","jetpack_is_tweetstorm":false,"jetpack_publicize_feature_enabled":true},"categories":[6],"tags":[],"jetpack_publicize_connections":[],"yoast_head":"<!-- This site is optimized with the Yoast SEO plugin v19.1 - https:\/\/yoast.com\/wordpress\/plugins\/seo\/ -->\n<title>Shkrela: P\u00ebr funksionar\u00ebt publik\u00eb rrogat 8 p\u00ebr qind m\u00eb t\u00eb ul\u00ebta - Lajme nga Ulqini<\/title>\n<meta name=\"description\" content=\"T\u00eb ardhurat e funksionar\u00ebve publik do t\u00eb gjenden nes\u00ebr n\u00eb tryez\u00ebn e K\u00ebshillit administrativ. Me ndryshimet e ligjit \u00ebsht\u00eb parapar\u00eb zbritja e rrogave 8 p\u00ebr\" \/>\n<meta name=\"robots\" content=\"index, follow, max-snippet:-1, max-image-preview:large, max-video-preview:-1\" \/>\n<link rel=\"canonical\" href=\"https:\/\/www.visit-ulcinj.com\/blog\/2017\/01\/19\/shkrela-per-funksionaret-publike-rrogat-8-per-qind-te-uleta\/\" \/>\n<meta property=\"og:locale\" content=\"en_US\" \/>\n<meta property=\"og:type\" content=\"article\" \/>\n<meta property=\"og:title\" content=\"Shkrela: P\u00ebr funksionar\u00ebt publik\u00eb rrogat 8 p\u00ebr qind m\u00eb t\u00eb ul\u00ebta - Lajme nga Ulqini\" \/>\n<meta property=\"og:description\" content=\"T\u00eb ardhurat e funksionar\u00ebve publik do t\u00eb gjenden nes\u00ebr n\u00eb tryez\u00ebn e K\u00ebshillit administrativ. Me ndryshimet e ligjit \u00ebsht\u00eb parapar\u00eb zbritja e rrogave 8 p\u00ebr\" \/>\n<meta property=\"og:url\" content=\"https:\/\/www.visit-ulcinj.com\/blog\/2017\/01\/19\/shkrela-per-funksionaret-publike-rrogat-8-per-qind-te-uleta\/\" \/>\n<meta property=\"og:site_name\" content=\"Lajme nga Ulqini\" \/>\n<meta property=\"article:published_time\" content=\"2017-01-19T20:11:56+00:00\" \/>\n<meta property=\"og:image\" content=\"http:\/\/www.visit-ulcinj.com\/blog\/wp-content\/uploads\/2017\/01\/Luigj-Shkrela.jpg\" \/>\n<meta name=\"twitter:label1\" content=\"Written by\" \/>\n\t<meta name=\"twitter:data1\" content=\"ulqini\" \/>\n\t<meta name=\"twitter:label2\" content=\"Est. reading time\" \/>\n\t<meta name=\"twitter:data2\" content=\"1 minute\" \/>\n<script type=\"application\/ld+json\" class=\"yoast-schema-graph\">{\"@context\":\"https:\/\/schema.org\",\"@graph\":[{\"@type\":\"WebSite\",\"@id\":\"https:\/\/www.visit-ulcinj.com\/blog\/#website\",\"url\":\"https:\/\/www.visit-ulcinj.com\/blog\/\",\"name\":\"Lajme nga Ulqini\",\"description\":\"Lajme,Vijesti,Ulqini,Ulqin,Crna Gora,Mali i Zi\",\"potentialAction\":[{\"@type\":\"SearchAction\",\"target\":{\"@type\":\"EntryPoint\",\"urlTemplate\":\"https:\/\/www.visit-ulcinj.com\/blog\/?s={search_term_string}\"},\"query-input\":\"required name=search_term_string\"}],\"inLanguage\":\"en-US\"},{\"@type\":\"ImageObject\",\"inLanguage\":\"en-US\",\"@id\":\"https:\/\/www.visit-ulcinj.com\/blog\/2017\/01\/19\/shkrela-per-funksionaret-publike-rrogat-8-per-qind-te-uleta\/#primaryimage\",\"url\":\"https:\/\/www.visit-ulcinj.com\/blog\/wp-content\/uploads\/2017\/01\/Luigj-Shkrela.jpg\",\"contentUrl\":\"https:\/\/www.visit-ulcinj.com\/blog\/wp-content\/uploads\/2017\/01\/Luigj-Shkrela.jpg\",\"width\":525,\"height\":350},{\"@type\":\"WebPage\",\"@id\":\"https:\/\/www.visit-ulcinj.com\/blog\/2017\/01\/19\/shkrela-per-funksionaret-publike-rrogat-8-per-qind-te-uleta\/#webpage\",\"url\":\"https:\/\/www.visit-ulcinj.com\/blog\/2017\/01\/19\/shkrela-per-funksionaret-publike-rrogat-8-per-qind-te-uleta\/\",\"name\":\"Shkrela: P\u00ebr funksionar\u00ebt publik\u00eb rrogat 8 p\u00ebr qind m\u00eb t\u00eb ul\u00ebta - Lajme nga Ulqini\",\"isPartOf\":{\"@id\":\"https:\/\/www.visit-ulcinj.com\/blog\/#website\"},\"primaryImageOfPage\":{\"@id\":\"https:\/\/www.visit-ulcinj.com\/blog\/2017\/01\/19\/shkrela-per-funksionaret-publike-rrogat-8-per-qind-te-uleta\/#primaryimage\"},\"datePublished\":\"2017-01-19T20:11:56+00:00\",\"dateModified\":\"2017-01-19T20:11:56+00:00\",\"author\":{\"@id\":\"https:\/\/www.visit-ulcinj.com\/blog\/#\/schema\/person\/dcab619c614d3038751c63bc2aadc06d\"},\"description\":\"T\u00eb ardhurat e funksionar\u00ebve publik do t\u00eb gjenden nes\u00ebr n\u00eb tryez\u00ebn e K\u00ebshillit administrativ. Me ndryshimet e ligjit \u00ebsht\u00eb parapar\u00eb zbritja e rrogave 8 p\u00ebr\",\"breadcrumb\":{\"@id\":\"https:\/\/www.visit-ulcinj.com\/blog\/2017\/01\/19\/shkrela-per-funksionaret-publike-rrogat-8-per-qind-te-uleta\/#breadcrumb\"},\"inLanguage\":\"en-US\",\"potentialAction\":[{\"@type\":\"ReadAction\",\"target\":[\"https:\/\/www.visit-ulcinj.com\/blog\/2017\/01\/19\/shkrela-per-funksionaret-publike-rrogat-8-per-qind-te-uleta\/\"]}]},{\"@type\":\"BreadcrumbList\",\"@id\":\"https:\/\/www.visit-ulcinj.com\/blog\/2017\/01\/19\/shkrela-per-funksionaret-publike-rrogat-8-per-qind-te-uleta\/#breadcrumb\",\"itemListElement\":[{\"@type\":\"ListItem\",\"position\":1,\"name\":\"Shkrela: P\u00ebr funksionar\u00ebt publik\u00eb rrogat 8 p\u00ebr qind m\u00eb t\u00eb ul\u00ebta\"}]},{\"@type\":\"Person\",\"@id\":\"https:\/\/www.visit-ulcinj.com\/blog\/#\/schema\/person\/dcab619c614d3038751c63bc2aadc06d\",\"name\":\"ulqini\",\"sameAs\":[\"http:\/\/www.visit-ulcinj.com\"],\"url\":\"https:\/\/www.visit-ulcinj.com\/blog\/author\/admin\/\"}]}<\/script>\n<!-- \/ Yoast SEO plugin. -->","yoast_head_json":{"title":"Shkrela: P\u00ebr funksionar\u00ebt publik\u00eb rrogat 8 p\u00ebr qind m\u00eb t\u00eb ul\u00ebta - Lajme nga Ulqini","description":"T\u00eb ardhurat e funksionar\u00ebve publik do t\u00eb gjenden nes\u00ebr n\u00eb tryez\u00ebn e K\u00ebshillit administrativ. Me ndryshimet e ligjit \u00ebsht\u00eb parapar\u00eb zbritja e rrogave 8 p\u00ebr","robots":{"index":"index","follow":"follow","max-snippet":"max-snippet:-1","max-image-preview":"max-image-preview:large","max-video-preview":"max-video-preview:-1"},"canonical":"https:\/\/www.visit-ulcinj.com\/blog\/2017\/01\/19\/shkrela-per-funksionaret-publike-rrogat-8-per-qind-te-uleta\/","og_locale":"en_US","og_type":"article","og_title":"Shkrela: P\u00ebr funksionar\u00ebt publik\u00eb rrogat 8 p\u00ebr qind m\u00eb t\u00eb ul\u00ebta - Lajme nga Ulqini","og_description":"T\u00eb ardhurat e funksionar\u00ebve publik do t\u00eb gjenden nes\u00ebr n\u00eb tryez\u00ebn e K\u00ebshillit administrativ. Me ndryshimet e ligjit \u00ebsht\u00eb parapar\u00eb zbritja e rrogave 8 p\u00ebr","og_url":"https:\/\/www.visit-ulcinj.com\/blog\/2017\/01\/19\/shkrela-per-funksionaret-publike-rrogat-8-per-qind-te-uleta\/","og_site_name":"Lajme nga Ulqini","article_published_time":"2017-01-19T20:11:56+00:00","og_image":[{"url":"http:\/\/www.visit-ulcinj.com\/blog\/wp-content\/uploads\/2017\/01\/Luigj-Shkrela.jpg"}],"twitter_misc":{"Written by":"ulqini","Est. reading time":"1 minute"},"schema":{"@context":"https:\/\/schema.org","@graph":[{"@type":"WebSite","@id":"https:\/\/www.visit-ulcinj.com\/blog\/#website","url":"https:\/\/www.visit-ulcinj.com\/blog\/","name":"Lajme nga Ulqini","description":"Lajme,Vijesti,Ulqini,Ulqin,Crna Gora,Mali i Zi","potentialAction":[{"@type":"SearchAction","target":{"@type":"EntryPoint","urlTemplate":"https:\/\/www.visit-ulcinj.com\/blog\/?s={search_term_string}"},"query-input":"required name=search_term_string"}],"inLanguage":"en-US"},{"@type":"ImageObject","inLanguage":"en-US","@id":"https:\/\/www.visit-ulcinj.com\/blog\/2017\/01\/19\/shkrela-per-funksionaret-publike-rrogat-8-per-qind-te-uleta\/#primaryimage","url":"https:\/\/www.visit-ulcinj.com\/blog\/wp-content\/uploads\/2017\/01\/Luigj-Shkrela.jpg","contentUrl":"https:\/\/www.visit-ulcinj.com\/blog\/wp-content\/uploads\/2017\/01\/Luigj-Shkrela.jpg","width":525,"height":350},{"@type":"WebPage","@id":"https:\/\/www.visit-ulcinj.com\/blog\/2017\/01\/19\/shkrela-per-funksionaret-publike-rrogat-8-per-qind-te-uleta\/#webpage","url":"https:\/\/www.visit-ulcinj.com\/blog\/2017\/01\/19\/shkrela-per-funksionaret-publike-rrogat-8-per-qind-te-uleta\/","name":"Shkrela: P\u00ebr funksionar\u00ebt publik\u00eb rrogat 8 p\u00ebr qind m\u00eb t\u00eb ul\u00ebta - Lajme nga Ulqini","isPartOf":{"@id":"https:\/\/www.visit-ulcinj.com\/blog\/#website"},"primaryImageOfPage":{"@id":"https:\/\/www.visit-ulcinj.com\/blog\/2017\/01\/19\/shkrela-per-funksionaret-publike-rrogat-8-per-qind-te-uleta\/#primaryimage"},"datePublished":"2017-01-19T20:11:56+00:00","dateModified":"2017-01-19T20:11:56+00:00","author":{"@id":"https:\/\/www.visit-ulcinj.com\/blog\/#\/schema\/person\/dcab619c614d3038751c63bc2aadc06d"},"description":"T\u00eb ardhurat e funksionar\u00ebve publik do t\u00eb gjenden nes\u00ebr n\u00eb tryez\u00ebn e K\u00ebshillit administrativ. Me ndryshimet e ligjit \u00ebsht\u00eb parapar\u00eb zbritja e rrogave 8 p\u00ebr","breadcrumb":{"@id":"https:\/\/www.visit-ulcinj.com\/blog\/2017\/01\/19\/shkrela-per-funksionaret-publike-rrogat-8-per-qind-te-uleta\/#breadcrumb"},"inLanguage":"en-US","potentialAction":[{"@type":"ReadAction","target":["https:\/\/www.visit-ulcinj.com\/blog\/2017\/01\/19\/shkrela-per-funksionaret-publike-rrogat-8-per-qind-te-uleta\/"]}]},{"@type":"BreadcrumbList","@id":"https:\/\/www.visit-ulcinj.com\/blog\/2017\/01\/19\/shkrela-per-funksionaret-publike-rrogat-8-per-qind-te-uleta\/#breadcrumb","itemListElement":[{"@type":"ListItem","position":1,"name":"Shkrela: P\u00ebr funksionar\u00ebt publik\u00eb rrogat 8 p\u00ebr qind m\u00eb t\u00eb ul\u00ebta"}]},{"@type":"Person","@id":"https:\/\/www.visit-ulcinj.com\/blog\/#\/schema\/person\/dcab619c614d3038751c63bc2aadc06d","name":"ulqini","sameAs":["http:\/\/www.visit-ulcinj.com"],"url":"https:\/\/www.visit-ulcinj.com\/blog\/author\/admin\/"}]}},"jetpack_featured_media_url":"","jetpack_sharing_enabled":true,"jetpack_shortlink":"https:\/\/wp.me\/pe6lTn-qCW","_links":{"self":[{"href":"https:\/\/www.visit-ulcinj.com\/blog\/wp-json\/wp\/v2\/posts\/102358"}],"collection":[{"href":"https:\/\/www.visit-ulcinj.com\/blog\/wp-json\/wp\/v2\/posts"}],"about":[{"href":"https:\/\/www.visit-ulcinj.com\/blog\/wp-json\/wp\/v2\/types\/post"}],"author":[{"embeddable":true,"href":"https:\/\/www.visit-ulcinj.com\/blog\/wp-json\/wp\/v2\/users\/1"}],"replies":[{"embeddable":true,"href":"https:\/\/www.visit-ulcinj.com\/blog\/wp-json\/wp\/v2\/comments?post=102358"}],"version-history":[{"count":1,"href":"https:\/\/www.visit-ulcinj.com\/blog\/wp-json\/wp\/v2\/posts\/102358\/revisions"}],"predecessor-version":[{"id":102360,"href":"https:\/\/www.visit-ulcinj.com\/blog\/wp-json\/wp\/v2\/posts\/102358\/revisions\/102360"}],"wp:attachment":[{"href":"https:\/\/www.visit-ulcinj.com\/blog\/wp-json\/wp\/v2\/media?parent=102358"}],"wp:term":[{"taxonomy":"category","embeddable":true,"href":"https:\/\/www.visit-ulcinj.com\/blog\/wp-json\/wp\/v2\/categories?post=102358"},{"taxonomy":"post_tag","embeddable":true,"href":"https:\/\/www.visit-ulcinj.com\/blog\/wp-json\/wp\/v2\/tags?post=102358"}],"curies":[{"name":"wp","href":"https:\/\/api.w.org\/{rel}","templated":true}]}}