{"id":102361,"date":"2017-01-20T09:11:44","date_gmt":"2017-01-20T08:11:44","guid":{"rendered":"http:\/\/www.visit-ulcinj.com\/blog\/?p=102361"},"modified":"2017-01-21T17:29:37","modified_gmt":"2017-01-21T16:29:37","slug":"prezantimi-faqes-se-re-sasko-ne-tri-gjuhe","status":"publish","type":"post","link":"https:\/\/www.visit-ulcinj.com\/blog\/2017\/01\/20\/prezantimi-faqes-se-re-sasko-ne-tri-gjuhe\/","title":{"rendered":"Prezantimi i faqes s\u00eb re Sasko.me n\u00eb tri gjuh\u00eb"},"content":{"rendered":"<p><a href=\"http:\/\/www.visit-ulcinj.com\/blog\/wp-content\/uploads\/2017\/01\/Prezantimi-i-faqes-s\u00eb-Shasit-n\u00eb-tri-gjuh\u00eb.jpg\"><img loading=\"lazy\" class=\"alignleft wp-image-102362\" src=\"http:\/\/www.visit-ulcinj.com\/blog\/wp-content\/uploads\/2017\/01\/Prezantimi-i-faqes-s\u00eb-Shasit-n\u00eb-tri-gjuh\u00eb.jpg\" alt=\"Prezantimi i faqes s\u00eb Shasit n\u00eb tri gjuh\u00eb\" width=\"508\" height=\"262\" srcset=\"https:\/\/www.visit-ulcinj.com\/blog\/wp-content\/uploads\/2017\/01\/Prezantimi-i-faqes-s\u00eb-Shasit-n\u00eb-tri-gjuh\u00eb.jpg 1000w, https:\/\/www.visit-ulcinj.com\/blog\/wp-content\/uploads\/2017\/01\/Prezantimi-i-faqes-s\u00eb-Shasit-n\u00eb-tri-gjuh\u00eb-300x155.jpg 300w, https:\/\/www.visit-ulcinj.com\/blog\/wp-content\/uploads\/2017\/01\/Prezantimi-i-faqes-s\u00eb-Shasit-n\u00eb-tri-gjuh\u00eb-768x396.jpg 768w\" sizes=\"(max-width: 508px) 100vw, 508px\" \/><\/a>OJQ \u201cGreen Home\u201d prezantohet sot me faqen e saj t\u00eb re &#8220;Sasko.me&#8221; . Kjo faqe ka p\u00ebr synim p\u00ebrmir\u00ebsimin e k\u00ebsaj hap\u00ebsire virtuale, zgjerimin e informacionit me q\u00ebllim t\u00eb promovimit dhe afirmimit t\u00eb formave t\u00eb q\u00ebndrueshme t\u00eb turizmit n\u00eb liqenin e Shasit, dhe produkteve e sh\u00ebrbimeve q\u00eb ato ofrojn\u00eb.<\/p>\n<p>P\u00ebrmbajtja dhe prezantimi i faqes \u00ebsht\u00eb konceptuar plot\u00ebsisht nga fillimi dhe \u00ebsht\u00eb organizuar n\u00eb nj\u00eb m\u00ebnyr\u00eb q\u00eb besojm\u00eb do p\u00ebrmbush\u00eb m\u00eb mir\u00eb nevojat tuaja p\u00ebr informim. Faqja do t\u00eb ofroj\u00eb gjithashtu mund\u00ebsin\u00eb e informimit dhe prezantimi tregjuh\u00ebsor (malazeze, shqipe dhe angleze) <strong><a href=\"http:\/\/www.sasko.me\">www.sasko.me<\/a>,<\/strong> njoftohet nga OJQ \u201cGreen Home\u201d, njofton portali Ul.info.<\/p>\n<p>Faqja \u00ebsht\u00eb b\u00ebr\u00eb si rezultati i projektit \u201cP\u00ebrkrahja komuniteteve lokale n\u00eb implementimin e praktikave turistike t\u00eb bazuara n\u00eb natyr\u00eb n\u00eb rrethin\u00ebn e liqenit t\u00eb Shasit\u201d, i cili u realizua nga ana e \u201cGreen Home\u201d, nd\u00ebrsa financiarisht u p\u00ebrkrah nga ana e Fondit partnerik p\u00ebr ekosisteme kritike (CEPF).<\/p>\n<p>Faqja ofron informata baz\u00eb p\u00ebr liqenin dhe rrethin\u00ebn e tij, biodiversitetin, monumentet historike\u2026<\/p>\n<p>Jan\u00eb prezantuar edhe aktivitetet si\u00e7 jan\u00eb vrojtimi i shpend\u00ebve, alpinizmi, sh\u00ebtitja me bi\u00e7ikleta dhe peshkimi sportiv, prandaj ju ftojm\u00eb t\u00eb na vizitoni m\u00eb shpesh n\u00eb <strong><a href=\"http:\/\/www.sasko.me\">www.sasko.me<\/a>.<\/strong><\/p>\n","protected":false},"excerpt":{"rendered":"<p>OJQ \u201cGreen Home\u201d prezantohet sot me faqen e saj t\u00eb re &#8220;Sasko.me&#8221; . Kjo faqe ka p\u00ebr synim p\u00ebrmir\u00ebsimin e k\u00ebsaj hap\u00ebsire virtuale, zgjerimin e informacionit me q\u00ebllim t\u00eb promovimit dhe afirmimit t\u00eb formave t\u00eb q\u00ebndrueshme t\u00eb turizmit n\u00eb liqenin e Shasit, dhe produkteve e sh\u00ebrbimeve q\u00eb ato ofrojn\u00eb. P\u00ebrmbajtja dhe prezantimi i faqes \u00ebsht\u00eb [&hellip;]<\/p>\n","protected":false},"author":1,"featured_media":0,"comment_status":"closed","ping_status":"closed","sticky":false,"template":"","format":"standard","meta":{"spay_email":"","jetpack_publicize_message":"","jetpack_is_tweetstorm":false,"jetpack_publicize_feature_enabled":true},"categories":[1,15],"tags":[],"jetpack_publicize_connections":[],"yoast_head":"<!-- This site is optimized with the Yoast SEO plugin v19.1 - https:\/\/yoast.com\/wordpress\/plugins\/seo\/ -->\n<title>Prezantimi i faqes s\u00eb re Sasko.me n\u00eb tri gjuh\u00eb - Lajme nga Ulqini<\/title>\n<meta name=\"description\" content=\"OJQ \u201cGreen Home\u201d prezantohet sot me faqen e saj t\u00eb re &quot;Sasko.me&quot; . Kjo faqe ka p\u00ebr synim p\u00ebrmir\u00ebsimin e k\u00ebsaj hap\u00ebsire virtuale, zgjerimin e informacionit\" \/>\n<meta name=\"robots\" content=\"index, follow, max-snippet:-1, max-image-preview:large, max-video-preview:-1\" \/>\n<link rel=\"canonical\" href=\"https:\/\/www.visit-ulcinj.com\/blog\/2017\/01\/20\/prezantimi-faqes-se-re-sasko-ne-tri-gjuhe\/\" \/>\n<meta property=\"og:locale\" content=\"en_US\" \/>\n<meta property=\"og:type\" content=\"article\" \/>\n<meta property=\"og:title\" content=\"Prezantimi i faqes s\u00eb re Sasko.me n\u00eb tri gjuh\u00eb - Lajme nga Ulqini\" \/>\n<meta property=\"og:description\" content=\"OJQ \u201cGreen Home\u201d prezantohet sot me faqen e saj t\u00eb re &quot;Sasko.me&quot; . Kjo faqe ka p\u00ebr synim p\u00ebrmir\u00ebsimin e k\u00ebsaj hap\u00ebsire virtuale, zgjerimin e informacionit\" \/>\n<meta property=\"og:url\" content=\"https:\/\/www.visit-ulcinj.com\/blog\/2017\/01\/20\/prezantimi-faqes-se-re-sasko-ne-tri-gjuhe\/\" \/>\n<meta property=\"og:site_name\" content=\"Lajme nga Ulqini\" \/>\n<meta property=\"article:published_time\" content=\"2017-01-20T08:11:44+00:00\" \/>\n<meta property=\"article:modified_time\" content=\"2017-01-21T16:29:37+00:00\" \/>\n<meta name=\"twitter:label1\" content=\"Written by\" \/>\n\t<meta name=\"twitter:data1\" content=\"ulqini\" \/>\n\t<meta name=\"twitter:label2\" content=\"Est. reading time\" \/>\n\t<meta name=\"twitter:data2\" content=\"1 minute\" \/>\n<script type=\"application\/ld+json\" class=\"yoast-schema-graph\">{\"@context\":\"https:\/\/schema.org\",\"@graph\":[{\"@type\":\"WebSite\",\"@id\":\"https:\/\/www.visit-ulcinj.com\/blog\/#website\",\"url\":\"https:\/\/www.visit-ulcinj.com\/blog\/\",\"name\":\"Lajme nga Ulqini\",\"description\":\"Lajme,Vijesti,Ulqini,Ulqin,Crna Gora,Mali i Zi\",\"potentialAction\":[{\"@type\":\"SearchAction\",\"target\":{\"@type\":\"EntryPoint\",\"urlTemplate\":\"https:\/\/www.visit-ulcinj.com\/blog\/?s={search_term_string}\"},\"query-input\":\"required name=search_term_string\"}],\"inLanguage\":\"en-US\"},{\"@type\":\"WebPage\",\"@id\":\"https:\/\/www.visit-ulcinj.com\/blog\/2017\/01\/20\/prezantimi-faqes-se-re-sasko-ne-tri-gjuhe\/#webpage\",\"url\":\"https:\/\/www.visit-ulcinj.com\/blog\/2017\/01\/20\/prezantimi-faqes-se-re-sasko-ne-tri-gjuhe\/\",\"name\":\"Prezantimi i faqes s\u00eb re Sasko.me n\u00eb tri gjuh\u00eb - Lajme nga Ulqini\",\"isPartOf\":{\"@id\":\"https:\/\/www.visit-ulcinj.com\/blog\/#website\"},\"datePublished\":\"2017-01-20T08:11:44+00:00\",\"dateModified\":\"2017-01-21T16:29:37+00:00\",\"author\":{\"@id\":\"https:\/\/www.visit-ulcinj.com\/blog\/#\/schema\/person\/dcab619c614d3038751c63bc2aadc06d\"},\"description\":\"OJQ \u201cGreen Home\u201d prezantohet sot me faqen e saj t\u00eb re \\\"Sasko.me\\\" . Kjo faqe ka p\u00ebr synim p\u00ebrmir\u00ebsimin e k\u00ebsaj hap\u00ebsire virtuale, zgjerimin e informacionit\",\"breadcrumb\":{\"@id\":\"https:\/\/www.visit-ulcinj.com\/blog\/2017\/01\/20\/prezantimi-faqes-se-re-sasko-ne-tri-gjuhe\/#breadcrumb\"},\"inLanguage\":\"en-US\",\"potentialAction\":[{\"@type\":\"ReadAction\",\"target\":[\"https:\/\/www.visit-ulcinj.com\/blog\/2017\/01\/20\/prezantimi-faqes-se-re-sasko-ne-tri-gjuhe\/\"]}]},{\"@type\":\"BreadcrumbList\",\"@id\":\"https:\/\/www.visit-ulcinj.com\/blog\/2017\/01\/20\/prezantimi-faqes-se-re-sasko-ne-tri-gjuhe\/#breadcrumb\",\"itemListElement\":[{\"@type\":\"ListItem\",\"position\":1,\"name\":\"Prezantimi i faqes s\u00eb re Sasko.me n\u00eb tri gjuh\u00eb\"}]},{\"@type\":\"Person\",\"@id\":\"https:\/\/www.visit-ulcinj.com\/blog\/#\/schema\/person\/dcab619c614d3038751c63bc2aadc06d\",\"name\":\"ulqini\",\"sameAs\":[\"http:\/\/www.visit-ulcinj.com\"],\"url\":\"https:\/\/www.visit-ulcinj.com\/blog\/author\/admin\/\"}]}<\/script>\n<!-- \/ Yoast SEO plugin. -->","yoast_head_json":{"title":"Prezantimi i faqes s\u00eb re Sasko.me n\u00eb tri gjuh\u00eb - Lajme nga Ulqini","description":"OJQ \u201cGreen Home\u201d prezantohet sot me faqen e saj t\u00eb re \"Sasko.me\" . Kjo faqe ka p\u00ebr synim p\u00ebrmir\u00ebsimin e k\u00ebsaj hap\u00ebsire virtuale, zgjerimin e informacionit","robots":{"index":"index","follow":"follow","max-snippet":"max-snippet:-1","max-image-preview":"max-image-preview:large","max-video-preview":"max-video-preview:-1"},"canonical":"https:\/\/www.visit-ulcinj.com\/blog\/2017\/01\/20\/prezantimi-faqes-se-re-sasko-ne-tri-gjuhe\/","og_locale":"en_US","og_type":"article","og_title":"Prezantimi i faqes s\u00eb re Sasko.me n\u00eb tri gjuh\u00eb - Lajme nga Ulqini","og_description":"OJQ \u201cGreen Home\u201d prezantohet sot me faqen e saj t\u00eb re \"Sasko.me\" . Kjo faqe ka p\u00ebr synim p\u00ebrmir\u00ebsimin e k\u00ebsaj hap\u00ebsire virtuale, zgjerimin e informacionit","og_url":"https:\/\/www.visit-ulcinj.com\/blog\/2017\/01\/20\/prezantimi-faqes-se-re-sasko-ne-tri-gjuhe\/","og_site_name":"Lajme nga Ulqini","article_published_time":"2017-01-20T08:11:44+00:00","article_modified_time":"2017-01-21T16:29:37+00:00","twitter_misc":{"Written by":"ulqini","Est. reading time":"1 minute"},"schema":{"@context":"https:\/\/schema.org","@graph":[{"@type":"WebSite","@id":"https:\/\/www.visit-ulcinj.com\/blog\/#website","url":"https:\/\/www.visit-ulcinj.com\/blog\/","name":"Lajme nga Ulqini","description":"Lajme,Vijesti,Ulqini,Ulqin,Crna Gora,Mali i Zi","potentialAction":[{"@type":"SearchAction","target":{"@type":"EntryPoint","urlTemplate":"https:\/\/www.visit-ulcinj.com\/blog\/?s={search_term_string}"},"query-input":"required name=search_term_string"}],"inLanguage":"en-US"},{"@type":"WebPage","@id":"https:\/\/www.visit-ulcinj.com\/blog\/2017\/01\/20\/prezantimi-faqes-se-re-sasko-ne-tri-gjuhe\/#webpage","url":"https:\/\/www.visit-ulcinj.com\/blog\/2017\/01\/20\/prezantimi-faqes-se-re-sasko-ne-tri-gjuhe\/","name":"Prezantimi i faqes s\u00eb re Sasko.me n\u00eb tri gjuh\u00eb - Lajme nga Ulqini","isPartOf":{"@id":"https:\/\/www.visit-ulcinj.com\/blog\/#website"},"datePublished":"2017-01-20T08:11:44+00:00","dateModified":"2017-01-21T16:29:37+00:00","author":{"@id":"https:\/\/www.visit-ulcinj.com\/blog\/#\/schema\/person\/dcab619c614d3038751c63bc2aadc06d"},"description":"OJQ \u201cGreen Home\u201d prezantohet sot me faqen e saj t\u00eb re \"Sasko.me\" . Kjo faqe ka p\u00ebr synim p\u00ebrmir\u00ebsimin e k\u00ebsaj hap\u00ebsire virtuale, zgjerimin e informacionit","breadcrumb":{"@id":"https:\/\/www.visit-ulcinj.com\/blog\/2017\/01\/20\/prezantimi-faqes-se-re-sasko-ne-tri-gjuhe\/#breadcrumb"},"inLanguage":"en-US","potentialAction":[{"@type":"ReadAction","target":["https:\/\/www.visit-ulcinj.com\/blog\/2017\/01\/20\/prezantimi-faqes-se-re-sasko-ne-tri-gjuhe\/"]}]},{"@type":"BreadcrumbList","@id":"https:\/\/www.visit-ulcinj.com\/blog\/2017\/01\/20\/prezantimi-faqes-se-re-sasko-ne-tri-gjuhe\/#breadcrumb","itemListElement":[{"@type":"ListItem","position":1,"name":"Prezantimi i faqes s\u00eb re Sasko.me n\u00eb tri gjuh\u00eb"}]},{"@type":"Person","@id":"https:\/\/www.visit-ulcinj.com\/blog\/#\/schema\/person\/dcab619c614d3038751c63bc2aadc06d","name":"ulqini","sameAs":["http:\/\/www.visit-ulcinj.com"],"url":"https:\/\/www.visit-ulcinj.com\/blog\/author\/admin\/"}]}},"jetpack_featured_media_url":"","jetpack_sharing_enabled":true,"jetpack_shortlink":"https:\/\/wp.me\/pe6lTn-qCZ","_links":{"self":[{"href":"https:\/\/www.visit-ulcinj.com\/blog\/wp-json\/wp\/v2\/posts\/102361"}],"collection":[{"href":"https:\/\/www.visit-ulcinj.com\/blog\/wp-json\/wp\/v2\/posts"}],"about":[{"href":"https:\/\/www.visit-ulcinj.com\/blog\/wp-json\/wp\/v2\/types\/post"}],"author":[{"embeddable":true,"href":"https:\/\/www.visit-ulcinj.com\/blog\/wp-json\/wp\/v2\/users\/1"}],"replies":[{"embeddable":true,"href":"https:\/\/www.visit-ulcinj.com\/blog\/wp-json\/wp\/v2\/comments?post=102361"}],"version-history":[{"count":2,"href":"https:\/\/www.visit-ulcinj.com\/blog\/wp-json\/wp\/v2\/posts\/102361\/revisions"}],"predecessor-version":[{"id":102364,"href":"https:\/\/www.visit-ulcinj.com\/blog\/wp-json\/wp\/v2\/posts\/102361\/revisions\/102364"}],"wp:attachment":[{"href":"https:\/\/www.visit-ulcinj.com\/blog\/wp-json\/wp\/v2\/media?parent=102361"}],"wp:term":[{"taxonomy":"category","embeddable":true,"href":"https:\/\/www.visit-ulcinj.com\/blog\/wp-json\/wp\/v2\/categories?post=102361"},{"taxonomy":"post_tag","embeddable":true,"href":"https:\/\/www.visit-ulcinj.com\/blog\/wp-json\/wp\/v2\/tags?post=102361"}],"curies":[{"name":"wp","href":"https:\/\/api.w.org\/{rel}","templated":true}]}}