{"id":102369,"date":"2017-01-21T16:00:53","date_gmt":"2017-01-21T15:00:53","guid":{"rendered":"http:\/\/www.visit-ulcinj.com\/blog\/?p=102369"},"modified":"2017-01-21T16:03:37","modified_gmt":"2017-01-21T15:03:37","slug":"pse-askush-nuk-ka-kerkuar-heqjen-e-ashensorit-ne-kala","status":"publish","type":"post","link":"https:\/\/www.visit-ulcinj.com\/blog\/2017\/01\/21\/pse-askush-nuk-ka-kerkuar-heqjen-e-ashensorit-ne-kala\/","title":{"rendered":"Pse askush nuk ka k\u00ebrkuar heqjen e \u201cashensorit\u201d n\u00eb Kala?"},"content":{"rendered":"<p><a href=\"http:\/\/www.visit-ulcinj.com\/blog\/wp-content\/uploads\/2017\/01\/Me-heqjen-e-ashensorit-n\u00eb-Kala-Ulqin.jpg\"><img loading=\"lazy\" class=\"alignleft wp-image-102370\" src=\"http:\/\/www.visit-ulcinj.com\/blog\/wp-content\/uploads\/2017\/01\/Me-heqjen-e-ashensorit-n\u00eb-Kala-Ulqin.jpg\" alt=\"Me heqjen e ashensorit n\u00eb Kala-Ulqin\" width=\"508\" height=\"339\" srcset=\"https:\/\/www.visit-ulcinj.com\/blog\/wp-content\/uploads\/2017\/01\/Me-heqjen-e-ashensorit-n\u00eb-Kala-Ulqin.jpg 866w, https:\/\/www.visit-ulcinj.com\/blog\/wp-content\/uploads\/2017\/01\/Me-heqjen-e-ashensorit-n\u00eb-Kala-Ulqin-300x200.jpg 300w, https:\/\/www.visit-ulcinj.com\/blog\/wp-content\/uploads\/2017\/01\/Me-heqjen-e-ashensorit-n\u00eb-Kala-Ulqin-768x513.jpg 768w\" sizes=\"(max-width: 508px) 100vw, 508px\" \/><\/a>Edhe pse ashensori n\u00eb muret e Kalas\u00eb filloi t\u00eb nd\u00ebrtohet pa asnj\u00eb leje, edhe pse \u00ebsht\u00eb v\u00ebrtetuar disa her\u00eb se ekzistenca e tij do ti jepte fund shpresave t\u00eb Kalas\u00eb p\u00ebr UNESCO, edhe pse mbetjet e tij prej betoni jan\u00eb nj\u00eb nga sh\u00ebmtirat m\u00eb t\u00eb m\u00ebdha t\u00eb Ulqinit, p\u00ebrs\u00ebri askush nuk merret me heqjen e tyre nga muret e qytetit t\u00eb vjet\u00ebr, raporton portali Lajm.me.<\/p>\n<p>Koha \u00ebsht\u00eb q\u00eb t\u00eb nd\u00ebrmerren veprime konkrete nga administrata lokale q\u00eb disa gj\u00ebra t\u00eb rregullohen ashtu si duhet, e jo t\u00eb mbesin vet\u00ebm parulla fushatash zgjedhore.<br \/>\nKjo monst\u00ebr betoni dhe celiku nuk ka asnj\u00eb arsye q\u00eb edhe m\u00eb gjat\u00eb t\u00eb sh\u00ebmtoj\u00eb Kalan\u00eb dhe gjith\u00eb qytetin.<br \/>\nE nj\u00ebjta gj\u00eb vlen edhe p\u00ebr objektin skandaloz brenda n\u00eb Kala, edhe pse p\u00ebr largimin e tij pushteti lokal nuk ka kompetenc\u00eb, pasi organet qendrore i kan\u00eb dh\u00ebn\u00eb nj\u00eb leje q\u00eb tregon qart\u00eb q\u00ebndrimin e tyre ndaj vlerave kulturore shqiptare.<\/p>\n","protected":false},"excerpt":{"rendered":"<p>Edhe pse ashensori n\u00eb muret e Kalas\u00eb filloi t\u00eb nd\u00ebrtohet pa asnj\u00eb leje, edhe pse \u00ebsht\u00eb v\u00ebrtetuar disa her\u00eb se ekzistenca e tij do ti jepte fund shpresave t\u00eb Kalas\u00eb p\u00ebr UNESCO, edhe pse mbetjet e tij prej betoni jan\u00eb nj\u00eb nga sh\u00ebmtirat m\u00eb t\u00eb m\u00ebdha t\u00eb Ulqinit, p\u00ebrs\u00ebri askush nuk merret me heqjen e [&hellip;]<\/p>\n","protected":false},"author":1,"featured_media":0,"comment_status":"closed","ping_status":"closed","sticky":false,"template":"","format":"standard","meta":{"spay_email":"","jetpack_publicize_message":"","jetpack_is_tweetstorm":false,"jetpack_publicize_feature_enabled":true},"categories":[12],"tags":[],"jetpack_publicize_connections":[],"yoast_head":"<!-- This site is optimized with the Yoast SEO plugin v19.1 - https:\/\/yoast.com\/wordpress\/plugins\/seo\/ -->\n<title>Pse askush nuk ka k\u00ebrkuar heqjen e \u201cashensorit\u201d n\u00eb Kala? - Lajme nga Ulqini<\/title>\n<meta name=\"description\" content=\"Edhe pse ashensori n\u00eb muret e Kalas\u00eb filloi t\u00eb nd\u00ebrtohet pa asnj\u00eb leje, edhe pse \u00ebsht\u00eb v\u00ebrtetuar disa her\u00eb se ekzistenca e tij do ti jepte fund shpresave\" \/>\n<meta name=\"robots\" content=\"index, follow, max-snippet:-1, max-image-preview:large, max-video-preview:-1\" \/>\n<link rel=\"canonical\" href=\"https:\/\/www.visit-ulcinj.com\/blog\/2017\/01\/21\/pse-askush-nuk-ka-kerkuar-heqjen-e-ashensorit-ne-kala\/\" \/>\n<meta property=\"og:locale\" content=\"en_US\" \/>\n<meta property=\"og:type\" content=\"article\" \/>\n<meta property=\"og:title\" content=\"Pse askush nuk ka k\u00ebrkuar heqjen e \u201cashensorit\u201d n\u00eb Kala? - Lajme nga Ulqini\" \/>\n<meta property=\"og:description\" content=\"Edhe pse ashensori n\u00eb muret e Kalas\u00eb filloi t\u00eb nd\u00ebrtohet pa asnj\u00eb leje, edhe pse \u00ebsht\u00eb v\u00ebrtetuar disa her\u00eb se ekzistenca e tij do ti jepte fund shpresave\" \/>\n<meta property=\"og:url\" content=\"https:\/\/www.visit-ulcinj.com\/blog\/2017\/01\/21\/pse-askush-nuk-ka-kerkuar-heqjen-e-ashensorit-ne-kala\/\" \/>\n<meta property=\"og:site_name\" content=\"Lajme nga Ulqini\" \/>\n<meta property=\"article:published_time\" content=\"2017-01-21T15:00:53+00:00\" \/>\n<meta property=\"article:modified_time\" content=\"2017-01-21T15:03:37+00:00\" \/>\n<meta name=\"twitter:label1\" content=\"Written by\" \/>\n\t<meta name=\"twitter:data1\" content=\"ulqini\" \/>\n\t<meta name=\"twitter:label2\" content=\"Est. reading time\" \/>\n\t<meta name=\"twitter:data2\" content=\"1 minute\" \/>\n<script type=\"application\/ld+json\" class=\"yoast-schema-graph\">{\"@context\":\"https:\/\/schema.org\",\"@graph\":[{\"@type\":\"WebSite\",\"@id\":\"https:\/\/www.visit-ulcinj.com\/blog\/#website\",\"url\":\"https:\/\/www.visit-ulcinj.com\/blog\/\",\"name\":\"Lajme nga Ulqini\",\"description\":\"Lajme,Vijesti,Ulqini,Ulqin,Crna Gora,Mali i Zi\",\"potentialAction\":[{\"@type\":\"SearchAction\",\"target\":{\"@type\":\"EntryPoint\",\"urlTemplate\":\"https:\/\/www.visit-ulcinj.com\/blog\/?s={search_term_string}\"},\"query-input\":\"required name=search_term_string\"}],\"inLanguage\":\"en-US\"},{\"@type\":\"WebPage\",\"@id\":\"https:\/\/www.visit-ulcinj.com\/blog\/2017\/01\/21\/pse-askush-nuk-ka-kerkuar-heqjen-e-ashensorit-ne-kala\/#webpage\",\"url\":\"https:\/\/www.visit-ulcinj.com\/blog\/2017\/01\/21\/pse-askush-nuk-ka-kerkuar-heqjen-e-ashensorit-ne-kala\/\",\"name\":\"Pse askush nuk ka k\u00ebrkuar heqjen e \u201cashensorit\u201d n\u00eb Kala? - Lajme nga Ulqini\",\"isPartOf\":{\"@id\":\"https:\/\/www.visit-ulcinj.com\/blog\/#website\"},\"datePublished\":\"2017-01-21T15:00:53+00:00\",\"dateModified\":\"2017-01-21T15:03:37+00:00\",\"author\":{\"@id\":\"https:\/\/www.visit-ulcinj.com\/blog\/#\/schema\/person\/dcab619c614d3038751c63bc2aadc06d\"},\"description\":\"Edhe pse ashensori n\u00eb muret e Kalas\u00eb filloi t\u00eb nd\u00ebrtohet pa asnj\u00eb leje, edhe pse \u00ebsht\u00eb v\u00ebrtetuar disa her\u00eb se ekzistenca e tij do ti jepte fund shpresave\",\"breadcrumb\":{\"@id\":\"https:\/\/www.visit-ulcinj.com\/blog\/2017\/01\/21\/pse-askush-nuk-ka-kerkuar-heqjen-e-ashensorit-ne-kala\/#breadcrumb\"},\"inLanguage\":\"en-US\",\"potentialAction\":[{\"@type\":\"ReadAction\",\"target\":[\"https:\/\/www.visit-ulcinj.com\/blog\/2017\/01\/21\/pse-askush-nuk-ka-kerkuar-heqjen-e-ashensorit-ne-kala\/\"]}]},{\"@type\":\"BreadcrumbList\",\"@id\":\"https:\/\/www.visit-ulcinj.com\/blog\/2017\/01\/21\/pse-askush-nuk-ka-kerkuar-heqjen-e-ashensorit-ne-kala\/#breadcrumb\",\"itemListElement\":[{\"@type\":\"ListItem\",\"position\":1,\"name\":\"Pse askush nuk ka k\u00ebrkuar heqjen e \u201cashensorit\u201d n\u00eb Kala?\"}]},{\"@type\":\"Person\",\"@id\":\"https:\/\/www.visit-ulcinj.com\/blog\/#\/schema\/person\/dcab619c614d3038751c63bc2aadc06d\",\"name\":\"ulqini\",\"sameAs\":[\"http:\/\/www.visit-ulcinj.com\"],\"url\":\"https:\/\/www.visit-ulcinj.com\/blog\/author\/admin\/\"}]}<\/script>\n<!-- \/ Yoast SEO plugin. -->","yoast_head_json":{"title":"Pse askush nuk ka k\u00ebrkuar heqjen e \u201cashensorit\u201d n\u00eb Kala? - Lajme nga Ulqini","description":"Edhe pse ashensori n\u00eb muret e Kalas\u00eb filloi t\u00eb nd\u00ebrtohet pa asnj\u00eb leje, edhe pse \u00ebsht\u00eb v\u00ebrtetuar disa her\u00eb se ekzistenca e tij do ti jepte fund shpresave","robots":{"index":"index","follow":"follow","max-snippet":"max-snippet:-1","max-image-preview":"max-image-preview:large","max-video-preview":"max-video-preview:-1"},"canonical":"https:\/\/www.visit-ulcinj.com\/blog\/2017\/01\/21\/pse-askush-nuk-ka-kerkuar-heqjen-e-ashensorit-ne-kala\/","og_locale":"en_US","og_type":"article","og_title":"Pse askush nuk ka k\u00ebrkuar heqjen e \u201cashensorit\u201d n\u00eb Kala? - Lajme nga Ulqini","og_description":"Edhe pse ashensori n\u00eb muret e Kalas\u00eb filloi t\u00eb nd\u00ebrtohet pa asnj\u00eb leje, edhe pse \u00ebsht\u00eb v\u00ebrtetuar disa her\u00eb se ekzistenca e tij do ti jepte fund shpresave","og_url":"https:\/\/www.visit-ulcinj.com\/blog\/2017\/01\/21\/pse-askush-nuk-ka-kerkuar-heqjen-e-ashensorit-ne-kala\/","og_site_name":"Lajme nga Ulqini","article_published_time":"2017-01-21T15:00:53+00:00","article_modified_time":"2017-01-21T15:03:37+00:00","twitter_misc":{"Written by":"ulqini","Est. reading time":"1 minute"},"schema":{"@context":"https:\/\/schema.org","@graph":[{"@type":"WebSite","@id":"https:\/\/www.visit-ulcinj.com\/blog\/#website","url":"https:\/\/www.visit-ulcinj.com\/blog\/","name":"Lajme nga Ulqini","description":"Lajme,Vijesti,Ulqini,Ulqin,Crna Gora,Mali i Zi","potentialAction":[{"@type":"SearchAction","target":{"@type":"EntryPoint","urlTemplate":"https:\/\/www.visit-ulcinj.com\/blog\/?s={search_term_string}"},"query-input":"required name=search_term_string"}],"inLanguage":"en-US"},{"@type":"WebPage","@id":"https:\/\/www.visit-ulcinj.com\/blog\/2017\/01\/21\/pse-askush-nuk-ka-kerkuar-heqjen-e-ashensorit-ne-kala\/#webpage","url":"https:\/\/www.visit-ulcinj.com\/blog\/2017\/01\/21\/pse-askush-nuk-ka-kerkuar-heqjen-e-ashensorit-ne-kala\/","name":"Pse askush nuk ka k\u00ebrkuar heqjen e \u201cashensorit\u201d n\u00eb Kala? - Lajme nga Ulqini","isPartOf":{"@id":"https:\/\/www.visit-ulcinj.com\/blog\/#website"},"datePublished":"2017-01-21T15:00:53+00:00","dateModified":"2017-01-21T15:03:37+00:00","author":{"@id":"https:\/\/www.visit-ulcinj.com\/blog\/#\/schema\/person\/dcab619c614d3038751c63bc2aadc06d"},"description":"Edhe pse ashensori n\u00eb muret e Kalas\u00eb filloi t\u00eb nd\u00ebrtohet pa asnj\u00eb leje, edhe pse \u00ebsht\u00eb v\u00ebrtetuar disa her\u00eb se ekzistenca e tij do ti jepte fund shpresave","breadcrumb":{"@id":"https:\/\/www.visit-ulcinj.com\/blog\/2017\/01\/21\/pse-askush-nuk-ka-kerkuar-heqjen-e-ashensorit-ne-kala\/#breadcrumb"},"inLanguage":"en-US","potentialAction":[{"@type":"ReadAction","target":["https:\/\/www.visit-ulcinj.com\/blog\/2017\/01\/21\/pse-askush-nuk-ka-kerkuar-heqjen-e-ashensorit-ne-kala\/"]}]},{"@type":"BreadcrumbList","@id":"https:\/\/www.visit-ulcinj.com\/blog\/2017\/01\/21\/pse-askush-nuk-ka-kerkuar-heqjen-e-ashensorit-ne-kala\/#breadcrumb","itemListElement":[{"@type":"ListItem","position":1,"name":"Pse askush nuk ka k\u00ebrkuar heqjen e \u201cashensorit\u201d n\u00eb Kala?"}]},{"@type":"Person","@id":"https:\/\/www.visit-ulcinj.com\/blog\/#\/schema\/person\/dcab619c614d3038751c63bc2aadc06d","name":"ulqini","sameAs":["http:\/\/www.visit-ulcinj.com"],"url":"https:\/\/www.visit-ulcinj.com\/blog\/author\/admin\/"}]}},"jetpack_featured_media_url":"","jetpack_sharing_enabled":true,"jetpack_shortlink":"https:\/\/wp.me\/pe6lTn-qD7","_links":{"self":[{"href":"https:\/\/www.visit-ulcinj.com\/blog\/wp-json\/wp\/v2\/posts\/102369"}],"collection":[{"href":"https:\/\/www.visit-ulcinj.com\/blog\/wp-json\/wp\/v2\/posts"}],"about":[{"href":"https:\/\/www.visit-ulcinj.com\/blog\/wp-json\/wp\/v2\/types\/post"}],"author":[{"embeddable":true,"href":"https:\/\/www.visit-ulcinj.com\/blog\/wp-json\/wp\/v2\/users\/1"}],"replies":[{"embeddable":true,"href":"https:\/\/www.visit-ulcinj.com\/blog\/wp-json\/wp\/v2\/comments?post=102369"}],"version-history":[{"count":2,"href":"https:\/\/www.visit-ulcinj.com\/blog\/wp-json\/wp\/v2\/posts\/102369\/revisions"}],"predecessor-version":[{"id":102372,"href":"https:\/\/www.visit-ulcinj.com\/blog\/wp-json\/wp\/v2\/posts\/102369\/revisions\/102372"}],"wp:attachment":[{"href":"https:\/\/www.visit-ulcinj.com\/blog\/wp-json\/wp\/v2\/media?parent=102369"}],"wp:term":[{"taxonomy":"category","embeddable":true,"href":"https:\/\/www.visit-ulcinj.com\/blog\/wp-json\/wp\/v2\/categories?post=102369"},{"taxonomy":"post_tag","embeddable":true,"href":"https:\/\/www.visit-ulcinj.com\/blog\/wp-json\/wp\/v2\/tags?post=102369"}],"curies":[{"name":"wp","href":"https:\/\/api.w.org\/{rel}","templated":true}]}}