{"id":102382,"date":"2017-01-23T16:09:51","date_gmt":"2017-01-23T15:09:51","guid":{"rendered":"http:\/\/www.visit-ulcinj.com\/blog\/?p=102382"},"modified":"2017-01-23T23:02:34","modified_gmt":"2017-01-23T22:02:34","slug":"nika-ku-rrahin-cekicat-ne-ulqin","status":"publish","type":"post","link":"https:\/\/www.visit-ulcinj.com\/blog\/2017\/01\/23\/nika-ku-rrahin-cekicat-ne-ulqin\/","title":{"rendered":"Nika: Ku rrahin \u00e7eki\u00e7at n\u00eb Ulqin"},"content":{"rendered":"<p><strong><em><a href=\"http:\/\/www.visit-ulcinj.com\/blog\/wp-content\/uploads\/2014\/11\/Muhamet-Nika.jpg\"><img loading=\"lazy\" class=\"alignleft wp-image-86143 size-medium\" src=\"http:\/\/www.visit-ulcinj.com\/blog\/wp-content\/uploads\/2014\/11\/Muhamet-Nika-240x300.jpg\" alt=\"Muhamet Nika,  Sudski tuma\u010d- P\u00ebrkthyes gjyq\u00ebsor  \u201c MUHAMET NIKA \u201d Ulcinj- Ulqin Adresa:  zgrada  SO ULCINJ- nd\u00ebrtesa e KK Ulqin Telefon-i:               068 264 122 Email-i : muhamet-nika@hotmail.com  Albanski jezik-  prof. Albanskog  jezika  Gjuh\u00eb shqipe- prof. I gjuh\u00ebs shqipe\" width=\"240\" height=\"300\" srcset=\"https:\/\/www.visit-ulcinj.com\/blog\/wp-content\/uploads\/2014\/11\/Muhamet-Nika-240x300.jpg 240w, https:\/\/www.visit-ulcinj.com\/blog\/wp-content\/uploads\/2014\/11\/Muhamet-Nika.jpg 256w\" sizes=\"(max-width: 240px) 100vw, 240px\" \/><\/a>HEQJA\u00a0 E\u00a0 ASHENSORIT\u00a0 N\u00cb KALA , BASHKON GJEKEN\u00a0 ME\u00a0 RESULBEGUN\u00a0 N\u00cb\u00a0 KOALICION\u00a0 PARAZGJEDHOR ?!<\/em><\/strong><\/p>\n<p>P\u00ebrs\u00ebri pash\u00eb\u00a0 t\u00eb thuhet k\u00ebtyre dit\u00ebve , \u00a0konstatimi \u00a0n\u00eb portale, se:<\/p>\n<p>\u201d Edhe pse ashensori n\u00eb muret e Kalas\u00eb q\u00eb \u00a0filloi t\u00eb nd\u00ebrtohet pa asnj\u00eb leje\u2026.,do ti jepte fund shpresave t\u00eb Kalas\u00eb p\u00ebr UNESCO.., p\u00ebrs\u00ebri askush nuk\u00a0 merret \u00a0me heqjen \u00a0e mbetjeve\u2026nga muret e qytetit t\u00eb vjet\u00ebr etj\u201d ?!<\/p>\n<p>Andaj p\u00ebr t\u00eb sqaruar \u00a0\u00e7\u00ebshtjen, Jemi t\u00eb\u00a0 mendimit\u00a0 q\u00eb \u00a0ai \u00a0, nuk do t\u00eb \u00a0hiqet \u00a0as edhe k\u00ebsaj here , nga koalicioni i gjer\u00eb .<\/p>\n<p>Sepse\u00a0 p\u00ebr t\u00eb rregulluar problemin e mbetjeve\u00a0 t\u00eb tij&#8230;, nuk \u00ebsht\u00eb \u00a0tash m\u00eb pun\u00eb krejt\u00a0 e leht\u00eb.<\/p>\n<p>Thuhet se \u00a0p\u00ebr pun\u00eb t\u00eb tij, \u00a0tash 3 her\u00eb kemi kriza\u00a0 parlamentare n\u00eb Ulqin .Madje \u00a0merret vesh se nj\u00ebher\u00eb p\u00ebr pun\u00eb t\u00eb lejes s\u00eb tij u shkua\u00a0 \u00a0edhe n\u00eb zgjedhje t\u00eb parakohshme , duke \u00a0b\u00ebr\u00eb Selim Resul Begun- pronarin e tij-\u00a0 n\u00ebnkryetar\u00a0 komune , i cili gjithashtu vuri\u00a0 kusht \u00a0q\u00eb\u00a0 edhe krye shef i \u00a0urbanizmit \u00a0t\u00eb jet\u00eb , p\u00ebrs\u00ebri nj\u00eb\u00a0 njeri i Selimit , por \u00a0kot&#8230;.?!<\/p>\n<p><strong>\u00a0\u00a0LIFTI\u00a0 Q\u00cb RR\u00cbZON DHE FORMON PUSHTETET N\u00cb\u00a0 ULQIN?!<\/strong><\/p>\n<p>Leja e nd\u00ebrtimit pam\u00eb t\u00eb jepej\u00a0 nga Fatmir Gjeka e pa p\u00eblqimin e Nazif Cungut q\u00eb ishte kund\u00ebr \u00a0nd\u00ebrtimit t\u00eb liftit- Selimit&#8230;?! Dhe ky veprim afatshkurt\u00ebr i Fatmir Gjek\u00ebs\u00a0 q\u00eb dha lejen &#8230;, i kushtoi atij mandatin e kryetarit t\u00eb komun\u00ebs, sepse humbi shumic\u00ebn e Cungut. Por m\u00eb von\u00eb \u00a0nuk kemi d\u00ebgjuar q\u00eb dikush ta ket\u00eb hedhur posht\u00eb vendimin e Gjek\u00ebs p\u00ebr nd\u00ebrtim t\u00eb\u00a0 ashensorit dhe\u00a0\u00a0 q\u00eb \u00a0p\u00ebr largim t\u00eb mbetjeve Cungu t\u00eb ket\u00eb p\u00ebrkrahjen e koalicionit t\u00eb gjer\u00eb&#8230;?!<\/p>\n<p>Pasi ashensori\u00a0 u ngrit\u00a0 aty, pa e pyetur\u00a0 bashk\u00ebsin\u00eb lokale &#8211;\u00a0 qytetar\u00ebt \u00a0e kalas\u00eb, t\u00eb cil\u00ebt kan\u00eb mandat p\u00ebr planifikim, at\u00eb nuk mund ta heq askush tjet\u00ebr p\u00ebrve\u00e7\u00a0 tubimit t\u00eb qytetar\u00ebve &#8230;?! Tjerat\u00a0 jan\u00eb pun\u00eb boshe&#8230;?!<\/p>\n<p>Sipas burimeve\u00a0 tona mir\u00eb t\u00eb informuara , mbase p\u00ebr\u00a0 heqjen e liftit, ka t\u00eb ngjar\u00eb q\u00eb \u00a0edhe pushtetar\u00ebt\u00a0 e Forc\u00ebs \u00a0duket se \u00a0po vonohen?! Sepse n\u00eb pushtetin e \u00a0ri t\u00eb ardhsh\u00ebm\u00a0\u00a0 t\u00eb\u00a0 Ulqinit \u00a0, n\u00eb zgjedhjet\u00a0 e reja, pritet \u00a0t\u00eb garoj\u00eb nj\u00eb formacion i ri politik\u00a0\u00a0 parazgjedhor- si koalicion .<\/p>\n<p>Ai \u00a0\u00a0z\u00ebre se \u00a0tash m\u00eb\u00a0 \u00ebsht\u00eb formuar p\u00ebrs\u00ebri nga\u00a0 idhtar\u00ebt e liftit, q\u00eb pritet t\u00eb \u00a0jen\u00eb :\u00a0 Selim Resulbegu-\u00a0 Gjeka me satelit\u00ebt e tij, plus Hajdinaga (UDSH)e q\u00eb do prodhojn\u00eb kryetarin e ri t\u00eb komun\u00ebs- vet\u00eb Selimin , ngase numerikisht koalicioni pritet t\u00eb jet\u00eb m\u00eb i madh se\u00a0 DPS \u2013i.<\/p>\n<p>Sipas k\u00ebsaj renditje \u00a0dhe sipas neve ,shihet se DPS\u00a0 u vonua p\u00ebr kryetar komune n\u00eb Ulqin&#8230;?! Kjo\u00a0 gj\u00eb dihet edhe\u00a0 pa shkuar n\u00eb kuvend t\u00eb PS(PD)-s\u00eb , q\u00eb do mbahet me 11 mars..?!<\/p>\n","protected":false},"excerpt":{"rendered":"<p>HEQJA\u00a0 E\u00a0 ASHENSORIT\u00a0 N\u00cb KALA , BASHKON GJEKEN\u00a0 ME\u00a0 RESULBEGUN\u00a0 N\u00cb\u00a0 KOALICION\u00a0 PARAZGJEDHOR ?! P\u00ebrs\u00ebri pash\u00eb\u00a0 t\u00eb thuhet k\u00ebtyre dit\u00ebve , \u00a0konstatimi \u00a0n\u00eb portale, se: \u201d Edhe pse ashensori n\u00eb muret e Kalas\u00eb q\u00eb \u00a0filloi t\u00eb nd\u00ebrtohet pa asnj\u00eb leje\u2026.,do ti jepte fund shpresave t\u00eb Kalas\u00eb p\u00ebr UNESCO.., p\u00ebrs\u00ebri askush nuk\u00a0 merret \u00a0me heqjen \u00a0e [&hellip;]<\/p>\n","protected":false},"author":1,"featured_media":0,"comment_status":"closed","ping_status":"closed","sticky":false,"template":"","format":"standard","meta":{"spay_email":"","jetpack_publicize_message":"","jetpack_is_tweetstorm":false,"jetpack_publicize_feature_enabled":true},"categories":[1,14249],"tags":[],"jetpack_publicize_connections":[],"yoast_head":"<!-- This site is optimized with the Yoast SEO plugin v19.1 - https:\/\/yoast.com\/wordpress\/plugins\/seo\/ -->\n<title>Nika: Ku rrahin \u00e7eki\u00e7at n\u00eb Ulqin - Lajme nga Ulqini<\/title>\n<meta name=\"description\" content=\"HEQJA\u00a0 E\u00a0 ASHENSORIT\u00a0 N\u00cb KALA , BASHKON GJEKEN\u00a0 ME\u00a0 RESULBEGUN\u00a0 N\u00cb\u00a0 KOALICION\u00a0 PARAZGJEDHOR ?! P\u00ebrs\u00ebri pash\u00eb\u00a0 t\u00eb thuhet k\u00ebtyre dit\u00ebve , \u00a0konstatimi \u00a0n\u00eb\" \/>\n<meta name=\"robots\" content=\"index, follow, max-snippet:-1, max-image-preview:large, max-video-preview:-1\" \/>\n<link rel=\"canonical\" href=\"https:\/\/www.visit-ulcinj.com\/blog\/2017\/01\/23\/nika-ku-rrahin-cekicat-ne-ulqin\/\" \/>\n<meta property=\"og:locale\" content=\"en_US\" \/>\n<meta property=\"og:type\" content=\"article\" \/>\n<meta property=\"og:title\" content=\"Nika: Ku rrahin \u00e7eki\u00e7at n\u00eb Ulqin - Lajme nga Ulqini\" \/>\n<meta property=\"og:description\" content=\"HEQJA\u00a0 E\u00a0 ASHENSORIT\u00a0 N\u00cb KALA , BASHKON GJEKEN\u00a0 ME\u00a0 RESULBEGUN\u00a0 N\u00cb\u00a0 KOALICION\u00a0 PARAZGJEDHOR ?! P\u00ebrs\u00ebri pash\u00eb\u00a0 t\u00eb thuhet k\u00ebtyre dit\u00ebve , \u00a0konstatimi \u00a0n\u00eb\" \/>\n<meta property=\"og:url\" content=\"https:\/\/www.visit-ulcinj.com\/blog\/2017\/01\/23\/nika-ku-rrahin-cekicat-ne-ulqin\/\" \/>\n<meta property=\"og:site_name\" content=\"Lajme nga Ulqini\" \/>\n<meta property=\"article:published_time\" content=\"2017-01-23T15:09:51+00:00\" \/>\n<meta property=\"article:modified_time\" content=\"2017-01-23T22:02:34+00:00\" \/>\n<meta property=\"og:image\" content=\"http:\/\/www.visit-ulcinj.com\/blog\/wp-content\/uploads\/2014\/11\/Muhamet-Nika-240x300.jpg\" \/>\n<meta name=\"twitter:label1\" content=\"Written by\" \/>\n\t<meta name=\"twitter:data1\" content=\"ulqini\" \/>\n\t<meta name=\"twitter:label2\" content=\"Est. reading time\" \/>\n\t<meta name=\"twitter:data2\" content=\"2 minutes\" \/>\n<script type=\"application\/ld+json\" class=\"yoast-schema-graph\">{\"@context\":\"https:\/\/schema.org\",\"@graph\":[{\"@type\":\"WebSite\",\"@id\":\"https:\/\/www.visit-ulcinj.com\/blog\/#website\",\"url\":\"https:\/\/www.visit-ulcinj.com\/blog\/\",\"name\":\"Lajme nga Ulqini\",\"description\":\"Lajme,Vijesti,Ulqini,Ulqin,Crna Gora,Mali i Zi\",\"potentialAction\":[{\"@type\":\"SearchAction\",\"target\":{\"@type\":\"EntryPoint\",\"urlTemplate\":\"https:\/\/www.visit-ulcinj.com\/blog\/?s={search_term_string}\"},\"query-input\":\"required name=search_term_string\"}],\"inLanguage\":\"en-US\"},{\"@type\":\"ImageObject\",\"inLanguage\":\"en-US\",\"@id\":\"https:\/\/www.visit-ulcinj.com\/blog\/2017\/01\/23\/nika-ku-rrahin-cekicat-ne-ulqin\/#primaryimage\",\"url\":\"https:\/\/www.visit-ulcinj.com\/blog\/wp-content\/uploads\/2014\/11\/Muhamet-Nika.jpg\",\"contentUrl\":\"https:\/\/www.visit-ulcinj.com\/blog\/wp-content\/uploads\/2014\/11\/Muhamet-Nika.jpg\",\"width\":256,\"height\":319},{\"@type\":\"WebPage\",\"@id\":\"https:\/\/www.visit-ulcinj.com\/blog\/2017\/01\/23\/nika-ku-rrahin-cekicat-ne-ulqin\/#webpage\",\"url\":\"https:\/\/www.visit-ulcinj.com\/blog\/2017\/01\/23\/nika-ku-rrahin-cekicat-ne-ulqin\/\",\"name\":\"Nika: Ku rrahin \u00e7eki\u00e7at n\u00eb Ulqin - Lajme nga Ulqini\",\"isPartOf\":{\"@id\":\"https:\/\/www.visit-ulcinj.com\/blog\/#website\"},\"primaryImageOfPage\":{\"@id\":\"https:\/\/www.visit-ulcinj.com\/blog\/2017\/01\/23\/nika-ku-rrahin-cekicat-ne-ulqin\/#primaryimage\"},\"datePublished\":\"2017-01-23T15:09:51+00:00\",\"dateModified\":\"2017-01-23T22:02:34+00:00\",\"author\":{\"@id\":\"https:\/\/www.visit-ulcinj.com\/blog\/#\/schema\/person\/dcab619c614d3038751c63bc2aadc06d\"},\"description\":\"HEQJA\u00a0 E\u00a0 ASHENSORIT\u00a0 N\u00cb KALA , BASHKON GJEKEN\u00a0 ME\u00a0 RESULBEGUN\u00a0 N\u00cb\u00a0 KOALICION\u00a0 PARAZGJEDHOR ?! P\u00ebrs\u00ebri pash\u00eb\u00a0 t\u00eb thuhet k\u00ebtyre dit\u00ebve , \u00a0konstatimi \u00a0n\u00eb\",\"breadcrumb\":{\"@id\":\"https:\/\/www.visit-ulcinj.com\/blog\/2017\/01\/23\/nika-ku-rrahin-cekicat-ne-ulqin\/#breadcrumb\"},\"inLanguage\":\"en-US\",\"potentialAction\":[{\"@type\":\"ReadAction\",\"target\":[\"https:\/\/www.visit-ulcinj.com\/blog\/2017\/01\/23\/nika-ku-rrahin-cekicat-ne-ulqin\/\"]}]},{\"@type\":\"BreadcrumbList\",\"@id\":\"https:\/\/www.visit-ulcinj.com\/blog\/2017\/01\/23\/nika-ku-rrahin-cekicat-ne-ulqin\/#breadcrumb\",\"itemListElement\":[{\"@type\":\"ListItem\",\"position\":1,\"name\":\"Nika: Ku rrahin \u00e7eki\u00e7at n\u00eb Ulqin\"}]},{\"@type\":\"Person\",\"@id\":\"https:\/\/www.visit-ulcinj.com\/blog\/#\/schema\/person\/dcab619c614d3038751c63bc2aadc06d\",\"name\":\"ulqini\",\"sameAs\":[\"http:\/\/www.visit-ulcinj.com\"],\"url\":\"https:\/\/www.visit-ulcinj.com\/blog\/author\/admin\/\"}]}<\/script>\n<!-- \/ Yoast SEO plugin. -->","yoast_head_json":{"title":"Nika: Ku rrahin \u00e7eki\u00e7at n\u00eb Ulqin - Lajme nga Ulqini","description":"HEQJA\u00a0 E\u00a0 ASHENSORIT\u00a0 N\u00cb KALA , BASHKON GJEKEN\u00a0 ME\u00a0 RESULBEGUN\u00a0 N\u00cb\u00a0 KOALICION\u00a0 PARAZGJEDHOR ?! P\u00ebrs\u00ebri pash\u00eb\u00a0 t\u00eb thuhet k\u00ebtyre dit\u00ebve , \u00a0konstatimi \u00a0n\u00eb","robots":{"index":"index","follow":"follow","max-snippet":"max-snippet:-1","max-image-preview":"max-image-preview:large","max-video-preview":"max-video-preview:-1"},"canonical":"https:\/\/www.visit-ulcinj.com\/blog\/2017\/01\/23\/nika-ku-rrahin-cekicat-ne-ulqin\/","og_locale":"en_US","og_type":"article","og_title":"Nika: Ku rrahin \u00e7eki\u00e7at n\u00eb Ulqin - Lajme nga Ulqini","og_description":"HEQJA\u00a0 E\u00a0 ASHENSORIT\u00a0 N\u00cb KALA , BASHKON GJEKEN\u00a0 ME\u00a0 RESULBEGUN\u00a0 N\u00cb\u00a0 KOALICION\u00a0 PARAZGJEDHOR ?! P\u00ebrs\u00ebri pash\u00eb\u00a0 t\u00eb thuhet k\u00ebtyre dit\u00ebve , \u00a0konstatimi \u00a0n\u00eb","og_url":"https:\/\/www.visit-ulcinj.com\/blog\/2017\/01\/23\/nika-ku-rrahin-cekicat-ne-ulqin\/","og_site_name":"Lajme nga Ulqini","article_published_time":"2017-01-23T15:09:51+00:00","article_modified_time":"2017-01-23T22:02:34+00:00","og_image":[{"url":"http:\/\/www.visit-ulcinj.com\/blog\/wp-content\/uploads\/2014\/11\/Muhamet-Nika-240x300.jpg"}],"twitter_misc":{"Written by":"ulqini","Est. reading time":"2 minutes"},"schema":{"@context":"https:\/\/schema.org","@graph":[{"@type":"WebSite","@id":"https:\/\/www.visit-ulcinj.com\/blog\/#website","url":"https:\/\/www.visit-ulcinj.com\/blog\/","name":"Lajme nga Ulqini","description":"Lajme,Vijesti,Ulqini,Ulqin,Crna Gora,Mali i Zi","potentialAction":[{"@type":"SearchAction","target":{"@type":"EntryPoint","urlTemplate":"https:\/\/www.visit-ulcinj.com\/blog\/?s={search_term_string}"},"query-input":"required name=search_term_string"}],"inLanguage":"en-US"},{"@type":"ImageObject","inLanguage":"en-US","@id":"https:\/\/www.visit-ulcinj.com\/blog\/2017\/01\/23\/nika-ku-rrahin-cekicat-ne-ulqin\/#primaryimage","url":"https:\/\/www.visit-ulcinj.com\/blog\/wp-content\/uploads\/2014\/11\/Muhamet-Nika.jpg","contentUrl":"https:\/\/www.visit-ulcinj.com\/blog\/wp-content\/uploads\/2014\/11\/Muhamet-Nika.jpg","width":256,"height":319},{"@type":"WebPage","@id":"https:\/\/www.visit-ulcinj.com\/blog\/2017\/01\/23\/nika-ku-rrahin-cekicat-ne-ulqin\/#webpage","url":"https:\/\/www.visit-ulcinj.com\/blog\/2017\/01\/23\/nika-ku-rrahin-cekicat-ne-ulqin\/","name":"Nika: Ku rrahin \u00e7eki\u00e7at n\u00eb Ulqin - Lajme nga Ulqini","isPartOf":{"@id":"https:\/\/www.visit-ulcinj.com\/blog\/#website"},"primaryImageOfPage":{"@id":"https:\/\/www.visit-ulcinj.com\/blog\/2017\/01\/23\/nika-ku-rrahin-cekicat-ne-ulqin\/#primaryimage"},"datePublished":"2017-01-23T15:09:51+00:00","dateModified":"2017-01-23T22:02:34+00:00","author":{"@id":"https:\/\/www.visit-ulcinj.com\/blog\/#\/schema\/person\/dcab619c614d3038751c63bc2aadc06d"},"description":"HEQJA\u00a0 E\u00a0 ASHENSORIT\u00a0 N\u00cb KALA , BASHKON GJEKEN\u00a0 ME\u00a0 RESULBEGUN\u00a0 N\u00cb\u00a0 KOALICION\u00a0 PARAZGJEDHOR ?! P\u00ebrs\u00ebri pash\u00eb\u00a0 t\u00eb thuhet k\u00ebtyre dit\u00ebve , \u00a0konstatimi \u00a0n\u00eb","breadcrumb":{"@id":"https:\/\/www.visit-ulcinj.com\/blog\/2017\/01\/23\/nika-ku-rrahin-cekicat-ne-ulqin\/#breadcrumb"},"inLanguage":"en-US","potentialAction":[{"@type":"ReadAction","target":["https:\/\/www.visit-ulcinj.com\/blog\/2017\/01\/23\/nika-ku-rrahin-cekicat-ne-ulqin\/"]}]},{"@type":"BreadcrumbList","@id":"https:\/\/www.visit-ulcinj.com\/blog\/2017\/01\/23\/nika-ku-rrahin-cekicat-ne-ulqin\/#breadcrumb","itemListElement":[{"@type":"ListItem","position":1,"name":"Nika: Ku rrahin \u00e7eki\u00e7at n\u00eb Ulqin"}]},{"@type":"Person","@id":"https:\/\/www.visit-ulcinj.com\/blog\/#\/schema\/person\/dcab619c614d3038751c63bc2aadc06d","name":"ulqini","sameAs":["http:\/\/www.visit-ulcinj.com"],"url":"https:\/\/www.visit-ulcinj.com\/blog\/author\/admin\/"}]}},"jetpack_featured_media_url":"","jetpack_sharing_enabled":true,"jetpack_shortlink":"https:\/\/wp.me\/pe6lTn-qDk","_links":{"self":[{"href":"https:\/\/www.visit-ulcinj.com\/blog\/wp-json\/wp\/v2\/posts\/102382"}],"collection":[{"href":"https:\/\/www.visit-ulcinj.com\/blog\/wp-json\/wp\/v2\/posts"}],"about":[{"href":"https:\/\/www.visit-ulcinj.com\/blog\/wp-json\/wp\/v2\/types\/post"}],"author":[{"embeddable":true,"href":"https:\/\/www.visit-ulcinj.com\/blog\/wp-json\/wp\/v2\/users\/1"}],"replies":[{"embeddable":true,"href":"https:\/\/www.visit-ulcinj.com\/blog\/wp-json\/wp\/v2\/comments?post=102382"}],"version-history":[{"count":1,"href":"https:\/\/www.visit-ulcinj.com\/blog\/wp-json\/wp\/v2\/posts\/102382\/revisions"}],"predecessor-version":[{"id":102383,"href":"https:\/\/www.visit-ulcinj.com\/blog\/wp-json\/wp\/v2\/posts\/102382\/revisions\/102383"}],"wp:attachment":[{"href":"https:\/\/www.visit-ulcinj.com\/blog\/wp-json\/wp\/v2\/media?parent=102382"}],"wp:term":[{"taxonomy":"category","embeddable":true,"href":"https:\/\/www.visit-ulcinj.com\/blog\/wp-json\/wp\/v2\/categories?post=102382"},{"taxonomy":"post_tag","embeddable":true,"href":"https:\/\/www.visit-ulcinj.com\/blog\/wp-json\/wp\/v2\/tags?post=102382"}],"curies":[{"name":"wp","href":"https:\/\/api.w.org\/{rel}","templated":true}]}}