{"id":102387,"date":"2017-01-23T16:43:04","date_gmt":"2017-01-23T15:43:04","guid":{"rendered":"http:\/\/www.visit-ulcinj.com\/blog\/?p=102387"},"modified":"2017-01-23T16:43:04","modified_gmt":"2017-01-23T15:43:04","slug":"veprimtarite-komunale-ulqin-apel-mos-te-digjen-kontejneret","status":"publish","type":"post","link":"https:\/\/www.visit-ulcinj.com\/blog\/2017\/01\/23\/veprimtarite-komunale-ulqin-apel-mos-te-digjen-kontejneret\/","title":{"rendered":"Veprimtarit\u00eb Komunale Ulqin: Apel Mos t\u00eb Digjen Kontejner\u00ebt"},"content":{"rendered":"<p><a href=\"http:\/\/www.visit-ulcinj.com\/blog\/wp-content\/uploads\/2017\/01\/Veprimtarit\u00eb-Komunale-Ulqin-Apel-Mos-t\u00eb-Digjen-Kontejner\u00ebt.jpg\"><img loading=\"lazy\" class=\"alignleft wp-image-102388\" src=\"http:\/\/www.visit-ulcinj.com\/blog\/wp-content\/uploads\/2017\/01\/Veprimtarit\u00eb-Komunale-Ulqin-Apel-Mos-t\u00eb-Digjen-Kontejner\u00ebt.jpg\" alt=\"Veprimtarit\u00eb Komunale Ulqin-Apel Mos t\u00eb Digjen Kontejner\u00ebt\" width=\"508\" height=\"286\" srcset=\"https:\/\/www.visit-ulcinj.com\/blog\/wp-content\/uploads\/2017\/01\/Veprimtarit\u00eb-Komunale-Ulqin-Apel-Mos-t\u00eb-Digjen-Kontejner\u00ebt.jpg 480w, https:\/\/www.visit-ulcinj.com\/blog\/wp-content\/uploads\/2017\/01\/Veprimtarit\u00eb-Komunale-Ulqin-Apel-Mos-t\u00eb-Digjen-Kontejner\u00ebt-300x169.jpg 300w\" sizes=\"(max-width: 508px) 100vw, 508px\" \/><\/a>Veprimtarit\u00eb Komunale Ulqin i b\u00ebjn apel qytetareve, restoranteve dhe furrave t\u00eb buk\u00ebs, q\u00eb dit\u00ebve t\u00eb fundit \u00ebsht\u00eb duke u paraqitur nj\u00eb dukuri e djegies s\u00eb mbeturinave n\u00eb kontejner\u00ebt e nd\u00ebrmarrjes.<span class=\"text_exposed_show\"> Djegia vjen nga hudhja e gacave nga furrat e picerive, restoranteve dhe furrave t\u00eb buk\u00ebs. Ju lusim q\u00eb do t\u00eb denocojm\u00eb te policia komunale \u00e7do parregullsi sepse \u00ebsht\u00eb duke u shkatrruar prona e nd\u00ebrmarrjes.<\/span><\/p>\n<p>Zjarret besohet se shkaktohen nga pakujdesia e qytetar\u00ebve. P\u00ebrve\u00e7 q\u00eb i detyrojn\u00eb zjarrfik\u00ebsit t\u00eb intervenojn\u00eb, k\u00ebto zjarre ndotin dhe mjedisin n\u00eb Ulqin.<\/p>\n","protected":false},"excerpt":{"rendered":"<p>Veprimtarit\u00eb Komunale Ulqin i b\u00ebjn apel qytetareve, restoranteve dhe furrave t\u00eb buk\u00ebs, q\u00eb dit\u00ebve t\u00eb fundit \u00ebsht\u00eb duke u paraqitur nj\u00eb dukuri e djegies s\u00eb mbeturinave n\u00eb kontejner\u00ebt e nd\u00ebrmarrjes. Djegia vjen nga hudhja e gacave nga furrat e picerive, restoranteve dhe furrave t\u00eb buk\u00ebs. Ju lusim q\u00eb do t\u00eb denocojm\u00eb te policia komunale \u00e7do [&hellip;]<\/p>\n","protected":false},"author":1,"featured_media":0,"comment_status":"closed","ping_status":"closed","sticky":false,"template":"","format":"standard","meta":{"spay_email":"","jetpack_publicize_message":"","jetpack_is_tweetstorm":false,"jetpack_publicize_feature_enabled":true},"categories":[11],"tags":[],"jetpack_publicize_connections":[],"yoast_head":"<!-- This site is optimized with the Yoast SEO plugin v19.1 - https:\/\/yoast.com\/wordpress\/plugins\/seo\/ -->\n<title>Veprimtarit\u00eb Komunale Ulqin: Apel Mos t\u00eb Digjen Kontejner\u00ebt - Lajme nga Ulqini<\/title>\n<meta name=\"description\" content=\"Veprimtarit\u00eb Komunale Ulqin i b\u00ebjn apel qytetareve, restoranteve dhe furrave t\u00eb buk\u00ebs, q\u00eb dit\u00ebve t\u00eb fundit \u00ebsht\u00eb duke u paraqitur nj\u00eb dukuri e djegies s\u00eb\" \/>\n<meta name=\"robots\" content=\"index, follow, max-snippet:-1, max-image-preview:large, max-video-preview:-1\" \/>\n<link rel=\"canonical\" href=\"https:\/\/www.visit-ulcinj.com\/blog\/2017\/01\/23\/veprimtarite-komunale-ulqin-apel-mos-te-digjen-kontejneret\/\" \/>\n<meta property=\"og:locale\" content=\"en_US\" \/>\n<meta property=\"og:type\" content=\"article\" \/>\n<meta property=\"og:title\" content=\"Veprimtarit\u00eb Komunale Ulqin: Apel Mos t\u00eb Digjen Kontejner\u00ebt - Lajme nga Ulqini\" \/>\n<meta property=\"og:description\" content=\"Veprimtarit\u00eb Komunale Ulqin i b\u00ebjn apel qytetareve, restoranteve dhe furrave t\u00eb buk\u00ebs, q\u00eb dit\u00ebve t\u00eb fundit \u00ebsht\u00eb duke u paraqitur nj\u00eb dukuri e djegies s\u00eb\" \/>\n<meta property=\"og:url\" content=\"https:\/\/www.visit-ulcinj.com\/blog\/2017\/01\/23\/veprimtarite-komunale-ulqin-apel-mos-te-digjen-kontejneret\/\" \/>\n<meta property=\"og:site_name\" content=\"Lajme nga Ulqini\" \/>\n<meta property=\"article:published_time\" content=\"2017-01-23T15:43:04+00:00\" \/>\n<meta name=\"twitter:label1\" content=\"Written by\" \/>\n\t<meta name=\"twitter:data1\" content=\"ulqini\" \/>\n<script type=\"application\/ld+json\" class=\"yoast-schema-graph\">{\"@context\":\"https:\/\/schema.org\",\"@graph\":[{\"@type\":\"WebSite\",\"@id\":\"https:\/\/www.visit-ulcinj.com\/blog\/#website\",\"url\":\"https:\/\/www.visit-ulcinj.com\/blog\/\",\"name\":\"Lajme nga Ulqini\",\"description\":\"Lajme,Vijesti,Ulqini,Ulqin,Crna Gora,Mali i Zi\",\"potentialAction\":[{\"@type\":\"SearchAction\",\"target\":{\"@type\":\"EntryPoint\",\"urlTemplate\":\"https:\/\/www.visit-ulcinj.com\/blog\/?s={search_term_string}\"},\"query-input\":\"required name=search_term_string\"}],\"inLanguage\":\"en-US\"},{\"@type\":\"WebPage\",\"@id\":\"https:\/\/www.visit-ulcinj.com\/blog\/2017\/01\/23\/veprimtarite-komunale-ulqin-apel-mos-te-digjen-kontejneret\/#webpage\",\"url\":\"https:\/\/www.visit-ulcinj.com\/blog\/2017\/01\/23\/veprimtarite-komunale-ulqin-apel-mos-te-digjen-kontejneret\/\",\"name\":\"Veprimtarit\u00eb Komunale Ulqin: Apel Mos t\u00eb Digjen Kontejner\u00ebt - Lajme nga Ulqini\",\"isPartOf\":{\"@id\":\"https:\/\/www.visit-ulcinj.com\/blog\/#website\"},\"datePublished\":\"2017-01-23T15:43:04+00:00\",\"dateModified\":\"2017-01-23T15:43:04+00:00\",\"author\":{\"@id\":\"https:\/\/www.visit-ulcinj.com\/blog\/#\/schema\/person\/dcab619c614d3038751c63bc2aadc06d\"},\"description\":\"Veprimtarit\u00eb Komunale Ulqin i b\u00ebjn apel qytetareve, restoranteve dhe furrave t\u00eb buk\u00ebs, q\u00eb dit\u00ebve t\u00eb fundit \u00ebsht\u00eb duke u paraqitur nj\u00eb dukuri e djegies s\u00eb\",\"breadcrumb\":{\"@id\":\"https:\/\/www.visit-ulcinj.com\/blog\/2017\/01\/23\/veprimtarite-komunale-ulqin-apel-mos-te-digjen-kontejneret\/#breadcrumb\"},\"inLanguage\":\"en-US\",\"potentialAction\":[{\"@type\":\"ReadAction\",\"target\":[\"https:\/\/www.visit-ulcinj.com\/blog\/2017\/01\/23\/veprimtarite-komunale-ulqin-apel-mos-te-digjen-kontejneret\/\"]}]},{\"@type\":\"BreadcrumbList\",\"@id\":\"https:\/\/www.visit-ulcinj.com\/blog\/2017\/01\/23\/veprimtarite-komunale-ulqin-apel-mos-te-digjen-kontejneret\/#breadcrumb\",\"itemListElement\":[{\"@type\":\"ListItem\",\"position\":1,\"name\":\"Veprimtarit\u00eb Komunale Ulqin: Apel Mos t\u00eb Digjen Kontejner\u00ebt\"}]},{\"@type\":\"Person\",\"@id\":\"https:\/\/www.visit-ulcinj.com\/blog\/#\/schema\/person\/dcab619c614d3038751c63bc2aadc06d\",\"name\":\"ulqini\",\"sameAs\":[\"http:\/\/www.visit-ulcinj.com\"],\"url\":\"https:\/\/www.visit-ulcinj.com\/blog\/author\/admin\/\"}]}<\/script>\n<!-- \/ Yoast SEO plugin. -->","yoast_head_json":{"title":"Veprimtarit\u00eb Komunale Ulqin: Apel Mos t\u00eb Digjen Kontejner\u00ebt - Lajme nga Ulqini","description":"Veprimtarit\u00eb Komunale Ulqin i b\u00ebjn apel qytetareve, restoranteve dhe furrave t\u00eb buk\u00ebs, q\u00eb dit\u00ebve t\u00eb fundit \u00ebsht\u00eb duke u paraqitur nj\u00eb dukuri e djegies s\u00eb","robots":{"index":"index","follow":"follow","max-snippet":"max-snippet:-1","max-image-preview":"max-image-preview:large","max-video-preview":"max-video-preview:-1"},"canonical":"https:\/\/www.visit-ulcinj.com\/blog\/2017\/01\/23\/veprimtarite-komunale-ulqin-apel-mos-te-digjen-kontejneret\/","og_locale":"en_US","og_type":"article","og_title":"Veprimtarit\u00eb Komunale Ulqin: Apel Mos t\u00eb Digjen Kontejner\u00ebt - Lajme nga Ulqini","og_description":"Veprimtarit\u00eb Komunale Ulqin i b\u00ebjn apel qytetareve, restoranteve dhe furrave t\u00eb buk\u00ebs, q\u00eb dit\u00ebve t\u00eb fundit \u00ebsht\u00eb duke u paraqitur nj\u00eb dukuri e djegies s\u00eb","og_url":"https:\/\/www.visit-ulcinj.com\/blog\/2017\/01\/23\/veprimtarite-komunale-ulqin-apel-mos-te-digjen-kontejneret\/","og_site_name":"Lajme nga Ulqini","article_published_time":"2017-01-23T15:43:04+00:00","twitter_misc":{"Written by":"ulqini"},"schema":{"@context":"https:\/\/schema.org","@graph":[{"@type":"WebSite","@id":"https:\/\/www.visit-ulcinj.com\/blog\/#website","url":"https:\/\/www.visit-ulcinj.com\/blog\/","name":"Lajme nga Ulqini","description":"Lajme,Vijesti,Ulqini,Ulqin,Crna Gora,Mali i Zi","potentialAction":[{"@type":"SearchAction","target":{"@type":"EntryPoint","urlTemplate":"https:\/\/www.visit-ulcinj.com\/blog\/?s={search_term_string}"},"query-input":"required name=search_term_string"}],"inLanguage":"en-US"},{"@type":"WebPage","@id":"https:\/\/www.visit-ulcinj.com\/blog\/2017\/01\/23\/veprimtarite-komunale-ulqin-apel-mos-te-digjen-kontejneret\/#webpage","url":"https:\/\/www.visit-ulcinj.com\/blog\/2017\/01\/23\/veprimtarite-komunale-ulqin-apel-mos-te-digjen-kontejneret\/","name":"Veprimtarit\u00eb Komunale Ulqin: Apel Mos t\u00eb Digjen Kontejner\u00ebt - Lajme nga Ulqini","isPartOf":{"@id":"https:\/\/www.visit-ulcinj.com\/blog\/#website"},"datePublished":"2017-01-23T15:43:04+00:00","dateModified":"2017-01-23T15:43:04+00:00","author":{"@id":"https:\/\/www.visit-ulcinj.com\/blog\/#\/schema\/person\/dcab619c614d3038751c63bc2aadc06d"},"description":"Veprimtarit\u00eb Komunale Ulqin i b\u00ebjn apel qytetareve, restoranteve dhe furrave t\u00eb buk\u00ebs, q\u00eb dit\u00ebve t\u00eb fundit \u00ebsht\u00eb duke u paraqitur nj\u00eb dukuri e djegies s\u00eb","breadcrumb":{"@id":"https:\/\/www.visit-ulcinj.com\/blog\/2017\/01\/23\/veprimtarite-komunale-ulqin-apel-mos-te-digjen-kontejneret\/#breadcrumb"},"inLanguage":"en-US","potentialAction":[{"@type":"ReadAction","target":["https:\/\/www.visit-ulcinj.com\/blog\/2017\/01\/23\/veprimtarite-komunale-ulqin-apel-mos-te-digjen-kontejneret\/"]}]},{"@type":"BreadcrumbList","@id":"https:\/\/www.visit-ulcinj.com\/blog\/2017\/01\/23\/veprimtarite-komunale-ulqin-apel-mos-te-digjen-kontejneret\/#breadcrumb","itemListElement":[{"@type":"ListItem","position":1,"name":"Veprimtarit\u00eb Komunale Ulqin: Apel Mos t\u00eb Digjen Kontejner\u00ebt"}]},{"@type":"Person","@id":"https:\/\/www.visit-ulcinj.com\/blog\/#\/schema\/person\/dcab619c614d3038751c63bc2aadc06d","name":"ulqini","sameAs":["http:\/\/www.visit-ulcinj.com"],"url":"https:\/\/www.visit-ulcinj.com\/blog\/author\/admin\/"}]}},"jetpack_featured_media_url":"","jetpack_sharing_enabled":true,"jetpack_shortlink":"https:\/\/wp.me\/pe6lTn-qDp","_links":{"self":[{"href":"https:\/\/www.visit-ulcinj.com\/blog\/wp-json\/wp\/v2\/posts\/102387"}],"collection":[{"href":"https:\/\/www.visit-ulcinj.com\/blog\/wp-json\/wp\/v2\/posts"}],"about":[{"href":"https:\/\/www.visit-ulcinj.com\/blog\/wp-json\/wp\/v2\/types\/post"}],"author":[{"embeddable":true,"href":"https:\/\/www.visit-ulcinj.com\/blog\/wp-json\/wp\/v2\/users\/1"}],"replies":[{"embeddable":true,"href":"https:\/\/www.visit-ulcinj.com\/blog\/wp-json\/wp\/v2\/comments?post=102387"}],"version-history":[{"count":1,"href":"https:\/\/www.visit-ulcinj.com\/blog\/wp-json\/wp\/v2\/posts\/102387\/revisions"}],"predecessor-version":[{"id":102389,"href":"https:\/\/www.visit-ulcinj.com\/blog\/wp-json\/wp\/v2\/posts\/102387\/revisions\/102389"}],"wp:attachment":[{"href":"https:\/\/www.visit-ulcinj.com\/blog\/wp-json\/wp\/v2\/media?parent=102387"}],"wp:term":[{"taxonomy":"category","embeddable":true,"href":"https:\/\/www.visit-ulcinj.com\/blog\/wp-json\/wp\/v2\/categories?post=102387"},{"taxonomy":"post_tag","embeddable":true,"href":"https:\/\/www.visit-ulcinj.com\/blog\/wp-json\/wp\/v2\/tags?post=102387"}],"curies":[{"name":"wp","href":"https:\/\/api.w.org\/{rel}","templated":true}]}}