{"id":102395,"date":"2017-01-23T23:00:22","date_gmt":"2017-01-23T22:00:22","guid":{"rendered":"http:\/\/www.visit-ulcinj.com\/blog\/?p=102395"},"modified":"2017-01-24T20:18:32","modified_gmt":"2017-01-24T19:18:32","slug":"ana-malit-shpallet-kampion-ne-futboll-te-vogel-ne-ulqin-video","status":"publish","type":"post","link":"https:\/\/www.visit-ulcinj.com\/blog\/2017\/01\/23\/ana-malit-shpallet-kampion-ne-futboll-te-vogel-ne-ulqin-video\/","title":{"rendered":"Ana Malit shpallet kampion n\u00eb futboll t\u00eb vog\u00ebl n\u00eb Ulqin &#8211; Video"},"content":{"rendered":"<p><a href=\"http:\/\/www.visit-ulcinj.com\/blog\/wp-content\/uploads\/2017\/01\/Ana-Malit-shpallet-kampion-n\u00eb-futboll-t\u00eb-vog\u00ebl-n\u00eb-Ulqin.jpg\"><img loading=\"lazy\" class=\"alignleft wp-image-102396\" src=\"http:\/\/www.visit-ulcinj.com\/blog\/wp-content\/uploads\/2017\/01\/Ana-Malit-shpallet-kampion-n\u00eb-futboll-t\u00eb-vog\u00ebl-n\u00eb-Ulqin.jpg\" alt=\"Ana Malit shpallet kampion n\u00eb futboll t\u00eb vog\u00ebl n\u00eb Ulqin\" width=\"508\" height=\"370\" srcset=\"https:\/\/www.visit-ulcinj.com\/blog\/wp-content\/uploads\/2017\/01\/Ana-Malit-shpallet-kampion-n\u00eb-futboll-t\u00eb-vog\u00ebl-n\u00eb-Ulqin.jpg 960w, https:\/\/www.visit-ulcinj.com\/blog\/wp-content\/uploads\/2017\/01\/Ana-Malit-shpallet-kampion-n\u00eb-futboll-t\u00eb-vog\u00ebl-n\u00eb-Ulqin-300x219.jpg 300w, https:\/\/www.visit-ulcinj.com\/blog\/wp-content\/uploads\/2017\/01\/Ana-Malit-shpallet-kampion-n\u00eb-futboll-t\u00eb-vog\u00ebl-n\u00eb-Ulqin-768x560.jpg 768w\" sizes=\"(max-width: 508px) 100vw, 508px\" \/><\/a>KF &#8220;Ana Malit&#8221; shpallet kampion per te dytin vit me rradhe ne futboll te vogel ne turnirin nderkombetar qe organizohet ne futsall &#8211; Ulqini 2017 .<\/p>\n<p>Qindra tifoz nga Ulqini dhe nga Ana Malit kan\u00eb p\u00ebrcjellur nga af\u00ebr k\u00ebto ndeshje, k\u00ebshtu duke festuar edhe fitoren e KF &#8220;Ana Malit&#8221;. Me ket\u00eb fitore perfundoi turneu nderkombetar ne mini futboll Ulqini 2017.<\/p>\n<p>Nji falenderim special shkon edhe per Havana Beach sponzor gjeneral i ekipit Ana Malit !<\/p>\n<p id=\"js_qg\" class=\"_5pbw _5vra\" data-ft=\"{&quot;tn&quot;:&quot;C&quot;}\"><strong><span class=\"fwn fcg\"><span class=\"fcg\"><span class=\"fwb\"><a id=\"js_18u\" class=\"profileLink\" href=\"https:\/\/www.facebook.com\/KFANAMALIT\/?hc_ref=NEWSFEED\" data-ft=\"{&quot;tn&quot;:&quot;k&quot;}\" data-hovercard=\"\/ajax\/hovercard\/page.php?id=637441739660149&amp;extragetparams=%7B%22hc_ref%22%3A%22NEWSFEED%22%7D\" data-hovercard-prefer-more-content-show=\"1\">Football Ana Malit Facebook<\/a><\/span><\/span><\/span><\/strong><\/p>\n<p class=\"_5pbw _5vra\" data-ft=\"{&quot;tn&quot;:&quot;C&quot;}\">KF. ANA MALIT pas Fitimit te Turneut Nderkombtare Ulqin 2017 ne nji mbremje festive ne Restarurant &#8220;Shas&#8221;<br \/>\nFalenderojm Z. Albert Salaj i cili erdhi enkas per te ndjekur Ndeshjen Gjysem finale dhe finale , dhe per kyt mbremje te mrekullushme.<\/p>\n<p class=\"_5pbw _5vra\" data-ft=\"{&quot;tn&quot;:&quot;C&quot;}\"><strong>Nje fans i faqes nga Turqia Jetlir Kova\u00e7i na dergon nje fraze te shkurter dhe shume domthenese!<\/strong><br \/>\nVazhdoni me kete ritem<br \/>\nSdo mungojne sukseset<br \/>\nFutbolli na bashkon<br \/>\nTi harrojme streset!<span class=\"text_exposed_show\"><br \/>\nFutbolli eshte men\u00e7uri<br \/>\nMe shume se politika<br \/>\nJu sjeni me te miret,por<br \/>\nMe te mire se Ju,nuk ka!<br \/>\nFaliminderit!<\/span><\/p>\n<p><strong>KF Ana Malit i b\u00ebri publikimet e para nga faqja e facebook-ut<\/strong><\/p>\n<p><iframe loading=\"lazy\" style=\"border: none; overflow: hidden;\" src=\"https:\/\/www.facebook.com\/plugins\/video.php?href=https%3A%2F%2Fwww.facebook.com%2Fgezim.salaj%2Fvideos%2F1600261500000266%2F&amp;show_text=0&amp;width=400\" width=\"400\" height=\"400\" frameborder=\"0\" scrolling=\"no\" allowfullscreen=\"allowfullscreen\"><\/iframe><\/p>\n\n\t\t<style type=\"text\/css\">\n\t\t\t#gallery-1 {\n\t\t\t\tmargin: auto;\n\t\t\t}\n\t\t\t#gallery-1 .gallery-item {\n\t\t\t\tfloat: left;\n\t\t\t\tmargin-top: 10px;\n\t\t\t\ttext-align: center;\n\t\t\t\twidth: 33%;\n\t\t\t}\n\t\t\t#gallery-1 img {\n\t\t\t\tborder: 2px solid #cfcfcf;\n\t\t\t}\n\t\t\t#gallery-1 .gallery-caption {\n\t\t\t\tmargin-left: 0;\n\t\t\t}\n\t\t\t\/* see gallery_shortcode() in wp-includes\/media.php *\/\n\t\t<\/style>\n\t\t<div id='gallery-1' class='gallery galleryid-102395 gallery-columns-3 gallery-size-thumbnail'><dl class='gallery-item'>\n\t\t\t<dt class='gallery-icon portrait'>\n\t\t\t\t<a href='https:\/\/www.visit-ulcinj.com\/blog\/2017\/01\/23\/ana-malit-shpallet-kampion-ne-futboll-te-vogel-ne-ulqin-video\/ana-malit-shpallet-kampion-ne-futboll-te-vogel-ne-ulqin-1\/'><img width=\"150\" height=\"150\" src=\"https:\/\/www.visit-ulcinj.com\/blog\/wp-content\/uploads\/2017\/01\/Ana-Malit-shpallet-kampion-n\u00eb-futboll-t\u00eb-vog\u00ebl-n\u00eb-Ulqin-1-150x150.jpg\" class=\"attachment-thumbnail size-thumbnail\" alt=\"\" loading=\"lazy\" \/><\/a>\n\t\t\t<\/dt><\/dl><dl class='gallery-item'>\n\t\t\t<dt class='gallery-icon portrait'>\n\t\t\t\t<a href='https:\/\/www.visit-ulcinj.com\/blog\/2017\/01\/23\/ana-malit-shpallet-kampion-ne-futboll-te-vogel-ne-ulqin-video\/ana-malit-shpallet-kampion-ne-futboll-te-vogel-ne-ulqin-2\/'><img width=\"150\" height=\"150\" src=\"https:\/\/www.visit-ulcinj.com\/blog\/wp-content\/uploads\/2017\/01\/Ana-Malit-shpallet-kampion-n\u00eb-futboll-t\u00eb-vog\u00ebl-n\u00eb-Ulqin-2-150x150.jpg\" class=\"attachment-thumbnail size-thumbnail\" alt=\"\" loading=\"lazy\" \/><\/a>\n\t\t\t<\/dt><\/dl><dl class='gallery-item'>\n\t\t\t<dt class='gallery-icon portrait'>\n\t\t\t\t<a href='https:\/\/www.visit-ulcinj.com\/blog\/2017\/01\/23\/ana-malit-shpallet-kampion-ne-futboll-te-vogel-ne-ulqin-video\/ana-malit-shpallet-kampion-ne-futboll-te-vogel-ne-ulqin-3\/'><img width=\"150\" height=\"150\" src=\"https:\/\/www.visit-ulcinj.com\/blog\/wp-content\/uploads\/2017\/01\/Ana-Malit-shpallet-kampion-n\u00eb-futboll-t\u00eb-vog\u00ebl-n\u00eb-Ulqin-3-150x150.jpg\" class=\"attachment-thumbnail size-thumbnail\" alt=\"\" loading=\"lazy\" \/><\/a>\n\t\t\t<\/dt><\/dl><br style=\"clear: both\" \/>\n\t\t<\/div>\n\n<p>&nbsp;<\/p>\n","protected":false},"excerpt":{"rendered":"<p>KF &#8220;Ana Malit&#8221; shpallet kampion per te dytin vit me rradhe ne futboll te vogel ne turnirin nderkombetar qe organizohet ne futsall &#8211; Ulqini 2017 . Qindra tifoz nga Ulqini dhe nga Ana Malit kan\u00eb p\u00ebrcjellur nga af\u00ebr k\u00ebto ndeshje, k\u00ebshtu duke festuar edhe fitoren e KF &#8220;Ana Malit&#8221;. Me ket\u00eb fitore perfundoi turneu nderkombetar [&hellip;]<\/p>\n","protected":false},"author":1,"featured_media":0,"comment_status":"closed","ping_status":"closed","sticky":false,"template":"","format":"standard","meta":{"spay_email":"","jetpack_publicize_message":"","jetpack_is_tweetstorm":false,"jetpack_publicize_feature_enabled":true},"categories":[1],"tags":[],"jetpack_publicize_connections":[],"yoast_head":"<!-- This site is optimized with the Yoast SEO plugin v19.1 - https:\/\/yoast.com\/wordpress\/plugins\/seo\/ -->\n<title>Ana Malit shpallet kampion n\u00eb futboll t\u00eb vog\u00ebl n\u00eb Ulqin - Video - Lajme nga Ulqini<\/title>\n<meta name=\"description\" content=\"KF &quot;Ana Malit&quot; shpallet kampion per te dytin vit me rradhe ne futboll te vogel ne turnirin nderkombetar qe organizohet ne futsall - Ulqini 2017 . Qindra\" \/>\n<meta name=\"robots\" content=\"index, follow, max-snippet:-1, max-image-preview:large, max-video-preview:-1\" \/>\n<link rel=\"canonical\" href=\"https:\/\/www.visit-ulcinj.com\/blog\/2017\/01\/23\/ana-malit-shpallet-kampion-ne-futboll-te-vogel-ne-ulqin-video\/\" \/>\n<meta property=\"og:locale\" content=\"en_US\" \/>\n<meta property=\"og:type\" content=\"article\" \/>\n<meta property=\"og:title\" content=\"Ana Malit shpallet kampion n\u00eb futboll t\u00eb vog\u00ebl n\u00eb Ulqin - Video - Lajme nga Ulqini\" \/>\n<meta property=\"og:description\" content=\"KF &quot;Ana Malit&quot; shpallet kampion per te dytin vit me rradhe ne futboll te vogel ne turnirin nderkombetar qe organizohet ne futsall - Ulqini 2017 . Qindra\" \/>\n<meta property=\"og:url\" content=\"https:\/\/www.visit-ulcinj.com\/blog\/2017\/01\/23\/ana-malit-shpallet-kampion-ne-futboll-te-vogel-ne-ulqin-video\/\" \/>\n<meta property=\"og:site_name\" content=\"Lajme nga Ulqini\" \/>\n<meta property=\"article:published_time\" content=\"2017-01-23T22:00:22+00:00\" \/>\n<meta property=\"article:modified_time\" content=\"2017-01-24T19:18:32+00:00\" \/>\n<meta property=\"og:image\" content=\"https:\/\/www.visit-ulcinj.com\/blog\/wp-content\/uploads\/2017\/01\/Ana-Malit-shpallet-kampion-n\u00eb-futboll-t\u00eb-vog\u00ebl-n\u00eb-Ulqin-1-150x150.jpg\" \/>\n<meta name=\"twitter:label1\" content=\"Written by\" \/>\n\t<meta name=\"twitter:data1\" content=\"ulqini\" \/>\n\t<meta name=\"twitter:label2\" content=\"Est. reading time\" \/>\n\t<meta name=\"twitter:data2\" content=\"1 minute\" \/>\n<script type=\"application\/ld+json\" class=\"yoast-schema-graph\">{\"@context\":\"https:\/\/schema.org\",\"@graph\":[{\"@type\":\"WebSite\",\"@id\":\"https:\/\/www.visit-ulcinj.com\/blog\/#website\",\"url\":\"https:\/\/www.visit-ulcinj.com\/blog\/\",\"name\":\"Lajme nga Ulqini\",\"description\":\"Lajme,Vijesti,Ulqini,Ulqin,Crna Gora,Mali i Zi\",\"potentialAction\":[{\"@type\":\"SearchAction\",\"target\":{\"@type\":\"EntryPoint\",\"urlTemplate\":\"https:\/\/www.visit-ulcinj.com\/blog\/?s={search_term_string}\"},\"query-input\":\"required name=search_term_string\"}],\"inLanguage\":\"en-US\"},{\"@type\":\"WebPage\",\"@id\":\"https:\/\/www.visit-ulcinj.com\/blog\/2017\/01\/23\/ana-malit-shpallet-kampion-ne-futboll-te-vogel-ne-ulqin-video\/#webpage\",\"url\":\"https:\/\/www.visit-ulcinj.com\/blog\/2017\/01\/23\/ana-malit-shpallet-kampion-ne-futboll-te-vogel-ne-ulqin-video\/\",\"name\":\"Ana Malit shpallet kampion n\u00eb futboll t\u00eb vog\u00ebl n\u00eb Ulqin - Video - Lajme nga Ulqini\",\"isPartOf\":{\"@id\":\"https:\/\/www.visit-ulcinj.com\/blog\/#website\"},\"datePublished\":\"2017-01-23T22:00:22+00:00\",\"dateModified\":\"2017-01-24T19:18:32+00:00\",\"author\":{\"@id\":\"https:\/\/www.visit-ulcinj.com\/blog\/#\/schema\/person\/dcab619c614d3038751c63bc2aadc06d\"},\"description\":\"KF \\\"Ana Malit\\\" shpallet kampion per te dytin vit me rradhe ne futboll te vogel ne turnirin nderkombetar qe organizohet ne futsall - Ulqini 2017 . Qindra\",\"breadcrumb\":{\"@id\":\"https:\/\/www.visit-ulcinj.com\/blog\/2017\/01\/23\/ana-malit-shpallet-kampion-ne-futboll-te-vogel-ne-ulqin-video\/#breadcrumb\"},\"inLanguage\":\"en-US\",\"potentialAction\":[{\"@type\":\"ReadAction\",\"target\":[\"https:\/\/www.visit-ulcinj.com\/blog\/2017\/01\/23\/ana-malit-shpallet-kampion-ne-futboll-te-vogel-ne-ulqin-video\/\"]}]},{\"@type\":\"BreadcrumbList\",\"@id\":\"https:\/\/www.visit-ulcinj.com\/blog\/2017\/01\/23\/ana-malit-shpallet-kampion-ne-futboll-te-vogel-ne-ulqin-video\/#breadcrumb\",\"itemListElement\":[{\"@type\":\"ListItem\",\"position\":1,\"name\":\"Ana Malit shpallet kampion n\u00eb futboll t\u00eb vog\u00ebl n\u00eb Ulqin &#8211; Video\"}]},{\"@type\":\"Person\",\"@id\":\"https:\/\/www.visit-ulcinj.com\/blog\/#\/schema\/person\/dcab619c614d3038751c63bc2aadc06d\",\"name\":\"ulqini\",\"sameAs\":[\"http:\/\/www.visit-ulcinj.com\"],\"url\":\"https:\/\/www.visit-ulcinj.com\/blog\/author\/admin\/\"}]}<\/script>\n<!-- \/ Yoast SEO plugin. -->","yoast_head_json":{"title":"Ana Malit shpallet kampion n\u00eb futboll t\u00eb vog\u00ebl n\u00eb Ulqin - Video - Lajme nga Ulqini","description":"KF \"Ana Malit\" shpallet kampion per te dytin vit me rradhe ne futboll te vogel ne turnirin nderkombetar qe organizohet ne futsall - Ulqini 2017 . Qindra","robots":{"index":"index","follow":"follow","max-snippet":"max-snippet:-1","max-image-preview":"max-image-preview:large","max-video-preview":"max-video-preview:-1"},"canonical":"https:\/\/www.visit-ulcinj.com\/blog\/2017\/01\/23\/ana-malit-shpallet-kampion-ne-futboll-te-vogel-ne-ulqin-video\/","og_locale":"en_US","og_type":"article","og_title":"Ana Malit shpallet kampion n\u00eb futboll t\u00eb vog\u00ebl n\u00eb Ulqin - Video - Lajme nga Ulqini","og_description":"KF \"Ana Malit\" shpallet kampion per te dytin vit me rradhe ne futboll te vogel ne turnirin nderkombetar qe organizohet ne futsall - Ulqini 2017 . Qindra","og_url":"https:\/\/www.visit-ulcinj.com\/blog\/2017\/01\/23\/ana-malit-shpallet-kampion-ne-futboll-te-vogel-ne-ulqin-video\/","og_site_name":"Lajme nga Ulqini","article_published_time":"2017-01-23T22:00:22+00:00","article_modified_time":"2017-01-24T19:18:32+00:00","og_image":[{"url":"https:\/\/www.visit-ulcinj.com\/blog\/wp-content\/uploads\/2017\/01\/Ana-Malit-shpallet-kampion-n\u00eb-futboll-t\u00eb-vog\u00ebl-n\u00eb-Ulqin-1-150x150.jpg"}],"twitter_misc":{"Written by":"ulqini","Est. reading time":"1 minute"},"schema":{"@context":"https:\/\/schema.org","@graph":[{"@type":"WebSite","@id":"https:\/\/www.visit-ulcinj.com\/blog\/#website","url":"https:\/\/www.visit-ulcinj.com\/blog\/","name":"Lajme nga Ulqini","description":"Lajme,Vijesti,Ulqini,Ulqin,Crna Gora,Mali i Zi","potentialAction":[{"@type":"SearchAction","target":{"@type":"EntryPoint","urlTemplate":"https:\/\/www.visit-ulcinj.com\/blog\/?s={search_term_string}"},"query-input":"required name=search_term_string"}],"inLanguage":"en-US"},{"@type":"WebPage","@id":"https:\/\/www.visit-ulcinj.com\/blog\/2017\/01\/23\/ana-malit-shpallet-kampion-ne-futboll-te-vogel-ne-ulqin-video\/#webpage","url":"https:\/\/www.visit-ulcinj.com\/blog\/2017\/01\/23\/ana-malit-shpallet-kampion-ne-futboll-te-vogel-ne-ulqin-video\/","name":"Ana Malit shpallet kampion n\u00eb futboll t\u00eb vog\u00ebl n\u00eb Ulqin - Video - Lajme nga Ulqini","isPartOf":{"@id":"https:\/\/www.visit-ulcinj.com\/blog\/#website"},"datePublished":"2017-01-23T22:00:22+00:00","dateModified":"2017-01-24T19:18:32+00:00","author":{"@id":"https:\/\/www.visit-ulcinj.com\/blog\/#\/schema\/person\/dcab619c614d3038751c63bc2aadc06d"},"description":"KF \"Ana Malit\" shpallet kampion per te dytin vit me rradhe ne futboll te vogel ne turnirin nderkombetar qe organizohet ne futsall - Ulqini 2017 . Qindra","breadcrumb":{"@id":"https:\/\/www.visit-ulcinj.com\/blog\/2017\/01\/23\/ana-malit-shpallet-kampion-ne-futboll-te-vogel-ne-ulqin-video\/#breadcrumb"},"inLanguage":"en-US","potentialAction":[{"@type":"ReadAction","target":["https:\/\/www.visit-ulcinj.com\/blog\/2017\/01\/23\/ana-malit-shpallet-kampion-ne-futboll-te-vogel-ne-ulqin-video\/"]}]},{"@type":"BreadcrumbList","@id":"https:\/\/www.visit-ulcinj.com\/blog\/2017\/01\/23\/ana-malit-shpallet-kampion-ne-futboll-te-vogel-ne-ulqin-video\/#breadcrumb","itemListElement":[{"@type":"ListItem","position":1,"name":"Ana Malit shpallet kampion n\u00eb futboll t\u00eb vog\u00ebl n\u00eb Ulqin &#8211; Video"}]},{"@type":"Person","@id":"https:\/\/www.visit-ulcinj.com\/blog\/#\/schema\/person\/dcab619c614d3038751c63bc2aadc06d","name":"ulqini","sameAs":["http:\/\/www.visit-ulcinj.com"],"url":"https:\/\/www.visit-ulcinj.com\/blog\/author\/admin\/"}]}},"jetpack_featured_media_url":"","jetpack_sharing_enabled":true,"jetpack_shortlink":"https:\/\/wp.me\/pe6lTn-qDx","_links":{"self":[{"href":"https:\/\/www.visit-ulcinj.com\/blog\/wp-json\/wp\/v2\/posts\/102395"}],"collection":[{"href":"https:\/\/www.visit-ulcinj.com\/blog\/wp-json\/wp\/v2\/posts"}],"about":[{"href":"https:\/\/www.visit-ulcinj.com\/blog\/wp-json\/wp\/v2\/types\/post"}],"author":[{"embeddable":true,"href":"https:\/\/www.visit-ulcinj.com\/blog\/wp-json\/wp\/v2\/users\/1"}],"replies":[{"embeddable":true,"href":"https:\/\/www.visit-ulcinj.com\/blog\/wp-json\/wp\/v2\/comments?post=102395"}],"version-history":[{"count":5,"href":"https:\/\/www.visit-ulcinj.com\/blog\/wp-json\/wp\/v2\/posts\/102395\/revisions"}],"predecessor-version":[{"id":102433,"href":"https:\/\/www.visit-ulcinj.com\/blog\/wp-json\/wp\/v2\/posts\/102395\/revisions\/102433"}],"wp:attachment":[{"href":"https:\/\/www.visit-ulcinj.com\/blog\/wp-json\/wp\/v2\/media?parent=102395"}],"wp:term":[{"taxonomy":"category","embeddable":true,"href":"https:\/\/www.visit-ulcinj.com\/blog\/wp-json\/wp\/v2\/categories?post=102395"},{"taxonomy":"post_tag","embeddable":true,"href":"https:\/\/www.visit-ulcinj.com\/blog\/wp-json\/wp\/v2\/tags?post=102395"}],"curies":[{"name":"wp","href":"https:\/\/api.w.org\/{rel}","templated":true}]}}