{"id":10240,"date":"2009-02-01T15:06:02","date_gmt":"2009-02-01T14:06:02","guid":{"rendered":"http:\/\/www.visit-ulcinj.com\/blog\/?p=10240"},"modified":"2009-02-17T15:31:01","modified_gmt":"2009-02-17T14:31:01","slug":"turizmi-ne-funksion-te-zhvillimit-ekonomik-dhe-proceset-integruese","status":"publish","type":"post","link":"https:\/\/www.visit-ulcinj.com\/blog\/2009\/02\/01\/turizmi-ne-funksion-te-zhvillimit-ekonomik-dhe-proceset-integruese\/","title":{"rendered":"&#8220;Turizmi n\u00eb funksion t\u00eb zhvillimit ekonomik dhe proceset integruese&#8221;"},"content":{"rendered":"<p><strong><a rel=\"attachment wp-att-10241\" href=\"http:\/\/www.visit-ulcinj.com\/blog\/2009\/02\/01\/turizmi-ne-funksion-te-zhvillimit-ekonomik-dhe-proceset-integruese\/turizmi-ne-funksion-te-zhvillimit-ekonomik\/\"><img loading=\"lazy\" class=\"alignleft size-full wp-image-10241\" title=\"turizmi-ne-funksion-te-zhvillimit-ekonomik\" src=\"http:\/\/www.visit-ulcinj.com\/blog\/wp-content\/uploads\/2009\/02\/turizmi-ne-funksion-te-zhvillimit-ekonomik.jpg\" alt=\"turizmi-ne-funksion-te-zhvillimit-ekonomik\" width=\"570\" height=\"321\" \/><\/a>N\u00eb Ulqin u mbajt konferenca e par\u00eb shkencore nd\u00ebrkomb\u00ebtare me titull &#8220;turizmi n\u00eb funksion t\u00eb zhvillimit ekonomik dhe proceset integruese&#8221;<br \/>\nT\u00eb zhvillohet turizmi elitar dhe t\u00eb ngritet bashk\u00ebpunimi me fqinj\u00ebt<\/strong>.<br \/>\nN\u00eb konkluzionet e konferenc\u00ebs, t\u00eb miratuara n\u00eb fund t\u00eb saj, k\u00ebrkohet q\u00eb &#8220;turizmi t\u00eb jet\u00eb n\u00eb funksion t\u00eb zhvillimit ekonomik dhe t\u00eb proceseve integruese n\u00eb kushtet e kriz\u00ebs ekonomike s\u00eb cil\u00ebs duhet t`i kund\u00ebrvihemi me nj\u00eb strategji konzistente, si pjes\u00eb e nj\u00eb strategjie afatgjate t\u00eb zhvillimit&#8221;.<br \/>\nUlqin &#8211; Qendra p\u00ebr Hulumtime Ekonomike nga Ulqini dhe Zyra e kryetarit t\u00eb Komun\u00ebs s\u00eb Ulqinit organizuan n\u00eb fundjav\u00eb n\u00eb Hotelin &#8220;Olympique&#8221; Konferenc\u00ebn e Par\u00eb Shkencore Nd\u00ebrkomb\u00ebtare, me titull &#8220;Turizmi n\u00eb funksion t\u00eb zhvillimit ekonomik dhe proceset integruese&#8221;.<br \/>\nN\u00eb konferenc\u00eb mor\u00ebn pjes\u00eb ligj\u00ebrues nga Mali i Zi, Shqip\u00ebria, Kosova, Maqedonia, Bosna e Hercegovina dhe Serbia, nd\u00ebrsa p\u00ebrve\u00e7 pjes\u00ebmarr\u00ebsve dhe ekspert\u00ebve vendor\u00eb n\u00eb t\u00eb mor\u00ebn pjes\u00eb edhe p\u00ebrfaq\u00ebsues t\u00eb Ministris\u00eb s\u00eb Integrimeve dhe Ministris\u00eb s\u00eb Financave t\u00eb Republik\u00ebs s\u00eb Shqip\u00ebris\u00eb, Qeveris\u00eb s\u00eb Kosov\u00ebs, Dhom\u00ebs s\u00eb Tregtis\u00eb s\u00eb Shqip\u00ebris\u00eb, Kontrollit t\u00eb Lart\u00eb t\u00eb Shtetit dhe Autoritetit Mbikqyr\u00ebs t\u00eb Konkurrenc\u00ebs n\u00eb Shqip\u00ebri, Bashkis\u00eb s\u00eb Lezh\u00ebs dhe Dhom\u00ebs s\u00eb Tregtis\u00eb s\u00eb Lezh\u00ebs, etj.<br \/>\nKonferenca i zhvilloi punimet n\u00eb pes\u00eb sesione dhe n\u00eb t\u00eb u mbajt\u00ebn rreth dyzet kumtesa.<br \/>\nN\u00eb fillim t\u00eb konferenc\u00ebs pjes\u00ebmarr\u00ebsit i p\u00ebrsh\u00ebndet\u00ebn kryetari i Komun\u00ebs s\u00eb Ulqinit, G\u00ebzim Hajdinaga, ministri p\u00ebr Mbrotjen e t\u00eb Drejtave t\u00eb Njeriut dhe Pakicave, Fuad Nimani, ndihm\u00ebsministri i Turizmit dhe Mbrojtjes s\u00eb Mjedisit Jet\u00ebsor, Zoran Duletiq, prof. ass. dr. Armand Krasniqi, k\u00ebshilltar politik i zv. Kryeministrit t\u00eb Kosov\u00ebs, Daniel Dobrev, drejtor i Zyr\u00ebs p\u00ebr Treg\u00ebti pran\u00eb Ambasad\u00ebs s\u00eb Bullgaris\u00eb dhe Zanita Kastrati, drejtoresh\u00eb e Zyr\u00ebs p\u00ebr Marr\u00ebdh\u00ebnie me Jasht\u00eb pran\u00eb Bashkis\u00eb Shkod\u00ebr.<br \/>\nN\u00eb konkluzionet e konferenc\u00ebs, t\u00eb miratuara n\u00eb fund t\u00eb saj, k\u00ebrkohet q\u00eb &#8220;turizmi t\u00eb jet\u00eb n\u00eb funksion t\u00eb zhvillimit ekonomik dhe t\u00eb proceseve integruese n\u00eb kushtet e kriz\u00ebs ekonomike s\u00eb cil\u00ebs duhet t`i kund\u00ebrvihemi me nj\u00eb strategji konzistente, si pjes\u00eb e nj\u00eb strategjie afatgjate t\u00eb zhvillimit&#8221;.<br \/>\nPjes\u00ebmarr\u00ebsit e Konferenc\u00ebs konkluduan se &#8220;strategjia e lartp\u00ebrmendur duhet t\u00eb bazohet n\u00eb investimet e shtetit, nd\u00ebrsa t\u00eb gjitha subjektet turistike duhet t\u00eb angazhohen n\u00eb p\u00ebrmir\u00ebsimin e cil\u00ebsis\u00eb s\u00eb sh\u00ebrbimeve turistike dhe heterogjenitetin e tyre, kualifikimin e kuadrove, menaxher\u00ebve, nd\u00ebrtimin e kapaciteteve t\u00eb reja hotelierike dhe infrastruktur\u00ebs p\u00ebrcjell\u00ebse, ngritjen e kategoris\u00eb s\u00eb objekteve t\u00eb vendosjes dhe ushqimit, zgjatjen e sezonit turistik si dhe shfryt\u00ebzimin e rezervave t\u00eb brendshme&#8221;.<br \/>\n&#8220;Zhvillimi i turizmit elitar, anulimi i problemeve t\u00eb shumta, ngritja e bashk\u00ebpunimit me fqinj\u00ebt dhe caktimi i prioriteteve t\u00eb investimeve&#8221;, \u00ebsht\u00eb nj\u00eb p\u00ebrfundim tjet\u00ebr i Konferenc\u00ebs.<br \/>\nReferuesit u pajtuan p\u00ebr shfryt\u00ebzimin e p\u00ebrpar\u00ebsisve komplementare dhe atyre komparative, t\u00eb cilat i ofrojn\u00eb shtetet fqinje, duke respektuar mund\u00ebsit\u00eb e m\u00ebdha q\u00eb mund\u00ebson turizmi p\u00ebr ngjalljen e zonave t\u00eb lira.<br \/>\nKonferenca u rekomandon bart\u00ebsve t\u00eb politik\u00ebs turistike q\u00eb me pjes\u00ebmarrjen e ekspert\u00ebve t\u00eb njohur t\u00eb formulojn\u00eb nj\u00eb strategji zhvillimi, duke shfryt\u00ebzuar modelet dhe shembujt bot\u00ebror\u00eb.<br \/>\nPjes\u00ebmarr\u00ebsit propozuan nd\u00ebrmarrjen e investimeve cil\u00ebsore n\u00eb komplekse hoteliere dhe objekte t\u00eb tjera turistike si dhe zvog\u00eblimin n\u00eb minimum t\u00eb investimeve n\u00eb pasuri t\u00eb paluajtshme.<br \/>\nAta vler\u00ebsuan se duhet t\u00eb b\u00ebhet &#8220;institucionalizimi i i veprimtarive kreative dhe balancimi i investimeve private dhe atyre publike, si dhe q\u00eb interesi duhet t`i z\u00ebvend\u00ebsoj\u00eb improvizimet e deritashme&#8221;.<br \/>\nKonferenca konkludoi po ashtu se nevojitet t\u00eb lidhet marr\u00ebveshje bashk\u00ebpunimi n\u00eb mes t\u00eb shteteve t\u00eb rajonit n\u00eb sektorin e turizmit.<br \/>\nOrganizimin e k\u00ebsaj konference e mund\u00ebsuan Ministria p\u00ebr Mbrojtjen e t\u00eb Drejtave t\u00eb Njeriut dhe Pakicave, Komuna e Ulqinit, Qendra p\u00ebr Hulumtime Ekonomike, Komuna e Tivarit, &#8220;Eurosig&#8221; nga Tirana dhe donator\u00eb t\u00eb tjer\u00eb.<br \/>\n<strong><br \/>\nKohapress<\/strong><\/p>\n<p><strong><span style=\"text-decoration: underline;\"><a href=\"http:\/\/www.ulqini.de\/Lajme\/konferenca_Shqip__e_reja.doc\" target=\"_blank\">Info nga zyrja e komun\u00ebs<\/a><\/span><br \/>\n<\/strong><\/p>\n<!--YouTube Error: bad URL entered-->\n","protected":false},"excerpt":{"rendered":"<p>N\u00eb Ulqin u mbajt konferenca e par\u00eb shkencore nd\u00ebrkomb\u00ebtare me titull &#8220;turizmi n\u00eb funksion t\u00eb zhvillimit ekonomik dhe proceset integruese&#8221; T\u00eb zhvillohet turizmi elitar dhe t\u00eb ngritet bashk\u00ebpunimi me fqinj\u00ebt. N\u00eb konkluzionet e konferenc\u00ebs, t\u00eb miratuara n\u00eb fund t\u00eb saj, k\u00ebrkohet q\u00eb &#8220;turizmi t\u00eb jet\u00eb n\u00eb funksion t\u00eb zhvillimit ekonomik dhe t\u00eb proceseve integruese n\u00eb [&hellip;]<\/p>\n","protected":false},"author":1,"featured_media":0,"comment_status":"open","ping_status":"closed","sticky":false,"template":"","format":"standard","meta":{"spay_email":"","jetpack_publicize_message":"","jetpack_is_tweetstorm":false,"jetpack_publicize_feature_enabled":true},"categories":[15],"tags":[6321,6302,6317,6312,6307,6315,6308,6309,106,222,6310,6306,6320,297,6316,49,2515,95,2754,3047,6313,6303,6311,6318,6305,6319,6314,354,5882,200,18,6304],"jetpack_publicize_connections":[],"yoast_head":"<!-- This site is optimized with the Yoast SEO plugin v19.1 - https:\/\/yoast.com\/wordpress\/plugins\/seo\/ -->\n<title>&quot;Turizmi n\u00eb funksion t\u00eb zhvillimit ekonomik dhe proceset integruese&quot; - Lajme nga Ulqini<\/title>\n<meta name=\"description\" content=\"N\u00eb Ulqin u mbajt konferenca e par\u00eb shkencore nd\u00ebrkomb\u00ebtare me titull &quot;turizmi n\u00eb funksion t\u00eb zhvillimit ekonomik dhe proceset integruese&quot; T\u00eb zhvillohet\" \/>\n<meta name=\"robots\" content=\"index, follow, max-snippet:-1, max-image-preview:large, max-video-preview:-1\" \/>\n<link rel=\"canonical\" href=\"https:\/\/www.visit-ulcinj.com\/blog\/2009\/02\/01\/turizmi-ne-funksion-te-zhvillimit-ekonomik-dhe-proceset-integruese\/\" \/>\n<meta property=\"og:locale\" content=\"en_US\" \/>\n<meta property=\"og:type\" content=\"article\" \/>\n<meta property=\"og:title\" content=\"&quot;Turizmi n\u00eb funksion t\u00eb zhvillimit ekonomik dhe proceset integruese&quot; - Lajme nga Ulqini\" \/>\n<meta property=\"og:description\" content=\"N\u00eb Ulqin u mbajt konferenca e par\u00eb shkencore nd\u00ebrkomb\u00ebtare me titull &quot;turizmi n\u00eb funksion t\u00eb zhvillimit ekonomik dhe proceset integruese&quot; T\u00eb zhvillohet\" \/>\n<meta property=\"og:url\" content=\"https:\/\/www.visit-ulcinj.com\/blog\/2009\/02\/01\/turizmi-ne-funksion-te-zhvillimit-ekonomik-dhe-proceset-integruese\/\" \/>\n<meta property=\"og:site_name\" content=\"Lajme nga Ulqini\" \/>\n<meta property=\"article:published_time\" content=\"2009-02-01T14:06:02+00:00\" \/>\n<meta property=\"article:modified_time\" content=\"2009-02-17T14:31:01+00:00\" \/>\n<meta property=\"og:image\" content=\"http:\/\/www.visit-ulcinj.com\/blog\/wp-content\/uploads\/2009\/02\/turizmi-ne-funksion-te-zhvillimit-ekonomik.jpg\" \/>\n<meta name=\"twitter:label1\" content=\"Written by\" \/>\n\t<meta name=\"twitter:data1\" content=\"ulqini\" \/>\n\t<meta name=\"twitter:label2\" content=\"Est. reading time\" \/>\n\t<meta name=\"twitter:data2\" content=\"4 minutes\" \/>\n<script type=\"application\/ld+json\" class=\"yoast-schema-graph\">{\"@context\":\"https:\/\/schema.org\",\"@graph\":[{\"@type\":\"WebSite\",\"@id\":\"https:\/\/www.visit-ulcinj.com\/blog\/#website\",\"url\":\"https:\/\/www.visit-ulcinj.com\/blog\/\",\"name\":\"Lajme nga Ulqini\",\"description\":\"Lajme,Vijesti,Ulqini,Ulqin,Crna Gora,Mali i Zi\",\"potentialAction\":[{\"@type\":\"SearchAction\",\"target\":{\"@type\":\"EntryPoint\",\"urlTemplate\":\"https:\/\/www.visit-ulcinj.com\/blog\/?s={search_term_string}\"},\"query-input\":\"required name=search_term_string\"}],\"inLanguage\":\"en-US\"},{\"@type\":\"ImageObject\",\"inLanguage\":\"en-US\",\"@id\":\"https:\/\/www.visit-ulcinj.com\/blog\/2009\/02\/01\/turizmi-ne-funksion-te-zhvillimit-ekonomik-dhe-proceset-integruese\/#primaryimage\",\"url\":\"https:\/\/www.visit-ulcinj.com\/blog\/wp-content\/uploads\/2009\/02\/turizmi-ne-funksion-te-zhvillimit-ekonomik.jpg\",\"contentUrl\":\"https:\/\/www.visit-ulcinj.com\/blog\/wp-content\/uploads\/2009\/02\/turizmi-ne-funksion-te-zhvillimit-ekonomik.jpg\",\"width\":\"596\",\"height\":\"321\"},{\"@type\":\"WebPage\",\"@id\":\"https:\/\/www.visit-ulcinj.com\/blog\/2009\/02\/01\/turizmi-ne-funksion-te-zhvillimit-ekonomik-dhe-proceset-integruese\/#webpage\",\"url\":\"https:\/\/www.visit-ulcinj.com\/blog\/2009\/02\/01\/turizmi-ne-funksion-te-zhvillimit-ekonomik-dhe-proceset-integruese\/\",\"name\":\"\\\"Turizmi n\u00eb funksion t\u00eb zhvillimit ekonomik dhe proceset integruese\\\" - Lajme nga Ulqini\",\"isPartOf\":{\"@id\":\"https:\/\/www.visit-ulcinj.com\/blog\/#website\"},\"primaryImageOfPage\":{\"@id\":\"https:\/\/www.visit-ulcinj.com\/blog\/2009\/02\/01\/turizmi-ne-funksion-te-zhvillimit-ekonomik-dhe-proceset-integruese\/#primaryimage\"},\"datePublished\":\"2009-02-01T14:06:02+00:00\",\"dateModified\":\"2009-02-17T14:31:01+00:00\",\"author\":{\"@id\":\"https:\/\/www.visit-ulcinj.com\/blog\/#\/schema\/person\/dcab619c614d3038751c63bc2aadc06d\"},\"description\":\"N\u00eb Ulqin u mbajt konferenca e par\u00eb shkencore nd\u00ebrkomb\u00ebtare me titull \\\"turizmi n\u00eb funksion t\u00eb zhvillimit ekonomik dhe proceset integruese\\\" T\u00eb zhvillohet\",\"breadcrumb\":{\"@id\":\"https:\/\/www.visit-ulcinj.com\/blog\/2009\/02\/01\/turizmi-ne-funksion-te-zhvillimit-ekonomik-dhe-proceset-integruese\/#breadcrumb\"},\"inLanguage\":\"en-US\",\"potentialAction\":[{\"@type\":\"ReadAction\",\"target\":[\"https:\/\/www.visit-ulcinj.com\/blog\/2009\/02\/01\/turizmi-ne-funksion-te-zhvillimit-ekonomik-dhe-proceset-integruese\/\"]}]},{\"@type\":\"BreadcrumbList\",\"@id\":\"https:\/\/www.visit-ulcinj.com\/blog\/2009\/02\/01\/turizmi-ne-funksion-te-zhvillimit-ekonomik-dhe-proceset-integruese\/#breadcrumb\",\"itemListElement\":[{\"@type\":\"ListItem\",\"position\":1,\"name\":\"&#8220;Turizmi n\u00eb funksion t\u00eb zhvillimit ekonomik dhe proceset integruese&#8221;\"}]},{\"@type\":\"Person\",\"@id\":\"https:\/\/www.visit-ulcinj.com\/blog\/#\/schema\/person\/dcab619c614d3038751c63bc2aadc06d\",\"name\":\"ulqini\",\"sameAs\":[\"http:\/\/www.visit-ulcinj.com\"],\"url\":\"https:\/\/www.visit-ulcinj.com\/blog\/author\/admin\/\"}]}<\/script>\n<!-- \/ Yoast SEO plugin. -->","yoast_head_json":{"title":"\"Turizmi n\u00eb funksion t\u00eb zhvillimit ekonomik dhe proceset integruese\" - Lajme nga Ulqini","description":"N\u00eb Ulqin u mbajt konferenca e par\u00eb shkencore nd\u00ebrkomb\u00ebtare me titull \"turizmi n\u00eb funksion t\u00eb zhvillimit ekonomik dhe proceset integruese\" T\u00eb zhvillohet","robots":{"index":"index","follow":"follow","max-snippet":"max-snippet:-1","max-image-preview":"max-image-preview:large","max-video-preview":"max-video-preview:-1"},"canonical":"https:\/\/www.visit-ulcinj.com\/blog\/2009\/02\/01\/turizmi-ne-funksion-te-zhvillimit-ekonomik-dhe-proceset-integruese\/","og_locale":"en_US","og_type":"article","og_title":"\"Turizmi n\u00eb funksion t\u00eb zhvillimit ekonomik dhe proceset integruese\" - Lajme nga Ulqini","og_description":"N\u00eb Ulqin u mbajt konferenca e par\u00eb shkencore nd\u00ebrkomb\u00ebtare me titull \"turizmi n\u00eb funksion t\u00eb zhvillimit ekonomik dhe proceset integruese\" T\u00eb zhvillohet","og_url":"https:\/\/www.visit-ulcinj.com\/blog\/2009\/02\/01\/turizmi-ne-funksion-te-zhvillimit-ekonomik-dhe-proceset-integruese\/","og_site_name":"Lajme nga Ulqini","article_published_time":"2009-02-01T14:06:02+00:00","article_modified_time":"2009-02-17T14:31:01+00:00","og_image":[{"url":"http:\/\/www.visit-ulcinj.com\/blog\/wp-content\/uploads\/2009\/02\/turizmi-ne-funksion-te-zhvillimit-ekonomik.jpg"}],"twitter_misc":{"Written by":"ulqini","Est. reading time":"4 minutes"},"schema":{"@context":"https:\/\/schema.org","@graph":[{"@type":"WebSite","@id":"https:\/\/www.visit-ulcinj.com\/blog\/#website","url":"https:\/\/www.visit-ulcinj.com\/blog\/","name":"Lajme nga Ulqini","description":"Lajme,Vijesti,Ulqini,Ulqin,Crna Gora,Mali i Zi","potentialAction":[{"@type":"SearchAction","target":{"@type":"EntryPoint","urlTemplate":"https:\/\/www.visit-ulcinj.com\/blog\/?s={search_term_string}"},"query-input":"required name=search_term_string"}],"inLanguage":"en-US"},{"@type":"ImageObject","inLanguage":"en-US","@id":"https:\/\/www.visit-ulcinj.com\/blog\/2009\/02\/01\/turizmi-ne-funksion-te-zhvillimit-ekonomik-dhe-proceset-integruese\/#primaryimage","url":"https:\/\/www.visit-ulcinj.com\/blog\/wp-content\/uploads\/2009\/02\/turizmi-ne-funksion-te-zhvillimit-ekonomik.jpg","contentUrl":"https:\/\/www.visit-ulcinj.com\/blog\/wp-content\/uploads\/2009\/02\/turizmi-ne-funksion-te-zhvillimit-ekonomik.jpg","width":"596","height":"321"},{"@type":"WebPage","@id":"https:\/\/www.visit-ulcinj.com\/blog\/2009\/02\/01\/turizmi-ne-funksion-te-zhvillimit-ekonomik-dhe-proceset-integruese\/#webpage","url":"https:\/\/www.visit-ulcinj.com\/blog\/2009\/02\/01\/turizmi-ne-funksion-te-zhvillimit-ekonomik-dhe-proceset-integruese\/","name":"\"Turizmi n\u00eb funksion t\u00eb zhvillimit ekonomik dhe proceset integruese\" - Lajme nga Ulqini","isPartOf":{"@id":"https:\/\/www.visit-ulcinj.com\/blog\/#website"},"primaryImageOfPage":{"@id":"https:\/\/www.visit-ulcinj.com\/blog\/2009\/02\/01\/turizmi-ne-funksion-te-zhvillimit-ekonomik-dhe-proceset-integruese\/#primaryimage"},"datePublished":"2009-02-01T14:06:02+00:00","dateModified":"2009-02-17T14:31:01+00:00","author":{"@id":"https:\/\/www.visit-ulcinj.com\/blog\/#\/schema\/person\/dcab619c614d3038751c63bc2aadc06d"},"description":"N\u00eb Ulqin u mbajt konferenca e par\u00eb shkencore nd\u00ebrkomb\u00ebtare me titull \"turizmi n\u00eb funksion t\u00eb zhvillimit ekonomik dhe proceset integruese\" T\u00eb zhvillohet","breadcrumb":{"@id":"https:\/\/www.visit-ulcinj.com\/blog\/2009\/02\/01\/turizmi-ne-funksion-te-zhvillimit-ekonomik-dhe-proceset-integruese\/#breadcrumb"},"inLanguage":"en-US","potentialAction":[{"@type":"ReadAction","target":["https:\/\/www.visit-ulcinj.com\/blog\/2009\/02\/01\/turizmi-ne-funksion-te-zhvillimit-ekonomik-dhe-proceset-integruese\/"]}]},{"@type":"BreadcrumbList","@id":"https:\/\/www.visit-ulcinj.com\/blog\/2009\/02\/01\/turizmi-ne-funksion-te-zhvillimit-ekonomik-dhe-proceset-integruese\/#breadcrumb","itemListElement":[{"@type":"ListItem","position":1,"name":"&#8220;Turizmi n\u00eb funksion t\u00eb zhvillimit ekonomik dhe proceset integruese&#8221;"}]},{"@type":"Person","@id":"https:\/\/www.visit-ulcinj.com\/blog\/#\/schema\/person\/dcab619c614d3038751c63bc2aadc06d","name":"ulqini","sameAs":["http:\/\/www.visit-ulcinj.com"],"url":"https:\/\/www.visit-ulcinj.com\/blog\/author\/admin\/"}]}},"jetpack_featured_media_url":"","jetpack_sharing_enabled":true,"jetpack_shortlink":"https:\/\/wp.me\/pe6lTn-2Fa","_links":{"self":[{"href":"https:\/\/www.visit-ulcinj.com\/blog\/wp-json\/wp\/v2\/posts\/10240"}],"collection":[{"href":"https:\/\/www.visit-ulcinj.com\/blog\/wp-json\/wp\/v2\/posts"}],"about":[{"href":"https:\/\/www.visit-ulcinj.com\/blog\/wp-json\/wp\/v2\/types\/post"}],"author":[{"embeddable":true,"href":"https:\/\/www.visit-ulcinj.com\/blog\/wp-json\/wp\/v2\/users\/1"}],"replies":[{"embeddable":true,"href":"https:\/\/www.visit-ulcinj.com\/blog\/wp-json\/wp\/v2\/comments?post=10240"}],"version-history":[{"count":0,"href":"https:\/\/www.visit-ulcinj.com\/blog\/wp-json\/wp\/v2\/posts\/10240\/revisions"}],"wp:attachment":[{"href":"https:\/\/www.visit-ulcinj.com\/blog\/wp-json\/wp\/v2\/media?parent=10240"}],"wp:term":[{"taxonomy":"category","embeddable":true,"href":"https:\/\/www.visit-ulcinj.com\/blog\/wp-json\/wp\/v2\/categories?post=10240"},{"taxonomy":"post_tag","embeddable":true,"href":"https:\/\/www.visit-ulcinj.com\/blog\/wp-json\/wp\/v2\/tags?post=10240"}],"curies":[{"name":"wp","href":"https:\/\/api.w.org\/{rel}","templated":true}]}}