{"id":102407,"date":"2017-01-24T15:02:12","date_gmt":"2017-01-24T14:02:12","guid":{"rendered":"http:\/\/www.visit-ulcinj.com\/blog\/?p=102407"},"modified":"2017-01-24T15:16:42","modified_gmt":"2017-01-24T14:16:42","slug":"shikoni-se-si-malazezi-qe-jeton-ne-belgjike-kendon-shqip-video","status":"publish","type":"post","link":"https:\/\/www.visit-ulcinj.com\/blog\/2017\/01\/24\/shikoni-se-si-malazezi-qe-jeton-ne-belgjike-kendon-shqip-video\/","title":{"rendered":"Shikoni se si Malazezi q\u00eb jeton n\u00eb Belgjike k\u00ebndon shqip &#8211; Video"},"content":{"rendered":"<p class=\"entry-title\"><strong><a href=\"http:\/\/www.visit-ulcinj.com\/blog\/wp-content\/uploads\/2017\/01\/Goran-Vratnica.jpg\"><img loading=\"lazy\" class=\"alignleft wp-image-102408\" src=\"http:\/\/www.visit-ulcinj.com\/blog\/wp-content\/uploads\/2017\/01\/Goran-Vratnica.jpg\" alt=\"Goran Vratnica\" width=\"508\" height=\"603\" \/><\/a>Malazezi nga Podgorica n\u00eb Belgjike, q\u00eb nuk din asnj\u00eb fjal\u00eb shqip, por q\u00eb ja thote flak\u00eb k\u00ebng\u00ebs shqipe<\/strong><\/p>\n<p>Bruksel, 21 janar \u00a0-Se muzika eshte nje art pa kufije dhe se kenga shqipe joshe jo vet\u00ebm shqiptaret por edhe te tjeret, eshte rasti me malazezin Goran Vratnica nga Pordgorica i cili jeton dhe vepron qe 20 vjet ne Belgjik\u00eb. Ai qe dy decnie jeton ne vend te huaj ne Belgjike, por muzik\u00ebn dhe kenget e vendlindjes nuk i ka harruar, madje edhe ato shqip, sepse siq thote ai \u201cme keto kenge jemi rritur\u201d qe shpeh ne festa e ahengje ja thote flake kenges shqipe pa kurrefar kompleksi, njofton agjencia e lajmeve \u201cPresheva Jon\u00eb\u201d<\/p>\n<p>\u201cUne nuk flas mir\u00eb shqip, nuk \u00ebsht\u00eb gjuha ime amtare. Jam prej Malit Zi (Podgoric\u00eb) dhe jetoj n\u00eb Belgjik\u00eb tash e 20 vjet.\u00a0P\u00ebr mua muzika \u00ebsht\u00eb nji hobi.\u00a0Muzika shqipe me p\u00eblqen mua shum\u00eb\u2026\u201d eshte ky emaili qe na ka arritur ne redaksise s\u00eb agjencise se lajmeve \u201cPresheva Jon\u00eb\u201d nenshkruar nga vet kengetari malazais Goran Vratncia nga Potgodrica.<\/p>\n<p>Une <b>kam incizuar 5\u00a0<\/b><b>keng<\/b>\u00a0:\u00a0<b>\u201cBARESHA\u201d\u00a0<\/b>(10\/2016),\u00a0<b><\/b><b>\u201cRROKA MANDOLINEN\u201d\u00a0<\/b>(2013),<b>\u00a0<\/b><b>\u201cANI MORI NUSE\u201d<\/b>\u00a0(2013),<b><\/b>\u00a0<b>\u201cMOJ E MIRA N\u00cbP\u00cbR THERRA\u201d<\/b>(2013), dhe tjetra qe nuk \u00ebsht\u00eb e postuar n\u00eb <b>Yu-tube <\/b>\u00ebsht\u00eb\u00a0<b>\u201cDIL MOJ VASH\u00cb\u201d<\/b>\u00a0(10\/2016) \u2026<\/p>\n<p>Per te deshmuar se muzika dhe kenga nuk ka kuifije ja disa k\u00ebng\u00eb , VIDEO poshte te kengetarit te njohur malazez Goran Vratncia. Falemnderi, hvala \u201czemo\u201d p\u00ebrshendetje nga Prishtina nga Presheva, Kosova Lindore !\u2026<\/p>\n<p><strong>Bota Sot<\/strong><\/p>\n<p><iframe loading=\"lazy\" width=\"508\" height=\"335\" src=\"https:\/\/www.youtube.com\/embed\/OR58_bbR3j0\" frameborder=\"0\" allowfullscreen><\/iframe><\/p>\n<p><iframe loading=\"lazy\" width=\"508\" height=\"335\" src=\"https:\/\/www.youtube.com\/embed\/CkncVL0fL3Y\" frameborder=\"0\" allowfullscreen><\/iframe><\/p>\n<!--YouTube Error: bad URL entered-->\n<p><iframe loading=\"lazy\" width=\"508\" height=\"335\" src=\"https:\/\/www.youtube.com\/embed\/yR4eydn6VRU\" frameborder=\"0\" allowfullscreen><\/iframe><\/p>\n<p><iframe loading=\"lazy\" width=\"508\" height=\"335\" src=\"https:\/\/www.youtube.com\/embed\/46MmMYynfYk\" frameborder=\"0\" allowfullscreen><\/iframe><\/p>\n","protected":false},"excerpt":{"rendered":"<p>Malazezi nga Podgorica n\u00eb Belgjike, q\u00eb nuk din asnj\u00eb fjal\u00eb shqip, por q\u00eb ja thote flak\u00eb k\u00ebng\u00ebs shqipe Bruksel, 21 janar \u00a0-Se muzika eshte nje art pa kufije dhe se kenga shqipe joshe jo vet\u00ebm shqiptaret por edhe te tjeret, eshte rasti me malazezin Goran Vratnica nga Pordgorica i cili jeton dhe vepron qe 20 [&hellip;]<\/p>\n","protected":false},"author":1,"featured_media":0,"comment_status":"closed","ping_status":"closed","sticky":false,"template":"","format":"standard","meta":{"spay_email":"","jetpack_publicize_message":"","jetpack_is_tweetstorm":false,"jetpack_publicize_feature_enabled":true},"categories":[7],"tags":[],"jetpack_publicize_connections":[],"yoast_head":"<!-- This site is optimized with the Yoast SEO plugin v19.1 - https:\/\/yoast.com\/wordpress\/plugins\/seo\/ -->\n<title>Shikoni se si Malazezi q\u00eb jeton n\u00eb Belgjike k\u00ebndon shqip - Video - Lajme nga Ulqini<\/title>\n<meta name=\"description\" content=\"Malazezi nga Podgorica n\u00eb Belgjike, q\u00eb nuk din asnj\u00eb fjal\u00eb shqip, por q\u00eb ja thote flak\u00eb k\u00ebng\u00ebs shqipe Bruksel, 21 janar \u00a0-Se muzika eshte nje art pa\" \/>\n<meta name=\"robots\" content=\"index, follow, max-snippet:-1, max-image-preview:large, max-video-preview:-1\" \/>\n<link rel=\"canonical\" href=\"https:\/\/www.visit-ulcinj.com\/blog\/2017\/01\/24\/shikoni-se-si-malazezi-qe-jeton-ne-belgjike-kendon-shqip-video\/\" \/>\n<meta property=\"og:locale\" content=\"en_US\" \/>\n<meta property=\"og:type\" content=\"article\" \/>\n<meta property=\"og:title\" content=\"Shikoni se si Malazezi q\u00eb jeton n\u00eb Belgjike k\u00ebndon shqip - Video - Lajme nga Ulqini\" \/>\n<meta property=\"og:description\" content=\"Malazezi nga Podgorica n\u00eb Belgjike, q\u00eb nuk din asnj\u00eb fjal\u00eb shqip, por q\u00eb ja thote flak\u00eb k\u00ebng\u00ebs shqipe Bruksel, 21 janar \u00a0-Se muzika eshte nje art pa\" \/>\n<meta property=\"og:url\" content=\"https:\/\/www.visit-ulcinj.com\/blog\/2017\/01\/24\/shikoni-se-si-malazezi-qe-jeton-ne-belgjike-kendon-shqip-video\/\" \/>\n<meta property=\"og:site_name\" content=\"Lajme nga Ulqini\" \/>\n<meta property=\"article:published_time\" content=\"2017-01-24T14:02:12+00:00\" \/>\n<meta property=\"article:modified_time\" content=\"2017-01-24T14:16:42+00:00\" \/>\n<meta property=\"og:image\" content=\"http:\/\/www.visit-ulcinj.com\/blog\/wp-content\/uploads\/2017\/01\/Goran-Vratnica.jpg\" \/>\n<meta name=\"twitter:label1\" content=\"Written by\" \/>\n\t<meta name=\"twitter:data1\" content=\"ulqini\" \/>\n\t<meta name=\"twitter:label2\" content=\"Est. reading time\" \/>\n\t<meta name=\"twitter:data2\" content=\"1 minute\" \/>\n<script type=\"application\/ld+json\" class=\"yoast-schema-graph\">{\"@context\":\"https:\/\/schema.org\",\"@graph\":[{\"@type\":\"WebSite\",\"@id\":\"https:\/\/www.visit-ulcinj.com\/blog\/#website\",\"url\":\"https:\/\/www.visit-ulcinj.com\/blog\/\",\"name\":\"Lajme nga Ulqini\",\"description\":\"Lajme,Vijesti,Ulqini,Ulqin,Crna Gora,Mali i Zi\",\"potentialAction\":[{\"@type\":\"SearchAction\",\"target\":{\"@type\":\"EntryPoint\",\"urlTemplate\":\"https:\/\/www.visit-ulcinj.com\/blog\/?s={search_term_string}\"},\"query-input\":\"required name=search_term_string\"}],\"inLanguage\":\"en-US\"},{\"@type\":\"ImageObject\",\"inLanguage\":\"en-US\",\"@id\":\"https:\/\/www.visit-ulcinj.com\/blog\/2017\/01\/24\/shikoni-se-si-malazezi-qe-jeton-ne-belgjike-kendon-shqip-video\/#primaryimage\",\"url\":\"http:\/\/www.visit-ulcinj.com\/blog\/wp-content\/uploads\/2017\/01\/Goran-Vratnica.jpg\",\"contentUrl\":\"http:\/\/www.visit-ulcinj.com\/blog\/wp-content\/uploads\/2017\/01\/Goran-Vratnica.jpg\"},{\"@type\":\"WebPage\",\"@id\":\"https:\/\/www.visit-ulcinj.com\/blog\/2017\/01\/24\/shikoni-se-si-malazezi-qe-jeton-ne-belgjike-kendon-shqip-video\/#webpage\",\"url\":\"https:\/\/www.visit-ulcinj.com\/blog\/2017\/01\/24\/shikoni-se-si-malazezi-qe-jeton-ne-belgjike-kendon-shqip-video\/\",\"name\":\"Shikoni se si Malazezi q\u00eb jeton n\u00eb Belgjike k\u00ebndon shqip - Video - Lajme nga Ulqini\",\"isPartOf\":{\"@id\":\"https:\/\/www.visit-ulcinj.com\/blog\/#website\"},\"primaryImageOfPage\":{\"@id\":\"https:\/\/www.visit-ulcinj.com\/blog\/2017\/01\/24\/shikoni-se-si-malazezi-qe-jeton-ne-belgjike-kendon-shqip-video\/#primaryimage\"},\"datePublished\":\"2017-01-24T14:02:12+00:00\",\"dateModified\":\"2017-01-24T14:16:42+00:00\",\"author\":{\"@id\":\"https:\/\/www.visit-ulcinj.com\/blog\/#\/schema\/person\/dcab619c614d3038751c63bc2aadc06d\"},\"description\":\"Malazezi nga Podgorica n\u00eb Belgjike, q\u00eb nuk din asnj\u00eb fjal\u00eb shqip, por q\u00eb ja thote flak\u00eb k\u00ebng\u00ebs shqipe Bruksel, 21 janar \u00a0-Se muzika eshte nje art pa\",\"breadcrumb\":{\"@id\":\"https:\/\/www.visit-ulcinj.com\/blog\/2017\/01\/24\/shikoni-se-si-malazezi-qe-jeton-ne-belgjike-kendon-shqip-video\/#breadcrumb\"},\"inLanguage\":\"en-US\",\"potentialAction\":[{\"@type\":\"ReadAction\",\"target\":[\"https:\/\/www.visit-ulcinj.com\/blog\/2017\/01\/24\/shikoni-se-si-malazezi-qe-jeton-ne-belgjike-kendon-shqip-video\/\"]}]},{\"@type\":\"BreadcrumbList\",\"@id\":\"https:\/\/www.visit-ulcinj.com\/blog\/2017\/01\/24\/shikoni-se-si-malazezi-qe-jeton-ne-belgjike-kendon-shqip-video\/#breadcrumb\",\"itemListElement\":[{\"@type\":\"ListItem\",\"position\":1,\"name\":\"Shikoni se si Malazezi q\u00eb jeton n\u00eb Belgjike k\u00ebndon shqip &#8211; Video\"}]},{\"@type\":\"Person\",\"@id\":\"https:\/\/www.visit-ulcinj.com\/blog\/#\/schema\/person\/dcab619c614d3038751c63bc2aadc06d\",\"name\":\"ulqini\",\"sameAs\":[\"http:\/\/www.visit-ulcinj.com\"],\"url\":\"https:\/\/www.visit-ulcinj.com\/blog\/author\/admin\/\"}]}<\/script>\n<!-- \/ Yoast SEO plugin. -->","yoast_head_json":{"title":"Shikoni se si Malazezi q\u00eb jeton n\u00eb Belgjike k\u00ebndon shqip - Video - Lajme nga Ulqini","description":"Malazezi nga Podgorica n\u00eb Belgjike, q\u00eb nuk din asnj\u00eb fjal\u00eb shqip, por q\u00eb ja thote flak\u00eb k\u00ebng\u00ebs shqipe Bruksel, 21 janar \u00a0-Se muzika eshte nje art pa","robots":{"index":"index","follow":"follow","max-snippet":"max-snippet:-1","max-image-preview":"max-image-preview:large","max-video-preview":"max-video-preview:-1"},"canonical":"https:\/\/www.visit-ulcinj.com\/blog\/2017\/01\/24\/shikoni-se-si-malazezi-qe-jeton-ne-belgjike-kendon-shqip-video\/","og_locale":"en_US","og_type":"article","og_title":"Shikoni se si Malazezi q\u00eb jeton n\u00eb Belgjike k\u00ebndon shqip - Video - Lajme nga Ulqini","og_description":"Malazezi nga Podgorica n\u00eb Belgjike, q\u00eb nuk din asnj\u00eb fjal\u00eb shqip, por q\u00eb ja thote flak\u00eb k\u00ebng\u00ebs shqipe Bruksel, 21 janar \u00a0-Se muzika eshte nje art pa","og_url":"https:\/\/www.visit-ulcinj.com\/blog\/2017\/01\/24\/shikoni-se-si-malazezi-qe-jeton-ne-belgjike-kendon-shqip-video\/","og_site_name":"Lajme nga Ulqini","article_published_time":"2017-01-24T14:02:12+00:00","article_modified_time":"2017-01-24T14:16:42+00:00","og_image":[{"url":"http:\/\/www.visit-ulcinj.com\/blog\/wp-content\/uploads\/2017\/01\/Goran-Vratnica.jpg"}],"twitter_misc":{"Written by":"ulqini","Est. reading time":"1 minute"},"schema":{"@context":"https:\/\/schema.org","@graph":[{"@type":"WebSite","@id":"https:\/\/www.visit-ulcinj.com\/blog\/#website","url":"https:\/\/www.visit-ulcinj.com\/blog\/","name":"Lajme nga Ulqini","description":"Lajme,Vijesti,Ulqini,Ulqin,Crna Gora,Mali i Zi","potentialAction":[{"@type":"SearchAction","target":{"@type":"EntryPoint","urlTemplate":"https:\/\/www.visit-ulcinj.com\/blog\/?s={search_term_string}"},"query-input":"required name=search_term_string"}],"inLanguage":"en-US"},{"@type":"ImageObject","inLanguage":"en-US","@id":"https:\/\/www.visit-ulcinj.com\/blog\/2017\/01\/24\/shikoni-se-si-malazezi-qe-jeton-ne-belgjike-kendon-shqip-video\/#primaryimage","url":"http:\/\/www.visit-ulcinj.com\/blog\/wp-content\/uploads\/2017\/01\/Goran-Vratnica.jpg","contentUrl":"http:\/\/www.visit-ulcinj.com\/blog\/wp-content\/uploads\/2017\/01\/Goran-Vratnica.jpg"},{"@type":"WebPage","@id":"https:\/\/www.visit-ulcinj.com\/blog\/2017\/01\/24\/shikoni-se-si-malazezi-qe-jeton-ne-belgjike-kendon-shqip-video\/#webpage","url":"https:\/\/www.visit-ulcinj.com\/blog\/2017\/01\/24\/shikoni-se-si-malazezi-qe-jeton-ne-belgjike-kendon-shqip-video\/","name":"Shikoni se si Malazezi q\u00eb jeton n\u00eb Belgjike k\u00ebndon shqip - Video - Lajme nga Ulqini","isPartOf":{"@id":"https:\/\/www.visit-ulcinj.com\/blog\/#website"},"primaryImageOfPage":{"@id":"https:\/\/www.visit-ulcinj.com\/blog\/2017\/01\/24\/shikoni-se-si-malazezi-qe-jeton-ne-belgjike-kendon-shqip-video\/#primaryimage"},"datePublished":"2017-01-24T14:02:12+00:00","dateModified":"2017-01-24T14:16:42+00:00","author":{"@id":"https:\/\/www.visit-ulcinj.com\/blog\/#\/schema\/person\/dcab619c614d3038751c63bc2aadc06d"},"description":"Malazezi nga Podgorica n\u00eb Belgjike, q\u00eb nuk din asnj\u00eb fjal\u00eb shqip, por q\u00eb ja thote flak\u00eb k\u00ebng\u00ebs shqipe Bruksel, 21 janar \u00a0-Se muzika eshte nje art pa","breadcrumb":{"@id":"https:\/\/www.visit-ulcinj.com\/blog\/2017\/01\/24\/shikoni-se-si-malazezi-qe-jeton-ne-belgjike-kendon-shqip-video\/#breadcrumb"},"inLanguage":"en-US","potentialAction":[{"@type":"ReadAction","target":["https:\/\/www.visit-ulcinj.com\/blog\/2017\/01\/24\/shikoni-se-si-malazezi-qe-jeton-ne-belgjike-kendon-shqip-video\/"]}]},{"@type":"BreadcrumbList","@id":"https:\/\/www.visit-ulcinj.com\/blog\/2017\/01\/24\/shikoni-se-si-malazezi-qe-jeton-ne-belgjike-kendon-shqip-video\/#breadcrumb","itemListElement":[{"@type":"ListItem","position":1,"name":"Shikoni se si Malazezi q\u00eb jeton n\u00eb Belgjike k\u00ebndon shqip &#8211; Video"}]},{"@type":"Person","@id":"https:\/\/www.visit-ulcinj.com\/blog\/#\/schema\/person\/dcab619c614d3038751c63bc2aadc06d","name":"ulqini","sameAs":["http:\/\/www.visit-ulcinj.com"],"url":"https:\/\/www.visit-ulcinj.com\/blog\/author\/admin\/"}]}},"jetpack_featured_media_url":"","jetpack_sharing_enabled":true,"jetpack_shortlink":"https:\/\/wp.me\/pe6lTn-qDJ","_links":{"self":[{"href":"https:\/\/www.visit-ulcinj.com\/blog\/wp-json\/wp\/v2\/posts\/102407"}],"collection":[{"href":"https:\/\/www.visit-ulcinj.com\/blog\/wp-json\/wp\/v2\/posts"}],"about":[{"href":"https:\/\/www.visit-ulcinj.com\/blog\/wp-json\/wp\/v2\/types\/post"}],"author":[{"embeddable":true,"href":"https:\/\/www.visit-ulcinj.com\/blog\/wp-json\/wp\/v2\/users\/1"}],"replies":[{"embeddable":true,"href":"https:\/\/www.visit-ulcinj.com\/blog\/wp-json\/wp\/v2\/comments?post=102407"}],"version-history":[{"count":9,"href":"https:\/\/www.visit-ulcinj.com\/blog\/wp-json\/wp\/v2\/posts\/102407\/revisions"}],"predecessor-version":[{"id":102417,"href":"https:\/\/www.visit-ulcinj.com\/blog\/wp-json\/wp\/v2\/posts\/102407\/revisions\/102417"}],"wp:attachment":[{"href":"https:\/\/www.visit-ulcinj.com\/blog\/wp-json\/wp\/v2\/media?parent=102407"}],"wp:term":[{"taxonomy":"category","embeddable":true,"href":"https:\/\/www.visit-ulcinj.com\/blog\/wp-json\/wp\/v2\/categories?post=102407"},{"taxonomy":"post_tag","embeddable":true,"href":"https:\/\/www.visit-ulcinj.com\/blog\/wp-json\/wp\/v2\/tags?post=102407"}],"curies":[{"name":"wp","href":"https:\/\/api.w.org\/{rel}","templated":true}]}}