{"id":102418,"date":"2017-01-24T15:25:05","date_gmt":"2017-01-24T14:25:05","guid":{"rendered":"http:\/\/www.visit-ulcinj.com\/blog\/?p=102418"},"modified":"2017-01-24T15:25:05","modified_gmt":"2017-01-24T14:25:05","slug":"zenka-obrazovanje-preduslov-svakog-napretka","status":"publish","type":"post","link":"https:\/\/www.visit-ulcinj.com\/blog\/2017\/01\/24\/zenka-obrazovanje-preduslov-svakog-napretka\/","title":{"rendered":"Zenka: Obrazovanje preduslov svakog napretka"},"content":{"rendered":"<p><a href=\"http:\/\/www.visit-ulcinj.com\/blog\/wp-content\/uploads\/2017\/01\/Ministar-Zenka-odmaraliste-na-Ivanovim-koritima.jpg\"><img loading=\"lazy\" class=\"alignleft wp-image-102419\" src=\"http:\/\/www.visit-ulcinj.com\/blog\/wp-content\/uploads\/2017\/01\/Ministar-Zenka-odmaraliste-na-Ivanovim-koritima.jpg\" alt=\"Ministar-Zenka-odmaraliste-na Ivanovim -koritima\" width=\"508\" height=\"380\" srcset=\"https:\/\/www.visit-ulcinj.com\/blog\/wp-content\/uploads\/2017\/01\/Ministar-Zenka-odmaraliste-na-Ivanovim-koritima.jpg 470w, https:\/\/www.visit-ulcinj.com\/blog\/wp-content\/uploads\/2017\/01\/Ministar-Zenka-odmaraliste-na-Ivanovim-koritima-300x225.jpg 300w\" sizes=\"(max-width: 508px) 100vw, 508px\" \/><\/a>Ministar Mehmed Zenka poru\u010dio je danas djeci koja borave u odmarali\u0161tu na Ivanovim koritima da Ministarstvo za ljudska i manjinska prava nastoji da svake godine posebnu podr\u0161ku usmjeri na aktivnosti u vezi sa promocijom zna\u010daja obrazovanja.<\/p>\n<p>Ministar je rekao kako je boravak na planini \u0111acima mali podstrek za postignut uspjeh u \u0161koli i njihova dalja zalaganja u toku \u0161kolske godine. Time \u0161to pokazuju dobre rezultate, daju nam motivaciju d<span class=\"text_exposed_show\">a i sami radimo bolje i vi\u0161e na njihovoj dru\u0161tvenoj uklju\u010denosti, ali i dokazuju da uklju\u010denje romske i egip\u0107anske zajednice u crnogorsko dru\u0161tvo ide u dobrom pravcu.<\/span><\/p>\n<div class=\"text_exposed_show\">\n<p>Na Ivanovim koritima ove zime sedmodnevni boravak je organizovan za 21 dijete iz romske i egip\u0107anske populacije, iz \u010detiri crnogorske op\u0161tine: Nik\u0161i\u0107, Podgorica, Tivat i Herceg Novi.<\/p>\n<p>Prilikom svog boravka na planini, djeca su imala priliku da u\u010de o romskom jeziku, kulturi i tradiciji svoje zajednice, ali i da bogate svoja znanja iz oblasti ljudskih prava, kao i da se informi\u0161u o uslovima za svoje dalje \u0161kolovanje.<\/p>\n<p>Ministarstvo za ljudska i manjinska prava finansira stipendije za srednjo\u0161kolce\/ke i studente\/kinje sa namjerom da pomogne, napredak u obrazovanju ove zajednice.Ministarstvo, tako\u0111e, obezbje\u0111uje besplatne ud\u017ebenike za \u0111ake u prva tri razreda osnovno\u0161kolskog obrazovanja.<br \/>\nObrazovanje je klju\u010d svakog uspjeha, rekao je ministar, i poru\u010dio djeci da o\u010dekuje od njih da se trude, da ne odustaju, da u\u010de zbog sebe, jer su oni pokreta\u010di svojih promjena, svi ostali smo tu da pomognemo.<\/p>\n<p>Ministar je izrazio svoje uvjerenje da \u0107e u narednom periodu broj formiranih stru\u010dnih mladih ljudi romske i egip\u0107anske populacije koji \u0107e svojim primjerom i anga\u017eovano\u0161\u0107u doprinijeti uspje\u0161noj socijalnoj uklju\u010denosti zajednice biti u porastu.<\/p>\n<p><strong>Ministarstvo za ljudska i manjinska prava<\/strong><\/p>\n<\/div>\n","protected":false},"excerpt":{"rendered":"<p>Ministar Mehmed Zenka poru\u010dio je danas djeci koja borave u odmarali\u0161tu na Ivanovim koritima da Ministarstvo za ljudska i manjinska prava nastoji da svake godine posebnu podr\u0161ku usmjeri na aktivnosti u vezi sa promocijom zna\u010daja obrazovanja. Ministar je rekao kako je boravak na planini \u0111acima mali podstrek za postignut uspjeh u \u0161koli i njihova dalja [&hellip;]<\/p>\n","protected":false},"author":1,"featured_media":0,"comment_status":"closed","ping_status":"closed","sticky":false,"template":"","format":"standard","meta":{"spay_email":"","jetpack_publicize_message":"","jetpack_is_tweetstorm":false,"jetpack_publicize_feature_enabled":true},"categories":[8337],"tags":[],"jetpack_publicize_connections":[],"yoast_head":"<!-- This site is optimized with the Yoast SEO plugin v19.1 - https:\/\/yoast.com\/wordpress\/plugins\/seo\/ -->\n<title>Zenka: Obrazovanje preduslov svakog napretka - Lajme nga Ulqini<\/title>\n<meta name=\"description\" content=\"Ministar Mehmed Zenka poru\u010dio je danas djeci koja borave u odmarali\u0161tu na Ivanovim koritima da Ministarstvo za ljudska i manjinska prava nastoji da svake\" \/>\n<meta name=\"robots\" content=\"index, follow, max-snippet:-1, max-image-preview:large, max-video-preview:-1\" \/>\n<link rel=\"canonical\" href=\"https:\/\/www.visit-ulcinj.com\/blog\/2017\/01\/24\/zenka-obrazovanje-preduslov-svakog-napretka\/\" \/>\n<meta property=\"og:locale\" content=\"en_US\" \/>\n<meta property=\"og:type\" content=\"article\" \/>\n<meta property=\"og:title\" content=\"Zenka: Obrazovanje preduslov svakog napretka - Lajme nga Ulqini\" \/>\n<meta property=\"og:description\" content=\"Ministar Mehmed Zenka poru\u010dio je danas djeci koja borave u odmarali\u0161tu na Ivanovim koritima da Ministarstvo za ljudska i manjinska prava nastoji da svake\" \/>\n<meta property=\"og:url\" content=\"https:\/\/www.visit-ulcinj.com\/blog\/2017\/01\/24\/zenka-obrazovanje-preduslov-svakog-napretka\/\" \/>\n<meta property=\"og:site_name\" content=\"Lajme nga Ulqini\" \/>\n<meta property=\"article:published_time\" content=\"2017-01-24T14:25:05+00:00\" \/>\n<meta property=\"og:image\" content=\"http:\/\/www.visit-ulcinj.com\/blog\/wp-content\/uploads\/2017\/01\/Ministar-Zenka-odmaraliste-na-Ivanovim-koritima.jpg\" \/>\n<meta name=\"twitter:label1\" content=\"Written by\" \/>\n\t<meta name=\"twitter:data1\" content=\"ulqini\" \/>\n\t<meta name=\"twitter:label2\" content=\"Est. reading time\" \/>\n\t<meta name=\"twitter:data2\" content=\"2 minutes\" \/>\n<script type=\"application\/ld+json\" class=\"yoast-schema-graph\">{\"@context\":\"https:\/\/schema.org\",\"@graph\":[{\"@type\":\"WebSite\",\"@id\":\"https:\/\/www.visit-ulcinj.com\/blog\/#website\",\"url\":\"https:\/\/www.visit-ulcinj.com\/blog\/\",\"name\":\"Lajme nga Ulqini\",\"description\":\"Lajme,Vijesti,Ulqini,Ulqin,Crna Gora,Mali i Zi\",\"potentialAction\":[{\"@type\":\"SearchAction\",\"target\":{\"@type\":\"EntryPoint\",\"urlTemplate\":\"https:\/\/www.visit-ulcinj.com\/blog\/?s={search_term_string}\"},\"query-input\":\"required name=search_term_string\"}],\"inLanguage\":\"en-US\"},{\"@type\":\"ImageObject\",\"inLanguage\":\"en-US\",\"@id\":\"https:\/\/www.visit-ulcinj.com\/blog\/2017\/01\/24\/zenka-obrazovanje-preduslov-svakog-napretka\/#primaryimage\",\"url\":\"https:\/\/www.visit-ulcinj.com\/blog\/wp-content\/uploads\/2017\/01\/Ministar-Zenka-odmaraliste-na-Ivanovim-koritima.jpg\",\"contentUrl\":\"https:\/\/www.visit-ulcinj.com\/blog\/wp-content\/uploads\/2017\/01\/Ministar-Zenka-odmaraliste-na-Ivanovim-koritima.jpg\",\"width\":470,\"height\":352},{\"@type\":\"WebPage\",\"@id\":\"https:\/\/www.visit-ulcinj.com\/blog\/2017\/01\/24\/zenka-obrazovanje-preduslov-svakog-napretka\/#webpage\",\"url\":\"https:\/\/www.visit-ulcinj.com\/blog\/2017\/01\/24\/zenka-obrazovanje-preduslov-svakog-napretka\/\",\"name\":\"Zenka: Obrazovanje preduslov svakog napretka - Lajme nga Ulqini\",\"isPartOf\":{\"@id\":\"https:\/\/www.visit-ulcinj.com\/blog\/#website\"},\"primaryImageOfPage\":{\"@id\":\"https:\/\/www.visit-ulcinj.com\/blog\/2017\/01\/24\/zenka-obrazovanje-preduslov-svakog-napretka\/#primaryimage\"},\"datePublished\":\"2017-01-24T14:25:05+00:00\",\"dateModified\":\"2017-01-24T14:25:05+00:00\",\"author\":{\"@id\":\"https:\/\/www.visit-ulcinj.com\/blog\/#\/schema\/person\/dcab619c614d3038751c63bc2aadc06d\"},\"description\":\"Ministar Mehmed Zenka poru\u010dio je danas djeci koja borave u odmarali\u0161tu na Ivanovim koritima da Ministarstvo za ljudska i manjinska prava nastoji da svake\",\"breadcrumb\":{\"@id\":\"https:\/\/www.visit-ulcinj.com\/blog\/2017\/01\/24\/zenka-obrazovanje-preduslov-svakog-napretka\/#breadcrumb\"},\"inLanguage\":\"en-US\",\"potentialAction\":[{\"@type\":\"ReadAction\",\"target\":[\"https:\/\/www.visit-ulcinj.com\/blog\/2017\/01\/24\/zenka-obrazovanje-preduslov-svakog-napretka\/\"]}]},{\"@type\":\"BreadcrumbList\",\"@id\":\"https:\/\/www.visit-ulcinj.com\/blog\/2017\/01\/24\/zenka-obrazovanje-preduslov-svakog-napretka\/#breadcrumb\",\"itemListElement\":[{\"@type\":\"ListItem\",\"position\":1,\"name\":\"Zenka: Obrazovanje preduslov svakog napretka\"}]},{\"@type\":\"Person\",\"@id\":\"https:\/\/www.visit-ulcinj.com\/blog\/#\/schema\/person\/dcab619c614d3038751c63bc2aadc06d\",\"name\":\"ulqini\",\"sameAs\":[\"http:\/\/www.visit-ulcinj.com\"],\"url\":\"https:\/\/www.visit-ulcinj.com\/blog\/author\/admin\/\"}]}<\/script>\n<!-- \/ Yoast SEO plugin. -->","yoast_head_json":{"title":"Zenka: Obrazovanje preduslov svakog napretka - Lajme nga Ulqini","description":"Ministar Mehmed Zenka poru\u010dio je danas djeci koja borave u odmarali\u0161tu na Ivanovim koritima da Ministarstvo za ljudska i manjinska prava nastoji da svake","robots":{"index":"index","follow":"follow","max-snippet":"max-snippet:-1","max-image-preview":"max-image-preview:large","max-video-preview":"max-video-preview:-1"},"canonical":"https:\/\/www.visit-ulcinj.com\/blog\/2017\/01\/24\/zenka-obrazovanje-preduslov-svakog-napretka\/","og_locale":"en_US","og_type":"article","og_title":"Zenka: Obrazovanje preduslov svakog napretka - Lajme nga Ulqini","og_description":"Ministar Mehmed Zenka poru\u010dio je danas djeci koja borave u odmarali\u0161tu na Ivanovim koritima da Ministarstvo za ljudska i manjinska prava nastoji da svake","og_url":"https:\/\/www.visit-ulcinj.com\/blog\/2017\/01\/24\/zenka-obrazovanje-preduslov-svakog-napretka\/","og_site_name":"Lajme nga Ulqini","article_published_time":"2017-01-24T14:25:05+00:00","og_image":[{"url":"http:\/\/www.visit-ulcinj.com\/blog\/wp-content\/uploads\/2017\/01\/Ministar-Zenka-odmaraliste-na-Ivanovim-koritima.jpg"}],"twitter_misc":{"Written by":"ulqini","Est. reading time":"2 minutes"},"schema":{"@context":"https:\/\/schema.org","@graph":[{"@type":"WebSite","@id":"https:\/\/www.visit-ulcinj.com\/blog\/#website","url":"https:\/\/www.visit-ulcinj.com\/blog\/","name":"Lajme nga Ulqini","description":"Lajme,Vijesti,Ulqini,Ulqin,Crna Gora,Mali i Zi","potentialAction":[{"@type":"SearchAction","target":{"@type":"EntryPoint","urlTemplate":"https:\/\/www.visit-ulcinj.com\/blog\/?s={search_term_string}"},"query-input":"required name=search_term_string"}],"inLanguage":"en-US"},{"@type":"ImageObject","inLanguage":"en-US","@id":"https:\/\/www.visit-ulcinj.com\/blog\/2017\/01\/24\/zenka-obrazovanje-preduslov-svakog-napretka\/#primaryimage","url":"https:\/\/www.visit-ulcinj.com\/blog\/wp-content\/uploads\/2017\/01\/Ministar-Zenka-odmaraliste-na-Ivanovim-koritima.jpg","contentUrl":"https:\/\/www.visit-ulcinj.com\/blog\/wp-content\/uploads\/2017\/01\/Ministar-Zenka-odmaraliste-na-Ivanovim-koritima.jpg","width":470,"height":352},{"@type":"WebPage","@id":"https:\/\/www.visit-ulcinj.com\/blog\/2017\/01\/24\/zenka-obrazovanje-preduslov-svakog-napretka\/#webpage","url":"https:\/\/www.visit-ulcinj.com\/blog\/2017\/01\/24\/zenka-obrazovanje-preduslov-svakog-napretka\/","name":"Zenka: Obrazovanje preduslov svakog napretka - Lajme nga Ulqini","isPartOf":{"@id":"https:\/\/www.visit-ulcinj.com\/blog\/#website"},"primaryImageOfPage":{"@id":"https:\/\/www.visit-ulcinj.com\/blog\/2017\/01\/24\/zenka-obrazovanje-preduslov-svakog-napretka\/#primaryimage"},"datePublished":"2017-01-24T14:25:05+00:00","dateModified":"2017-01-24T14:25:05+00:00","author":{"@id":"https:\/\/www.visit-ulcinj.com\/blog\/#\/schema\/person\/dcab619c614d3038751c63bc2aadc06d"},"description":"Ministar Mehmed Zenka poru\u010dio je danas djeci koja borave u odmarali\u0161tu na Ivanovim koritima da Ministarstvo za ljudska i manjinska prava nastoji da svake","breadcrumb":{"@id":"https:\/\/www.visit-ulcinj.com\/blog\/2017\/01\/24\/zenka-obrazovanje-preduslov-svakog-napretka\/#breadcrumb"},"inLanguage":"en-US","potentialAction":[{"@type":"ReadAction","target":["https:\/\/www.visit-ulcinj.com\/blog\/2017\/01\/24\/zenka-obrazovanje-preduslov-svakog-napretka\/"]}]},{"@type":"BreadcrumbList","@id":"https:\/\/www.visit-ulcinj.com\/blog\/2017\/01\/24\/zenka-obrazovanje-preduslov-svakog-napretka\/#breadcrumb","itemListElement":[{"@type":"ListItem","position":1,"name":"Zenka: Obrazovanje preduslov svakog napretka"}]},{"@type":"Person","@id":"https:\/\/www.visit-ulcinj.com\/blog\/#\/schema\/person\/dcab619c614d3038751c63bc2aadc06d","name":"ulqini","sameAs":["http:\/\/www.visit-ulcinj.com"],"url":"https:\/\/www.visit-ulcinj.com\/blog\/author\/admin\/"}]}},"jetpack_featured_media_url":"","jetpack_sharing_enabled":true,"jetpack_shortlink":"https:\/\/wp.me\/pe6lTn-qDU","_links":{"self":[{"href":"https:\/\/www.visit-ulcinj.com\/blog\/wp-json\/wp\/v2\/posts\/102418"}],"collection":[{"href":"https:\/\/www.visit-ulcinj.com\/blog\/wp-json\/wp\/v2\/posts"}],"about":[{"href":"https:\/\/www.visit-ulcinj.com\/blog\/wp-json\/wp\/v2\/types\/post"}],"author":[{"embeddable":true,"href":"https:\/\/www.visit-ulcinj.com\/blog\/wp-json\/wp\/v2\/users\/1"}],"replies":[{"embeddable":true,"href":"https:\/\/www.visit-ulcinj.com\/blog\/wp-json\/wp\/v2\/comments?post=102418"}],"version-history":[{"count":1,"href":"https:\/\/www.visit-ulcinj.com\/blog\/wp-json\/wp\/v2\/posts\/102418\/revisions"}],"predecessor-version":[{"id":102420,"href":"https:\/\/www.visit-ulcinj.com\/blog\/wp-json\/wp\/v2\/posts\/102418\/revisions\/102420"}],"wp:attachment":[{"href":"https:\/\/www.visit-ulcinj.com\/blog\/wp-json\/wp\/v2\/media?parent=102418"}],"wp:term":[{"taxonomy":"category","embeddable":true,"href":"https:\/\/www.visit-ulcinj.com\/blog\/wp-json\/wp\/v2\/categories?post=102418"},{"taxonomy":"post_tag","embeddable":true,"href":"https:\/\/www.visit-ulcinj.com\/blog\/wp-json\/wp\/v2\/tags?post=102418"}],"curies":[{"name":"wp","href":"https:\/\/api.w.org\/{rel}","templated":true}]}}