{"id":102424,"date":"2017-01-24T15:34:21","date_gmt":"2017-01-24T14:34:21","guid":{"rendered":"http:\/\/www.visit-ulcinj.com\/blog\/?p=102424"},"modified":"2017-01-24T15:34:21","modified_gmt":"2017-01-24T14:34:21","slug":"ministar-zenka-u-radnoj-posjeti-opstini-gusinje","status":"publish","type":"post","link":"https:\/\/www.visit-ulcinj.com\/blog\/2017\/01\/24\/ministar-zenka-u-radnoj-posjeti-opstini-gusinje\/","title":{"rendered":"Ministar Zenka u radnoj posjeti op\u0161tini Gusinje"},"content":{"rendered":"<p><a href=\"http:\/\/www.visit-ulcinj.com\/blog\/wp-content\/uploads\/2017\/01\/Ministar-Zenka-u-radnoj-posjeti-opstini-Gusinje.jpg\"><img loading=\"lazy\" class=\"alignleft wp-image-102425\" src=\"http:\/\/www.visit-ulcinj.com\/blog\/wp-content\/uploads\/2017\/01\/Ministar-Zenka-u-radnoj-posjeti-opstini-Gusinje.jpg\" alt=\"Ministar Zenka u radnoj posjeti opstini Gusinje\" width=\"508\" height=\"338\" srcset=\"https:\/\/www.visit-ulcinj.com\/blog\/wp-content\/uploads\/2017\/01\/Ministar-Zenka-u-radnoj-posjeti-opstini-Gusinje.jpg 470w, https:\/\/www.visit-ulcinj.com\/blog\/wp-content\/uploads\/2017\/01\/Ministar-Zenka-u-radnoj-posjeti-opstini-Gusinje-300x200.jpg 300w\" sizes=\"(max-width: 508px) 100vw, 508px\" \/><\/a>Ljudska prava predstavljaju uporan rad i brojne izazove, oblast koja zahtjeva na\u0161u punu posve\u0107enost, poru\u010dio je ministar za ljudska i manjinska prava Mehmed Zenka u razgovoru sa predstavnicima\/ama op\u0161tine Gusinje.<\/p>\n<p>Ministar Zenka boravio je danas u radnoj posjeti op\u0161tini Gusinje, realizovanoj u cilju upoznavanja sa aktuelnom situacijom u vezi sa po\u0161tovanjem i unaprije\u0111enjem ljudskih prava i sloboda, ali i prava pripadnika\/ca manjinskih naroda, te ja\u010danja politike ostvarivanja jednakih mogu\u0107nosti.<\/p>\n<p>Iako je, prije svega tri godine, op\u0161tina Gusinje postala posebna jedinica lokalne samouprave, realna su o\u010dekivanja da je lokalna vlast prepoznala prioritete za napredak Op\u0161tine i napravila agendu njihove realizacije, istakao je Zenka. On je dodao da je op\u0161tina Gusinje kraj koji defini\u0161e multietni\u010dnost, te da je u narednom periodu potrebno intenzivirati rad na valorizaciji njenih potencijala, unaprije\u0111enju infrastrukture i ja\u010danju odnosa sa dijasporom.<\/p>\n<p>Ja\u010danje infrastrukture otvori\u0107e mogu\u0107nosti za razvojne projekte, koji \u0107e dalje stvarati uslove za unaprije\u0111enje standarda gra\u0111ana. Ekonomski razvoj direktno je povezan sa jakom vladavinom prava, poru\u010dio je Zenka, jer investitorima nisu atraktivna podru\u010dja na kojima ne osje\u0107aju bezbjednost za svoje investicije. Prema ministrovim rije\u010dima, radom na unaprije\u0111enju po\u0161tovanja ljudskih i manjinskih prava i sloboda, rodne ravnopravnosti, posredno uti\u010demo i na porast ekonomskog standarda na\u0161eg dru\u0161tva.<\/p>\n<p>On je predlo\u017eio da lokalna samouprava u Gusinju razmisli o predlozima zajedni\u010dkih aktivnosti kada je rije\u010d o pomenutim oblastima, te da je ministarstvo otvoreno za saradnju. Nacionalnu politiku iz oblasti za\u0161tite ljudskih prava potrebno je uvezati sa lokalnim nivoom, tako da zajedni\u010dkim snagama djelujemo u istom pravcu, boljoj i perspektivnijoj budu\u0107nosti za generacije koje dolaze, izjavio je Zenka.<\/p>\n<p>Predsjednica op\u0161tine Gusinje Anela \u010ceki\u0107 zahvalila se ministru na posjeti i \u010destitala mu na imenovanju. \u010ceki\u0107 je izrazila o\u010dekivanje da \u0107e saradnja sa ministarstvom biti intenzivna i uspje\u0161na, budu\u0107i da je lokalna samouprava u Gusinju sna\u017eno posve\u0107ena ja\u010danju saradnje sa dr\u017eavnim institucijama, ali i na\u0161om dijasporom. Prema njenim rije\u010dima, najintenzivniji rad tek predstoji ovoj Op\u0161tini.<\/p>\n<p>Jedan od bitnih preduslova za postizanje boljeg standarda \u017eivota u op\u0161tini bogatoj prirodnim resursima jeste sigurnost potencijalnih investitora, i u ciju ja\u010danja po\u0161tovanja osnovnih ljudskih prava, te prava pripadnika\/ca manjinskih naroda, bi\u0107emo uporni da iste ostvarimo, poru\u010dila je Anela \u010ceki\u0107.<\/p>\n<p><strong>Ministarstvo za ljudska i manjinska prava<\/strong><\/p>\n","protected":false},"excerpt":{"rendered":"<p>Ljudska prava predstavljaju uporan rad i brojne izazove, oblast koja zahtjeva na\u0161u punu posve\u0107enost, poru\u010dio je ministar za ljudska i manjinska prava Mehmed Zenka u razgovoru sa predstavnicima\/ama op\u0161tine Gusinje. Ministar Zenka boravio je danas u radnoj posjeti op\u0161tini Gusinje, realizovanoj u cilju upoznavanja sa aktuelnom situacijom u vezi sa po\u0161tovanjem i unaprije\u0111enjem ljudskih prava [&hellip;]<\/p>\n","protected":false},"author":1,"featured_media":0,"comment_status":"closed","ping_status":"closed","sticky":false,"template":"","format":"standard","meta":{"spay_email":"","jetpack_publicize_message":"","jetpack_is_tweetstorm":false,"jetpack_publicize_feature_enabled":true},"categories":[6950],"tags":[],"jetpack_publicize_connections":[],"yoast_head":"<!-- This site is optimized with the Yoast SEO plugin v19.1 - https:\/\/yoast.com\/wordpress\/plugins\/seo\/ -->\n<title>Ministar Zenka u radnoj posjeti op\u0161tini Gusinje - Lajme nga Ulqini<\/title>\n<meta name=\"description\" content=\"Ljudska prava predstavljaju uporan rad i brojne izazove, oblast koja zahtjeva na\u0161u punu posve\u0107enost, poru\u010dio je ministar za ljudska i manjinska prava\" \/>\n<meta name=\"robots\" content=\"index, follow, max-snippet:-1, max-image-preview:large, max-video-preview:-1\" \/>\n<link rel=\"canonical\" href=\"https:\/\/www.visit-ulcinj.com\/blog\/2017\/01\/24\/ministar-zenka-u-radnoj-posjeti-opstini-gusinje\/\" \/>\n<meta property=\"og:locale\" content=\"en_US\" \/>\n<meta property=\"og:type\" content=\"article\" \/>\n<meta property=\"og:title\" content=\"Ministar Zenka u radnoj posjeti op\u0161tini Gusinje - Lajme nga Ulqini\" \/>\n<meta property=\"og:description\" content=\"Ljudska prava predstavljaju uporan rad i brojne izazove, oblast koja zahtjeva na\u0161u punu posve\u0107enost, poru\u010dio je ministar za ljudska i manjinska prava\" \/>\n<meta property=\"og:url\" content=\"https:\/\/www.visit-ulcinj.com\/blog\/2017\/01\/24\/ministar-zenka-u-radnoj-posjeti-opstini-gusinje\/\" \/>\n<meta property=\"og:site_name\" content=\"Lajme nga Ulqini\" \/>\n<meta property=\"article:published_time\" content=\"2017-01-24T14:34:21+00:00\" \/>\n<meta property=\"og:image\" content=\"http:\/\/www.visit-ulcinj.com\/blog\/wp-content\/uploads\/2017\/01\/Ministar-Zenka-u-radnoj-posjeti-opstini-Gusinje.jpg\" \/>\n<meta name=\"twitter:label1\" content=\"Written by\" \/>\n\t<meta name=\"twitter:data1\" content=\"ulqini\" \/>\n\t<meta name=\"twitter:label2\" content=\"Est. reading time\" \/>\n\t<meta name=\"twitter:data2\" content=\"2 minutes\" \/>\n<script type=\"application\/ld+json\" class=\"yoast-schema-graph\">{\"@context\":\"https:\/\/schema.org\",\"@graph\":[{\"@type\":\"WebSite\",\"@id\":\"https:\/\/www.visit-ulcinj.com\/blog\/#website\",\"url\":\"https:\/\/www.visit-ulcinj.com\/blog\/\",\"name\":\"Lajme nga Ulqini\",\"description\":\"Lajme,Vijesti,Ulqini,Ulqin,Crna Gora,Mali i Zi\",\"potentialAction\":[{\"@type\":\"SearchAction\",\"target\":{\"@type\":\"EntryPoint\",\"urlTemplate\":\"https:\/\/www.visit-ulcinj.com\/blog\/?s={search_term_string}\"},\"query-input\":\"required name=search_term_string\"}],\"inLanguage\":\"en-US\"},{\"@type\":\"ImageObject\",\"inLanguage\":\"en-US\",\"@id\":\"https:\/\/www.visit-ulcinj.com\/blog\/2017\/01\/24\/ministar-zenka-u-radnoj-posjeti-opstini-gusinje\/#primaryimage\",\"url\":\"https:\/\/www.visit-ulcinj.com\/blog\/wp-content\/uploads\/2017\/01\/Ministar-Zenka-u-radnoj-posjeti-opstini-Gusinje.jpg\",\"contentUrl\":\"https:\/\/www.visit-ulcinj.com\/blog\/wp-content\/uploads\/2017\/01\/Ministar-Zenka-u-radnoj-posjeti-opstini-Gusinje.jpg\",\"width\":470,\"height\":313},{\"@type\":\"WebPage\",\"@id\":\"https:\/\/www.visit-ulcinj.com\/blog\/2017\/01\/24\/ministar-zenka-u-radnoj-posjeti-opstini-gusinje\/#webpage\",\"url\":\"https:\/\/www.visit-ulcinj.com\/blog\/2017\/01\/24\/ministar-zenka-u-radnoj-posjeti-opstini-gusinje\/\",\"name\":\"Ministar Zenka u radnoj posjeti op\u0161tini Gusinje - Lajme nga Ulqini\",\"isPartOf\":{\"@id\":\"https:\/\/www.visit-ulcinj.com\/blog\/#website\"},\"primaryImageOfPage\":{\"@id\":\"https:\/\/www.visit-ulcinj.com\/blog\/2017\/01\/24\/ministar-zenka-u-radnoj-posjeti-opstini-gusinje\/#primaryimage\"},\"datePublished\":\"2017-01-24T14:34:21+00:00\",\"dateModified\":\"2017-01-24T14:34:21+00:00\",\"author\":{\"@id\":\"https:\/\/www.visit-ulcinj.com\/blog\/#\/schema\/person\/dcab619c614d3038751c63bc2aadc06d\"},\"description\":\"Ljudska prava predstavljaju uporan rad i brojne izazove, oblast koja zahtjeva na\u0161u punu posve\u0107enost, poru\u010dio je ministar za ljudska i manjinska prava\",\"breadcrumb\":{\"@id\":\"https:\/\/www.visit-ulcinj.com\/blog\/2017\/01\/24\/ministar-zenka-u-radnoj-posjeti-opstini-gusinje\/#breadcrumb\"},\"inLanguage\":\"en-US\",\"potentialAction\":[{\"@type\":\"ReadAction\",\"target\":[\"https:\/\/www.visit-ulcinj.com\/blog\/2017\/01\/24\/ministar-zenka-u-radnoj-posjeti-opstini-gusinje\/\"]}]},{\"@type\":\"BreadcrumbList\",\"@id\":\"https:\/\/www.visit-ulcinj.com\/blog\/2017\/01\/24\/ministar-zenka-u-radnoj-posjeti-opstini-gusinje\/#breadcrumb\",\"itemListElement\":[{\"@type\":\"ListItem\",\"position\":1,\"name\":\"Ministar Zenka u radnoj posjeti op\u0161tini Gusinje\"}]},{\"@type\":\"Person\",\"@id\":\"https:\/\/www.visit-ulcinj.com\/blog\/#\/schema\/person\/dcab619c614d3038751c63bc2aadc06d\",\"name\":\"ulqini\",\"sameAs\":[\"http:\/\/www.visit-ulcinj.com\"],\"url\":\"https:\/\/www.visit-ulcinj.com\/blog\/author\/admin\/\"}]}<\/script>\n<!-- \/ Yoast SEO plugin. -->","yoast_head_json":{"title":"Ministar Zenka u radnoj posjeti op\u0161tini Gusinje - Lajme nga Ulqini","description":"Ljudska prava predstavljaju uporan rad i brojne izazove, oblast koja zahtjeva na\u0161u punu posve\u0107enost, poru\u010dio je ministar za ljudska i manjinska prava","robots":{"index":"index","follow":"follow","max-snippet":"max-snippet:-1","max-image-preview":"max-image-preview:large","max-video-preview":"max-video-preview:-1"},"canonical":"https:\/\/www.visit-ulcinj.com\/blog\/2017\/01\/24\/ministar-zenka-u-radnoj-posjeti-opstini-gusinje\/","og_locale":"en_US","og_type":"article","og_title":"Ministar Zenka u radnoj posjeti op\u0161tini Gusinje - Lajme nga Ulqini","og_description":"Ljudska prava predstavljaju uporan rad i brojne izazove, oblast koja zahtjeva na\u0161u punu posve\u0107enost, poru\u010dio je ministar za ljudska i manjinska prava","og_url":"https:\/\/www.visit-ulcinj.com\/blog\/2017\/01\/24\/ministar-zenka-u-radnoj-posjeti-opstini-gusinje\/","og_site_name":"Lajme nga Ulqini","article_published_time":"2017-01-24T14:34:21+00:00","og_image":[{"url":"http:\/\/www.visit-ulcinj.com\/blog\/wp-content\/uploads\/2017\/01\/Ministar-Zenka-u-radnoj-posjeti-opstini-Gusinje.jpg"}],"twitter_misc":{"Written by":"ulqini","Est. reading time":"2 minutes"},"schema":{"@context":"https:\/\/schema.org","@graph":[{"@type":"WebSite","@id":"https:\/\/www.visit-ulcinj.com\/blog\/#website","url":"https:\/\/www.visit-ulcinj.com\/blog\/","name":"Lajme nga Ulqini","description":"Lajme,Vijesti,Ulqini,Ulqin,Crna Gora,Mali i Zi","potentialAction":[{"@type":"SearchAction","target":{"@type":"EntryPoint","urlTemplate":"https:\/\/www.visit-ulcinj.com\/blog\/?s={search_term_string}"},"query-input":"required name=search_term_string"}],"inLanguage":"en-US"},{"@type":"ImageObject","inLanguage":"en-US","@id":"https:\/\/www.visit-ulcinj.com\/blog\/2017\/01\/24\/ministar-zenka-u-radnoj-posjeti-opstini-gusinje\/#primaryimage","url":"https:\/\/www.visit-ulcinj.com\/blog\/wp-content\/uploads\/2017\/01\/Ministar-Zenka-u-radnoj-posjeti-opstini-Gusinje.jpg","contentUrl":"https:\/\/www.visit-ulcinj.com\/blog\/wp-content\/uploads\/2017\/01\/Ministar-Zenka-u-radnoj-posjeti-opstini-Gusinje.jpg","width":470,"height":313},{"@type":"WebPage","@id":"https:\/\/www.visit-ulcinj.com\/blog\/2017\/01\/24\/ministar-zenka-u-radnoj-posjeti-opstini-gusinje\/#webpage","url":"https:\/\/www.visit-ulcinj.com\/blog\/2017\/01\/24\/ministar-zenka-u-radnoj-posjeti-opstini-gusinje\/","name":"Ministar Zenka u radnoj posjeti op\u0161tini Gusinje - Lajme nga Ulqini","isPartOf":{"@id":"https:\/\/www.visit-ulcinj.com\/blog\/#website"},"primaryImageOfPage":{"@id":"https:\/\/www.visit-ulcinj.com\/blog\/2017\/01\/24\/ministar-zenka-u-radnoj-posjeti-opstini-gusinje\/#primaryimage"},"datePublished":"2017-01-24T14:34:21+00:00","dateModified":"2017-01-24T14:34:21+00:00","author":{"@id":"https:\/\/www.visit-ulcinj.com\/blog\/#\/schema\/person\/dcab619c614d3038751c63bc2aadc06d"},"description":"Ljudska prava predstavljaju uporan rad i brojne izazove, oblast koja zahtjeva na\u0161u punu posve\u0107enost, poru\u010dio je ministar za ljudska i manjinska prava","breadcrumb":{"@id":"https:\/\/www.visit-ulcinj.com\/blog\/2017\/01\/24\/ministar-zenka-u-radnoj-posjeti-opstini-gusinje\/#breadcrumb"},"inLanguage":"en-US","potentialAction":[{"@type":"ReadAction","target":["https:\/\/www.visit-ulcinj.com\/blog\/2017\/01\/24\/ministar-zenka-u-radnoj-posjeti-opstini-gusinje\/"]}]},{"@type":"BreadcrumbList","@id":"https:\/\/www.visit-ulcinj.com\/blog\/2017\/01\/24\/ministar-zenka-u-radnoj-posjeti-opstini-gusinje\/#breadcrumb","itemListElement":[{"@type":"ListItem","position":1,"name":"Ministar Zenka u radnoj posjeti op\u0161tini Gusinje"}]},{"@type":"Person","@id":"https:\/\/www.visit-ulcinj.com\/blog\/#\/schema\/person\/dcab619c614d3038751c63bc2aadc06d","name":"ulqini","sameAs":["http:\/\/www.visit-ulcinj.com"],"url":"https:\/\/www.visit-ulcinj.com\/blog\/author\/admin\/"}]}},"jetpack_featured_media_url":"","jetpack_sharing_enabled":true,"jetpack_shortlink":"https:\/\/wp.me\/pe6lTn-qE0","_links":{"self":[{"href":"https:\/\/www.visit-ulcinj.com\/blog\/wp-json\/wp\/v2\/posts\/102424"}],"collection":[{"href":"https:\/\/www.visit-ulcinj.com\/blog\/wp-json\/wp\/v2\/posts"}],"about":[{"href":"https:\/\/www.visit-ulcinj.com\/blog\/wp-json\/wp\/v2\/types\/post"}],"author":[{"embeddable":true,"href":"https:\/\/www.visit-ulcinj.com\/blog\/wp-json\/wp\/v2\/users\/1"}],"replies":[{"embeddable":true,"href":"https:\/\/www.visit-ulcinj.com\/blog\/wp-json\/wp\/v2\/comments?post=102424"}],"version-history":[{"count":1,"href":"https:\/\/www.visit-ulcinj.com\/blog\/wp-json\/wp\/v2\/posts\/102424\/revisions"}],"predecessor-version":[{"id":102426,"href":"https:\/\/www.visit-ulcinj.com\/blog\/wp-json\/wp\/v2\/posts\/102424\/revisions\/102426"}],"wp:attachment":[{"href":"https:\/\/www.visit-ulcinj.com\/blog\/wp-json\/wp\/v2\/media?parent=102424"}],"wp:term":[{"taxonomy":"category","embeddable":true,"href":"https:\/\/www.visit-ulcinj.com\/blog\/wp-json\/wp\/v2\/categories?post=102424"},{"taxonomy":"post_tag","embeddable":true,"href":"https:\/\/www.visit-ulcinj.com\/blog\/wp-json\/wp\/v2\/tags?post=102424"}],"curies":[{"name":"wp","href":"https:\/\/api.w.org\/{rel}","templated":true}]}}