{"id":102427,"date":"2017-01-24T15:36:45","date_gmt":"2017-01-24T14:36:45","guid":{"rendered":"http:\/\/www.visit-ulcinj.com\/blog\/?p=102427"},"modified":"2017-01-24T15:36:45","modified_gmt":"2017-01-24T14:36:45","slug":"susret-zenka-perks-postovanje-prava-djeteta-oblast-koja-bi-svima-trebalo-da-bude-prioritetna","status":"publish","type":"post","link":"https:\/\/www.visit-ulcinj.com\/blog\/2017\/01\/24\/susret-zenka-perks-postovanje-prava-djeteta-oblast-koja-bi-svima-trebalo-da-bude-prioritetna\/","title":{"rendered":"Susret Zenka- Perks: Po\u0161tovanje prava djeteta oblast koja bi svima trebalo da bude prioritetna"},"content":{"rendered":"<p><a href=\"http:\/\/www.visit-ulcinj.com\/blog\/wp-content\/uploads\/2017\/01\/Susret-Zenka-Perks.jpg\"><img loading=\"lazy\" class=\"alignleft wp-image-102428\" src=\"http:\/\/www.visit-ulcinj.com\/blog\/wp-content\/uploads\/2017\/01\/Susret-Zenka-Perks.jpg\" alt=\"Susret Zenka- Perks\" width=\"508\" height=\"338\" srcset=\"https:\/\/www.visit-ulcinj.com\/blog\/wp-content\/uploads\/2017\/01\/Susret-Zenka-Perks.jpg 470w, https:\/\/www.visit-ulcinj.com\/blog\/wp-content\/uploads\/2017\/01\/Susret-Zenka-Perks-300x200.jpg 300w\" sizes=\"(max-width: 508px) 100vw, 508px\" \/><\/a>Budu\u0107i da su djeca, zbog svog uzrasta, upu\u0107ena na pomo\u0107 odraslih, neophodno je da se istaknu i po\u0161tuju \u00a0prava djeteta, rekao je ministar za ljudska i manjinska prava Mehmed Zenka u razgovoru sa \u0161efom predstavni\u0161tva Fonda Ujedinjenih nacija za djecu (UNICEF) Bend\u017eaminom Perksom. Zenka i Perks razgovarali su o stepenu po\u0161tovanja dje\u010dijih prava u Crnoj Gori, ali i predlozima za budu\u0107u saradnju.<\/p>\n<p>Ministar je upoznao sagovornika sa spremno\u0161\u0107u da resor koji vodi nastavi uspje\u0161nu saradnju sa UNICEF-om, budu\u0107i da je po\u0161tovanje prava djeteta oblast koja bi svima trebalo da bude prioritetna. On je ocijenio da \u0107e kvalitetno obrazovanje i pravilan odgoj djece, sasvim sigurno osigurati zdravu budu\u0107nost dru\u0161tva, ekonomski prosperitet i bolje uva\u017eavanje ljudskih prava, te ve\u0107i stepen\u00a0 tolerancije.<\/p>\n<p>Prema njegovim rije\u010dima, Vlada pokazuje visoku spremnost da se bavi pitanjem unaprije\u0111enja prava djeteta, kroz usvojena strate\u0161ka dokumenta, inovativne pristupe, razmjenu iskustava, te brojna istra\u017eivanja koja se sprovode u cilju dobijanja smjernica za dalji rad i razvoj u ovoj oblasti. Partner poput UNICEF-a je od izuzetnog zna\u010daja na tom putu, imaju\u0107i u vidu anga\u017eman i izuzetno iskustvo u oblasti unapre\u0111enja dje\u010djih prava na me\u0111unarodnom nivou, zaklju\u010dio je Zenka, i predstavio aktivnosti koje je Ministarstvo za ljudska i manjinska prava sprovodilo u oblasti unapre\u0111enja po\u0161tovanja dje\u010djih prava.<\/p>\n<p>Bend\u017eamin Perks je \u010destitao ministru na imenovanju i izrazio uvjerenje da \u0107e resor za ljudska i manjinska prava nastaviti aktivno da radi i na daljem unaprije\u0111enju ljudskih prava najmla\u0111ih \u010dlanova dru\u0161tva.<\/p>\n<p>Perks je predstavio osnovne informacije o djelatnostima UNICEF-a i istakao kako je fokus neophodno staviti na najraniji period djetinjstva, rani razvoj djeteta, budu\u0107i da isti predstavlja dominatni faktor u razvoju li\u010dnosti i sazrijevanju svakog \u010dovjeka. Sticanje vje\u0161tina tokom \u017eivota zasniva se na osnovnim kapacitetima uspostavljenim u ranom djetinjstvu. Aktivnosti koje \u0107e UNICEF sprovoditi u narednom periodu odnose se na za\u0161titu djece od nasilja i zanemarivanja, koji su naj\u010de\u0161\u0107i vidovi kr\u0161enja njihovih prava, porast djece u pred\u0161kolskom obrazovanju, inkluziji djece sa smetnjama u razvoju, ali i nastojanju da Crna Gora bude prva od 22 zemlje, koje su se obavezale da djeca bez roditeljskog staranja, koja su mla\u0111a od tri godine, ne\u0107e biti smje\u0161tena u institucije za nezbrinutu djecu.<\/p>\n<p>Velik uspjeh je ve\u0107 postignut, naglasio je Perks, budu\u0107i da je broj djece bez roditeljskog staranja u domu \u201eMladost\u201d sni\u017een za 41%, u periodu od 2009.godine do danas.<\/p>\n<p>On je istakao da UNICEF kroz kampanje nastoji da podigne svijest dru\u0161tva o va\u017enosti pred\u0161kolskog obrazovanja, o \u010dinjenici da djeca iz siroma\u0161nih porodica imaju 10 puta manje \u0161ansi da poha\u0111aju pred\u0161kolsko obrazovanje, \u0161to se u odra\u017eava na rezultate u daljem \u0161kolovanju i uspjehu u \u017eivotu kao odraslih. Prema njegovom mi\u0161ljenju, najve\u0107i pomak posljednjih par godina ostvaren je u oblasti unapre\u0111enja prava djece sa smetnjama u razvoju. Tako\u0111e, \u00a0kao veoma va\u017ean pomak, Perks smatra pove\u0107anje broja dnevnih centara za djecu sa smetnjama u razvoju.<\/p>\n<p>Kako se svaki odr\u017eiv uspjeh gradi na temelju dobre saradnje, sagovornici su saglasni da se postoje\u0107a uspje\u0161na saradnja nastavi i dalje unaprije\u0111uje.<\/p>\n<p><strong>Ministarstvo za ljudska i manjinska prava<\/strong><\/p>\n","protected":false},"excerpt":{"rendered":"<p>Budu\u0107i da su djeca, zbog svog uzrasta, upu\u0107ena na pomo\u0107 odraslih, neophodno je da se istaknu i po\u0161tuju \u00a0prava djeteta, rekao je ministar za ljudska i manjinska prava Mehmed Zenka u razgovoru sa \u0161efom predstavni\u0161tva Fonda Ujedinjenih nacija za djecu (UNICEF) Bend\u017eaminom Perksom. Zenka i Perks razgovarali su o stepenu po\u0161tovanja dje\u010dijih prava u Crnoj [&hellip;]<\/p>\n","protected":false},"author":1,"featured_media":0,"comment_status":"closed","ping_status":"closed","sticky":false,"template":"","format":"standard","meta":{"spay_email":"","jetpack_publicize_message":"","jetpack_is_tweetstorm":false,"jetpack_publicize_feature_enabled":true},"categories":[6950],"tags":[],"jetpack_publicize_connections":[],"yoast_head":"<!-- This site is optimized with the Yoast SEO plugin v19.1 - https:\/\/yoast.com\/wordpress\/plugins\/seo\/ -->\n<title>Susret Zenka- Perks: Po\u0161tovanje prava djeteta oblast koja bi svima trebalo da bude prioritetna - Lajme nga Ulqini<\/title>\n<meta name=\"description\" content=\"Budu\u0107i da su djeca, zbog svog uzrasta, upu\u0107ena na pomo\u0107 odraslih, neophodno je da se istaknu i po\u0161tuju \u00a0prava djeteta, rekao je ministar za ljudska i\" \/>\n<meta name=\"robots\" content=\"index, follow, max-snippet:-1, max-image-preview:large, max-video-preview:-1\" \/>\n<link rel=\"canonical\" href=\"https:\/\/www.visit-ulcinj.com\/blog\/2017\/01\/24\/susret-zenka-perks-postovanje-prava-djeteta-oblast-koja-bi-svima-trebalo-da-bude-prioritetna\/\" \/>\n<meta property=\"og:locale\" content=\"en_US\" \/>\n<meta property=\"og:type\" content=\"article\" \/>\n<meta property=\"og:title\" content=\"Susret Zenka- Perks: Po\u0161tovanje prava djeteta oblast koja bi svima trebalo da bude prioritetna - Lajme nga Ulqini\" \/>\n<meta property=\"og:description\" content=\"Budu\u0107i da su djeca, zbog svog uzrasta, upu\u0107ena na pomo\u0107 odraslih, neophodno je da se istaknu i po\u0161tuju \u00a0prava djeteta, rekao je ministar za ljudska i\" \/>\n<meta property=\"og:url\" content=\"https:\/\/www.visit-ulcinj.com\/blog\/2017\/01\/24\/susret-zenka-perks-postovanje-prava-djeteta-oblast-koja-bi-svima-trebalo-da-bude-prioritetna\/\" \/>\n<meta property=\"og:site_name\" content=\"Lajme nga Ulqini\" \/>\n<meta property=\"article:published_time\" content=\"2017-01-24T14:36:45+00:00\" \/>\n<meta property=\"og:image\" content=\"http:\/\/www.visit-ulcinj.com\/blog\/wp-content\/uploads\/2017\/01\/Susret-Zenka-Perks.jpg\" \/>\n<meta name=\"twitter:label1\" content=\"Written by\" \/>\n\t<meta name=\"twitter:data1\" content=\"ulqini\" \/>\n\t<meta name=\"twitter:label2\" content=\"Est. reading time\" \/>\n\t<meta name=\"twitter:data2\" content=\"3 minutes\" \/>\n<script type=\"application\/ld+json\" class=\"yoast-schema-graph\">{\"@context\":\"https:\/\/schema.org\",\"@graph\":[{\"@type\":\"WebSite\",\"@id\":\"https:\/\/www.visit-ulcinj.com\/blog\/#website\",\"url\":\"https:\/\/www.visit-ulcinj.com\/blog\/\",\"name\":\"Lajme nga Ulqini\",\"description\":\"Lajme,Vijesti,Ulqini,Ulqin,Crna Gora,Mali i Zi\",\"potentialAction\":[{\"@type\":\"SearchAction\",\"target\":{\"@type\":\"EntryPoint\",\"urlTemplate\":\"https:\/\/www.visit-ulcinj.com\/blog\/?s={search_term_string}\"},\"query-input\":\"required name=search_term_string\"}],\"inLanguage\":\"en-US\"},{\"@type\":\"ImageObject\",\"inLanguage\":\"en-US\",\"@id\":\"https:\/\/www.visit-ulcinj.com\/blog\/2017\/01\/24\/susret-zenka-perks-postovanje-prava-djeteta-oblast-koja-bi-svima-trebalo-da-bude-prioritetna\/#primaryimage\",\"url\":\"https:\/\/www.visit-ulcinj.com\/blog\/wp-content\/uploads\/2017\/01\/Susret-Zenka-Perks.jpg\",\"contentUrl\":\"https:\/\/www.visit-ulcinj.com\/blog\/wp-content\/uploads\/2017\/01\/Susret-Zenka-Perks.jpg\",\"width\":470,\"height\":313},{\"@type\":\"WebPage\",\"@id\":\"https:\/\/www.visit-ulcinj.com\/blog\/2017\/01\/24\/susret-zenka-perks-postovanje-prava-djeteta-oblast-koja-bi-svima-trebalo-da-bude-prioritetna\/#webpage\",\"url\":\"https:\/\/www.visit-ulcinj.com\/blog\/2017\/01\/24\/susret-zenka-perks-postovanje-prava-djeteta-oblast-koja-bi-svima-trebalo-da-bude-prioritetna\/\",\"name\":\"Susret Zenka- Perks: Po\u0161tovanje prava djeteta oblast koja bi svima trebalo da bude prioritetna - Lajme nga Ulqini\",\"isPartOf\":{\"@id\":\"https:\/\/www.visit-ulcinj.com\/blog\/#website\"},\"primaryImageOfPage\":{\"@id\":\"https:\/\/www.visit-ulcinj.com\/blog\/2017\/01\/24\/susret-zenka-perks-postovanje-prava-djeteta-oblast-koja-bi-svima-trebalo-da-bude-prioritetna\/#primaryimage\"},\"datePublished\":\"2017-01-24T14:36:45+00:00\",\"dateModified\":\"2017-01-24T14:36:45+00:00\",\"author\":{\"@id\":\"https:\/\/www.visit-ulcinj.com\/blog\/#\/schema\/person\/dcab619c614d3038751c63bc2aadc06d\"},\"description\":\"Budu\u0107i da su djeca, zbog svog uzrasta, upu\u0107ena na pomo\u0107 odraslih, neophodno je da se istaknu i po\u0161tuju \u00a0prava djeteta, rekao je ministar za ljudska i\",\"breadcrumb\":{\"@id\":\"https:\/\/www.visit-ulcinj.com\/blog\/2017\/01\/24\/susret-zenka-perks-postovanje-prava-djeteta-oblast-koja-bi-svima-trebalo-da-bude-prioritetna\/#breadcrumb\"},\"inLanguage\":\"en-US\",\"potentialAction\":[{\"@type\":\"ReadAction\",\"target\":[\"https:\/\/www.visit-ulcinj.com\/blog\/2017\/01\/24\/susret-zenka-perks-postovanje-prava-djeteta-oblast-koja-bi-svima-trebalo-da-bude-prioritetna\/\"]}]},{\"@type\":\"BreadcrumbList\",\"@id\":\"https:\/\/www.visit-ulcinj.com\/blog\/2017\/01\/24\/susret-zenka-perks-postovanje-prava-djeteta-oblast-koja-bi-svima-trebalo-da-bude-prioritetna\/#breadcrumb\",\"itemListElement\":[{\"@type\":\"ListItem\",\"position\":1,\"name\":\"Susret Zenka- Perks: Po\u0161tovanje prava djeteta oblast koja bi svima trebalo da bude prioritetna\"}]},{\"@type\":\"Person\",\"@id\":\"https:\/\/www.visit-ulcinj.com\/blog\/#\/schema\/person\/dcab619c614d3038751c63bc2aadc06d\",\"name\":\"ulqini\",\"sameAs\":[\"http:\/\/www.visit-ulcinj.com\"],\"url\":\"https:\/\/www.visit-ulcinj.com\/blog\/author\/admin\/\"}]}<\/script>\n<!-- \/ Yoast SEO plugin. -->","yoast_head_json":{"title":"Susret Zenka- Perks: Po\u0161tovanje prava djeteta oblast koja bi svima trebalo da bude prioritetna - Lajme nga Ulqini","description":"Budu\u0107i da su djeca, zbog svog uzrasta, upu\u0107ena na pomo\u0107 odraslih, neophodno je da se istaknu i po\u0161tuju \u00a0prava djeteta, rekao je ministar za ljudska i","robots":{"index":"index","follow":"follow","max-snippet":"max-snippet:-1","max-image-preview":"max-image-preview:large","max-video-preview":"max-video-preview:-1"},"canonical":"https:\/\/www.visit-ulcinj.com\/blog\/2017\/01\/24\/susret-zenka-perks-postovanje-prava-djeteta-oblast-koja-bi-svima-trebalo-da-bude-prioritetna\/","og_locale":"en_US","og_type":"article","og_title":"Susret Zenka- Perks: Po\u0161tovanje prava djeteta oblast koja bi svima trebalo da bude prioritetna - Lajme nga Ulqini","og_description":"Budu\u0107i da su djeca, zbog svog uzrasta, upu\u0107ena na pomo\u0107 odraslih, neophodno je da se istaknu i po\u0161tuju \u00a0prava djeteta, rekao je ministar za ljudska i","og_url":"https:\/\/www.visit-ulcinj.com\/blog\/2017\/01\/24\/susret-zenka-perks-postovanje-prava-djeteta-oblast-koja-bi-svima-trebalo-da-bude-prioritetna\/","og_site_name":"Lajme nga Ulqini","article_published_time":"2017-01-24T14:36:45+00:00","og_image":[{"url":"http:\/\/www.visit-ulcinj.com\/blog\/wp-content\/uploads\/2017\/01\/Susret-Zenka-Perks.jpg"}],"twitter_misc":{"Written by":"ulqini","Est. reading time":"3 minutes"},"schema":{"@context":"https:\/\/schema.org","@graph":[{"@type":"WebSite","@id":"https:\/\/www.visit-ulcinj.com\/blog\/#website","url":"https:\/\/www.visit-ulcinj.com\/blog\/","name":"Lajme nga Ulqini","description":"Lajme,Vijesti,Ulqini,Ulqin,Crna Gora,Mali i Zi","potentialAction":[{"@type":"SearchAction","target":{"@type":"EntryPoint","urlTemplate":"https:\/\/www.visit-ulcinj.com\/blog\/?s={search_term_string}"},"query-input":"required name=search_term_string"}],"inLanguage":"en-US"},{"@type":"ImageObject","inLanguage":"en-US","@id":"https:\/\/www.visit-ulcinj.com\/blog\/2017\/01\/24\/susret-zenka-perks-postovanje-prava-djeteta-oblast-koja-bi-svima-trebalo-da-bude-prioritetna\/#primaryimage","url":"https:\/\/www.visit-ulcinj.com\/blog\/wp-content\/uploads\/2017\/01\/Susret-Zenka-Perks.jpg","contentUrl":"https:\/\/www.visit-ulcinj.com\/blog\/wp-content\/uploads\/2017\/01\/Susret-Zenka-Perks.jpg","width":470,"height":313},{"@type":"WebPage","@id":"https:\/\/www.visit-ulcinj.com\/blog\/2017\/01\/24\/susret-zenka-perks-postovanje-prava-djeteta-oblast-koja-bi-svima-trebalo-da-bude-prioritetna\/#webpage","url":"https:\/\/www.visit-ulcinj.com\/blog\/2017\/01\/24\/susret-zenka-perks-postovanje-prava-djeteta-oblast-koja-bi-svima-trebalo-da-bude-prioritetna\/","name":"Susret Zenka- Perks: Po\u0161tovanje prava djeteta oblast koja bi svima trebalo da bude prioritetna - Lajme nga Ulqini","isPartOf":{"@id":"https:\/\/www.visit-ulcinj.com\/blog\/#website"},"primaryImageOfPage":{"@id":"https:\/\/www.visit-ulcinj.com\/blog\/2017\/01\/24\/susret-zenka-perks-postovanje-prava-djeteta-oblast-koja-bi-svima-trebalo-da-bude-prioritetna\/#primaryimage"},"datePublished":"2017-01-24T14:36:45+00:00","dateModified":"2017-01-24T14:36:45+00:00","author":{"@id":"https:\/\/www.visit-ulcinj.com\/blog\/#\/schema\/person\/dcab619c614d3038751c63bc2aadc06d"},"description":"Budu\u0107i da su djeca, zbog svog uzrasta, upu\u0107ena na pomo\u0107 odraslih, neophodno je da se istaknu i po\u0161tuju \u00a0prava djeteta, rekao je ministar za ljudska i","breadcrumb":{"@id":"https:\/\/www.visit-ulcinj.com\/blog\/2017\/01\/24\/susret-zenka-perks-postovanje-prava-djeteta-oblast-koja-bi-svima-trebalo-da-bude-prioritetna\/#breadcrumb"},"inLanguage":"en-US","potentialAction":[{"@type":"ReadAction","target":["https:\/\/www.visit-ulcinj.com\/blog\/2017\/01\/24\/susret-zenka-perks-postovanje-prava-djeteta-oblast-koja-bi-svima-trebalo-da-bude-prioritetna\/"]}]},{"@type":"BreadcrumbList","@id":"https:\/\/www.visit-ulcinj.com\/blog\/2017\/01\/24\/susret-zenka-perks-postovanje-prava-djeteta-oblast-koja-bi-svima-trebalo-da-bude-prioritetna\/#breadcrumb","itemListElement":[{"@type":"ListItem","position":1,"name":"Susret Zenka- Perks: Po\u0161tovanje prava djeteta oblast koja bi svima trebalo da bude prioritetna"}]},{"@type":"Person","@id":"https:\/\/www.visit-ulcinj.com\/blog\/#\/schema\/person\/dcab619c614d3038751c63bc2aadc06d","name":"ulqini","sameAs":["http:\/\/www.visit-ulcinj.com"],"url":"https:\/\/www.visit-ulcinj.com\/blog\/author\/admin\/"}]}},"jetpack_featured_media_url":"","jetpack_sharing_enabled":true,"jetpack_shortlink":"https:\/\/wp.me\/pe6lTn-qE3","_links":{"self":[{"href":"https:\/\/www.visit-ulcinj.com\/blog\/wp-json\/wp\/v2\/posts\/102427"}],"collection":[{"href":"https:\/\/www.visit-ulcinj.com\/blog\/wp-json\/wp\/v2\/posts"}],"about":[{"href":"https:\/\/www.visit-ulcinj.com\/blog\/wp-json\/wp\/v2\/types\/post"}],"author":[{"embeddable":true,"href":"https:\/\/www.visit-ulcinj.com\/blog\/wp-json\/wp\/v2\/users\/1"}],"replies":[{"embeddable":true,"href":"https:\/\/www.visit-ulcinj.com\/blog\/wp-json\/wp\/v2\/comments?post=102427"}],"version-history":[{"count":1,"href":"https:\/\/www.visit-ulcinj.com\/blog\/wp-json\/wp\/v2\/posts\/102427\/revisions"}],"predecessor-version":[{"id":102429,"href":"https:\/\/www.visit-ulcinj.com\/blog\/wp-json\/wp\/v2\/posts\/102427\/revisions\/102429"}],"wp:attachment":[{"href":"https:\/\/www.visit-ulcinj.com\/blog\/wp-json\/wp\/v2\/media?parent=102427"}],"wp:term":[{"taxonomy":"category","embeddable":true,"href":"https:\/\/www.visit-ulcinj.com\/blog\/wp-json\/wp\/v2\/categories?post=102427"},{"taxonomy":"post_tag","embeddable":true,"href":"https:\/\/www.visit-ulcinj.com\/blog\/wp-json\/wp\/v2\/tags?post=102427"}],"curies":[{"name":"wp","href":"https:\/\/api.w.org\/{rel}","templated":true}]}}