{"id":102434,"date":"2017-01-24T20:14:26","date_gmt":"2017-01-24T19:14:26","guid":{"rendered":"http:\/\/www.visit-ulcinj.com\/blog\/?p=102434"},"modified":"2017-01-25T13:28:28","modified_gmt":"2017-01-25T12:28:28","slug":"hajnat-ne-aksion-ne-dyqanin-kuranik-te-ulqinit-video","status":"publish","type":"post","link":"https:\/\/www.visit-ulcinj.com\/blog\/2017\/01\/24\/hajnat-ne-aksion-ne-dyqanin-kuranik-te-ulqinit-video\/","title":{"rendered":"Hajnat ne aksion n\u00eb dyqanin kuranik t\u00eb Ulqinit &#8211; Video"},"content":{"rendered":"<h4><a href=\"http:\/\/www.visit-ulcinj.com\/blog\/wp-content\/uploads\/2017\/01\/Hajnat-ne-aksion-n\u00eb-dyqanin-kuranik-t\u00eb-Ulqinit-.jpg\"><img loading=\"lazy\" class=\"alignleft wp-image-102435\" src=\"http:\/\/www.visit-ulcinj.com\/blog\/wp-content\/uploads\/2017\/01\/Hajnat-ne-aksion-n\u00eb-dyqanin-kuranik-t\u00eb-Ulqinit-.jpg\" alt=\"Hajnat ne aksion n\u00eb dyqanin kuranik t\u00eb Ulqinit\" width=\"508\" height=\"270\" srcset=\"https:\/\/www.visit-ulcinj.com\/blog\/wp-content\/uploads\/2017\/01\/Hajnat-ne-aksion-n\u00eb-dyqanin-kuranik-t\u00eb-Ulqinit-.jpg 488w, https:\/\/www.visit-ulcinj.com\/blog\/wp-content\/uploads\/2017\/01\/Hajnat-ne-aksion-n\u00eb-dyqanin-kuranik-t\u00eb-Ulqinit--300x159.jpg 300w\" sizes=\"(max-width: 508px) 100vw, 508px\" \/><\/a>Kamerat e siguris\u00eb s\u00eb nj\u00eb dyqani Kuranor n\u00eb qytetin e Ulqinit, kan\u00eb filmuar \u00e7astet e vjedhjes s\u00eb 2 personave, raportohet n\u00eb You Tube nga pronari i duqanit\u00a0 Hysein Ukoshata.<\/h4>\n<p>N\u00eb momentin e vjedhjes marketi duk\u00ebt t\u00eb ket\u00eb qen\u00eb i vetmuar pasi q\u00eb personat q\u00eb hyr\u00ebn p\u00ebr t\u00eb vjedhur, kaluan pa u p\u00ebnguar nga askush.<\/p>\n<div class=\"ban-article ban-wrap center clearfix\">Para objektit ku u ndodhi kjo ngjarje ishte stacionuar nj\u00eb makin\u00eb nga e cila kan\u00eb zbritur 4 persona, ku 2 prej tyre hyr\u00ebn n\u00eb dyqan p\u00ebr t\u00eb vjedhur dhe 2 duke ber\u00eb rojen, t\u00eb cilat nga gjirimet duk\u00ebt t\u00eb jen\u00eb materiale dhe libra fetare.<\/div>\n<div class=\"ban-article ban-wrap center clearfix\">\n<p class=\"entry-title\"><strong>Kjo Video para disa \u00e7astesh fshihet nga interneti\u00a0 por\u00a0 arsyeja nuk dihet\u2026?<\/strong><\/p>\n<p><span class=\"embed-youtube\" style=\"text-align:center; display: block;\"><iframe loading=\"lazy\" class=\"youtube-player\" width=\"640\" height=\"360\" src=\"https:\/\/www.youtube.com\/embed\/u8bnk21vTo0?version=3&#038;rel=1&#038;showsearch=0&#038;showinfo=1&#038;iv_load_policy=1&#038;fs=1&#038;hl=en-US&#038;autohide=2&#038;wmode=transparent\" allowfullscreen=\"true\" style=\"border:0;\" sandbox=\"allow-scripts allow-same-origin allow-popups allow-presentation\"><\/iframe><\/span><\/p>\n<\/div>\n","protected":false},"excerpt":{"rendered":"<p>Kamerat e siguris\u00eb s\u00eb nj\u00eb dyqani Kuranor n\u00eb qytetin e Ulqinit, kan\u00eb filmuar \u00e7astet e vjedhjes s\u00eb 2 personave, raportohet n\u00eb You Tube nga pronari i duqanit\u00a0 Hysein Ukoshata. N\u00eb momentin e vjedhjes marketi duk\u00ebt t\u00eb ket\u00eb qen\u00eb i vetmuar pasi q\u00eb personat q\u00eb hyr\u00ebn p\u00ebr t\u00eb vjedhur, kaluan pa u p\u00ebnguar nga askush. Para [&hellip;]<\/p>\n","protected":false},"author":1,"featured_media":0,"comment_status":"closed","ping_status":"closed","sticky":false,"template":"","format":"standard","meta":{"spay_email":"","jetpack_publicize_message":"","jetpack_is_tweetstorm":false,"jetpack_publicize_feature_enabled":true},"categories":[1,13],"tags":[],"jetpack_publicize_connections":[],"yoast_head":"<!-- This site is optimized with the Yoast SEO plugin v19.1 - https:\/\/yoast.com\/wordpress\/plugins\/seo\/ -->\n<title>Hajnat ne aksion n\u00eb dyqanin kuranik t\u00eb Ulqinit - Video - Lajme nga Ulqini<\/title>\n<meta name=\"description\" content=\"Kamerat e siguris\u00eb s\u00eb nj\u00eb dyqani Kuranor n\u00eb qytetin e Ulqinit, kan\u00eb filmuar \u00e7astet e vjedhjes s\u00eb 2 personave, raportohet n\u00eb You Tube nga pronari i\" \/>\n<meta name=\"robots\" content=\"index, follow, max-snippet:-1, max-image-preview:large, max-video-preview:-1\" \/>\n<link rel=\"canonical\" href=\"https:\/\/www.visit-ulcinj.com\/blog\/2017\/01\/24\/hajnat-ne-aksion-ne-dyqanin-kuranik-te-ulqinit-video\/\" \/>\n<meta property=\"og:locale\" content=\"en_US\" \/>\n<meta property=\"og:type\" content=\"article\" \/>\n<meta property=\"og:title\" content=\"Hajnat ne aksion n\u00eb dyqanin kuranik t\u00eb Ulqinit - Video - Lajme nga Ulqini\" \/>\n<meta property=\"og:description\" content=\"Kamerat e siguris\u00eb s\u00eb nj\u00eb dyqani Kuranor n\u00eb qytetin e Ulqinit, kan\u00eb filmuar \u00e7astet e vjedhjes s\u00eb 2 personave, raportohet n\u00eb You Tube nga pronari i\" \/>\n<meta property=\"og:url\" content=\"https:\/\/www.visit-ulcinj.com\/blog\/2017\/01\/24\/hajnat-ne-aksion-ne-dyqanin-kuranik-te-ulqinit-video\/\" \/>\n<meta property=\"og:site_name\" content=\"Lajme nga Ulqini\" \/>\n<meta property=\"article:published_time\" content=\"2017-01-24T19:14:26+00:00\" \/>\n<meta property=\"article:modified_time\" content=\"2017-01-25T12:28:28+00:00\" \/>\n<meta name=\"twitter:label1\" content=\"Written by\" \/>\n\t<meta name=\"twitter:data1\" content=\"ulqini\" \/>\n\t<meta name=\"twitter:label2\" content=\"Est. reading time\" \/>\n\t<meta name=\"twitter:data2\" content=\"1 minute\" \/>\n<script type=\"application\/ld+json\" class=\"yoast-schema-graph\">{\"@context\":\"https:\/\/schema.org\",\"@graph\":[{\"@type\":\"WebSite\",\"@id\":\"https:\/\/www.visit-ulcinj.com\/blog\/#website\",\"url\":\"https:\/\/www.visit-ulcinj.com\/blog\/\",\"name\":\"Lajme nga Ulqini\",\"description\":\"Lajme,Vijesti,Ulqini,Ulqin,Crna Gora,Mali i Zi\",\"potentialAction\":[{\"@type\":\"SearchAction\",\"target\":{\"@type\":\"EntryPoint\",\"urlTemplate\":\"https:\/\/www.visit-ulcinj.com\/blog\/?s={search_term_string}\"},\"query-input\":\"required name=search_term_string\"}],\"inLanguage\":\"en-US\"},{\"@type\":\"WebPage\",\"@id\":\"https:\/\/www.visit-ulcinj.com\/blog\/2017\/01\/24\/hajnat-ne-aksion-ne-dyqanin-kuranik-te-ulqinit-video\/#webpage\",\"url\":\"https:\/\/www.visit-ulcinj.com\/blog\/2017\/01\/24\/hajnat-ne-aksion-ne-dyqanin-kuranik-te-ulqinit-video\/\",\"name\":\"Hajnat ne aksion n\u00eb dyqanin kuranik t\u00eb Ulqinit - Video - Lajme nga Ulqini\",\"isPartOf\":{\"@id\":\"https:\/\/www.visit-ulcinj.com\/blog\/#website\"},\"datePublished\":\"2017-01-24T19:14:26+00:00\",\"dateModified\":\"2017-01-25T12:28:28+00:00\",\"author\":{\"@id\":\"https:\/\/www.visit-ulcinj.com\/blog\/#\/schema\/person\/dcab619c614d3038751c63bc2aadc06d\"},\"description\":\"Kamerat e siguris\u00eb s\u00eb nj\u00eb dyqani Kuranor n\u00eb qytetin e Ulqinit, kan\u00eb filmuar \u00e7astet e vjedhjes s\u00eb 2 personave, raportohet n\u00eb You Tube nga pronari i\",\"breadcrumb\":{\"@id\":\"https:\/\/www.visit-ulcinj.com\/blog\/2017\/01\/24\/hajnat-ne-aksion-ne-dyqanin-kuranik-te-ulqinit-video\/#breadcrumb\"},\"inLanguage\":\"en-US\",\"potentialAction\":[{\"@type\":\"ReadAction\",\"target\":[\"https:\/\/www.visit-ulcinj.com\/blog\/2017\/01\/24\/hajnat-ne-aksion-ne-dyqanin-kuranik-te-ulqinit-video\/\"]}]},{\"@type\":\"BreadcrumbList\",\"@id\":\"https:\/\/www.visit-ulcinj.com\/blog\/2017\/01\/24\/hajnat-ne-aksion-ne-dyqanin-kuranik-te-ulqinit-video\/#breadcrumb\",\"itemListElement\":[{\"@type\":\"ListItem\",\"position\":1,\"name\":\"Hajnat ne aksion n\u00eb dyqanin kuranik t\u00eb Ulqinit &#8211; Video\"}]},{\"@type\":\"Person\",\"@id\":\"https:\/\/www.visit-ulcinj.com\/blog\/#\/schema\/person\/dcab619c614d3038751c63bc2aadc06d\",\"name\":\"ulqini\",\"sameAs\":[\"http:\/\/www.visit-ulcinj.com\"],\"url\":\"https:\/\/www.visit-ulcinj.com\/blog\/author\/admin\/\"}]}<\/script>\n<!-- \/ Yoast SEO plugin. -->","yoast_head_json":{"title":"Hajnat ne aksion n\u00eb dyqanin kuranik t\u00eb Ulqinit - Video - Lajme nga Ulqini","description":"Kamerat e siguris\u00eb s\u00eb nj\u00eb dyqani Kuranor n\u00eb qytetin e Ulqinit, kan\u00eb filmuar \u00e7astet e vjedhjes s\u00eb 2 personave, raportohet n\u00eb You Tube nga pronari i","robots":{"index":"index","follow":"follow","max-snippet":"max-snippet:-1","max-image-preview":"max-image-preview:large","max-video-preview":"max-video-preview:-1"},"canonical":"https:\/\/www.visit-ulcinj.com\/blog\/2017\/01\/24\/hajnat-ne-aksion-ne-dyqanin-kuranik-te-ulqinit-video\/","og_locale":"en_US","og_type":"article","og_title":"Hajnat ne aksion n\u00eb dyqanin kuranik t\u00eb Ulqinit - Video - Lajme nga Ulqini","og_description":"Kamerat e siguris\u00eb s\u00eb nj\u00eb dyqani Kuranor n\u00eb qytetin e Ulqinit, kan\u00eb filmuar \u00e7astet e vjedhjes s\u00eb 2 personave, raportohet n\u00eb You Tube nga pronari i","og_url":"https:\/\/www.visit-ulcinj.com\/blog\/2017\/01\/24\/hajnat-ne-aksion-ne-dyqanin-kuranik-te-ulqinit-video\/","og_site_name":"Lajme nga Ulqini","article_published_time":"2017-01-24T19:14:26+00:00","article_modified_time":"2017-01-25T12:28:28+00:00","twitter_misc":{"Written by":"ulqini","Est. reading time":"1 minute"},"schema":{"@context":"https:\/\/schema.org","@graph":[{"@type":"WebSite","@id":"https:\/\/www.visit-ulcinj.com\/blog\/#website","url":"https:\/\/www.visit-ulcinj.com\/blog\/","name":"Lajme nga Ulqini","description":"Lajme,Vijesti,Ulqini,Ulqin,Crna Gora,Mali i Zi","potentialAction":[{"@type":"SearchAction","target":{"@type":"EntryPoint","urlTemplate":"https:\/\/www.visit-ulcinj.com\/blog\/?s={search_term_string}"},"query-input":"required name=search_term_string"}],"inLanguage":"en-US"},{"@type":"WebPage","@id":"https:\/\/www.visit-ulcinj.com\/blog\/2017\/01\/24\/hajnat-ne-aksion-ne-dyqanin-kuranik-te-ulqinit-video\/#webpage","url":"https:\/\/www.visit-ulcinj.com\/blog\/2017\/01\/24\/hajnat-ne-aksion-ne-dyqanin-kuranik-te-ulqinit-video\/","name":"Hajnat ne aksion n\u00eb dyqanin kuranik t\u00eb Ulqinit - Video - Lajme nga Ulqini","isPartOf":{"@id":"https:\/\/www.visit-ulcinj.com\/blog\/#website"},"datePublished":"2017-01-24T19:14:26+00:00","dateModified":"2017-01-25T12:28:28+00:00","author":{"@id":"https:\/\/www.visit-ulcinj.com\/blog\/#\/schema\/person\/dcab619c614d3038751c63bc2aadc06d"},"description":"Kamerat e siguris\u00eb s\u00eb nj\u00eb dyqani Kuranor n\u00eb qytetin e Ulqinit, kan\u00eb filmuar \u00e7astet e vjedhjes s\u00eb 2 personave, raportohet n\u00eb You Tube nga pronari i","breadcrumb":{"@id":"https:\/\/www.visit-ulcinj.com\/blog\/2017\/01\/24\/hajnat-ne-aksion-ne-dyqanin-kuranik-te-ulqinit-video\/#breadcrumb"},"inLanguage":"en-US","potentialAction":[{"@type":"ReadAction","target":["https:\/\/www.visit-ulcinj.com\/blog\/2017\/01\/24\/hajnat-ne-aksion-ne-dyqanin-kuranik-te-ulqinit-video\/"]}]},{"@type":"BreadcrumbList","@id":"https:\/\/www.visit-ulcinj.com\/blog\/2017\/01\/24\/hajnat-ne-aksion-ne-dyqanin-kuranik-te-ulqinit-video\/#breadcrumb","itemListElement":[{"@type":"ListItem","position":1,"name":"Hajnat ne aksion n\u00eb dyqanin kuranik t\u00eb Ulqinit &#8211; Video"}]},{"@type":"Person","@id":"https:\/\/www.visit-ulcinj.com\/blog\/#\/schema\/person\/dcab619c614d3038751c63bc2aadc06d","name":"ulqini","sameAs":["http:\/\/www.visit-ulcinj.com"],"url":"https:\/\/www.visit-ulcinj.com\/blog\/author\/admin\/"}]}},"jetpack_featured_media_url":"","jetpack_sharing_enabled":true,"jetpack_shortlink":"https:\/\/wp.me\/pe6lTn-qEa","_links":{"self":[{"href":"https:\/\/www.visit-ulcinj.com\/blog\/wp-json\/wp\/v2\/posts\/102434"}],"collection":[{"href":"https:\/\/www.visit-ulcinj.com\/blog\/wp-json\/wp\/v2\/posts"}],"about":[{"href":"https:\/\/www.visit-ulcinj.com\/blog\/wp-json\/wp\/v2\/types\/post"}],"author":[{"embeddable":true,"href":"https:\/\/www.visit-ulcinj.com\/blog\/wp-json\/wp\/v2\/users\/1"}],"replies":[{"embeddable":true,"href":"https:\/\/www.visit-ulcinj.com\/blog\/wp-json\/wp\/v2\/comments?post=102434"}],"version-history":[{"count":9,"href":"https:\/\/www.visit-ulcinj.com\/blog\/wp-json\/wp\/v2\/posts\/102434\/revisions"}],"predecessor-version":[{"id":102451,"href":"https:\/\/www.visit-ulcinj.com\/blog\/wp-json\/wp\/v2\/posts\/102434\/revisions\/102451"}],"wp:attachment":[{"href":"https:\/\/www.visit-ulcinj.com\/blog\/wp-json\/wp\/v2\/media?parent=102434"}],"wp:term":[{"taxonomy":"category","embeddable":true,"href":"https:\/\/www.visit-ulcinj.com\/blog\/wp-json\/wp\/v2\/categories?post=102434"},{"taxonomy":"post_tag","embeddable":true,"href":"https:\/\/www.visit-ulcinj.com\/blog\/wp-json\/wp\/v2\/tags?post=102434"}],"curies":[{"name":"wp","href":"https:\/\/api.w.org\/{rel}","templated":true}]}}