{"id":102445,"date":"2017-01-24T21:07:31","date_gmt":"2017-01-24T20:07:31","guid":{"rendered":"http:\/\/www.visit-ulcinj.com\/blog\/?p=102445"},"modified":"2017-01-24T21:07:31","modified_gmt":"2017-01-24T20:07:31","slug":"dritan-abazoviq-kandidat-per-kryetar-te-ura-s-video","status":"publish","type":"post","link":"https:\/\/www.visit-ulcinj.com\/blog\/2017\/01\/24\/dritan-abazoviq-kandidat-per-kryetar-te-ura-s-video\/","title":{"rendered":"Dritan Abazoviq, kandidat p\u00ebr kryetar t\u00eb URA-s &#8211; Video"},"content":{"rendered":"<p><strong><a href=\"http:\/\/www.visit-ulcinj.com\/blog\/wp-content\/uploads\/2017\/01\/Rakceviq-Abazoviq.jpg\"><img loading=\"lazy\" class=\"alignleft wp-image-102446\" src=\"http:\/\/www.visit-ulcinj.com\/blog\/wp-content\/uploads\/2017\/01\/Rakceviq-Abazoviq.jpg\" alt=\"Rakceviq-Abazoviq\" width=\"508\" height=\"338\" srcset=\"https:\/\/www.visit-ulcinj.com\/blog\/wp-content\/uploads\/2017\/01\/Rakceviq-Abazoviq.jpg 754w, https:\/\/www.visit-ulcinj.com\/blog\/wp-content\/uploads\/2017\/01\/Rakceviq-Abazoviq-300x199.jpg 300w\" sizes=\"(max-width: 508px) 100vw, 508px\" \/><\/a>Kryetari i levizjes qytetare \u00ab\u00a0URA\u00a0\u00bb Zharko Rak\u00e7eviq deklaroi se kandidati p\u00ebr kryetar t\u00eb p\u00ebrgjithsh\u00ebm URA-s do ta p\u00ebrkrahet n\u00ebnkryetari i levizjes \u00a0Dritan Abazoviq.<\/strong><\/p>\n<p>Zharko Rak\u00e7eviq deklaroi se nuk do t\u00eb kandidoj\u00eb p\u00ebrs\u00ebri p\u00ebr kryetar partie n\u00eb konvent\u00ebn e rregullt t\u00eb URA-s e cila \u00ebsht\u00eb e plaifikuar p\u00ebr muajin prill, raporton portali TV Teuta.<\/p>\n<p>Rak\u00e7eviq n\u00eb deklarat\u00ebn e tij tha se p\u00ebrkrah n\u00ebnkryetarin Dritan Abazoviq q\u00eb t\u00eb marr\u00eb lidershipin e partis\u00eb. \u201cAbazoviq \u00ebsht\u00eb nj\u00eb pasuri jo vet\u00ebm e UR-\u00ebs por e gjith\u00eb Malit t\u00eb Zi.<\/p>\n<p>N\u00ebse themi se jemi shtet qytetar at\u00ebher\u00eb pse t\u00eb mos jet\u00eb nj\u00eb shqiptar n\u00eb krye t\u00eb partis\u00eb.\u201d, tha Rak\u00e7eviq. Ai shtoi se ka besim t\u00eb plot\u00eb n\u00eb parimet programore t\u00eb URA-s n\u00eb rrug\u00ebn e v\u00ebshtir\u00eb t\u00eb ndryshimit t\u00eb Malit t\u00eb Zi.<\/p>\n<p><iframe loading=\"lazy\" style=\"border: none; overflow: hidden;\" src=\"https:\/\/www.facebook.com\/plugins\/video.php?href=https%3A%2F%2Fwww.facebook.com%2Fabazovicdritan%2Fvideos%2F566822130188252%2F&amp;show_text=0&amp;width=508\" width=\"508\" height=\"335\" frameborder=\"0\" scrolling=\"no\" allowfullscreen=\"allowfullscreen\"><\/iframe><\/p>\n","protected":false},"excerpt":{"rendered":"<p>Kryetari i levizjes qytetare \u00ab\u00a0URA\u00a0\u00bb Zharko Rak\u00e7eviq deklaroi se kandidati p\u00ebr kryetar t\u00eb p\u00ebrgjithsh\u00ebm URA-s do ta p\u00ebrkrahet n\u00ebnkryetari i levizjes \u00a0Dritan Abazoviq. Zharko Rak\u00e7eviq deklaroi se nuk do t\u00eb kandidoj\u00eb p\u00ebrs\u00ebri p\u00ebr kryetar partie n\u00eb konvent\u00ebn e rregullt t\u00eb URA-s e cila \u00ebsht\u00eb e plaifikuar p\u00ebr muajin prill, raporton portali TV Teuta. Rak\u00e7eviq n\u00eb [&hellip;]<\/p>\n","protected":false},"author":1,"featured_media":0,"comment_status":"closed","ping_status":"closed","sticky":false,"template":"","format":"standard","meta":{"spay_email":"","jetpack_publicize_message":"","jetpack_is_tweetstorm":false,"jetpack_publicize_feature_enabled":true},"categories":[6],"tags":[],"jetpack_publicize_connections":[],"yoast_head":"<!-- This site is optimized with the Yoast SEO plugin v19.1 - https:\/\/yoast.com\/wordpress\/plugins\/seo\/ -->\n<title>Dritan Abazoviq, kandidat p\u00ebr kryetar t\u00eb URA-s - Video - Lajme nga Ulqini<\/title>\n<meta name=\"description\" content=\"Kryetari i levizjes qytetare \u00ab\u00a0URA\u00a0\u00bb Zharko Rak\u00e7eviq deklaroi se kandidati p\u00ebr kryetar t\u00eb p\u00ebrgjithsh\u00ebm URA-s do ta p\u00ebrkrahet n\u00ebnkryetari i levizjes\" \/>\n<meta name=\"robots\" content=\"index, follow, max-snippet:-1, max-image-preview:large, max-video-preview:-1\" \/>\n<link rel=\"canonical\" href=\"https:\/\/www.visit-ulcinj.com\/blog\/2017\/01\/24\/dritan-abazoviq-kandidat-per-kryetar-te-ura-s-video\/\" \/>\n<meta property=\"og:locale\" content=\"en_US\" \/>\n<meta property=\"og:type\" content=\"article\" \/>\n<meta property=\"og:title\" content=\"Dritan Abazoviq, kandidat p\u00ebr kryetar t\u00eb URA-s - Video - Lajme nga Ulqini\" \/>\n<meta property=\"og:description\" content=\"Kryetari i levizjes qytetare \u00ab\u00a0URA\u00a0\u00bb Zharko Rak\u00e7eviq deklaroi se kandidati p\u00ebr kryetar t\u00eb p\u00ebrgjithsh\u00ebm URA-s do ta p\u00ebrkrahet n\u00ebnkryetari i levizjes\" \/>\n<meta property=\"og:url\" content=\"https:\/\/www.visit-ulcinj.com\/blog\/2017\/01\/24\/dritan-abazoviq-kandidat-per-kryetar-te-ura-s-video\/\" \/>\n<meta property=\"og:site_name\" content=\"Lajme nga Ulqini\" \/>\n<meta property=\"article:published_time\" content=\"2017-01-24T20:07:31+00:00\" \/>\n<meta property=\"og:image\" content=\"http:\/\/www.visit-ulcinj.com\/blog\/wp-content\/uploads\/2017\/01\/Rakceviq-Abazoviq.jpg\" \/>\n<meta name=\"twitter:label1\" content=\"Written by\" \/>\n\t<meta name=\"twitter:data1\" content=\"ulqini\" \/>\n\t<meta name=\"twitter:label2\" content=\"Est. reading time\" \/>\n\t<meta name=\"twitter:data2\" content=\"1 minute\" \/>\n<script type=\"application\/ld+json\" class=\"yoast-schema-graph\">{\"@context\":\"https:\/\/schema.org\",\"@graph\":[{\"@type\":\"WebSite\",\"@id\":\"https:\/\/www.visit-ulcinj.com\/blog\/#website\",\"url\":\"https:\/\/www.visit-ulcinj.com\/blog\/\",\"name\":\"Lajme nga Ulqini\",\"description\":\"Lajme,Vijesti,Ulqini,Ulqin,Crna Gora,Mali i Zi\",\"potentialAction\":[{\"@type\":\"SearchAction\",\"target\":{\"@type\":\"EntryPoint\",\"urlTemplate\":\"https:\/\/www.visit-ulcinj.com\/blog\/?s={search_term_string}\"},\"query-input\":\"required name=search_term_string\"}],\"inLanguage\":\"en-US\"},{\"@type\":\"ImageObject\",\"inLanguage\":\"en-US\",\"@id\":\"https:\/\/www.visit-ulcinj.com\/blog\/2017\/01\/24\/dritan-abazoviq-kandidat-per-kryetar-te-ura-s-video\/#primaryimage\",\"url\":\"https:\/\/www.visit-ulcinj.com\/blog\/wp-content\/uploads\/2017\/01\/Rakceviq-Abazoviq.jpg\",\"contentUrl\":\"https:\/\/www.visit-ulcinj.com\/blog\/wp-content\/uploads\/2017\/01\/Rakceviq-Abazoviq.jpg\",\"width\":754,\"height\":501},{\"@type\":\"WebPage\",\"@id\":\"https:\/\/www.visit-ulcinj.com\/blog\/2017\/01\/24\/dritan-abazoviq-kandidat-per-kryetar-te-ura-s-video\/#webpage\",\"url\":\"https:\/\/www.visit-ulcinj.com\/blog\/2017\/01\/24\/dritan-abazoviq-kandidat-per-kryetar-te-ura-s-video\/\",\"name\":\"Dritan Abazoviq, kandidat p\u00ebr kryetar t\u00eb URA-s - Video - Lajme nga Ulqini\",\"isPartOf\":{\"@id\":\"https:\/\/www.visit-ulcinj.com\/blog\/#website\"},\"primaryImageOfPage\":{\"@id\":\"https:\/\/www.visit-ulcinj.com\/blog\/2017\/01\/24\/dritan-abazoviq-kandidat-per-kryetar-te-ura-s-video\/#primaryimage\"},\"datePublished\":\"2017-01-24T20:07:31+00:00\",\"dateModified\":\"2017-01-24T20:07:31+00:00\",\"author\":{\"@id\":\"https:\/\/www.visit-ulcinj.com\/blog\/#\/schema\/person\/dcab619c614d3038751c63bc2aadc06d\"},\"description\":\"Kryetari i levizjes qytetare \u00ab\u00a0URA\u00a0\u00bb Zharko Rak\u00e7eviq deklaroi se kandidati p\u00ebr kryetar t\u00eb p\u00ebrgjithsh\u00ebm URA-s do ta p\u00ebrkrahet n\u00ebnkryetari i levizjes\",\"breadcrumb\":{\"@id\":\"https:\/\/www.visit-ulcinj.com\/blog\/2017\/01\/24\/dritan-abazoviq-kandidat-per-kryetar-te-ura-s-video\/#breadcrumb\"},\"inLanguage\":\"en-US\",\"potentialAction\":[{\"@type\":\"ReadAction\",\"target\":[\"https:\/\/www.visit-ulcinj.com\/blog\/2017\/01\/24\/dritan-abazoviq-kandidat-per-kryetar-te-ura-s-video\/\"]}]},{\"@type\":\"BreadcrumbList\",\"@id\":\"https:\/\/www.visit-ulcinj.com\/blog\/2017\/01\/24\/dritan-abazoviq-kandidat-per-kryetar-te-ura-s-video\/#breadcrumb\",\"itemListElement\":[{\"@type\":\"ListItem\",\"position\":1,\"name\":\"Dritan Abazoviq, kandidat p\u00ebr kryetar t\u00eb URA-s &#8211; Video\"}]},{\"@type\":\"Person\",\"@id\":\"https:\/\/www.visit-ulcinj.com\/blog\/#\/schema\/person\/dcab619c614d3038751c63bc2aadc06d\",\"name\":\"ulqini\",\"sameAs\":[\"http:\/\/www.visit-ulcinj.com\"],\"url\":\"https:\/\/www.visit-ulcinj.com\/blog\/author\/admin\/\"}]}<\/script>\n<!-- \/ Yoast SEO plugin. -->","yoast_head_json":{"title":"Dritan Abazoviq, kandidat p\u00ebr kryetar t\u00eb URA-s - Video - Lajme nga Ulqini","description":"Kryetari i levizjes qytetare \u00ab\u00a0URA\u00a0\u00bb Zharko Rak\u00e7eviq deklaroi se kandidati p\u00ebr kryetar t\u00eb p\u00ebrgjithsh\u00ebm URA-s do ta p\u00ebrkrahet n\u00ebnkryetari i levizjes","robots":{"index":"index","follow":"follow","max-snippet":"max-snippet:-1","max-image-preview":"max-image-preview:large","max-video-preview":"max-video-preview:-1"},"canonical":"https:\/\/www.visit-ulcinj.com\/blog\/2017\/01\/24\/dritan-abazoviq-kandidat-per-kryetar-te-ura-s-video\/","og_locale":"en_US","og_type":"article","og_title":"Dritan Abazoviq, kandidat p\u00ebr kryetar t\u00eb URA-s - Video - Lajme nga Ulqini","og_description":"Kryetari i levizjes qytetare \u00ab\u00a0URA\u00a0\u00bb Zharko Rak\u00e7eviq deklaroi se kandidati p\u00ebr kryetar t\u00eb p\u00ebrgjithsh\u00ebm URA-s do ta p\u00ebrkrahet n\u00ebnkryetari i levizjes","og_url":"https:\/\/www.visit-ulcinj.com\/blog\/2017\/01\/24\/dritan-abazoviq-kandidat-per-kryetar-te-ura-s-video\/","og_site_name":"Lajme nga Ulqini","article_published_time":"2017-01-24T20:07:31+00:00","og_image":[{"url":"http:\/\/www.visit-ulcinj.com\/blog\/wp-content\/uploads\/2017\/01\/Rakceviq-Abazoviq.jpg"}],"twitter_misc":{"Written by":"ulqini","Est. reading time":"1 minute"},"schema":{"@context":"https:\/\/schema.org","@graph":[{"@type":"WebSite","@id":"https:\/\/www.visit-ulcinj.com\/blog\/#website","url":"https:\/\/www.visit-ulcinj.com\/blog\/","name":"Lajme nga Ulqini","description":"Lajme,Vijesti,Ulqini,Ulqin,Crna Gora,Mali i Zi","potentialAction":[{"@type":"SearchAction","target":{"@type":"EntryPoint","urlTemplate":"https:\/\/www.visit-ulcinj.com\/blog\/?s={search_term_string}"},"query-input":"required name=search_term_string"}],"inLanguage":"en-US"},{"@type":"ImageObject","inLanguage":"en-US","@id":"https:\/\/www.visit-ulcinj.com\/blog\/2017\/01\/24\/dritan-abazoviq-kandidat-per-kryetar-te-ura-s-video\/#primaryimage","url":"https:\/\/www.visit-ulcinj.com\/blog\/wp-content\/uploads\/2017\/01\/Rakceviq-Abazoviq.jpg","contentUrl":"https:\/\/www.visit-ulcinj.com\/blog\/wp-content\/uploads\/2017\/01\/Rakceviq-Abazoviq.jpg","width":754,"height":501},{"@type":"WebPage","@id":"https:\/\/www.visit-ulcinj.com\/blog\/2017\/01\/24\/dritan-abazoviq-kandidat-per-kryetar-te-ura-s-video\/#webpage","url":"https:\/\/www.visit-ulcinj.com\/blog\/2017\/01\/24\/dritan-abazoviq-kandidat-per-kryetar-te-ura-s-video\/","name":"Dritan Abazoviq, kandidat p\u00ebr kryetar t\u00eb URA-s - Video - Lajme nga Ulqini","isPartOf":{"@id":"https:\/\/www.visit-ulcinj.com\/blog\/#website"},"primaryImageOfPage":{"@id":"https:\/\/www.visit-ulcinj.com\/blog\/2017\/01\/24\/dritan-abazoviq-kandidat-per-kryetar-te-ura-s-video\/#primaryimage"},"datePublished":"2017-01-24T20:07:31+00:00","dateModified":"2017-01-24T20:07:31+00:00","author":{"@id":"https:\/\/www.visit-ulcinj.com\/blog\/#\/schema\/person\/dcab619c614d3038751c63bc2aadc06d"},"description":"Kryetari i levizjes qytetare \u00ab\u00a0URA\u00a0\u00bb Zharko Rak\u00e7eviq deklaroi se kandidati p\u00ebr kryetar t\u00eb p\u00ebrgjithsh\u00ebm URA-s do ta p\u00ebrkrahet n\u00ebnkryetari i levizjes","breadcrumb":{"@id":"https:\/\/www.visit-ulcinj.com\/blog\/2017\/01\/24\/dritan-abazoviq-kandidat-per-kryetar-te-ura-s-video\/#breadcrumb"},"inLanguage":"en-US","potentialAction":[{"@type":"ReadAction","target":["https:\/\/www.visit-ulcinj.com\/blog\/2017\/01\/24\/dritan-abazoviq-kandidat-per-kryetar-te-ura-s-video\/"]}]},{"@type":"BreadcrumbList","@id":"https:\/\/www.visit-ulcinj.com\/blog\/2017\/01\/24\/dritan-abazoviq-kandidat-per-kryetar-te-ura-s-video\/#breadcrumb","itemListElement":[{"@type":"ListItem","position":1,"name":"Dritan Abazoviq, kandidat p\u00ebr kryetar t\u00eb URA-s &#8211; Video"}]},{"@type":"Person","@id":"https:\/\/www.visit-ulcinj.com\/blog\/#\/schema\/person\/dcab619c614d3038751c63bc2aadc06d","name":"ulqini","sameAs":["http:\/\/www.visit-ulcinj.com"],"url":"https:\/\/www.visit-ulcinj.com\/blog\/author\/admin\/"}]}},"jetpack_featured_media_url":"","jetpack_sharing_enabled":true,"jetpack_shortlink":"https:\/\/wp.me\/pe6lTn-qEl","_links":{"self":[{"href":"https:\/\/www.visit-ulcinj.com\/blog\/wp-json\/wp\/v2\/posts\/102445"}],"collection":[{"href":"https:\/\/www.visit-ulcinj.com\/blog\/wp-json\/wp\/v2\/posts"}],"about":[{"href":"https:\/\/www.visit-ulcinj.com\/blog\/wp-json\/wp\/v2\/types\/post"}],"author":[{"embeddable":true,"href":"https:\/\/www.visit-ulcinj.com\/blog\/wp-json\/wp\/v2\/users\/1"}],"replies":[{"embeddable":true,"href":"https:\/\/www.visit-ulcinj.com\/blog\/wp-json\/wp\/v2\/comments?post=102445"}],"version-history":[{"count":1,"href":"https:\/\/www.visit-ulcinj.com\/blog\/wp-json\/wp\/v2\/posts\/102445\/revisions"}],"predecessor-version":[{"id":102447,"href":"https:\/\/www.visit-ulcinj.com\/blog\/wp-json\/wp\/v2\/posts\/102445\/revisions\/102447"}],"wp:attachment":[{"href":"https:\/\/www.visit-ulcinj.com\/blog\/wp-json\/wp\/v2\/media?parent=102445"}],"wp:term":[{"taxonomy":"category","embeddable":true,"href":"https:\/\/www.visit-ulcinj.com\/blog\/wp-json\/wp\/v2\/categories?post=102445"},{"taxonomy":"post_tag","embeddable":true,"href":"https:\/\/www.visit-ulcinj.com\/blog\/wp-json\/wp\/v2\/tags?post=102445"}],"curies":[{"name":"wp","href":"https:\/\/api.w.org\/{rel}","templated":true}]}}