{"id":102459,"date":"2017-01-26T12:52:22","date_gmt":"2017-01-26T11:52:22","guid":{"rendered":"http:\/\/www.visit-ulcinj.com\/blog\/?p=102459"},"modified":"2017-01-26T12:53:05","modified_gmt":"2017-01-26T11:53:05","slug":"abazovic-protesti-mozda-kad-udemo-u-nato","status":"publish","type":"post","link":"https:\/\/www.visit-ulcinj.com\/blog\/2017\/01\/26\/abazovic-protesti-mozda-kad-udemo-u-nato\/","title":{"rendered":"Abazovic: Protesti mo\u017eda kad u\u0111emo u NATO"},"content":{"rendered":"<p><strong><a href=\"http:\/\/www.visit-ulcinj.com\/blog\/wp-content\/uploads\/2017\/01\/Dritan-Abazovic.jpg\"><img loading=\"lazy\" class=\"alignleft wp-image-102052\" src=\"http:\/\/www.visit-ulcinj.com\/blog\/wp-content\/uploads\/2017\/01\/Dritan-Abazovic.jpg\" alt=\"Dritan-Abazovic\" width=\"508\" height=\"508\" srcset=\"https:\/\/www.visit-ulcinj.com\/blog\/wp-content\/uploads\/2017\/01\/Dritan-Abazovic.jpg 833w, https:\/\/www.visit-ulcinj.com\/blog\/wp-content\/uploads\/2017\/01\/Dritan-Abazovic-150x150.jpg 150w, https:\/\/www.visit-ulcinj.com\/blog\/wp-content\/uploads\/2017\/01\/Dritan-Abazovic-300x300.jpg 300w, https:\/\/www.visit-ulcinj.com\/blog\/wp-content\/uploads\/2017\/01\/Dritan-Abazovic-768x768.jpg 768w\" sizes=\"(max-width: 508px) 100vw, 508px\" \/><\/a>Ukoliko opozicija odlu\u010di da krene sa protestima, logi\u010dno je da oni budu organizovani tek nakon ulaska Crne Gore u NATO, kazao je poslanik Gra\u0111anskog pokreta URA, Dritan Abazovi\u0107.<\/strong><\/p>\n<p>Istakao je da bojkot parlamenta daje dobre rezultate, ali, kako je kazao, &#8220;nije isklju\u010deno da opozicija na prolje\u0107e krene sa jo\u0161 nekim aktivnostima&#8221;.<\/p>\n<p>&#8220;Postoji nekoliko stvari koje bismo mogli da odradimo van parlamenta, ali ih treba dobro planirati, sinhronizovati i izvesti na najbolji na\u010din&#8221;, \u00a0rekao je Abazovi\u0107 za Pobjedu.<\/p>\n<p>Na pitanje koje su to aktivnosti koje opozicija planira, Abazovi\u0107 je rekao da bi to mogle biti protestne \u0161etnje, kao i neki vid kreativnog prikazivanja otpora sistemu.<\/p>\n<p>&#8220;Te ideje su na stolu, ali smatram da ni\u0161ta ne treba ishitreno raditi. Ako ve\u0107 treba da bude protest, logi\u010dno je da on bude nakon u\u010dlanjenja Crne Gore u NATO. Po meni, to je logi\u010dno jer ne \u017eelimo da u\u0111emo u jo\u0161 jedan scenario u kojem vlast povezuje pitanje u\u010dlanjenja u NATO sa demokratskim promjenama u Crnoj Gori&#8221;, \u00a0rekao je Abazovi\u0107.<\/p>\n<p>On je ponovio da URA podr\u017eava ulazak Crne Gore u NATO, ali je protiv, kako je kazao, &#8220;nelegitimnog parlamenta i ovakve smijurije od izbornog procesa&#8221;.<\/p>\n<p>Abazovi\u0107 ka\u017ee da je efekat bojkota multiplikativan.<\/p>\n<p>&#8220;Pokazao je nefunkcionalnost sistema, skinuo masku sa simuliranjademokratije ipokazao me\u0111unarodnoj zajednici da Crna Gora nije onakva kakvu oni, ponekad \u010dak i na silu, \u017eele da prika\u017eu kao oazu demokratije u kojoj je sve funkcionalno. Bojkot je stvorio atmosferu u kojoj gra\u0111ani po\u010dinju da podr\u017eavaju opoziciju da bude odlu\u010dna i istraje u svojoj namjeri&#8221;, \u00a0kazao je Abazovi\u0107.<\/p>\n<p>Izvor: TVCG<\/p>\n","protected":false},"excerpt":{"rendered":"<p>Ukoliko opozicija odlu\u010di da krene sa protestima, logi\u010dno je da oni budu organizovani tek nakon ulaska Crne Gore u NATO, kazao je poslanik Gra\u0111anskog pokreta URA, Dritan Abazovi\u0107. Istakao je da bojkot parlamenta daje dobre rezultate, ali, kako je kazao, &#8220;nije isklju\u010deno da opozicija na prolje\u0107e krene sa jo\u0161 nekim aktivnostima&#8221;. &#8220;Postoji nekoliko stvari koje [&hellip;]<\/p>\n","protected":false},"author":1,"featured_media":0,"comment_status":"closed","ping_status":"closed","sticky":false,"template":"","format":"standard","meta":{"spay_email":"","jetpack_publicize_message":"","jetpack_is_tweetstorm":false,"jetpack_publicize_feature_enabled":true},"categories":[6950],"tags":[],"jetpack_publicize_connections":[],"yoast_head":"<!-- This site is optimized with the Yoast SEO plugin v19.1 - https:\/\/yoast.com\/wordpress\/plugins\/seo\/ -->\n<title>Abazovic: Protesti mo\u017eda kad u\u0111emo u NATO - Lajme nga Ulqini<\/title>\n<meta name=\"description\" content=\"Ukoliko opozicija odlu\u010di da krene sa protestima, logi\u010dno je da oni budu organizovani tek nakon ulaska Crne Gore u NATO, kazao je poslanik Gra\u0111anskog\" \/>\n<meta name=\"robots\" content=\"index, follow, max-snippet:-1, max-image-preview:large, max-video-preview:-1\" \/>\n<link rel=\"canonical\" href=\"https:\/\/www.visit-ulcinj.com\/blog\/2017\/01\/26\/abazovic-protesti-mozda-kad-udemo-u-nato\/\" \/>\n<meta property=\"og:locale\" content=\"en_US\" \/>\n<meta property=\"og:type\" content=\"article\" \/>\n<meta property=\"og:title\" content=\"Abazovic: Protesti mo\u017eda kad u\u0111emo u NATO - Lajme nga Ulqini\" \/>\n<meta property=\"og:description\" content=\"Ukoliko opozicija odlu\u010di da krene sa protestima, logi\u010dno je da oni budu organizovani tek nakon ulaska Crne Gore u NATO, kazao je poslanik Gra\u0111anskog\" \/>\n<meta property=\"og:url\" content=\"https:\/\/www.visit-ulcinj.com\/blog\/2017\/01\/26\/abazovic-protesti-mozda-kad-udemo-u-nato\/\" \/>\n<meta property=\"og:site_name\" content=\"Lajme nga Ulqini\" \/>\n<meta property=\"article:published_time\" content=\"2017-01-26T11:52:22+00:00\" \/>\n<meta property=\"article:modified_time\" content=\"2017-01-26T11:53:05+00:00\" \/>\n<meta property=\"og:image\" content=\"http:\/\/www.visit-ulcinj.com\/blog\/wp-content\/uploads\/2017\/01\/Dritan-Abazovic.jpg\" \/>\n<meta name=\"twitter:label1\" content=\"Written by\" \/>\n\t<meta name=\"twitter:data1\" content=\"ulqini\" \/>\n\t<meta name=\"twitter:label2\" content=\"Est. reading time\" \/>\n\t<meta name=\"twitter:data2\" content=\"1 minute\" \/>\n<script type=\"application\/ld+json\" class=\"yoast-schema-graph\">{\"@context\":\"https:\/\/schema.org\",\"@graph\":[{\"@type\":\"WebSite\",\"@id\":\"https:\/\/www.visit-ulcinj.com\/blog\/#website\",\"url\":\"https:\/\/www.visit-ulcinj.com\/blog\/\",\"name\":\"Lajme nga Ulqini\",\"description\":\"Lajme,Vijesti,Ulqini,Ulqin,Crna Gora,Mali i Zi\",\"potentialAction\":[{\"@type\":\"SearchAction\",\"target\":{\"@type\":\"EntryPoint\",\"urlTemplate\":\"https:\/\/www.visit-ulcinj.com\/blog\/?s={search_term_string}\"},\"query-input\":\"required name=search_term_string\"}],\"inLanguage\":\"en-US\"},{\"@type\":\"ImageObject\",\"inLanguage\":\"en-US\",\"@id\":\"https:\/\/www.visit-ulcinj.com\/blog\/2017\/01\/26\/abazovic-protesti-mozda-kad-udemo-u-nato\/#primaryimage\",\"url\":\"https:\/\/www.visit-ulcinj.com\/blog\/wp-content\/uploads\/2017\/01\/Dritan-Abazovic.jpg\",\"contentUrl\":\"https:\/\/www.visit-ulcinj.com\/blog\/wp-content\/uploads\/2017\/01\/Dritan-Abazovic.jpg\",\"width\":833,\"height\":833},{\"@type\":\"WebPage\",\"@id\":\"https:\/\/www.visit-ulcinj.com\/blog\/2017\/01\/26\/abazovic-protesti-mozda-kad-udemo-u-nato\/#webpage\",\"url\":\"https:\/\/www.visit-ulcinj.com\/blog\/2017\/01\/26\/abazovic-protesti-mozda-kad-udemo-u-nato\/\",\"name\":\"Abazovic: Protesti mo\u017eda kad u\u0111emo u NATO - Lajme nga Ulqini\",\"isPartOf\":{\"@id\":\"https:\/\/www.visit-ulcinj.com\/blog\/#website\"},\"primaryImageOfPage\":{\"@id\":\"https:\/\/www.visit-ulcinj.com\/blog\/2017\/01\/26\/abazovic-protesti-mozda-kad-udemo-u-nato\/#primaryimage\"},\"datePublished\":\"2017-01-26T11:52:22+00:00\",\"dateModified\":\"2017-01-26T11:53:05+00:00\",\"author\":{\"@id\":\"https:\/\/www.visit-ulcinj.com\/blog\/#\/schema\/person\/dcab619c614d3038751c63bc2aadc06d\"},\"description\":\"Ukoliko opozicija odlu\u010di da krene sa protestima, logi\u010dno je da oni budu organizovani tek nakon ulaska Crne Gore u NATO, kazao je poslanik Gra\u0111anskog\",\"breadcrumb\":{\"@id\":\"https:\/\/www.visit-ulcinj.com\/blog\/2017\/01\/26\/abazovic-protesti-mozda-kad-udemo-u-nato\/#breadcrumb\"},\"inLanguage\":\"en-US\",\"potentialAction\":[{\"@type\":\"ReadAction\",\"target\":[\"https:\/\/www.visit-ulcinj.com\/blog\/2017\/01\/26\/abazovic-protesti-mozda-kad-udemo-u-nato\/\"]}]},{\"@type\":\"BreadcrumbList\",\"@id\":\"https:\/\/www.visit-ulcinj.com\/blog\/2017\/01\/26\/abazovic-protesti-mozda-kad-udemo-u-nato\/#breadcrumb\",\"itemListElement\":[{\"@type\":\"ListItem\",\"position\":1,\"name\":\"Abazovic: Protesti mo\u017eda kad u\u0111emo u NATO\"}]},{\"@type\":\"Person\",\"@id\":\"https:\/\/www.visit-ulcinj.com\/blog\/#\/schema\/person\/dcab619c614d3038751c63bc2aadc06d\",\"name\":\"ulqini\",\"sameAs\":[\"http:\/\/www.visit-ulcinj.com\"],\"url\":\"https:\/\/www.visit-ulcinj.com\/blog\/author\/admin\/\"}]}<\/script>\n<!-- \/ Yoast SEO plugin. -->","yoast_head_json":{"title":"Abazovic: Protesti mo\u017eda kad u\u0111emo u NATO - Lajme nga Ulqini","description":"Ukoliko opozicija odlu\u010di da krene sa protestima, logi\u010dno je da oni budu organizovani tek nakon ulaska Crne Gore u NATO, kazao je poslanik Gra\u0111anskog","robots":{"index":"index","follow":"follow","max-snippet":"max-snippet:-1","max-image-preview":"max-image-preview:large","max-video-preview":"max-video-preview:-1"},"canonical":"https:\/\/www.visit-ulcinj.com\/blog\/2017\/01\/26\/abazovic-protesti-mozda-kad-udemo-u-nato\/","og_locale":"en_US","og_type":"article","og_title":"Abazovic: Protesti mo\u017eda kad u\u0111emo u NATO - Lajme nga Ulqini","og_description":"Ukoliko opozicija odlu\u010di da krene sa protestima, logi\u010dno je da oni budu organizovani tek nakon ulaska Crne Gore u NATO, kazao je poslanik Gra\u0111anskog","og_url":"https:\/\/www.visit-ulcinj.com\/blog\/2017\/01\/26\/abazovic-protesti-mozda-kad-udemo-u-nato\/","og_site_name":"Lajme nga Ulqini","article_published_time":"2017-01-26T11:52:22+00:00","article_modified_time":"2017-01-26T11:53:05+00:00","og_image":[{"url":"http:\/\/www.visit-ulcinj.com\/blog\/wp-content\/uploads\/2017\/01\/Dritan-Abazovic.jpg"}],"twitter_misc":{"Written by":"ulqini","Est. reading time":"1 minute"},"schema":{"@context":"https:\/\/schema.org","@graph":[{"@type":"WebSite","@id":"https:\/\/www.visit-ulcinj.com\/blog\/#website","url":"https:\/\/www.visit-ulcinj.com\/blog\/","name":"Lajme nga Ulqini","description":"Lajme,Vijesti,Ulqini,Ulqin,Crna Gora,Mali i Zi","potentialAction":[{"@type":"SearchAction","target":{"@type":"EntryPoint","urlTemplate":"https:\/\/www.visit-ulcinj.com\/blog\/?s={search_term_string}"},"query-input":"required name=search_term_string"}],"inLanguage":"en-US"},{"@type":"ImageObject","inLanguage":"en-US","@id":"https:\/\/www.visit-ulcinj.com\/blog\/2017\/01\/26\/abazovic-protesti-mozda-kad-udemo-u-nato\/#primaryimage","url":"https:\/\/www.visit-ulcinj.com\/blog\/wp-content\/uploads\/2017\/01\/Dritan-Abazovic.jpg","contentUrl":"https:\/\/www.visit-ulcinj.com\/blog\/wp-content\/uploads\/2017\/01\/Dritan-Abazovic.jpg","width":833,"height":833},{"@type":"WebPage","@id":"https:\/\/www.visit-ulcinj.com\/blog\/2017\/01\/26\/abazovic-protesti-mozda-kad-udemo-u-nato\/#webpage","url":"https:\/\/www.visit-ulcinj.com\/blog\/2017\/01\/26\/abazovic-protesti-mozda-kad-udemo-u-nato\/","name":"Abazovic: Protesti mo\u017eda kad u\u0111emo u NATO - Lajme nga Ulqini","isPartOf":{"@id":"https:\/\/www.visit-ulcinj.com\/blog\/#website"},"primaryImageOfPage":{"@id":"https:\/\/www.visit-ulcinj.com\/blog\/2017\/01\/26\/abazovic-protesti-mozda-kad-udemo-u-nato\/#primaryimage"},"datePublished":"2017-01-26T11:52:22+00:00","dateModified":"2017-01-26T11:53:05+00:00","author":{"@id":"https:\/\/www.visit-ulcinj.com\/blog\/#\/schema\/person\/dcab619c614d3038751c63bc2aadc06d"},"description":"Ukoliko opozicija odlu\u010di da krene sa protestima, logi\u010dno je da oni budu organizovani tek nakon ulaska Crne Gore u NATO, kazao je poslanik Gra\u0111anskog","breadcrumb":{"@id":"https:\/\/www.visit-ulcinj.com\/blog\/2017\/01\/26\/abazovic-protesti-mozda-kad-udemo-u-nato\/#breadcrumb"},"inLanguage":"en-US","potentialAction":[{"@type":"ReadAction","target":["https:\/\/www.visit-ulcinj.com\/blog\/2017\/01\/26\/abazovic-protesti-mozda-kad-udemo-u-nato\/"]}]},{"@type":"BreadcrumbList","@id":"https:\/\/www.visit-ulcinj.com\/blog\/2017\/01\/26\/abazovic-protesti-mozda-kad-udemo-u-nato\/#breadcrumb","itemListElement":[{"@type":"ListItem","position":1,"name":"Abazovic: Protesti mo\u017eda kad u\u0111emo u NATO"}]},{"@type":"Person","@id":"https:\/\/www.visit-ulcinj.com\/blog\/#\/schema\/person\/dcab619c614d3038751c63bc2aadc06d","name":"ulqini","sameAs":["http:\/\/www.visit-ulcinj.com"],"url":"https:\/\/www.visit-ulcinj.com\/blog\/author\/admin\/"}]}},"jetpack_featured_media_url":"","jetpack_sharing_enabled":true,"jetpack_shortlink":"https:\/\/wp.me\/pe6lTn-qEz","_links":{"self":[{"href":"https:\/\/www.visit-ulcinj.com\/blog\/wp-json\/wp\/v2\/posts\/102459"}],"collection":[{"href":"https:\/\/www.visit-ulcinj.com\/blog\/wp-json\/wp\/v2\/posts"}],"about":[{"href":"https:\/\/www.visit-ulcinj.com\/blog\/wp-json\/wp\/v2\/types\/post"}],"author":[{"embeddable":true,"href":"https:\/\/www.visit-ulcinj.com\/blog\/wp-json\/wp\/v2\/users\/1"}],"replies":[{"embeddable":true,"href":"https:\/\/www.visit-ulcinj.com\/blog\/wp-json\/wp\/v2\/comments?post=102459"}],"version-history":[{"count":1,"href":"https:\/\/www.visit-ulcinj.com\/blog\/wp-json\/wp\/v2\/posts\/102459\/revisions"}],"predecessor-version":[{"id":102460,"href":"https:\/\/www.visit-ulcinj.com\/blog\/wp-json\/wp\/v2\/posts\/102459\/revisions\/102460"}],"wp:attachment":[{"href":"https:\/\/www.visit-ulcinj.com\/blog\/wp-json\/wp\/v2\/media?parent=102459"}],"wp:term":[{"taxonomy":"category","embeddable":true,"href":"https:\/\/www.visit-ulcinj.com\/blog\/wp-json\/wp\/v2\/categories?post=102459"},{"taxonomy":"post_tag","embeddable":true,"href":"https:\/\/www.visit-ulcinj.com\/blog\/wp-json\/wp\/v2\/tags?post=102459"}],"curies":[{"name":"wp","href":"https:\/\/api.w.org\/{rel}","templated":true}]}}