{"id":102462,"date":"2017-01-26T23:00:41","date_gmt":"2017-01-26T22:00:41","guid":{"rendered":"http:\/\/www.visit-ulcinj.com\/blog\/?p=102462"},"modified":"2017-01-27T12:33:18","modified_gmt":"2017-01-27T11:33:18","slug":"ministri-zenka-takon-ambasadoren-e-shba-se-ne-podgorice-margaret-ann-uyehara","status":"publish","type":"post","link":"https:\/\/www.visit-ulcinj.com\/blog\/2017\/01\/26\/ministri-zenka-takon-ambasadoren-e-shba-se-ne-podgorice-margaret-ann-uyehara\/","title":{"rendered":"Ministri Zenka takon Ambasadoren e SHBA-s\u00eb n\u00eb Podgoric\u00eb, Margaret Ann Uyehara"},"content":{"rendered":"<p><a href=\"http:\/\/www.visit-ulcinj.com\/blog\/wp-content\/uploads\/2017\/01\/Ministri-Zenka-takon-Ambasadoren-Margaret-Ann-Uyehara.jpg\"><img loading=\"lazy\" class=\"alignleft wp-image-102463\" src=\"http:\/\/www.visit-ulcinj.com\/blog\/wp-content\/uploads\/2017\/01\/Ministri-Zenka-takon-Ambasadoren-Margaret-Ann-Uyehara.jpg\" alt=\"Ministri Zenka takon Ambasadoren-Margaret- Ann-Uyehara\" width=\"508\" height=\"319\" srcset=\"https:\/\/www.visit-ulcinj.com\/blog\/wp-content\/uploads\/2017\/01\/Ministri-Zenka-takon-Ambasadoren-Margaret-Ann-Uyehara.jpg 480w, https:\/\/www.visit-ulcinj.com\/blog\/wp-content\/uploads\/2017\/01\/Ministri-Zenka-takon-Ambasadoren-Margaret-Ann-Uyehara-300x188.jpg 300w\" sizes=\"(max-width: 508px) 100vw, 508px\" \/><\/a>Ministri p\u00ebr t\u00eb drejtat e njeriut dhe pakicave Mehmed Zenka u takua t\u00eb enjten me Ambasadoren e SHBA-s\u00eb n\u00eb Podgoric\u00eb, Margaret Ann Uyehara. N\u00eb mes tjerash, Zenka i vler\u00ebsoi si t\u00eb r\u00ebnd\u00ebsishme ndryshimet dhe plot\u00ebsimet e Ligjit p\u00ebr organizim territorial t\u00eb Malit t\u00eb Zi. &#8220;Zgjidhjet e reja (n\u00eb Ligj) do t\u00eb mund\u00ebsonin q\u00eb Komuna urbane e Tuzit Mal\u00ebsis\u00eb t\u00eb marr\u00eb statusin e Komun\u00ebs s\u00eb plot\u00eb&#8221;, &#8220;Do t\u00eb vazhdojm\u00eb t\u00eb japim p\u00ebrkrahjen p\u00ebr avancimin e m\u00ebtejm\u00eb t\u00eb proceseve integruese n\u00eb Mal t\u00eb Zi, si dhe forcimit t\u00eb kapaciteteve n\u00eb k\u00ebt\u00eb rrug\u00eb&#8221;, u shpreh Uyehara.<\/p>\n<p><strong><a id=\"js_4vs\" class=\"_hli\" href=\"https:\/\/www.facebook.com\/udsh.dua\/\" data-ft=\"{&quot;tn&quot;:&quot;k&quot;}\" data-hovercard=\"\/ajax\/hovercard\/page.php?id=159422204220360\" data-hovercard-prefer-more-content-show=\"1\">Unioni Demokratik i Shqiptareve &#8211; UDSH<\/a><\/strong><\/p>\n","protected":false},"excerpt":{"rendered":"<p>Ministri p\u00ebr t\u00eb drejtat e njeriut dhe pakicave Mehmed Zenka u takua t\u00eb enjten me Ambasadoren e SHBA-s\u00eb n\u00eb Podgoric\u00eb, Margaret Ann Uyehara. N\u00eb mes tjerash, Zenka i vler\u00ebsoi si t\u00eb r\u00ebnd\u00ebsishme ndryshimet dhe plot\u00ebsimet e Ligjit p\u00ebr organizim territorial t\u00eb Malit t\u00eb Zi. &#8220;Zgjidhjet e reja (n\u00eb Ligj) do t\u00eb mund\u00ebsonin q\u00eb Komuna urbane [&hellip;]<\/p>\n","protected":false},"author":1,"featured_media":0,"comment_status":"closed","ping_status":"closed","sticky":false,"template":"","format":"standard","meta":{"spay_email":"","jetpack_publicize_message":"","jetpack_is_tweetstorm":false,"jetpack_publicize_feature_enabled":true},"categories":[1,6],"tags":[],"jetpack_publicize_connections":[],"yoast_head":"<!-- This site is optimized with the Yoast SEO plugin v19.1 - https:\/\/yoast.com\/wordpress\/plugins\/seo\/ -->\n<title>Ministri Zenka takon Ambasadoren e SHBA-s\u00eb n\u00eb Podgoric\u00eb, Margaret Ann Uyehara - Lajme nga Ulqini<\/title>\n<meta name=\"description\" content=\"Ministri p\u00ebr t\u00eb drejtat e njeriut dhe pakicave Mehmed Zenka u takua t\u00eb enjten me Ambasadoren e SHBA-s\u00eb n\u00eb Podgoric\u00eb, Margaret Ann Uyehara. N\u00eb mes tjerash,\" \/>\n<meta name=\"robots\" content=\"index, follow, max-snippet:-1, max-image-preview:large, max-video-preview:-1\" \/>\n<link rel=\"canonical\" href=\"https:\/\/www.visit-ulcinj.com\/blog\/2017\/01\/26\/ministri-zenka-takon-ambasadoren-e-shba-se-ne-podgorice-margaret-ann-uyehara\/\" \/>\n<meta property=\"og:locale\" content=\"en_US\" \/>\n<meta property=\"og:type\" content=\"article\" \/>\n<meta property=\"og:title\" content=\"Ministri Zenka takon Ambasadoren e SHBA-s\u00eb n\u00eb Podgoric\u00eb, Margaret Ann Uyehara - Lajme nga Ulqini\" \/>\n<meta property=\"og:description\" content=\"Ministri p\u00ebr t\u00eb drejtat e njeriut dhe pakicave Mehmed Zenka u takua t\u00eb enjten me Ambasadoren e SHBA-s\u00eb n\u00eb Podgoric\u00eb, Margaret Ann Uyehara. N\u00eb mes tjerash,\" \/>\n<meta property=\"og:url\" content=\"https:\/\/www.visit-ulcinj.com\/blog\/2017\/01\/26\/ministri-zenka-takon-ambasadoren-e-shba-se-ne-podgorice-margaret-ann-uyehara\/\" \/>\n<meta property=\"og:site_name\" content=\"Lajme nga Ulqini\" \/>\n<meta property=\"article:published_time\" content=\"2017-01-26T22:00:41+00:00\" \/>\n<meta property=\"article:modified_time\" content=\"2017-01-27T11:33:18+00:00\" \/>\n<meta property=\"og:image\" content=\"http:\/\/www.visit-ulcinj.com\/blog\/wp-content\/uploads\/2017\/01\/Ministri-Zenka-takon-Ambasadoren-Margaret-Ann-Uyehara.jpg\" \/>\n<meta name=\"twitter:label1\" content=\"Written by\" \/>\n\t<meta name=\"twitter:data1\" content=\"ulqini\" \/>\n\t<meta name=\"twitter:label2\" content=\"Est. reading time\" \/>\n\t<meta name=\"twitter:data2\" content=\"1 minute\" \/>\n<script type=\"application\/ld+json\" class=\"yoast-schema-graph\">{\"@context\":\"https:\/\/schema.org\",\"@graph\":[{\"@type\":\"WebSite\",\"@id\":\"https:\/\/www.visit-ulcinj.com\/blog\/#website\",\"url\":\"https:\/\/www.visit-ulcinj.com\/blog\/\",\"name\":\"Lajme nga Ulqini\",\"description\":\"Lajme,Vijesti,Ulqini,Ulqin,Crna Gora,Mali i Zi\",\"potentialAction\":[{\"@type\":\"SearchAction\",\"target\":{\"@type\":\"EntryPoint\",\"urlTemplate\":\"https:\/\/www.visit-ulcinj.com\/blog\/?s={search_term_string}\"},\"query-input\":\"required name=search_term_string\"}],\"inLanguage\":\"en-US\"},{\"@type\":\"ImageObject\",\"inLanguage\":\"en-US\",\"@id\":\"https:\/\/www.visit-ulcinj.com\/blog\/2017\/01\/26\/ministri-zenka-takon-ambasadoren-e-shba-se-ne-podgorice-margaret-ann-uyehara\/#primaryimage\",\"url\":\"https:\/\/www.visit-ulcinj.com\/blog\/wp-content\/uploads\/2017\/01\/Ministri-Zenka-takon-Ambasadoren-Margaret-Ann-Uyehara.jpg\",\"contentUrl\":\"https:\/\/www.visit-ulcinj.com\/blog\/wp-content\/uploads\/2017\/01\/Ministri-Zenka-takon-Ambasadoren-Margaret-Ann-Uyehara.jpg\",\"width\":480,\"height\":301},{\"@type\":\"WebPage\",\"@id\":\"https:\/\/www.visit-ulcinj.com\/blog\/2017\/01\/26\/ministri-zenka-takon-ambasadoren-e-shba-se-ne-podgorice-margaret-ann-uyehara\/#webpage\",\"url\":\"https:\/\/www.visit-ulcinj.com\/blog\/2017\/01\/26\/ministri-zenka-takon-ambasadoren-e-shba-se-ne-podgorice-margaret-ann-uyehara\/\",\"name\":\"Ministri Zenka takon Ambasadoren e SHBA-s\u00eb n\u00eb Podgoric\u00eb, Margaret Ann Uyehara - Lajme nga Ulqini\",\"isPartOf\":{\"@id\":\"https:\/\/www.visit-ulcinj.com\/blog\/#website\"},\"primaryImageOfPage\":{\"@id\":\"https:\/\/www.visit-ulcinj.com\/blog\/2017\/01\/26\/ministri-zenka-takon-ambasadoren-e-shba-se-ne-podgorice-margaret-ann-uyehara\/#primaryimage\"},\"datePublished\":\"2017-01-26T22:00:41+00:00\",\"dateModified\":\"2017-01-27T11:33:18+00:00\",\"author\":{\"@id\":\"https:\/\/www.visit-ulcinj.com\/blog\/#\/schema\/person\/dcab619c614d3038751c63bc2aadc06d\"},\"description\":\"Ministri p\u00ebr t\u00eb drejtat e njeriut dhe pakicave Mehmed Zenka u takua t\u00eb enjten me Ambasadoren e SHBA-s\u00eb n\u00eb Podgoric\u00eb, Margaret Ann Uyehara. N\u00eb mes tjerash,\",\"breadcrumb\":{\"@id\":\"https:\/\/www.visit-ulcinj.com\/blog\/2017\/01\/26\/ministri-zenka-takon-ambasadoren-e-shba-se-ne-podgorice-margaret-ann-uyehara\/#breadcrumb\"},\"inLanguage\":\"en-US\",\"potentialAction\":[{\"@type\":\"ReadAction\",\"target\":[\"https:\/\/www.visit-ulcinj.com\/blog\/2017\/01\/26\/ministri-zenka-takon-ambasadoren-e-shba-se-ne-podgorice-margaret-ann-uyehara\/\"]}]},{\"@type\":\"BreadcrumbList\",\"@id\":\"https:\/\/www.visit-ulcinj.com\/blog\/2017\/01\/26\/ministri-zenka-takon-ambasadoren-e-shba-se-ne-podgorice-margaret-ann-uyehara\/#breadcrumb\",\"itemListElement\":[{\"@type\":\"ListItem\",\"position\":1,\"name\":\"Ministri Zenka takon Ambasadoren e SHBA-s\u00eb n\u00eb Podgoric\u00eb, Margaret Ann Uyehara\"}]},{\"@type\":\"Person\",\"@id\":\"https:\/\/www.visit-ulcinj.com\/blog\/#\/schema\/person\/dcab619c614d3038751c63bc2aadc06d\",\"name\":\"ulqini\",\"sameAs\":[\"http:\/\/www.visit-ulcinj.com\"],\"url\":\"https:\/\/www.visit-ulcinj.com\/blog\/author\/admin\/\"}]}<\/script>\n<!-- \/ Yoast SEO plugin. -->","yoast_head_json":{"title":"Ministri Zenka takon Ambasadoren e SHBA-s\u00eb n\u00eb Podgoric\u00eb, Margaret Ann Uyehara - Lajme nga Ulqini","description":"Ministri p\u00ebr t\u00eb drejtat e njeriut dhe pakicave Mehmed Zenka u takua t\u00eb enjten me Ambasadoren e SHBA-s\u00eb n\u00eb Podgoric\u00eb, Margaret Ann Uyehara. N\u00eb mes tjerash,","robots":{"index":"index","follow":"follow","max-snippet":"max-snippet:-1","max-image-preview":"max-image-preview:large","max-video-preview":"max-video-preview:-1"},"canonical":"https:\/\/www.visit-ulcinj.com\/blog\/2017\/01\/26\/ministri-zenka-takon-ambasadoren-e-shba-se-ne-podgorice-margaret-ann-uyehara\/","og_locale":"en_US","og_type":"article","og_title":"Ministri Zenka takon Ambasadoren e SHBA-s\u00eb n\u00eb Podgoric\u00eb, Margaret Ann Uyehara - Lajme nga Ulqini","og_description":"Ministri p\u00ebr t\u00eb drejtat e njeriut dhe pakicave Mehmed Zenka u takua t\u00eb enjten me Ambasadoren e SHBA-s\u00eb n\u00eb Podgoric\u00eb, Margaret Ann Uyehara. N\u00eb mes tjerash,","og_url":"https:\/\/www.visit-ulcinj.com\/blog\/2017\/01\/26\/ministri-zenka-takon-ambasadoren-e-shba-se-ne-podgorice-margaret-ann-uyehara\/","og_site_name":"Lajme nga Ulqini","article_published_time":"2017-01-26T22:00:41+00:00","article_modified_time":"2017-01-27T11:33:18+00:00","og_image":[{"url":"http:\/\/www.visit-ulcinj.com\/blog\/wp-content\/uploads\/2017\/01\/Ministri-Zenka-takon-Ambasadoren-Margaret-Ann-Uyehara.jpg"}],"twitter_misc":{"Written by":"ulqini","Est. reading time":"1 minute"},"schema":{"@context":"https:\/\/schema.org","@graph":[{"@type":"WebSite","@id":"https:\/\/www.visit-ulcinj.com\/blog\/#website","url":"https:\/\/www.visit-ulcinj.com\/blog\/","name":"Lajme nga Ulqini","description":"Lajme,Vijesti,Ulqini,Ulqin,Crna Gora,Mali i Zi","potentialAction":[{"@type":"SearchAction","target":{"@type":"EntryPoint","urlTemplate":"https:\/\/www.visit-ulcinj.com\/blog\/?s={search_term_string}"},"query-input":"required name=search_term_string"}],"inLanguage":"en-US"},{"@type":"ImageObject","inLanguage":"en-US","@id":"https:\/\/www.visit-ulcinj.com\/blog\/2017\/01\/26\/ministri-zenka-takon-ambasadoren-e-shba-se-ne-podgorice-margaret-ann-uyehara\/#primaryimage","url":"https:\/\/www.visit-ulcinj.com\/blog\/wp-content\/uploads\/2017\/01\/Ministri-Zenka-takon-Ambasadoren-Margaret-Ann-Uyehara.jpg","contentUrl":"https:\/\/www.visit-ulcinj.com\/blog\/wp-content\/uploads\/2017\/01\/Ministri-Zenka-takon-Ambasadoren-Margaret-Ann-Uyehara.jpg","width":480,"height":301},{"@type":"WebPage","@id":"https:\/\/www.visit-ulcinj.com\/blog\/2017\/01\/26\/ministri-zenka-takon-ambasadoren-e-shba-se-ne-podgorice-margaret-ann-uyehara\/#webpage","url":"https:\/\/www.visit-ulcinj.com\/blog\/2017\/01\/26\/ministri-zenka-takon-ambasadoren-e-shba-se-ne-podgorice-margaret-ann-uyehara\/","name":"Ministri Zenka takon Ambasadoren e SHBA-s\u00eb n\u00eb Podgoric\u00eb, Margaret Ann Uyehara - Lajme nga Ulqini","isPartOf":{"@id":"https:\/\/www.visit-ulcinj.com\/blog\/#website"},"primaryImageOfPage":{"@id":"https:\/\/www.visit-ulcinj.com\/blog\/2017\/01\/26\/ministri-zenka-takon-ambasadoren-e-shba-se-ne-podgorice-margaret-ann-uyehara\/#primaryimage"},"datePublished":"2017-01-26T22:00:41+00:00","dateModified":"2017-01-27T11:33:18+00:00","author":{"@id":"https:\/\/www.visit-ulcinj.com\/blog\/#\/schema\/person\/dcab619c614d3038751c63bc2aadc06d"},"description":"Ministri p\u00ebr t\u00eb drejtat e njeriut dhe pakicave Mehmed Zenka u takua t\u00eb enjten me Ambasadoren e SHBA-s\u00eb n\u00eb Podgoric\u00eb, Margaret Ann Uyehara. N\u00eb mes tjerash,","breadcrumb":{"@id":"https:\/\/www.visit-ulcinj.com\/blog\/2017\/01\/26\/ministri-zenka-takon-ambasadoren-e-shba-se-ne-podgorice-margaret-ann-uyehara\/#breadcrumb"},"inLanguage":"en-US","potentialAction":[{"@type":"ReadAction","target":["https:\/\/www.visit-ulcinj.com\/blog\/2017\/01\/26\/ministri-zenka-takon-ambasadoren-e-shba-se-ne-podgorice-margaret-ann-uyehara\/"]}]},{"@type":"BreadcrumbList","@id":"https:\/\/www.visit-ulcinj.com\/blog\/2017\/01\/26\/ministri-zenka-takon-ambasadoren-e-shba-se-ne-podgorice-margaret-ann-uyehara\/#breadcrumb","itemListElement":[{"@type":"ListItem","position":1,"name":"Ministri Zenka takon Ambasadoren e SHBA-s\u00eb n\u00eb Podgoric\u00eb, Margaret Ann Uyehara"}]},{"@type":"Person","@id":"https:\/\/www.visit-ulcinj.com\/blog\/#\/schema\/person\/dcab619c614d3038751c63bc2aadc06d","name":"ulqini","sameAs":["http:\/\/www.visit-ulcinj.com"],"url":"https:\/\/www.visit-ulcinj.com\/blog\/author\/admin\/"}]}},"jetpack_featured_media_url":"","jetpack_sharing_enabled":true,"jetpack_shortlink":"https:\/\/wp.me\/pe6lTn-qEC","_links":{"self":[{"href":"https:\/\/www.visit-ulcinj.com\/blog\/wp-json\/wp\/v2\/posts\/102462"}],"collection":[{"href":"https:\/\/www.visit-ulcinj.com\/blog\/wp-json\/wp\/v2\/posts"}],"about":[{"href":"https:\/\/www.visit-ulcinj.com\/blog\/wp-json\/wp\/v2\/types\/post"}],"author":[{"embeddable":true,"href":"https:\/\/www.visit-ulcinj.com\/blog\/wp-json\/wp\/v2\/users\/1"}],"replies":[{"embeddable":true,"href":"https:\/\/www.visit-ulcinj.com\/blog\/wp-json\/wp\/v2\/comments?post=102462"}],"version-history":[{"count":2,"href":"https:\/\/www.visit-ulcinj.com\/blog\/wp-json\/wp\/v2\/posts\/102462\/revisions"}],"predecessor-version":[{"id":102465,"href":"https:\/\/www.visit-ulcinj.com\/blog\/wp-json\/wp\/v2\/posts\/102462\/revisions\/102465"}],"wp:attachment":[{"href":"https:\/\/www.visit-ulcinj.com\/blog\/wp-json\/wp\/v2\/media?parent=102462"}],"wp:term":[{"taxonomy":"category","embeddable":true,"href":"https:\/\/www.visit-ulcinj.com\/blog\/wp-json\/wp\/v2\/categories?post=102462"},{"taxonomy":"post_tag","embeddable":true,"href":"https:\/\/www.visit-ulcinj.com\/blog\/wp-json\/wp\/v2\/tags?post=102462"}],"curies":[{"name":"wp","href":"https:\/\/api.w.org\/{rel}","templated":true}]}}