{"id":102466,"date":"2017-01-27T08:46:39","date_gmt":"2017-01-27T07:46:39","guid":{"rendered":"http:\/\/www.visit-ulcinj.com\/blog\/?p=102466"},"modified":"2017-01-27T08:46:39","modified_gmt":"2017-01-27T07:46:39","slug":"zenka-uehara-cilj-prosperitetna-integrisana-cg","status":"publish","type":"post","link":"https:\/\/www.visit-ulcinj.com\/blog\/2017\/01\/27\/zenka-uehara-cilj-prosperitetna-integrisana-cg\/","title":{"rendered":"ZENKA &#8211; UEHARA: Cilj &#8211; prosperitetna i integrisana CG"},"content":{"rendered":"<p><strong><a href=\"http:\/\/www.visit-ulcinj.com\/blog\/wp-content\/uploads\/2017\/01\/Ministri-Zenka-takon-Ambasadoren-Margaret-Ann-Uyehara.jpg\"><img loading=\"lazy\" class=\"alignleft wp-image-102463\" src=\"http:\/\/www.visit-ulcinj.com\/blog\/wp-content\/uploads\/2017\/01\/Ministri-Zenka-takon-Ambasadoren-Margaret-Ann-Uyehara.jpg\" alt=\"Ministri Zenka takon Ambasadoren-Margaret- Ann-Uyehara\" width=\"508\" height=\"319\" srcset=\"https:\/\/www.visit-ulcinj.com\/blog\/wp-content\/uploads\/2017\/01\/Ministri-Zenka-takon-Ambasadoren-Margaret-Ann-Uyehara.jpg 480w, https:\/\/www.visit-ulcinj.com\/blog\/wp-content\/uploads\/2017\/01\/Ministri-Zenka-takon-Ambasadoren-Margaret-Ann-Uyehara-300x188.jpg 300w\" sizes=\"(max-width: 508px) 100vw, 508px\" \/><\/a>Sjedinjene Ameri\u010dke Dr\u017eave su respektabilan partner i va\u017ean prijatelj Crne Gore na putu ka evropskim i evroatlanskim integracijama, ocijenjeno je na sastanku ministra za ljudska i manjinska prava Mehmeda Zenke sa ameri\u010dkom ambasadorkom u Crnoj Gori, Margaret En Ueharom. Sagovornici su poru\u010dili da \u0107e Crna Gora i SAD, i u narednom periodu, nastaviti da ja\u010daju saradnju u oblasti unaprije\u0111enja ljudskih prava i sloboda, prava manjinskih naroda i rodne ravnopravnosti.<\/strong><\/p>\n<p>Zenka je ocijenio da Crna Gora mo\u017ee da bude veoma zadovoljna dinamikom procesa ratifikacije Protokola o pristupanju. On je uputio ambasadorki zahvalnost za sveobuhvatnu podr\u0161ku koju SAD u kontinuitetu pru\u017eaju Crnoj Gori u domenu evroatlantskih integracija, i izrazio o\u010dekivanje da \u0107e i proces ratifikacije Protokola o pristupanju Crne Gore NATO-u ovih dana biti uspje\u0161no okon\u010dan po Crnu Goru, saop\u0161teno je iz Ministarstva.<\/p>\n<p>On jeocijenio da je Crna Gora ostvarila uspjeh u oblasti po\u0161tovanja ljudskih prava u pretpristupnim pregovorima za \u010dlanstvo u Evropskoj uniji.<\/p>\n<p>&#8220;Ostvareni uspjeh potvrda je odlu\u010dnosti Vlade Crne Gore u savladavanju izazova u procesu demokratskog razvoja dru\u0161tva&#8221;, kako je naveo, &#8220;jer je jaka vladavina prava preduslov za ukupan prosperitet Crne Gore&#8221;.<\/p>\n<p>\u010cinjenica da Crna Gora prepoznaje i cijeni podr\u0161ku manjinskih naroda, primjetna je i u sastavu nove vlade, gdje su na veoma va\u017ene pozicije imenovani predstavnici iz manjinskih naroda, rekao je Zenka.<\/p>\n<p>Prema njegovim rije\u010dima, potvr\u0111ena spremnost vlade da ja\u010da participaciju predstavnika manjina u svim sferama politi\u010dkog i ekonomskog \u017eivota vodi sve uspje\u0161nijem su\u017eivotu koji smatra klju\u010dnim za napredak cijele zajednice.<\/p>\n<p>&#8220;Veoma va\u017enim Zenka smatra izmjene i dopune Zakona o teritorijalnoj organizaciji Crne Gore. Nova rje\u0161enja omogu\u0107ila bi gradskoj op\u0161tini Tuzi Malesija da ostvari mogu\u0107nost dobijanja statusa punopravne crnogorske op\u0161tine&#8221;, navodi se u saop\u0161tenju.<\/p>\n<p>U vezi sa zakonskim unaprje\u0111enjem prava manjinskih naroda, Zenka je naglasio da je Predlog Zakona o manjinskim pravima i slobodama u skup\u0161tinskoj proceduri, dok je ove godine predvi\u0111eno i usvajanje Zakona o izboru, upotrebi i javnom isticanju nacionalnih simbola, \u0161to dodatno ukazuje na po\u0161tovanje prava pripadnika manjinskih naroda u Crnoj Gori.<\/p>\n<p>Usagla\u0161avanje doma\u0107eg zakonodavstva u oblasti za\u0161tite i unaprje\u0111enja ljudskih i manjinskih prava sa me\u0111unarodnim standardima, ja\u010danje administrativnih kapaciteta i konstantno unaprje\u0111ivanje znanja iz ove oblasti, te upoznavanje gra\u0111ana sa njihovim pravima, uslovi su kvalitetnog temelja vladavine prava.<\/p>\n<p>Sjedinjene Ameri\u010dke Dr\u017eave ostaju sna\u017ean partner Crne Gore u ja\u010danju demokratije i ljudskih prava, rekla je ambasadorka Uehara.<\/p>\n<p>&#8220;Nastavi\u0107emo da pru\u017eamo podr\u0161ku svakom daljem napretku u integracionim procesima Crne Gore, ali i ja\u010danju njenih kapaciteta na tom putu&#8221;, navela je ambasadorka, i rekla da je jedan od glavnih strate\u0161kih ciljeva SAD ja\u010danje demokratskih institucija i za\u0161titu ljudskih prava svih dru\u0161tvenih grupa.<\/p>\n<p>Sagovornici su usaglasili stavove u vezi sa intenziviranjem zajedni\u010dkih aktivnosti na polju promocije ljudskih prava u narednom periodu i zaklju\u010dili da je posebno zna\u010dajna \u010dinjenica da su obje dr\u017eave prepoznale va\u017enost uklju\u010divanja predstavnika manjina na mjestima odlu\u010divanja odlu\u010divanja, u svim va\u017enim oblastima dru\u0161tvenog i politi\u010dkog \u017eivota.<\/p>\n<p>Izvor: RTCG<\/p>\n","protected":false},"excerpt":{"rendered":"<p>Sjedinjene Ameri\u010dke Dr\u017eave su respektabilan partner i va\u017ean prijatelj Crne Gore na putu ka evropskim i evroatlanskim integracijama, ocijenjeno je na sastanku ministra za ljudska i manjinska prava Mehmeda Zenke sa ameri\u010dkom ambasadorkom u Crnoj Gori, Margaret En Ueharom. Sagovornici su poru\u010dili da \u0107e Crna Gora i SAD, i u narednom periodu, nastaviti da ja\u010daju [&hellip;]<\/p>\n","protected":false},"author":1,"featured_media":0,"comment_status":"closed","ping_status":"closed","sticky":false,"template":"","format":"standard","meta":{"spay_email":"","jetpack_publicize_message":"","jetpack_is_tweetstorm":false,"jetpack_publicize_feature_enabled":true},"categories":[8337],"tags":[],"jetpack_publicize_connections":[],"yoast_head":"<!-- This site is optimized with the Yoast SEO plugin v19.1 - https:\/\/yoast.com\/wordpress\/plugins\/seo\/ -->\n<title>ZENKA - UEHARA: Cilj - prosperitetna i integrisana CG - Lajme nga Ulqini<\/title>\n<meta name=\"description\" content=\"Sjedinjene Ameri\u010dke Dr\u017eave su respektabilan partner i va\u017ean prijatelj Crne Gore na putu ka evropskim i evroatlanskim integracijama, ocijenjeno je na\" \/>\n<meta name=\"robots\" content=\"index, follow, max-snippet:-1, max-image-preview:large, max-video-preview:-1\" \/>\n<link rel=\"canonical\" href=\"https:\/\/www.visit-ulcinj.com\/blog\/2017\/01\/27\/zenka-uehara-cilj-prosperitetna-integrisana-cg\/\" \/>\n<meta property=\"og:locale\" content=\"en_US\" \/>\n<meta property=\"og:type\" content=\"article\" \/>\n<meta property=\"og:title\" content=\"ZENKA - UEHARA: Cilj - prosperitetna i integrisana CG - Lajme nga Ulqini\" \/>\n<meta property=\"og:description\" content=\"Sjedinjene Ameri\u010dke Dr\u017eave su respektabilan partner i va\u017ean prijatelj Crne Gore na putu ka evropskim i evroatlanskim integracijama, ocijenjeno je na\" \/>\n<meta property=\"og:url\" content=\"https:\/\/www.visit-ulcinj.com\/blog\/2017\/01\/27\/zenka-uehara-cilj-prosperitetna-integrisana-cg\/\" \/>\n<meta property=\"og:site_name\" content=\"Lajme nga Ulqini\" \/>\n<meta property=\"article:published_time\" content=\"2017-01-27T07:46:39+00:00\" \/>\n<meta property=\"og:image\" content=\"http:\/\/www.visit-ulcinj.com\/blog\/wp-content\/uploads\/2017\/01\/Ministri-Zenka-takon-Ambasadoren-Margaret-Ann-Uyehara.jpg\" \/>\n<meta name=\"twitter:label1\" content=\"Written by\" \/>\n\t<meta name=\"twitter:data1\" content=\"ulqini\" \/>\n\t<meta name=\"twitter:label2\" content=\"Est. reading time\" \/>\n\t<meta name=\"twitter:data2\" content=\"3 minutes\" \/>\n<script type=\"application\/ld+json\" class=\"yoast-schema-graph\">{\"@context\":\"https:\/\/schema.org\",\"@graph\":[{\"@type\":\"WebSite\",\"@id\":\"https:\/\/www.visit-ulcinj.com\/blog\/#website\",\"url\":\"https:\/\/www.visit-ulcinj.com\/blog\/\",\"name\":\"Lajme nga Ulqini\",\"description\":\"Lajme,Vijesti,Ulqini,Ulqin,Crna Gora,Mali i Zi\",\"potentialAction\":[{\"@type\":\"SearchAction\",\"target\":{\"@type\":\"EntryPoint\",\"urlTemplate\":\"https:\/\/www.visit-ulcinj.com\/blog\/?s={search_term_string}\"},\"query-input\":\"required name=search_term_string\"}],\"inLanguage\":\"en-US\"},{\"@type\":\"ImageObject\",\"inLanguage\":\"en-US\",\"@id\":\"https:\/\/www.visit-ulcinj.com\/blog\/2017\/01\/27\/zenka-uehara-cilj-prosperitetna-integrisana-cg\/#primaryimage\",\"url\":\"https:\/\/www.visit-ulcinj.com\/blog\/wp-content\/uploads\/2017\/01\/Ministri-Zenka-takon-Ambasadoren-Margaret-Ann-Uyehara.jpg\",\"contentUrl\":\"https:\/\/www.visit-ulcinj.com\/blog\/wp-content\/uploads\/2017\/01\/Ministri-Zenka-takon-Ambasadoren-Margaret-Ann-Uyehara.jpg\",\"width\":480,\"height\":301},{\"@type\":\"WebPage\",\"@id\":\"https:\/\/www.visit-ulcinj.com\/blog\/2017\/01\/27\/zenka-uehara-cilj-prosperitetna-integrisana-cg\/#webpage\",\"url\":\"https:\/\/www.visit-ulcinj.com\/blog\/2017\/01\/27\/zenka-uehara-cilj-prosperitetna-integrisana-cg\/\",\"name\":\"ZENKA - UEHARA: Cilj - prosperitetna i integrisana CG - Lajme nga Ulqini\",\"isPartOf\":{\"@id\":\"https:\/\/www.visit-ulcinj.com\/blog\/#website\"},\"primaryImageOfPage\":{\"@id\":\"https:\/\/www.visit-ulcinj.com\/blog\/2017\/01\/27\/zenka-uehara-cilj-prosperitetna-integrisana-cg\/#primaryimage\"},\"datePublished\":\"2017-01-27T07:46:39+00:00\",\"dateModified\":\"2017-01-27T07:46:39+00:00\",\"author\":{\"@id\":\"https:\/\/www.visit-ulcinj.com\/blog\/#\/schema\/person\/dcab619c614d3038751c63bc2aadc06d\"},\"description\":\"Sjedinjene Ameri\u010dke Dr\u017eave su respektabilan partner i va\u017ean prijatelj Crne Gore na putu ka evropskim i evroatlanskim integracijama, ocijenjeno je na\",\"breadcrumb\":{\"@id\":\"https:\/\/www.visit-ulcinj.com\/blog\/2017\/01\/27\/zenka-uehara-cilj-prosperitetna-integrisana-cg\/#breadcrumb\"},\"inLanguage\":\"en-US\",\"potentialAction\":[{\"@type\":\"ReadAction\",\"target\":[\"https:\/\/www.visit-ulcinj.com\/blog\/2017\/01\/27\/zenka-uehara-cilj-prosperitetna-integrisana-cg\/\"]}]},{\"@type\":\"BreadcrumbList\",\"@id\":\"https:\/\/www.visit-ulcinj.com\/blog\/2017\/01\/27\/zenka-uehara-cilj-prosperitetna-integrisana-cg\/#breadcrumb\",\"itemListElement\":[{\"@type\":\"ListItem\",\"position\":1,\"name\":\"ZENKA &#8211; UEHARA: Cilj &#8211; prosperitetna i integrisana CG\"}]},{\"@type\":\"Person\",\"@id\":\"https:\/\/www.visit-ulcinj.com\/blog\/#\/schema\/person\/dcab619c614d3038751c63bc2aadc06d\",\"name\":\"ulqini\",\"sameAs\":[\"http:\/\/www.visit-ulcinj.com\"],\"url\":\"https:\/\/www.visit-ulcinj.com\/blog\/author\/admin\/\"}]}<\/script>\n<!-- \/ Yoast SEO plugin. -->","yoast_head_json":{"title":"ZENKA - UEHARA: Cilj - prosperitetna i integrisana CG - Lajme nga Ulqini","description":"Sjedinjene Ameri\u010dke Dr\u017eave su respektabilan partner i va\u017ean prijatelj Crne Gore na putu ka evropskim i evroatlanskim integracijama, ocijenjeno je na","robots":{"index":"index","follow":"follow","max-snippet":"max-snippet:-1","max-image-preview":"max-image-preview:large","max-video-preview":"max-video-preview:-1"},"canonical":"https:\/\/www.visit-ulcinj.com\/blog\/2017\/01\/27\/zenka-uehara-cilj-prosperitetna-integrisana-cg\/","og_locale":"en_US","og_type":"article","og_title":"ZENKA - UEHARA: Cilj - prosperitetna i integrisana CG - Lajme nga Ulqini","og_description":"Sjedinjene Ameri\u010dke Dr\u017eave su respektabilan partner i va\u017ean prijatelj Crne Gore na putu ka evropskim i evroatlanskim integracijama, ocijenjeno je na","og_url":"https:\/\/www.visit-ulcinj.com\/blog\/2017\/01\/27\/zenka-uehara-cilj-prosperitetna-integrisana-cg\/","og_site_name":"Lajme nga Ulqini","article_published_time":"2017-01-27T07:46:39+00:00","og_image":[{"url":"http:\/\/www.visit-ulcinj.com\/blog\/wp-content\/uploads\/2017\/01\/Ministri-Zenka-takon-Ambasadoren-Margaret-Ann-Uyehara.jpg"}],"twitter_misc":{"Written by":"ulqini","Est. reading time":"3 minutes"},"schema":{"@context":"https:\/\/schema.org","@graph":[{"@type":"WebSite","@id":"https:\/\/www.visit-ulcinj.com\/blog\/#website","url":"https:\/\/www.visit-ulcinj.com\/blog\/","name":"Lajme nga Ulqini","description":"Lajme,Vijesti,Ulqini,Ulqin,Crna Gora,Mali i Zi","potentialAction":[{"@type":"SearchAction","target":{"@type":"EntryPoint","urlTemplate":"https:\/\/www.visit-ulcinj.com\/blog\/?s={search_term_string}"},"query-input":"required name=search_term_string"}],"inLanguage":"en-US"},{"@type":"ImageObject","inLanguage":"en-US","@id":"https:\/\/www.visit-ulcinj.com\/blog\/2017\/01\/27\/zenka-uehara-cilj-prosperitetna-integrisana-cg\/#primaryimage","url":"https:\/\/www.visit-ulcinj.com\/blog\/wp-content\/uploads\/2017\/01\/Ministri-Zenka-takon-Ambasadoren-Margaret-Ann-Uyehara.jpg","contentUrl":"https:\/\/www.visit-ulcinj.com\/blog\/wp-content\/uploads\/2017\/01\/Ministri-Zenka-takon-Ambasadoren-Margaret-Ann-Uyehara.jpg","width":480,"height":301},{"@type":"WebPage","@id":"https:\/\/www.visit-ulcinj.com\/blog\/2017\/01\/27\/zenka-uehara-cilj-prosperitetna-integrisana-cg\/#webpage","url":"https:\/\/www.visit-ulcinj.com\/blog\/2017\/01\/27\/zenka-uehara-cilj-prosperitetna-integrisana-cg\/","name":"ZENKA - UEHARA: Cilj - prosperitetna i integrisana CG - Lajme nga Ulqini","isPartOf":{"@id":"https:\/\/www.visit-ulcinj.com\/blog\/#website"},"primaryImageOfPage":{"@id":"https:\/\/www.visit-ulcinj.com\/blog\/2017\/01\/27\/zenka-uehara-cilj-prosperitetna-integrisana-cg\/#primaryimage"},"datePublished":"2017-01-27T07:46:39+00:00","dateModified":"2017-01-27T07:46:39+00:00","author":{"@id":"https:\/\/www.visit-ulcinj.com\/blog\/#\/schema\/person\/dcab619c614d3038751c63bc2aadc06d"},"description":"Sjedinjene Ameri\u010dke Dr\u017eave su respektabilan partner i va\u017ean prijatelj Crne Gore na putu ka evropskim i evroatlanskim integracijama, ocijenjeno je na","breadcrumb":{"@id":"https:\/\/www.visit-ulcinj.com\/blog\/2017\/01\/27\/zenka-uehara-cilj-prosperitetna-integrisana-cg\/#breadcrumb"},"inLanguage":"en-US","potentialAction":[{"@type":"ReadAction","target":["https:\/\/www.visit-ulcinj.com\/blog\/2017\/01\/27\/zenka-uehara-cilj-prosperitetna-integrisana-cg\/"]}]},{"@type":"BreadcrumbList","@id":"https:\/\/www.visit-ulcinj.com\/blog\/2017\/01\/27\/zenka-uehara-cilj-prosperitetna-integrisana-cg\/#breadcrumb","itemListElement":[{"@type":"ListItem","position":1,"name":"ZENKA &#8211; UEHARA: Cilj &#8211; prosperitetna i integrisana CG"}]},{"@type":"Person","@id":"https:\/\/www.visit-ulcinj.com\/blog\/#\/schema\/person\/dcab619c614d3038751c63bc2aadc06d","name":"ulqini","sameAs":["http:\/\/www.visit-ulcinj.com"],"url":"https:\/\/www.visit-ulcinj.com\/blog\/author\/admin\/"}]}},"jetpack_featured_media_url":"","jetpack_sharing_enabled":true,"jetpack_shortlink":"https:\/\/wp.me\/pe6lTn-qEG","_links":{"self":[{"href":"https:\/\/www.visit-ulcinj.com\/blog\/wp-json\/wp\/v2\/posts\/102466"}],"collection":[{"href":"https:\/\/www.visit-ulcinj.com\/blog\/wp-json\/wp\/v2\/posts"}],"about":[{"href":"https:\/\/www.visit-ulcinj.com\/blog\/wp-json\/wp\/v2\/types\/post"}],"author":[{"embeddable":true,"href":"https:\/\/www.visit-ulcinj.com\/blog\/wp-json\/wp\/v2\/users\/1"}],"replies":[{"embeddable":true,"href":"https:\/\/www.visit-ulcinj.com\/blog\/wp-json\/wp\/v2\/comments?post=102466"}],"version-history":[{"count":1,"href":"https:\/\/www.visit-ulcinj.com\/blog\/wp-json\/wp\/v2\/posts\/102466\/revisions"}],"predecessor-version":[{"id":102467,"href":"https:\/\/www.visit-ulcinj.com\/blog\/wp-json\/wp\/v2\/posts\/102466\/revisions\/102467"}],"wp:attachment":[{"href":"https:\/\/www.visit-ulcinj.com\/blog\/wp-json\/wp\/v2\/media?parent=102466"}],"wp:term":[{"taxonomy":"category","embeddable":true,"href":"https:\/\/www.visit-ulcinj.com\/blog\/wp-json\/wp\/v2\/categories?post=102466"},{"taxonomy":"post_tag","embeddable":true,"href":"https:\/\/www.visit-ulcinj.com\/blog\/wp-json\/wp\/v2\/tags?post=102466"}],"curies":[{"name":"wp","href":"https:\/\/api.w.org\/{rel}","templated":true}]}}