{"id":102468,"date":"2017-01-27T08:50:26","date_gmt":"2017-01-27T07:50:26","guid":{"rendered":"http:\/\/www.visit-ulcinj.com\/blog\/?p=102468"},"modified":"2017-01-27T08:51:44","modified_gmt":"2017-01-27T07:51:44","slug":"becic-abazovic-kadrovska-obnova-za-promjene-u-cg","status":"publish","type":"post","link":"https:\/\/www.visit-ulcinj.com\/blog\/2017\/01\/27\/becic-abazovic-kadrovska-obnova-za-promjene-u-cg\/","title":{"rendered":"BE\u010cI\u0106 &#8211; ABAZOVI\u0106: Kadrovska obnova za promjene u CG"},"content":{"rendered":"<p><strong><a href=\"http:\/\/www.visit-ulcinj.com\/blog\/wp-content\/uploads\/2017\/01\/BECIC-ABAZOVIC.jpg\"><img loading=\"lazy\" class=\"alignleft wp-image-102469\" src=\"http:\/\/www.visit-ulcinj.com\/blog\/wp-content\/uploads\/2017\/01\/BECIC-ABAZOVIC.jpg\" alt=\"BECIC- ABAZOVIC\" width=\"508\" height=\"415\" srcset=\"https:\/\/www.visit-ulcinj.com\/blog\/wp-content\/uploads\/2017\/01\/BECIC-ABAZOVIC.jpg 900w, https:\/\/www.visit-ulcinj.com\/blog\/wp-content\/uploads\/2017\/01\/BECIC-ABAZOVIC-300x245.jpg 300w, https:\/\/www.visit-ulcinj.com\/blog\/wp-content\/uploads\/2017\/01\/BECIC-ABAZOVIC-768x627.jpg 768w\" sizes=\"(max-width: 508px) 100vw, 508px\" \/><\/a>Kadrovska obnova neophodna je za kvalitativne dru\u0161tvene promjene u Crnoj Gori a \u010dista i zdrava mladost treba da predvodi dr\u017eavu, a iskustvo da savjetuje i poma\u017ee.<\/strong><\/p>\n<p>To su zajedni\u010dki ocijenili predsjednik Demokratske Crne Gore, Aleksa Be\u010di\u0107 i kandidat za predsjednika Gra\u0111anskog pokreta URA, Dritan Abazovi\u0107.<\/p>\n<p>Kako su saop\u0161tile Demokrate, po\u010dinje nova era na crnogorskoj politi\u010dkoj sceni i u toku je smjena generacija koja \u0107e dovesti do toliko \u017eeljenih promjena.<\/p>\n<p>\u00bbDove\u0161\u0107e do mnogo realnijeg ishoda u vezi sa smjenom vlasti, \u010dime \u0107e neizostavno do\u0107i do demokratizacije crnogorskog dru\u0161tva, a time i boljeg \u017eivotnog standarda za sve gra\u0111ane\u00ab, ocijenjeno je na sastanku.<\/p>\n<p>Dodaje se da su ovim susretom potvr\u0111eni ina\u010de dobri odnosi te dvije politi\u010dke grupacije.<\/p>\n<p>\u00bbSastanak dvojice predstavnika mladih, \u010distih i nekompromitovanih ljudi, nosilaca novih ideja i dvojice politi\u010dara koji se nalaze u vrhu liste onih kojima se najvi\u0161e vjeruje, sam po sebi daje zamah mladosti i budu\u0107nosti, jer gdje je mladost tu je i budu\u0107nost, gdje su \u010diste ruke, tu je sigurnost, a gdje je istinsko pomirenje, tu su pobjede\u00ab, naglasili su Be\u010di\u0107 i Abazovi\u0107.<\/p>\n<p>Saop\u0161teno je da su se dvojica lidera novih snaga u Crnoj Gori saglasili oko toga da je najljep\u0161oj zemlji u Evropi, koja je ve\u0107 \u010detvrt vijeka zarobljena u kand\u017eama kriminogene vlasti, neophodna smjena generacija.<\/p>\n<p>\u00bbCrnogorsko dru\u0161tvo, kao nijedno, uostalom, ne mo\u017ee krenuti naprijed bez svijesti mladih ljudi da moraju da uzmu budu\u0107nost u svoje ruke. \u010cista i zdrava mladost treba da predvodi, a iskustvo da savjetuje i poma\u017ee, to je formula uspjeha i budu\u0107nost Crne Gore\u00ab, pi\u0161e u saop\u0161tenju.<\/p>\n<p>To, kako su kazali, potvr\u0111uje i opoziciona pobjeda u Budvi i Kotoru, \u00bb\u0161to je sna\u017ean zamajac za demokratske promjene, koje su neminovne u Nik\u0161i\u0107u i svim drugim gradovima Crne Gore\u00ab.<\/p>\n<p>\u00bbDvojica mladih lidera, u srda\u010dnom razgovoru, u potpunosti su se saglasili da je kadrovska obnova ne\u0161to bez \u010dega se ne mogu zamisliti kvalitativne dru\u0161tvene promjene u Crnoj Gori, jer \u0161minkanje i simulacija promjena nije ne\u0161to na \u0161ta \u0107e pristati bilo koji od njih\u00ab, ka\u017ee se u saop\u0161tenju.<\/p>\n<p>Uostalom, gra\u0111ani koji im u velikom broju poklanjaju povjerenje od njih ne o\u010dekuju kozmeti\u010dki raskid.<\/p>\n<p>\u00bbVe\u0107 stvarni raskid sa dosada\u0161njom praksom Demokratske partije socijalista i njenih pomaga\u010da, koja je proizvela katastrofalne posljedice u na\u0161em dru\u0161tvu \u2013 ekonomsku poharu, razbijanje kohezije, socijalna raslojavanja nevjerovatnih razmjera, kulturno unaza\u0111ivanje i eroziju svih univerzalnih vrijednosti koje su nekada krasile \u010dojsku Crnu Goru\u00ab, pi\u0161e u saop\u0161tenju.<\/p>\n<p>Be\u010di\u0107 i Abazovi\u0107 postigli su najve\u0107i stepen saglasnosti oko \u010dinjenice da se stru\u010dni i sposobni ljudi moraju afirmisati.<\/p>\n<p>&#8220;Bez sumnje im se davati prednost u odnosu na nestru\u010dne i podobne, koji su \u010dast izuzecima, u sistemu koji je uspostavio DPS imali primat i koji su doveli do sveop\u0161te krize u Crnoj Gori\u00ab, zaklju\u010duje se u saop\u0161enju.<\/p>\n<p>Izvor: MINA \/ RTCG<\/p>\n","protected":false},"excerpt":{"rendered":"<p>Kadrovska obnova neophodna je za kvalitativne dru\u0161tvene promjene u Crnoj Gori a \u010dista i zdrava mladost treba da predvodi dr\u017eavu, a iskustvo da savjetuje i poma\u017ee. To su zajedni\u010dki ocijenili predsjednik Demokratske Crne Gore, Aleksa Be\u010di\u0107 i kandidat za predsjednika Gra\u0111anskog pokreta URA, Dritan Abazovi\u0107. Kako su saop\u0161tile Demokrate, po\u010dinje nova era na crnogorskoj politi\u010dkoj [&hellip;]<\/p>\n","protected":false},"author":1,"featured_media":0,"comment_status":"closed","ping_status":"closed","sticky":false,"template":"","format":"standard","meta":{"spay_email":"","jetpack_publicize_message":"","jetpack_is_tweetstorm":false,"jetpack_publicize_feature_enabled":true},"categories":[6950],"tags":[],"jetpack_publicize_connections":[],"yoast_head":"<!-- This site is optimized with the Yoast SEO plugin v19.1 - https:\/\/yoast.com\/wordpress\/plugins\/seo\/ -->\n<title>BE\u010cI\u0106 - ABAZOVI\u0106: Kadrovska obnova za promjene u CG - Lajme nga Ulqini<\/title>\n<meta name=\"description\" content=\"Kadrovska obnova neophodna je za kvalitativne dru\u0161tvene promjene u Crnoj Gori a \u010dista i zdrava mladost treba da predvodi dr\u017eavu, a iskustvo da savjetuje i\" \/>\n<meta name=\"robots\" content=\"index, follow, max-snippet:-1, max-image-preview:large, max-video-preview:-1\" \/>\n<link rel=\"canonical\" href=\"https:\/\/www.visit-ulcinj.com\/blog\/2017\/01\/27\/becic-abazovic-kadrovska-obnova-za-promjene-u-cg\/\" \/>\n<meta property=\"og:locale\" content=\"en_US\" \/>\n<meta property=\"og:type\" content=\"article\" \/>\n<meta property=\"og:title\" content=\"BE\u010cI\u0106 - ABAZOVI\u0106: Kadrovska obnova za promjene u CG - Lajme nga Ulqini\" \/>\n<meta property=\"og:description\" content=\"Kadrovska obnova neophodna je za kvalitativne dru\u0161tvene promjene u Crnoj Gori a \u010dista i zdrava mladost treba da predvodi dr\u017eavu, a iskustvo da savjetuje i\" \/>\n<meta property=\"og:url\" content=\"https:\/\/www.visit-ulcinj.com\/blog\/2017\/01\/27\/becic-abazovic-kadrovska-obnova-za-promjene-u-cg\/\" \/>\n<meta property=\"og:site_name\" content=\"Lajme nga Ulqini\" \/>\n<meta property=\"article:published_time\" content=\"2017-01-27T07:50:26+00:00\" \/>\n<meta property=\"article:modified_time\" content=\"2017-01-27T07:51:44+00:00\" \/>\n<meta property=\"og:image\" content=\"http:\/\/www.visit-ulcinj.com\/blog\/wp-content\/uploads\/2017\/01\/BECIC-ABAZOVIC.jpg\" \/>\n<meta name=\"twitter:label1\" content=\"Written by\" \/>\n\t<meta name=\"twitter:data1\" content=\"ulqini\" \/>\n\t<meta name=\"twitter:label2\" content=\"Est. reading time\" \/>\n\t<meta name=\"twitter:data2\" content=\"3 minutes\" \/>\n<script type=\"application\/ld+json\" class=\"yoast-schema-graph\">{\"@context\":\"https:\/\/schema.org\",\"@graph\":[{\"@type\":\"WebSite\",\"@id\":\"https:\/\/www.visit-ulcinj.com\/blog\/#website\",\"url\":\"https:\/\/www.visit-ulcinj.com\/blog\/\",\"name\":\"Lajme nga Ulqini\",\"description\":\"Lajme,Vijesti,Ulqini,Ulqin,Crna Gora,Mali i Zi\",\"potentialAction\":[{\"@type\":\"SearchAction\",\"target\":{\"@type\":\"EntryPoint\",\"urlTemplate\":\"https:\/\/www.visit-ulcinj.com\/blog\/?s={search_term_string}\"},\"query-input\":\"required name=search_term_string\"}],\"inLanguage\":\"en-US\"},{\"@type\":\"ImageObject\",\"inLanguage\":\"en-US\",\"@id\":\"https:\/\/www.visit-ulcinj.com\/blog\/2017\/01\/27\/becic-abazovic-kadrovska-obnova-za-promjene-u-cg\/#primaryimage\",\"url\":\"https:\/\/www.visit-ulcinj.com\/blog\/wp-content\/uploads\/2017\/01\/BECIC-ABAZOVIC.jpg\",\"contentUrl\":\"https:\/\/www.visit-ulcinj.com\/blog\/wp-content\/uploads\/2017\/01\/BECIC-ABAZOVIC.jpg\",\"width\":900,\"height\":735},{\"@type\":\"WebPage\",\"@id\":\"https:\/\/www.visit-ulcinj.com\/blog\/2017\/01\/27\/becic-abazovic-kadrovska-obnova-za-promjene-u-cg\/#webpage\",\"url\":\"https:\/\/www.visit-ulcinj.com\/blog\/2017\/01\/27\/becic-abazovic-kadrovska-obnova-za-promjene-u-cg\/\",\"name\":\"BE\u010cI\u0106 - ABAZOVI\u0106: Kadrovska obnova za promjene u CG - Lajme nga Ulqini\",\"isPartOf\":{\"@id\":\"https:\/\/www.visit-ulcinj.com\/blog\/#website\"},\"primaryImageOfPage\":{\"@id\":\"https:\/\/www.visit-ulcinj.com\/blog\/2017\/01\/27\/becic-abazovic-kadrovska-obnova-za-promjene-u-cg\/#primaryimage\"},\"datePublished\":\"2017-01-27T07:50:26+00:00\",\"dateModified\":\"2017-01-27T07:51:44+00:00\",\"author\":{\"@id\":\"https:\/\/www.visit-ulcinj.com\/blog\/#\/schema\/person\/dcab619c614d3038751c63bc2aadc06d\"},\"description\":\"Kadrovska obnova neophodna je za kvalitativne dru\u0161tvene promjene u Crnoj Gori a \u010dista i zdrava mladost treba da predvodi dr\u017eavu, a iskustvo da savjetuje i\",\"breadcrumb\":{\"@id\":\"https:\/\/www.visit-ulcinj.com\/blog\/2017\/01\/27\/becic-abazovic-kadrovska-obnova-za-promjene-u-cg\/#breadcrumb\"},\"inLanguage\":\"en-US\",\"potentialAction\":[{\"@type\":\"ReadAction\",\"target\":[\"https:\/\/www.visit-ulcinj.com\/blog\/2017\/01\/27\/becic-abazovic-kadrovska-obnova-za-promjene-u-cg\/\"]}]},{\"@type\":\"BreadcrumbList\",\"@id\":\"https:\/\/www.visit-ulcinj.com\/blog\/2017\/01\/27\/becic-abazovic-kadrovska-obnova-za-promjene-u-cg\/#breadcrumb\",\"itemListElement\":[{\"@type\":\"ListItem\",\"position\":1,\"name\":\"BE\u010cI\u0106 &#8211; ABAZOVI\u0106: Kadrovska obnova za promjene u CG\"}]},{\"@type\":\"Person\",\"@id\":\"https:\/\/www.visit-ulcinj.com\/blog\/#\/schema\/person\/dcab619c614d3038751c63bc2aadc06d\",\"name\":\"ulqini\",\"sameAs\":[\"http:\/\/www.visit-ulcinj.com\"],\"url\":\"https:\/\/www.visit-ulcinj.com\/blog\/author\/admin\/\"}]}<\/script>\n<!-- \/ Yoast SEO plugin. -->","yoast_head_json":{"title":"BE\u010cI\u0106 - ABAZOVI\u0106: Kadrovska obnova za promjene u CG - Lajme nga Ulqini","description":"Kadrovska obnova neophodna je za kvalitativne dru\u0161tvene promjene u Crnoj Gori a \u010dista i zdrava mladost treba da predvodi dr\u017eavu, a iskustvo da savjetuje i","robots":{"index":"index","follow":"follow","max-snippet":"max-snippet:-1","max-image-preview":"max-image-preview:large","max-video-preview":"max-video-preview:-1"},"canonical":"https:\/\/www.visit-ulcinj.com\/blog\/2017\/01\/27\/becic-abazovic-kadrovska-obnova-za-promjene-u-cg\/","og_locale":"en_US","og_type":"article","og_title":"BE\u010cI\u0106 - ABAZOVI\u0106: Kadrovska obnova za promjene u CG - Lajme nga Ulqini","og_description":"Kadrovska obnova neophodna je za kvalitativne dru\u0161tvene promjene u Crnoj Gori a \u010dista i zdrava mladost treba da predvodi dr\u017eavu, a iskustvo da savjetuje i","og_url":"https:\/\/www.visit-ulcinj.com\/blog\/2017\/01\/27\/becic-abazovic-kadrovska-obnova-za-promjene-u-cg\/","og_site_name":"Lajme nga Ulqini","article_published_time":"2017-01-27T07:50:26+00:00","article_modified_time":"2017-01-27T07:51:44+00:00","og_image":[{"url":"http:\/\/www.visit-ulcinj.com\/blog\/wp-content\/uploads\/2017\/01\/BECIC-ABAZOVIC.jpg"}],"twitter_misc":{"Written by":"ulqini","Est. reading time":"3 minutes"},"schema":{"@context":"https:\/\/schema.org","@graph":[{"@type":"WebSite","@id":"https:\/\/www.visit-ulcinj.com\/blog\/#website","url":"https:\/\/www.visit-ulcinj.com\/blog\/","name":"Lajme nga Ulqini","description":"Lajme,Vijesti,Ulqini,Ulqin,Crna Gora,Mali i Zi","potentialAction":[{"@type":"SearchAction","target":{"@type":"EntryPoint","urlTemplate":"https:\/\/www.visit-ulcinj.com\/blog\/?s={search_term_string}"},"query-input":"required name=search_term_string"}],"inLanguage":"en-US"},{"@type":"ImageObject","inLanguage":"en-US","@id":"https:\/\/www.visit-ulcinj.com\/blog\/2017\/01\/27\/becic-abazovic-kadrovska-obnova-za-promjene-u-cg\/#primaryimage","url":"https:\/\/www.visit-ulcinj.com\/blog\/wp-content\/uploads\/2017\/01\/BECIC-ABAZOVIC.jpg","contentUrl":"https:\/\/www.visit-ulcinj.com\/blog\/wp-content\/uploads\/2017\/01\/BECIC-ABAZOVIC.jpg","width":900,"height":735},{"@type":"WebPage","@id":"https:\/\/www.visit-ulcinj.com\/blog\/2017\/01\/27\/becic-abazovic-kadrovska-obnova-za-promjene-u-cg\/#webpage","url":"https:\/\/www.visit-ulcinj.com\/blog\/2017\/01\/27\/becic-abazovic-kadrovska-obnova-za-promjene-u-cg\/","name":"BE\u010cI\u0106 - ABAZOVI\u0106: Kadrovska obnova za promjene u CG - Lajme nga Ulqini","isPartOf":{"@id":"https:\/\/www.visit-ulcinj.com\/blog\/#website"},"primaryImageOfPage":{"@id":"https:\/\/www.visit-ulcinj.com\/blog\/2017\/01\/27\/becic-abazovic-kadrovska-obnova-za-promjene-u-cg\/#primaryimage"},"datePublished":"2017-01-27T07:50:26+00:00","dateModified":"2017-01-27T07:51:44+00:00","author":{"@id":"https:\/\/www.visit-ulcinj.com\/blog\/#\/schema\/person\/dcab619c614d3038751c63bc2aadc06d"},"description":"Kadrovska obnova neophodna je za kvalitativne dru\u0161tvene promjene u Crnoj Gori a \u010dista i zdrava mladost treba da predvodi dr\u017eavu, a iskustvo da savjetuje i","breadcrumb":{"@id":"https:\/\/www.visit-ulcinj.com\/blog\/2017\/01\/27\/becic-abazovic-kadrovska-obnova-za-promjene-u-cg\/#breadcrumb"},"inLanguage":"en-US","potentialAction":[{"@type":"ReadAction","target":["https:\/\/www.visit-ulcinj.com\/blog\/2017\/01\/27\/becic-abazovic-kadrovska-obnova-za-promjene-u-cg\/"]}]},{"@type":"BreadcrumbList","@id":"https:\/\/www.visit-ulcinj.com\/blog\/2017\/01\/27\/becic-abazovic-kadrovska-obnova-za-promjene-u-cg\/#breadcrumb","itemListElement":[{"@type":"ListItem","position":1,"name":"BE\u010cI\u0106 &#8211; ABAZOVI\u0106: Kadrovska obnova za promjene u CG"}]},{"@type":"Person","@id":"https:\/\/www.visit-ulcinj.com\/blog\/#\/schema\/person\/dcab619c614d3038751c63bc2aadc06d","name":"ulqini","sameAs":["http:\/\/www.visit-ulcinj.com"],"url":"https:\/\/www.visit-ulcinj.com\/blog\/author\/admin\/"}]}},"jetpack_featured_media_url":"","jetpack_sharing_enabled":true,"jetpack_shortlink":"https:\/\/wp.me\/pe6lTn-qEI","_links":{"self":[{"href":"https:\/\/www.visit-ulcinj.com\/blog\/wp-json\/wp\/v2\/posts\/102468"}],"collection":[{"href":"https:\/\/www.visit-ulcinj.com\/blog\/wp-json\/wp\/v2\/posts"}],"about":[{"href":"https:\/\/www.visit-ulcinj.com\/blog\/wp-json\/wp\/v2\/types\/post"}],"author":[{"embeddable":true,"href":"https:\/\/www.visit-ulcinj.com\/blog\/wp-json\/wp\/v2\/users\/1"}],"replies":[{"embeddable":true,"href":"https:\/\/www.visit-ulcinj.com\/blog\/wp-json\/wp\/v2\/comments?post=102468"}],"version-history":[{"count":2,"href":"https:\/\/www.visit-ulcinj.com\/blog\/wp-json\/wp\/v2\/posts\/102468\/revisions"}],"predecessor-version":[{"id":102471,"href":"https:\/\/www.visit-ulcinj.com\/blog\/wp-json\/wp\/v2\/posts\/102468\/revisions\/102471"}],"wp:attachment":[{"href":"https:\/\/www.visit-ulcinj.com\/blog\/wp-json\/wp\/v2\/media?parent=102468"}],"wp:term":[{"taxonomy":"category","embeddable":true,"href":"https:\/\/www.visit-ulcinj.com\/blog\/wp-json\/wp\/v2\/categories?post=102468"},{"taxonomy":"post_tag","embeddable":true,"href":"https:\/\/www.visit-ulcinj.com\/blog\/wp-json\/wp\/v2\/tags?post=102468"}],"curies":[{"name":"wp","href":"https:\/\/api.w.org\/{rel}","templated":true}]}}