{"id":102472,"date":"2017-01-27T09:14:10","date_gmt":"2017-01-27T08:14:10","guid":{"rendered":"http:\/\/www.visit-ulcinj.com\/blog\/?p=102472"},"modified":"2017-01-27T09:15:09","modified_gmt":"2017-01-27T08:15:09","slug":"nje-ishull-arbnesh-ne-kroaci-zare-tvsh-reportazh","status":"publish","type":"post","link":"https:\/\/www.visit-ulcinj.com\/blog\/2017\/01\/27\/nje-ishull-arbnesh-ne-kroaci-zare-tvsh-reportazh\/","title":{"rendered":"Nje ishull arbnesh ne Kroaci &#8211; Zar\u00eb &#8211; TVSH Reportazh"},"content":{"rendered":"<p><a href=\"http:\/\/www.visit-ulcinj.com\/blog\/wp-content\/uploads\/2017\/01\/Zara-Zadar.jpg\"><img loading=\"lazy\" class=\"alignleft wp-image-102473\" src=\"http:\/\/www.visit-ulcinj.com\/blog\/wp-content\/uploads\/2017\/01\/Zara-Zadar.jpg\" alt=\"Zara-Zadar\" width=\"508\" height=\"387\" \/><\/a>Reportazhi \u201cNj\u00eb ishull arbnesh n\u00eb Kroaci\u201d, \u00ebsht\u00eb realizuar gjat\u00eb muajit shkurt 2014, nga ekipi i TVSH-s\u00eb me gazetar Genc Ymeraj, ku jane shfryt\u00ebzuar pamjet-imazhet nga Arbneshi i Zar\u00ebs, vet\u00eb Zara dhe ajo q\u00eb e pasuron e fisnik\u00ebron k\u00ebt\u00eb reportazh jan\u00eb bashk\u00ebbiseduesit: Alma Stip\u00e7eviq, \u2013 e motra e ilirologut Akademik prof. Dr. Aleksand\u00ebr Stip\u00e7eviq, vet\u00eb Aleksand\u00ebr Stip\u00e7eviqi, ish basketbollisti dhe traineri Josip \u2013 Pino Gjergja, futbollisti Pino Petani, gazetari Shenoll Selimoviq etj.<\/p>\n<!--YouTube Error: bad URL entered-->\n","protected":false},"excerpt":{"rendered":"<p>Reportazhi \u201cNj\u00eb ishull arbnesh n\u00eb Kroaci\u201d, \u00ebsht\u00eb realizuar gjat\u00eb muajit shkurt 2014, nga ekipi i TVSH-s\u00eb me gazetar Genc Ymeraj, ku jane shfryt\u00ebzuar pamjet-imazhet nga Arbneshi i Zar\u00ebs, vet\u00eb Zara dhe ajo q\u00eb e pasuron e fisnik\u00ebron k\u00ebt\u00eb reportazh jan\u00eb bashk\u00ebbiseduesit: Alma Stip\u00e7eviq, \u2013 e motra e ilirologut Akademik prof. Dr. Aleksand\u00ebr Stip\u00e7eviq, vet\u00eb Aleksand\u00ebr [&hellip;]<\/p>\n","protected":false},"author":1,"featured_media":0,"comment_status":"closed","ping_status":"closed","sticky":false,"template":"","format":"standard","meta":{"spay_email":"","jetpack_publicize_message":"","jetpack_is_tweetstorm":false,"jetpack_publicize_feature_enabled":true},"categories":[13],"tags":[],"jetpack_publicize_connections":[],"yoast_head":"<!-- This site is optimized with the Yoast SEO plugin v19.1 - https:\/\/yoast.com\/wordpress\/plugins\/seo\/ -->\n<title>Nje ishull arbnesh ne Kroaci - Zar\u00eb - TVSH Reportazh - Lajme nga Ulqini<\/title>\n<meta name=\"description\" content=\"Reportazhi \u201cNj\u00eb ishull arbnesh n\u00eb Kroaci\u201d, \u00ebsht\u00eb realizuar gjat\u00eb muajit shkurt 2014, nga ekipi i TVSH-s\u00eb me gazetar Genc Ymeraj, ku jane shfryt\u00ebzuar\" \/>\n<meta name=\"robots\" content=\"index, follow, max-snippet:-1, max-image-preview:large, max-video-preview:-1\" \/>\n<link rel=\"canonical\" href=\"https:\/\/www.visit-ulcinj.com\/blog\/2017\/01\/27\/nje-ishull-arbnesh-ne-kroaci-zare-tvsh-reportazh\/\" \/>\n<meta property=\"og:locale\" content=\"en_US\" \/>\n<meta property=\"og:type\" content=\"article\" \/>\n<meta property=\"og:title\" content=\"Nje ishull arbnesh ne Kroaci - Zar\u00eb - TVSH Reportazh - Lajme nga Ulqini\" \/>\n<meta property=\"og:description\" content=\"Reportazhi \u201cNj\u00eb ishull arbnesh n\u00eb Kroaci\u201d, \u00ebsht\u00eb realizuar gjat\u00eb muajit shkurt 2014, nga ekipi i TVSH-s\u00eb me gazetar Genc Ymeraj, ku jane shfryt\u00ebzuar\" \/>\n<meta property=\"og:url\" content=\"https:\/\/www.visit-ulcinj.com\/blog\/2017\/01\/27\/nje-ishull-arbnesh-ne-kroaci-zare-tvsh-reportazh\/\" \/>\n<meta property=\"og:site_name\" content=\"Lajme nga Ulqini\" \/>\n<meta property=\"article:published_time\" content=\"2017-01-27T08:14:10+00:00\" \/>\n<meta property=\"article:modified_time\" content=\"2017-01-27T08:15:09+00:00\" \/>\n<meta property=\"og:image\" content=\"http:\/\/www.visit-ulcinj.com\/blog\/wp-content\/uploads\/2017\/01\/Zara-Zadar.jpg\" \/>\n<meta name=\"twitter:label1\" content=\"Written by\" \/>\n\t<meta name=\"twitter:data1\" content=\"ulqini\" \/>\n<script type=\"application\/ld+json\" class=\"yoast-schema-graph\">{\"@context\":\"https:\/\/schema.org\",\"@graph\":[{\"@type\":\"WebSite\",\"@id\":\"https:\/\/www.visit-ulcinj.com\/blog\/#website\",\"url\":\"https:\/\/www.visit-ulcinj.com\/blog\/\",\"name\":\"Lajme nga Ulqini\",\"description\":\"Lajme,Vijesti,Ulqini,Ulqin,Crna Gora,Mali i Zi\",\"potentialAction\":[{\"@type\":\"SearchAction\",\"target\":{\"@type\":\"EntryPoint\",\"urlTemplate\":\"https:\/\/www.visit-ulcinj.com\/blog\/?s={search_term_string}\"},\"query-input\":\"required name=search_term_string\"}],\"inLanguage\":\"en-US\"},{\"@type\":\"ImageObject\",\"inLanguage\":\"en-US\",\"@id\":\"https:\/\/www.visit-ulcinj.com\/blog\/2017\/01\/27\/nje-ishull-arbnesh-ne-kroaci-zare-tvsh-reportazh\/#primaryimage\",\"url\":\"http:\/\/www.visit-ulcinj.com\/blog\/wp-content\/uploads\/2017\/01\/Zara-Zadar.jpg\",\"contentUrl\":\"http:\/\/www.visit-ulcinj.com\/blog\/wp-content\/uploads\/2017\/01\/Zara-Zadar.jpg\"},{\"@type\":\"WebPage\",\"@id\":\"https:\/\/www.visit-ulcinj.com\/blog\/2017\/01\/27\/nje-ishull-arbnesh-ne-kroaci-zare-tvsh-reportazh\/#webpage\",\"url\":\"https:\/\/www.visit-ulcinj.com\/blog\/2017\/01\/27\/nje-ishull-arbnesh-ne-kroaci-zare-tvsh-reportazh\/\",\"name\":\"Nje ishull arbnesh ne Kroaci - Zar\u00eb - TVSH Reportazh - Lajme nga Ulqini\",\"isPartOf\":{\"@id\":\"https:\/\/www.visit-ulcinj.com\/blog\/#website\"},\"primaryImageOfPage\":{\"@id\":\"https:\/\/www.visit-ulcinj.com\/blog\/2017\/01\/27\/nje-ishull-arbnesh-ne-kroaci-zare-tvsh-reportazh\/#primaryimage\"},\"datePublished\":\"2017-01-27T08:14:10+00:00\",\"dateModified\":\"2017-01-27T08:15:09+00:00\",\"author\":{\"@id\":\"https:\/\/www.visit-ulcinj.com\/blog\/#\/schema\/person\/dcab619c614d3038751c63bc2aadc06d\"},\"description\":\"Reportazhi \u201cNj\u00eb ishull arbnesh n\u00eb Kroaci\u201d, \u00ebsht\u00eb realizuar gjat\u00eb muajit shkurt 2014, nga ekipi i TVSH-s\u00eb me gazetar Genc Ymeraj, ku jane shfryt\u00ebzuar\",\"breadcrumb\":{\"@id\":\"https:\/\/www.visit-ulcinj.com\/blog\/2017\/01\/27\/nje-ishull-arbnesh-ne-kroaci-zare-tvsh-reportazh\/#breadcrumb\"},\"inLanguage\":\"en-US\",\"potentialAction\":[{\"@type\":\"ReadAction\",\"target\":[\"https:\/\/www.visit-ulcinj.com\/blog\/2017\/01\/27\/nje-ishull-arbnesh-ne-kroaci-zare-tvsh-reportazh\/\"]}]},{\"@type\":\"BreadcrumbList\",\"@id\":\"https:\/\/www.visit-ulcinj.com\/blog\/2017\/01\/27\/nje-ishull-arbnesh-ne-kroaci-zare-tvsh-reportazh\/#breadcrumb\",\"itemListElement\":[{\"@type\":\"ListItem\",\"position\":1,\"name\":\"Nje ishull arbnesh ne Kroaci &#8211; Zar\u00eb &#8211; TVSH Reportazh\"}]},{\"@type\":\"Person\",\"@id\":\"https:\/\/www.visit-ulcinj.com\/blog\/#\/schema\/person\/dcab619c614d3038751c63bc2aadc06d\",\"name\":\"ulqini\",\"sameAs\":[\"http:\/\/www.visit-ulcinj.com\"],\"url\":\"https:\/\/www.visit-ulcinj.com\/blog\/author\/admin\/\"}]}<\/script>\n<!-- \/ Yoast SEO plugin. -->","yoast_head_json":{"title":"Nje ishull arbnesh ne Kroaci - Zar\u00eb - TVSH Reportazh - Lajme nga Ulqini","description":"Reportazhi \u201cNj\u00eb ishull arbnesh n\u00eb Kroaci\u201d, \u00ebsht\u00eb realizuar gjat\u00eb muajit shkurt 2014, nga ekipi i TVSH-s\u00eb me gazetar Genc Ymeraj, ku jane shfryt\u00ebzuar","robots":{"index":"index","follow":"follow","max-snippet":"max-snippet:-1","max-image-preview":"max-image-preview:large","max-video-preview":"max-video-preview:-1"},"canonical":"https:\/\/www.visit-ulcinj.com\/blog\/2017\/01\/27\/nje-ishull-arbnesh-ne-kroaci-zare-tvsh-reportazh\/","og_locale":"en_US","og_type":"article","og_title":"Nje ishull arbnesh ne Kroaci - Zar\u00eb - TVSH Reportazh - Lajme nga Ulqini","og_description":"Reportazhi \u201cNj\u00eb ishull arbnesh n\u00eb Kroaci\u201d, \u00ebsht\u00eb realizuar gjat\u00eb muajit shkurt 2014, nga ekipi i TVSH-s\u00eb me gazetar Genc Ymeraj, ku jane shfryt\u00ebzuar","og_url":"https:\/\/www.visit-ulcinj.com\/blog\/2017\/01\/27\/nje-ishull-arbnesh-ne-kroaci-zare-tvsh-reportazh\/","og_site_name":"Lajme nga Ulqini","article_published_time":"2017-01-27T08:14:10+00:00","article_modified_time":"2017-01-27T08:15:09+00:00","og_image":[{"url":"http:\/\/www.visit-ulcinj.com\/blog\/wp-content\/uploads\/2017\/01\/Zara-Zadar.jpg"}],"twitter_misc":{"Written by":"ulqini"},"schema":{"@context":"https:\/\/schema.org","@graph":[{"@type":"WebSite","@id":"https:\/\/www.visit-ulcinj.com\/blog\/#website","url":"https:\/\/www.visit-ulcinj.com\/blog\/","name":"Lajme nga Ulqini","description":"Lajme,Vijesti,Ulqini,Ulqin,Crna Gora,Mali i Zi","potentialAction":[{"@type":"SearchAction","target":{"@type":"EntryPoint","urlTemplate":"https:\/\/www.visit-ulcinj.com\/blog\/?s={search_term_string}"},"query-input":"required name=search_term_string"}],"inLanguage":"en-US"},{"@type":"ImageObject","inLanguage":"en-US","@id":"https:\/\/www.visit-ulcinj.com\/blog\/2017\/01\/27\/nje-ishull-arbnesh-ne-kroaci-zare-tvsh-reportazh\/#primaryimage","url":"http:\/\/www.visit-ulcinj.com\/blog\/wp-content\/uploads\/2017\/01\/Zara-Zadar.jpg","contentUrl":"http:\/\/www.visit-ulcinj.com\/blog\/wp-content\/uploads\/2017\/01\/Zara-Zadar.jpg"},{"@type":"WebPage","@id":"https:\/\/www.visit-ulcinj.com\/blog\/2017\/01\/27\/nje-ishull-arbnesh-ne-kroaci-zare-tvsh-reportazh\/#webpage","url":"https:\/\/www.visit-ulcinj.com\/blog\/2017\/01\/27\/nje-ishull-arbnesh-ne-kroaci-zare-tvsh-reportazh\/","name":"Nje ishull arbnesh ne Kroaci - Zar\u00eb - TVSH Reportazh - Lajme nga Ulqini","isPartOf":{"@id":"https:\/\/www.visit-ulcinj.com\/blog\/#website"},"primaryImageOfPage":{"@id":"https:\/\/www.visit-ulcinj.com\/blog\/2017\/01\/27\/nje-ishull-arbnesh-ne-kroaci-zare-tvsh-reportazh\/#primaryimage"},"datePublished":"2017-01-27T08:14:10+00:00","dateModified":"2017-01-27T08:15:09+00:00","author":{"@id":"https:\/\/www.visit-ulcinj.com\/blog\/#\/schema\/person\/dcab619c614d3038751c63bc2aadc06d"},"description":"Reportazhi \u201cNj\u00eb ishull arbnesh n\u00eb Kroaci\u201d, \u00ebsht\u00eb realizuar gjat\u00eb muajit shkurt 2014, nga ekipi i TVSH-s\u00eb me gazetar Genc Ymeraj, ku jane shfryt\u00ebzuar","breadcrumb":{"@id":"https:\/\/www.visit-ulcinj.com\/blog\/2017\/01\/27\/nje-ishull-arbnesh-ne-kroaci-zare-tvsh-reportazh\/#breadcrumb"},"inLanguage":"en-US","potentialAction":[{"@type":"ReadAction","target":["https:\/\/www.visit-ulcinj.com\/blog\/2017\/01\/27\/nje-ishull-arbnesh-ne-kroaci-zare-tvsh-reportazh\/"]}]},{"@type":"BreadcrumbList","@id":"https:\/\/www.visit-ulcinj.com\/blog\/2017\/01\/27\/nje-ishull-arbnesh-ne-kroaci-zare-tvsh-reportazh\/#breadcrumb","itemListElement":[{"@type":"ListItem","position":1,"name":"Nje ishull arbnesh ne Kroaci &#8211; Zar\u00eb &#8211; TVSH Reportazh"}]},{"@type":"Person","@id":"https:\/\/www.visit-ulcinj.com\/blog\/#\/schema\/person\/dcab619c614d3038751c63bc2aadc06d","name":"ulqini","sameAs":["http:\/\/www.visit-ulcinj.com"],"url":"https:\/\/www.visit-ulcinj.com\/blog\/author\/admin\/"}]}},"jetpack_featured_media_url":"","jetpack_sharing_enabled":true,"jetpack_shortlink":"https:\/\/wp.me\/pe6lTn-qEM","_links":{"self":[{"href":"https:\/\/www.visit-ulcinj.com\/blog\/wp-json\/wp\/v2\/posts\/102472"}],"collection":[{"href":"https:\/\/www.visit-ulcinj.com\/blog\/wp-json\/wp\/v2\/posts"}],"about":[{"href":"https:\/\/www.visit-ulcinj.com\/blog\/wp-json\/wp\/v2\/types\/post"}],"author":[{"embeddable":true,"href":"https:\/\/www.visit-ulcinj.com\/blog\/wp-json\/wp\/v2\/users\/1"}],"replies":[{"embeddable":true,"href":"https:\/\/www.visit-ulcinj.com\/blog\/wp-json\/wp\/v2\/comments?post=102472"}],"version-history":[{"count":2,"href":"https:\/\/www.visit-ulcinj.com\/blog\/wp-json\/wp\/v2\/posts\/102472\/revisions"}],"predecessor-version":[{"id":102475,"href":"https:\/\/www.visit-ulcinj.com\/blog\/wp-json\/wp\/v2\/posts\/102472\/revisions\/102475"}],"wp:attachment":[{"href":"https:\/\/www.visit-ulcinj.com\/blog\/wp-json\/wp\/v2\/media?parent=102472"}],"wp:term":[{"taxonomy":"category","embeddable":true,"href":"https:\/\/www.visit-ulcinj.com\/blog\/wp-json\/wp\/v2\/categories?post=102472"},{"taxonomy":"post_tag","embeddable":true,"href":"https:\/\/www.visit-ulcinj.com\/blog\/wp-json\/wp\/v2\/tags?post=102472"}],"curies":[{"name":"wp","href":"https:\/\/api.w.org\/{rel}","templated":true}]}}