{"id":102494,"date":"2017-01-28T18:11:12","date_gmt":"2017-01-28T17:11:12","guid":{"rendered":"http:\/\/www.visit-ulcinj.com\/blog\/?p=102494"},"modified":"2017-01-30T15:38:07","modified_gmt":"2017-01-30T14:38:07","slug":"edhe-pse-ne-dimer-sot-si-dite-pranvere-ne-ulqin","status":"publish","type":"post","link":"https:\/\/www.visit-ulcinj.com\/blog\/2017\/01\/28\/edhe-pse-ne-dimer-sot-si-dite-pranvere-ne-ulqin\/","title":{"rendered":"Edhe pse n\u00eb dim\u00ebr, sot si dit\u00eb pranvere n\u00eb Ulqin"},"content":{"rendered":"<p><strong><a href=\"http:\/\/www.visit-ulcinj.com\/blog\/wp-content\/uploads\/2017\/01\/Edhe-pse-n\u00eb-dim\u00ebr-sot-si-dit\u00eb-pranvere-n\u00eb-Ulqin.jpg\"><img loading=\"lazy\" class=\"alignleft wp-image-102495\" src=\"http:\/\/www.visit-ulcinj.com\/blog\/wp-content\/uploads\/2017\/01\/Edhe-pse-n\u00eb-dim\u00ebr-sot-si-dit\u00eb-pranvere-n\u00eb-Ulqin.jpg\" alt=\"Edhe pse n\u00eb dim\u00ebr, sot si dit\u00eb pranvere n\u00eb Ulqin\" width=\"508\" height=\"381\" srcset=\"https:\/\/www.visit-ulcinj.com\/blog\/wp-content\/uploads\/2017\/01\/Edhe-pse-n\u00eb-dim\u00ebr-sot-si-dit\u00eb-pranvere-n\u00eb-Ulqin.jpg 960w, https:\/\/www.visit-ulcinj.com\/blog\/wp-content\/uploads\/2017\/01\/Edhe-pse-n\u00eb-dim\u00ebr-sot-si-dit\u00eb-pranvere-n\u00eb-Ulqin-300x225.jpg 300w, https:\/\/www.visit-ulcinj.com\/blog\/wp-content\/uploads\/2017\/01\/Edhe-pse-n\u00eb-dim\u00ebr-sot-si-dit\u00eb-pranvere-n\u00eb-Ulqin-768x576.jpg 768w\" sizes=\"(max-width: 508px) 100vw, 508px\" \/><\/a><a id=\"js_6p3\" class=\"_hli\" href=\"https:\/\/www.facebook.com\/ismet.karamanaga\" data-hovercard=\"\/ajax\/hovercard\/user.php?id=1359492972\" data-hovercard-prefer-more-content-show=\"1\">Ismet Karamanaga<\/a> iu sjell disa fotografi nga moti me diell nga qyteti i Ulqinit, dhe ku shprehet ai me k\u00ebto fjal:<br \/>\n<\/strong><\/p>\n<p><strong>28.01.2017<\/strong><\/p>\n<p>Sot pas dite n\u00eb Ran\u00eb. N\u00eb p\u00ebrgjith\u00ebsi sot ka qen\u00eb nj\u00eb dit\u00eb e bukur me diell. Rana, shetitorja e jon\u00eb e bukur \u00ebsht\u00eb magjepse dhe t\u00ebrheq\u00ebse p\u00ebr shum\u00eb t\u00eb rinj\u00eb, sidomos pas nj\u00eb kohe t\u00eb ftoft\u00eb i cila ende sundon tek ne<\/p>\n<p>Derisa para dy jav\u00ebsh shum\u00eb pjes\u00eb t\u00eb Malit t\u00eb Zi u v\u00ebrshuan nga bora e pand\u00ebrprer\u00eb q\u00eb ra, kurse sot n\u00eb p\u00ebrgjith\u00ebsi po mbizot\u00ebron mot i ngroht\u00eb dhe me diell, sikur t\u00eb ishim n\u00eb pranver\u00eb.<\/p>\n<p>N\u00eb rrug\u00ebt dhe sheshet e Ulqinit shihen shum\u00eb njer\u00ebz duke sh\u00ebtitur dhe duke u k\u00ebnaq me diellin n\u00ebp\u00ebr tarraca t\u00eb kafeneve t\u00eb ndryshme, transmeton\u00a0<strong><a id=\"js_6p3\" class=\"_hli\" href=\"https:\/\/www.facebook.com\/ismet.karamanaga\" data-hovercard=\"\/ajax\/hovercard\/user.php?id=1359492972\" data-hovercard-prefer-more-content-show=\"1\">Ismet Karamanaga<\/a><\/strong> ne faqen e tij\u00eb t\u00eb Facebookut.<\/p>\n<div class=\"ban-article ban-wrap center clearfix\"><\/div>\n<p>Duket se moti i mir\u00eb ka ndikuar edhe n\u00eb disponimin e qytetar\u00ebve t\u00eb cil\u00ebt shihen t\u00eb buz\u00ebqeshur.<\/p>\n<p><a href=\"http:\/\/www.visit-ulcinj.com\/blog\/wp-content\/uploads\/2017\/01\/Edhe-pse-n\u00eb-dim\u00ebr-sot-si-dit\u00eb-pranvere-n\u00eb-Ulqin-1.jpg\"><img loading=\"lazy\" class=\"alignleft wp-image-102496\" src=\"http:\/\/www.visit-ulcinj.com\/blog\/wp-content\/uploads\/2017\/01\/Edhe-pse-n\u00eb-dim\u00ebr-sot-si-dit\u00eb-pranvere-n\u00eb-Ulqin-1.jpg\" alt=\"Edhe pse n\u00eb dim\u00ebr, sot si dit\u00eb pranvere n\u00eb Ulqin-1\" width=\"508\" height=\"381\" srcset=\"https:\/\/www.visit-ulcinj.com\/blog\/wp-content\/uploads\/2017\/01\/Edhe-pse-n\u00eb-dim\u00ebr-sot-si-dit\u00eb-pranvere-n\u00eb-Ulqin-1.jpg 960w, https:\/\/www.visit-ulcinj.com\/blog\/wp-content\/uploads\/2017\/01\/Edhe-pse-n\u00eb-dim\u00ebr-sot-si-dit\u00eb-pranvere-n\u00eb-Ulqin-1-300x225.jpg 300w, https:\/\/www.visit-ulcinj.com\/blog\/wp-content\/uploads\/2017\/01\/Edhe-pse-n\u00eb-dim\u00ebr-sot-si-dit\u00eb-pranvere-n\u00eb-Ulqin-1-768x576.jpg 768w\" sizes=\"(max-width: 508px) 100vw, 508px\" \/><\/a> <a href=\"http:\/\/www.visit-ulcinj.com\/blog\/wp-content\/uploads\/2017\/01\/Edhe-pse-n\u00eb-dim\u00ebr-sot-si-dit\u00eb-pranvere-n\u00eb-Ulqin-3.jpg\"><img loading=\"lazy\" class=\"alignleft wp-image-102497\" src=\"http:\/\/www.visit-ulcinj.com\/blog\/wp-content\/uploads\/2017\/01\/Edhe-pse-n\u00eb-dim\u00ebr-sot-si-dit\u00eb-pranvere-n\u00eb-Ulqin-3.jpg\" alt=\"Edhe pse n\u00eb dim\u00ebr, sot si dit\u00eb pranvere n\u00eb Ulqin-3\" width=\"508\" height=\"381\" srcset=\"https:\/\/www.visit-ulcinj.com\/blog\/wp-content\/uploads\/2017\/01\/Edhe-pse-n\u00eb-dim\u00ebr-sot-si-dit\u00eb-pranvere-n\u00eb-Ulqin-3.jpg 960w, https:\/\/www.visit-ulcinj.com\/blog\/wp-content\/uploads\/2017\/01\/Edhe-pse-n\u00eb-dim\u00ebr-sot-si-dit\u00eb-pranvere-n\u00eb-Ulqin-3-300x225.jpg 300w, https:\/\/www.visit-ulcinj.com\/blog\/wp-content\/uploads\/2017\/01\/Edhe-pse-n\u00eb-dim\u00ebr-sot-si-dit\u00eb-pranvere-n\u00eb-Ulqin-3-768x576.jpg 768w\" sizes=\"(max-width: 508px) 100vw, 508px\" \/><\/a> <a href=\"http:\/\/www.visit-ulcinj.com\/blog\/wp-content\/uploads\/2017\/01\/Edhe-pse-n\u00eb-dim\u00ebr-sot-si-dit\u00eb-pranvere-n\u00eb-Ulqin-2.jpg\"><img loading=\"lazy\" class=\"alignleft wp-image-102498\" src=\"http:\/\/www.visit-ulcinj.com\/blog\/wp-content\/uploads\/2017\/01\/Edhe-pse-n\u00eb-dim\u00ebr-sot-si-dit\u00eb-pranvere-n\u00eb-Ulqin-2.jpg\" alt=\"Edhe pse n\u00eb dim\u00ebr, sot si dit\u00eb pranvere n\u00eb Ulqin-2\" width=\"508\" height=\"381\" srcset=\"https:\/\/www.visit-ulcinj.com\/blog\/wp-content\/uploads\/2017\/01\/Edhe-pse-n\u00eb-dim\u00ebr-sot-si-dit\u00eb-pranvere-n\u00eb-Ulqin-2.jpg 960w, https:\/\/www.visit-ulcinj.com\/blog\/wp-content\/uploads\/2017\/01\/Edhe-pse-n\u00eb-dim\u00ebr-sot-si-dit\u00eb-pranvere-n\u00eb-Ulqin-2-300x225.jpg 300w, https:\/\/www.visit-ulcinj.com\/blog\/wp-content\/uploads\/2017\/01\/Edhe-pse-n\u00eb-dim\u00ebr-sot-si-dit\u00eb-pranvere-n\u00eb-Ulqin-2-768x576.jpg 768w\" sizes=\"(max-width: 508px) 100vw, 508px\" \/><\/a><\/p>\n<p>&nbsp;<\/p>\n","protected":false},"excerpt":{"rendered":"<p>Ismet Karamanaga iu sjell disa fotografi nga moti me diell nga qyteti i Ulqinit, dhe ku shprehet ai me k\u00ebto fjal: 28.01.2017 Sot pas dite n\u00eb Ran\u00eb. N\u00eb p\u00ebrgjith\u00ebsi sot ka qen\u00eb nj\u00eb dit\u00eb e bukur me diell. Rana, shetitorja e jon\u00eb e bukur \u00ebsht\u00eb magjepse dhe t\u00ebrheq\u00ebse p\u00ebr shum\u00eb t\u00eb rinj\u00eb, sidomos pas nj\u00eb [&hellip;]<\/p>\n","protected":false},"author":1,"featured_media":0,"comment_status":"closed","ping_status":"closed","sticky":false,"template":"","format":"standard","meta":{"spay_email":"","jetpack_publicize_message":"","jetpack_is_tweetstorm":false,"jetpack_publicize_feature_enabled":true},"categories":[1,15],"tags":[],"jetpack_publicize_connections":[],"yoast_head":"<!-- This site is optimized with the Yoast SEO plugin v19.1 - https:\/\/yoast.com\/wordpress\/plugins\/seo\/ -->\n<title>Edhe pse n\u00eb dim\u00ebr, sot si dit\u00eb pranvere n\u00eb Ulqin - Lajme nga Ulqini<\/title>\n<meta name=\"description\" content=\"Ismet Karamanaga iu sjell disa fotografi nga moti me diell nga qyteti i Ulqinit, dhe ku shprehet ai me k\u00ebto fjal: 28.01.2017 Sot pas dite n\u00eb Ran\u00eb. N\u00eb\" \/>\n<meta name=\"robots\" content=\"index, follow, max-snippet:-1, max-image-preview:large, max-video-preview:-1\" \/>\n<link rel=\"canonical\" href=\"https:\/\/www.visit-ulcinj.com\/blog\/2017\/01\/28\/edhe-pse-ne-dimer-sot-si-dite-pranvere-ne-ulqin\/\" \/>\n<meta property=\"og:locale\" content=\"en_US\" \/>\n<meta property=\"og:type\" content=\"article\" \/>\n<meta property=\"og:title\" content=\"Edhe pse n\u00eb dim\u00ebr, sot si dit\u00eb pranvere n\u00eb Ulqin - Lajme nga Ulqini\" \/>\n<meta property=\"og:description\" content=\"Ismet Karamanaga iu sjell disa fotografi nga moti me diell nga qyteti i Ulqinit, dhe ku shprehet ai me k\u00ebto fjal: 28.01.2017 Sot pas dite n\u00eb Ran\u00eb. N\u00eb\" \/>\n<meta property=\"og:url\" content=\"https:\/\/www.visit-ulcinj.com\/blog\/2017\/01\/28\/edhe-pse-ne-dimer-sot-si-dite-pranvere-ne-ulqin\/\" \/>\n<meta property=\"og:site_name\" content=\"Lajme nga Ulqini\" \/>\n<meta property=\"article:published_time\" content=\"2017-01-28T17:11:12+00:00\" \/>\n<meta property=\"article:modified_time\" content=\"2017-01-30T14:38:07+00:00\" \/>\n<meta name=\"twitter:label1\" content=\"Written by\" \/>\n\t<meta name=\"twitter:data1\" content=\"ulqini\" \/>\n\t<meta name=\"twitter:label2\" content=\"Est. reading time\" \/>\n\t<meta name=\"twitter:data2\" content=\"1 minute\" \/>\n<script type=\"application\/ld+json\" class=\"yoast-schema-graph\">{\"@context\":\"https:\/\/schema.org\",\"@graph\":[{\"@type\":\"WebSite\",\"@id\":\"https:\/\/www.visit-ulcinj.com\/blog\/#website\",\"url\":\"https:\/\/www.visit-ulcinj.com\/blog\/\",\"name\":\"Lajme nga Ulqini\",\"description\":\"Lajme,Vijesti,Ulqini,Ulqin,Crna Gora,Mali i Zi\",\"potentialAction\":[{\"@type\":\"SearchAction\",\"target\":{\"@type\":\"EntryPoint\",\"urlTemplate\":\"https:\/\/www.visit-ulcinj.com\/blog\/?s={search_term_string}\"},\"query-input\":\"required name=search_term_string\"}],\"inLanguage\":\"en-US\"},{\"@type\":\"WebPage\",\"@id\":\"https:\/\/www.visit-ulcinj.com\/blog\/2017\/01\/28\/edhe-pse-ne-dimer-sot-si-dite-pranvere-ne-ulqin\/#webpage\",\"url\":\"https:\/\/www.visit-ulcinj.com\/blog\/2017\/01\/28\/edhe-pse-ne-dimer-sot-si-dite-pranvere-ne-ulqin\/\",\"name\":\"Edhe pse n\u00eb dim\u00ebr, sot si dit\u00eb pranvere n\u00eb Ulqin - Lajme nga Ulqini\",\"isPartOf\":{\"@id\":\"https:\/\/www.visit-ulcinj.com\/blog\/#website\"},\"datePublished\":\"2017-01-28T17:11:12+00:00\",\"dateModified\":\"2017-01-30T14:38:07+00:00\",\"author\":{\"@id\":\"https:\/\/www.visit-ulcinj.com\/blog\/#\/schema\/person\/dcab619c614d3038751c63bc2aadc06d\"},\"description\":\"Ismet Karamanaga iu sjell disa fotografi nga moti me diell nga qyteti i Ulqinit, dhe ku shprehet ai me k\u00ebto fjal: 28.01.2017 Sot pas dite n\u00eb Ran\u00eb. N\u00eb\",\"breadcrumb\":{\"@id\":\"https:\/\/www.visit-ulcinj.com\/blog\/2017\/01\/28\/edhe-pse-ne-dimer-sot-si-dite-pranvere-ne-ulqin\/#breadcrumb\"},\"inLanguage\":\"en-US\",\"potentialAction\":[{\"@type\":\"ReadAction\",\"target\":[\"https:\/\/www.visit-ulcinj.com\/blog\/2017\/01\/28\/edhe-pse-ne-dimer-sot-si-dite-pranvere-ne-ulqin\/\"]}]},{\"@type\":\"BreadcrumbList\",\"@id\":\"https:\/\/www.visit-ulcinj.com\/blog\/2017\/01\/28\/edhe-pse-ne-dimer-sot-si-dite-pranvere-ne-ulqin\/#breadcrumb\",\"itemListElement\":[{\"@type\":\"ListItem\",\"position\":1,\"name\":\"Edhe pse n\u00eb dim\u00ebr, sot si dit\u00eb pranvere n\u00eb Ulqin\"}]},{\"@type\":\"Person\",\"@id\":\"https:\/\/www.visit-ulcinj.com\/blog\/#\/schema\/person\/dcab619c614d3038751c63bc2aadc06d\",\"name\":\"ulqini\",\"sameAs\":[\"http:\/\/www.visit-ulcinj.com\"],\"url\":\"https:\/\/www.visit-ulcinj.com\/blog\/author\/admin\/\"}]}<\/script>\n<!-- \/ Yoast SEO plugin. -->","yoast_head_json":{"title":"Edhe pse n\u00eb dim\u00ebr, sot si dit\u00eb pranvere n\u00eb Ulqin - Lajme nga Ulqini","description":"Ismet Karamanaga iu sjell disa fotografi nga moti me diell nga qyteti i Ulqinit, dhe ku shprehet ai me k\u00ebto fjal: 28.01.2017 Sot pas dite n\u00eb Ran\u00eb. N\u00eb","robots":{"index":"index","follow":"follow","max-snippet":"max-snippet:-1","max-image-preview":"max-image-preview:large","max-video-preview":"max-video-preview:-1"},"canonical":"https:\/\/www.visit-ulcinj.com\/blog\/2017\/01\/28\/edhe-pse-ne-dimer-sot-si-dite-pranvere-ne-ulqin\/","og_locale":"en_US","og_type":"article","og_title":"Edhe pse n\u00eb dim\u00ebr, sot si dit\u00eb pranvere n\u00eb Ulqin - Lajme nga Ulqini","og_description":"Ismet Karamanaga iu sjell disa fotografi nga moti me diell nga qyteti i Ulqinit, dhe ku shprehet ai me k\u00ebto fjal: 28.01.2017 Sot pas dite n\u00eb Ran\u00eb. N\u00eb","og_url":"https:\/\/www.visit-ulcinj.com\/blog\/2017\/01\/28\/edhe-pse-ne-dimer-sot-si-dite-pranvere-ne-ulqin\/","og_site_name":"Lajme nga Ulqini","article_published_time":"2017-01-28T17:11:12+00:00","article_modified_time":"2017-01-30T14:38:07+00:00","twitter_misc":{"Written by":"ulqini","Est. reading time":"1 minute"},"schema":{"@context":"https:\/\/schema.org","@graph":[{"@type":"WebSite","@id":"https:\/\/www.visit-ulcinj.com\/blog\/#website","url":"https:\/\/www.visit-ulcinj.com\/blog\/","name":"Lajme nga Ulqini","description":"Lajme,Vijesti,Ulqini,Ulqin,Crna Gora,Mali i Zi","potentialAction":[{"@type":"SearchAction","target":{"@type":"EntryPoint","urlTemplate":"https:\/\/www.visit-ulcinj.com\/blog\/?s={search_term_string}"},"query-input":"required name=search_term_string"}],"inLanguage":"en-US"},{"@type":"WebPage","@id":"https:\/\/www.visit-ulcinj.com\/blog\/2017\/01\/28\/edhe-pse-ne-dimer-sot-si-dite-pranvere-ne-ulqin\/#webpage","url":"https:\/\/www.visit-ulcinj.com\/blog\/2017\/01\/28\/edhe-pse-ne-dimer-sot-si-dite-pranvere-ne-ulqin\/","name":"Edhe pse n\u00eb dim\u00ebr, sot si dit\u00eb pranvere n\u00eb Ulqin - Lajme nga Ulqini","isPartOf":{"@id":"https:\/\/www.visit-ulcinj.com\/blog\/#website"},"datePublished":"2017-01-28T17:11:12+00:00","dateModified":"2017-01-30T14:38:07+00:00","author":{"@id":"https:\/\/www.visit-ulcinj.com\/blog\/#\/schema\/person\/dcab619c614d3038751c63bc2aadc06d"},"description":"Ismet Karamanaga iu sjell disa fotografi nga moti me diell nga qyteti i Ulqinit, dhe ku shprehet ai me k\u00ebto fjal: 28.01.2017 Sot pas dite n\u00eb Ran\u00eb. N\u00eb","breadcrumb":{"@id":"https:\/\/www.visit-ulcinj.com\/blog\/2017\/01\/28\/edhe-pse-ne-dimer-sot-si-dite-pranvere-ne-ulqin\/#breadcrumb"},"inLanguage":"en-US","potentialAction":[{"@type":"ReadAction","target":["https:\/\/www.visit-ulcinj.com\/blog\/2017\/01\/28\/edhe-pse-ne-dimer-sot-si-dite-pranvere-ne-ulqin\/"]}]},{"@type":"BreadcrumbList","@id":"https:\/\/www.visit-ulcinj.com\/blog\/2017\/01\/28\/edhe-pse-ne-dimer-sot-si-dite-pranvere-ne-ulqin\/#breadcrumb","itemListElement":[{"@type":"ListItem","position":1,"name":"Edhe pse n\u00eb dim\u00ebr, sot si dit\u00eb pranvere n\u00eb Ulqin"}]},{"@type":"Person","@id":"https:\/\/www.visit-ulcinj.com\/blog\/#\/schema\/person\/dcab619c614d3038751c63bc2aadc06d","name":"ulqini","sameAs":["http:\/\/www.visit-ulcinj.com"],"url":"https:\/\/www.visit-ulcinj.com\/blog\/author\/admin\/"}]}},"jetpack_featured_media_url":"","jetpack_sharing_enabled":true,"jetpack_shortlink":"https:\/\/wp.me\/pe6lTn-qF8","_links":{"self":[{"href":"https:\/\/www.visit-ulcinj.com\/blog\/wp-json\/wp\/v2\/posts\/102494"}],"collection":[{"href":"https:\/\/www.visit-ulcinj.com\/blog\/wp-json\/wp\/v2\/posts"}],"about":[{"href":"https:\/\/www.visit-ulcinj.com\/blog\/wp-json\/wp\/v2\/types\/post"}],"author":[{"embeddable":true,"href":"https:\/\/www.visit-ulcinj.com\/blog\/wp-json\/wp\/v2\/users\/1"}],"replies":[{"embeddable":true,"href":"https:\/\/www.visit-ulcinj.com\/blog\/wp-json\/wp\/v2\/comments?post=102494"}],"version-history":[{"count":2,"href":"https:\/\/www.visit-ulcinj.com\/blog\/wp-json\/wp\/v2\/posts\/102494\/revisions"}],"predecessor-version":[{"id":102500,"href":"https:\/\/www.visit-ulcinj.com\/blog\/wp-json\/wp\/v2\/posts\/102494\/revisions\/102500"}],"wp:attachment":[{"href":"https:\/\/www.visit-ulcinj.com\/blog\/wp-json\/wp\/v2\/media?parent=102494"}],"wp:term":[{"taxonomy":"category","embeddable":true,"href":"https:\/\/www.visit-ulcinj.com\/blog\/wp-json\/wp\/v2\/categories?post=102494"},{"taxonomy":"post_tag","embeddable":true,"href":"https:\/\/www.visit-ulcinj.com\/blog\/wp-json\/wp\/v2\/tags?post=102494"}],"curies":[{"name":"wp","href":"https:\/\/api.w.org\/{rel}","templated":true}]}}