{"id":102502,"date":"2017-01-28T18:40:56","date_gmt":"2017-01-28T17:40:56","guid":{"rendered":"http:\/\/www.visit-ulcinj.com\/blog\/?p=102502"},"modified":"2017-01-28T18:41:43","modified_gmt":"2017-01-28T17:41:43","slug":"u-ulcinj-narednih-dana-smenjivace-se-zima-prolece","status":"publish","type":"post","link":"https:\/\/www.visit-ulcinj.com\/blog\/2017\/01\/28\/u-ulcinj-narednih-dana-smenjivace-se-zima-prolece\/","title":{"rendered":"U Ulcinj narednih dana smenjiva\u0107e se zima i prole\u0107e"},"content":{"rendered":"<p class=\"omc-post-heading-standard\"><strong><a href=\"http:\/\/www.visit-ulcinj.com\/blog\/wp-content\/uploads\/2017\/01\/Edhe-pse-n\u00eb-dim\u00ebr-sot-si-dit\u00eb-pranvere-n\u00eb-Ulqin-3.jpg\"><img loading=\"lazy\" class=\"alignleft wp-image-102497\" src=\"http:\/\/www.visit-ulcinj.com\/blog\/wp-content\/uploads\/2017\/01\/Edhe-pse-n\u00eb-dim\u00ebr-sot-si-dit\u00eb-pranvere-n\u00eb-Ulqin-3.jpg\" alt=\"Edhe pse n\u00eb dim\u00ebr, sot si dit\u00eb pranvere n\u00eb Ulqin-3\" width=\"508\" height=\"381\" srcset=\"https:\/\/www.visit-ulcinj.com\/blog\/wp-content\/uploads\/2017\/01\/Edhe-pse-n\u00eb-dim\u00ebr-sot-si-dit\u00eb-pranvere-n\u00eb-Ulqin-3.jpg 960w, https:\/\/www.visit-ulcinj.com\/blog\/wp-content\/uploads\/2017\/01\/Edhe-pse-n\u00eb-dim\u00ebr-sot-si-dit\u00eb-pranvere-n\u00eb-Ulqin-3-300x225.jpg 300w, https:\/\/www.visit-ulcinj.com\/blog\/wp-content\/uploads\/2017\/01\/Edhe-pse-n\u00eb-dim\u00ebr-sot-si-dit\u00eb-pranvere-n\u00eb-Ulqin-3-768x576.jpg 768w\" sizes=\"(max-width: 508px) 100vw, 508px\" \/><\/a>U Ulcinju narednih dana smenjiva\u0107e se zima i prole\u0107e!<\/strong><\/p>\n<p class=\"omc-post-heading-standard\"><a href=\"https:\/\/www.facebook.com\/ismet.karamanaga?fref=ts\"><strong>Prenosimo fotografije sa stranice <span class=\"st\">Facebooka Ismeta Karamanage koji opisuju Ulcinj danas:<\/span><\/strong><\/a><\/p>\n<p class=\"omc-post-heading-standard\">Lijepo i sun\u010dano vrijeme. bez vjetra, izmamilo je danas mnoge prolaznike i \u0161eta\u010de na Pristanu. Puno mladih, u\u017eivalo je u poslijepodnevnim satima u ovom prelijepom ambijentu na samoj pjeni od mora. Bilo je i interesantih pojava na samoj povr\u0161ini mora..<\/p>\n<p class=\"lead\">Sun\u010dana i topla januarska subota izmamila je Ulcinjane da iza\u0111u na pristan u kafi\u0107e i u\u017eivaju na temperaturi od 10\u00b0C do 12 \u00b0C , koliko je izmjereno u 13 sati.<\/p>\n<p>Meteorolozi su i za naredne dane najavili lijepo vrijeme, sa dosta sunca.<\/p>\n<p><a href=\"http:\/\/www.visit-ulcinj.com\/blog\/wp-content\/uploads\/2017\/01\/Edhe-pse-n\u00eb-dim\u00ebr-sot-si-dit\u00eb-pranvere-n\u00eb-Ulqin-2.jpg\"><img loading=\"lazy\" class=\"alignleft wp-image-102498\" src=\"http:\/\/www.visit-ulcinj.com\/blog\/wp-content\/uploads\/2017\/01\/Edhe-pse-n\u00eb-dim\u00ebr-sot-si-dit\u00eb-pranvere-n\u00eb-Ulqin-2.jpg\" alt=\"Edhe pse n\u00eb dim\u00ebr, sot si dit\u00eb pranvere n\u00eb Ulqin-2\" width=\"508\" height=\"381\" srcset=\"https:\/\/www.visit-ulcinj.com\/blog\/wp-content\/uploads\/2017\/01\/Edhe-pse-n\u00eb-dim\u00ebr-sot-si-dit\u00eb-pranvere-n\u00eb-Ulqin-2.jpg 960w, https:\/\/www.visit-ulcinj.com\/blog\/wp-content\/uploads\/2017\/01\/Edhe-pse-n\u00eb-dim\u00ebr-sot-si-dit\u00eb-pranvere-n\u00eb-Ulqin-2-300x225.jpg 300w, https:\/\/www.visit-ulcinj.com\/blog\/wp-content\/uploads\/2017\/01\/Edhe-pse-n\u00eb-dim\u00ebr-sot-si-dit\u00eb-pranvere-n\u00eb-Ulqin-2-768x576.jpg 768w\" sizes=\"(max-width: 508px) 100vw, 508px\" \/><\/a><\/p>\n<p><a href=\"http:\/\/www.visit-ulcinj.com\/blog\/wp-content\/uploads\/2017\/01\/Edhe-pse-n\u00eb-dim\u00ebr-sot-si-dit\u00eb-pranvere-n\u00eb-Ulqin-1.jpg\"><img loading=\"lazy\" class=\"alignleft wp-image-102496\" src=\"http:\/\/www.visit-ulcinj.com\/blog\/wp-content\/uploads\/2017\/01\/Edhe-pse-n\u00eb-dim\u00ebr-sot-si-dit\u00eb-pranvere-n\u00eb-Ulqin-1.jpg\" alt=\"Edhe pse n\u00eb dim\u00ebr, sot si dit\u00eb pranvere n\u00eb Ulqin-1\" width=\"508\" height=\"381\" srcset=\"https:\/\/www.visit-ulcinj.com\/blog\/wp-content\/uploads\/2017\/01\/Edhe-pse-n\u00eb-dim\u00ebr-sot-si-dit\u00eb-pranvere-n\u00eb-Ulqin-1.jpg 960w, https:\/\/www.visit-ulcinj.com\/blog\/wp-content\/uploads\/2017\/01\/Edhe-pse-n\u00eb-dim\u00ebr-sot-si-dit\u00eb-pranvere-n\u00eb-Ulqin-1-300x225.jpg 300w, https:\/\/www.visit-ulcinj.com\/blog\/wp-content\/uploads\/2017\/01\/Edhe-pse-n\u00eb-dim\u00ebr-sot-si-dit\u00eb-pranvere-n\u00eb-Ulqin-1-768x576.jpg 768w\" sizes=\"(max-width: 508px) 100vw, 508px\" \/><\/a><\/p>\n<p><a href=\"http:\/\/www.visit-ulcinj.com\/blog\/wp-content\/uploads\/2017\/01\/Edhe-pse-n\u00eb-dim\u00ebr-sot-si-dit\u00eb-pranvere-n\u00eb-Ulqin.jpg\"><img loading=\"lazy\" class=\"alignleft wp-image-102495\" src=\"http:\/\/www.visit-ulcinj.com\/blog\/wp-content\/uploads\/2017\/01\/Edhe-pse-n\u00eb-dim\u00ebr-sot-si-dit\u00eb-pranvere-n\u00eb-Ulqin.jpg\" alt=\"Edhe pse n\u00eb dim\u00ebr, sot si dit\u00eb pranvere n\u00eb Ulqin\" width=\"508\" height=\"381\" srcset=\"https:\/\/www.visit-ulcinj.com\/blog\/wp-content\/uploads\/2017\/01\/Edhe-pse-n\u00eb-dim\u00ebr-sot-si-dit\u00eb-pranvere-n\u00eb-Ulqin.jpg 960w, https:\/\/www.visit-ulcinj.com\/blog\/wp-content\/uploads\/2017\/01\/Edhe-pse-n\u00eb-dim\u00ebr-sot-si-dit\u00eb-pranvere-n\u00eb-Ulqin-300x225.jpg 300w, https:\/\/www.visit-ulcinj.com\/blog\/wp-content\/uploads\/2017\/01\/Edhe-pse-n\u00eb-dim\u00ebr-sot-si-dit\u00eb-pranvere-n\u00eb-Ulqin-768x576.jpg 768w\" sizes=\"(max-width: 508px) 100vw, 508px\" \/><\/a><\/p>\n","protected":false},"excerpt":{"rendered":"<p>U Ulcinju narednih dana smenjiva\u0107e se zima i prole\u0107e! Prenosimo fotografije sa stranice Facebooka Ismeta Karamanage koji opisuju Ulcinj danas: Lijepo i sun\u010dano vrijeme. bez vjetra, izmamilo je danas mnoge prolaznike i \u0161eta\u010de na Pristanu. Puno mladih, u\u017eivalo je u poslijepodnevnim satima u ovom prelijepom ambijentu na samoj pjeni od mora. Bilo je i interesantih [&hellip;]<\/p>\n","protected":false},"author":1,"featured_media":0,"comment_status":"closed","ping_status":"closed","sticky":false,"template":"","format":"standard","meta":{"spay_email":"","jetpack_publicize_message":"","jetpack_is_tweetstorm":false,"jetpack_publicize_feature_enabled":true},"categories":[8337],"tags":[],"jetpack_publicize_connections":[],"yoast_head":"<!-- This site is optimized with the Yoast SEO plugin v19.1 - https:\/\/yoast.com\/wordpress\/plugins\/seo\/ -->\n<title>U Ulcinj narednih dana smenjiva\u0107e se zima i prole\u0107e - Lajme nga Ulqini<\/title>\n<meta name=\"description\" content=\"U Ulcinju narednih dana smenjiva\u0107e se zima i prole\u0107e! Prenosimo fotografije sa stranice Facebooka Ismeta Karamanage koji opisuju Ulcinj danas: Lijepo i\" \/>\n<meta name=\"robots\" content=\"index, follow, max-snippet:-1, max-image-preview:large, max-video-preview:-1\" \/>\n<link rel=\"canonical\" href=\"https:\/\/www.visit-ulcinj.com\/blog\/2017\/01\/28\/u-ulcinj-narednih-dana-smenjivace-se-zima-prolece\/\" \/>\n<meta property=\"og:locale\" content=\"en_US\" \/>\n<meta property=\"og:type\" content=\"article\" \/>\n<meta property=\"og:title\" content=\"U Ulcinj narednih dana smenjiva\u0107e se zima i prole\u0107e - Lajme nga Ulqini\" \/>\n<meta property=\"og:description\" content=\"U Ulcinju narednih dana smenjiva\u0107e se zima i prole\u0107e! Prenosimo fotografije sa stranice Facebooka Ismeta Karamanage koji opisuju Ulcinj danas: Lijepo i\" \/>\n<meta property=\"og:url\" content=\"https:\/\/www.visit-ulcinj.com\/blog\/2017\/01\/28\/u-ulcinj-narednih-dana-smenjivace-se-zima-prolece\/\" \/>\n<meta property=\"og:site_name\" content=\"Lajme nga Ulqini\" \/>\n<meta property=\"article:published_time\" content=\"2017-01-28T17:40:56+00:00\" \/>\n<meta property=\"article:modified_time\" content=\"2017-01-28T17:41:43+00:00\" \/>\n<meta name=\"twitter:label1\" content=\"Written by\" \/>\n\t<meta name=\"twitter:data1\" content=\"ulqini\" \/>\n\t<meta name=\"twitter:label2\" content=\"Est. reading time\" \/>\n\t<meta name=\"twitter:data2\" content=\"1 minute\" \/>\n<script type=\"application\/ld+json\" class=\"yoast-schema-graph\">{\"@context\":\"https:\/\/schema.org\",\"@graph\":[{\"@type\":\"WebSite\",\"@id\":\"https:\/\/www.visit-ulcinj.com\/blog\/#website\",\"url\":\"https:\/\/www.visit-ulcinj.com\/blog\/\",\"name\":\"Lajme nga Ulqini\",\"description\":\"Lajme,Vijesti,Ulqini,Ulqin,Crna Gora,Mali i Zi\",\"potentialAction\":[{\"@type\":\"SearchAction\",\"target\":{\"@type\":\"EntryPoint\",\"urlTemplate\":\"https:\/\/www.visit-ulcinj.com\/blog\/?s={search_term_string}\"},\"query-input\":\"required name=search_term_string\"}],\"inLanguage\":\"en-US\"},{\"@type\":\"WebPage\",\"@id\":\"https:\/\/www.visit-ulcinj.com\/blog\/2017\/01\/28\/u-ulcinj-narednih-dana-smenjivace-se-zima-prolece\/#webpage\",\"url\":\"https:\/\/www.visit-ulcinj.com\/blog\/2017\/01\/28\/u-ulcinj-narednih-dana-smenjivace-se-zima-prolece\/\",\"name\":\"U Ulcinj narednih dana smenjiva\u0107e se zima i prole\u0107e - Lajme nga Ulqini\",\"isPartOf\":{\"@id\":\"https:\/\/www.visit-ulcinj.com\/blog\/#website\"},\"datePublished\":\"2017-01-28T17:40:56+00:00\",\"dateModified\":\"2017-01-28T17:41:43+00:00\",\"author\":{\"@id\":\"https:\/\/www.visit-ulcinj.com\/blog\/#\/schema\/person\/dcab619c614d3038751c63bc2aadc06d\"},\"description\":\"U Ulcinju narednih dana smenjiva\u0107e se zima i prole\u0107e! Prenosimo fotografije sa stranice Facebooka Ismeta Karamanage koji opisuju Ulcinj danas: Lijepo i\",\"breadcrumb\":{\"@id\":\"https:\/\/www.visit-ulcinj.com\/blog\/2017\/01\/28\/u-ulcinj-narednih-dana-smenjivace-se-zima-prolece\/#breadcrumb\"},\"inLanguage\":\"en-US\",\"potentialAction\":[{\"@type\":\"ReadAction\",\"target\":[\"https:\/\/www.visit-ulcinj.com\/blog\/2017\/01\/28\/u-ulcinj-narednih-dana-smenjivace-se-zima-prolece\/\"]}]},{\"@type\":\"BreadcrumbList\",\"@id\":\"https:\/\/www.visit-ulcinj.com\/blog\/2017\/01\/28\/u-ulcinj-narednih-dana-smenjivace-se-zima-prolece\/#breadcrumb\",\"itemListElement\":[{\"@type\":\"ListItem\",\"position\":1,\"name\":\"U Ulcinj narednih dana smenjiva\u0107e se zima i prole\u0107e\"}]},{\"@type\":\"Person\",\"@id\":\"https:\/\/www.visit-ulcinj.com\/blog\/#\/schema\/person\/dcab619c614d3038751c63bc2aadc06d\",\"name\":\"ulqini\",\"sameAs\":[\"http:\/\/www.visit-ulcinj.com\"],\"url\":\"https:\/\/www.visit-ulcinj.com\/blog\/author\/admin\/\"}]}<\/script>\n<!-- \/ Yoast SEO plugin. -->","yoast_head_json":{"title":"U Ulcinj narednih dana smenjiva\u0107e se zima i prole\u0107e - Lajme nga Ulqini","description":"U Ulcinju narednih dana smenjiva\u0107e se zima i prole\u0107e! Prenosimo fotografije sa stranice Facebooka Ismeta Karamanage koji opisuju Ulcinj danas: Lijepo i","robots":{"index":"index","follow":"follow","max-snippet":"max-snippet:-1","max-image-preview":"max-image-preview:large","max-video-preview":"max-video-preview:-1"},"canonical":"https:\/\/www.visit-ulcinj.com\/blog\/2017\/01\/28\/u-ulcinj-narednih-dana-smenjivace-se-zima-prolece\/","og_locale":"en_US","og_type":"article","og_title":"U Ulcinj narednih dana smenjiva\u0107e se zima i prole\u0107e - Lajme nga Ulqini","og_description":"U Ulcinju narednih dana smenjiva\u0107e se zima i prole\u0107e! Prenosimo fotografije sa stranice Facebooka Ismeta Karamanage koji opisuju Ulcinj danas: Lijepo i","og_url":"https:\/\/www.visit-ulcinj.com\/blog\/2017\/01\/28\/u-ulcinj-narednih-dana-smenjivace-se-zima-prolece\/","og_site_name":"Lajme nga Ulqini","article_published_time":"2017-01-28T17:40:56+00:00","article_modified_time":"2017-01-28T17:41:43+00:00","twitter_misc":{"Written by":"ulqini","Est. reading time":"1 minute"},"schema":{"@context":"https:\/\/schema.org","@graph":[{"@type":"WebSite","@id":"https:\/\/www.visit-ulcinj.com\/blog\/#website","url":"https:\/\/www.visit-ulcinj.com\/blog\/","name":"Lajme nga Ulqini","description":"Lajme,Vijesti,Ulqini,Ulqin,Crna Gora,Mali i Zi","potentialAction":[{"@type":"SearchAction","target":{"@type":"EntryPoint","urlTemplate":"https:\/\/www.visit-ulcinj.com\/blog\/?s={search_term_string}"},"query-input":"required name=search_term_string"}],"inLanguage":"en-US"},{"@type":"WebPage","@id":"https:\/\/www.visit-ulcinj.com\/blog\/2017\/01\/28\/u-ulcinj-narednih-dana-smenjivace-se-zima-prolece\/#webpage","url":"https:\/\/www.visit-ulcinj.com\/blog\/2017\/01\/28\/u-ulcinj-narednih-dana-smenjivace-se-zima-prolece\/","name":"U Ulcinj narednih dana smenjiva\u0107e se zima i prole\u0107e - Lajme nga Ulqini","isPartOf":{"@id":"https:\/\/www.visit-ulcinj.com\/blog\/#website"},"datePublished":"2017-01-28T17:40:56+00:00","dateModified":"2017-01-28T17:41:43+00:00","author":{"@id":"https:\/\/www.visit-ulcinj.com\/blog\/#\/schema\/person\/dcab619c614d3038751c63bc2aadc06d"},"description":"U Ulcinju narednih dana smenjiva\u0107e se zima i prole\u0107e! Prenosimo fotografije sa stranice Facebooka Ismeta Karamanage koji opisuju Ulcinj danas: Lijepo i","breadcrumb":{"@id":"https:\/\/www.visit-ulcinj.com\/blog\/2017\/01\/28\/u-ulcinj-narednih-dana-smenjivace-se-zima-prolece\/#breadcrumb"},"inLanguage":"en-US","potentialAction":[{"@type":"ReadAction","target":["https:\/\/www.visit-ulcinj.com\/blog\/2017\/01\/28\/u-ulcinj-narednih-dana-smenjivace-se-zima-prolece\/"]}]},{"@type":"BreadcrumbList","@id":"https:\/\/www.visit-ulcinj.com\/blog\/2017\/01\/28\/u-ulcinj-narednih-dana-smenjivace-se-zima-prolece\/#breadcrumb","itemListElement":[{"@type":"ListItem","position":1,"name":"U Ulcinj narednih dana smenjiva\u0107e se zima i prole\u0107e"}]},{"@type":"Person","@id":"https:\/\/www.visit-ulcinj.com\/blog\/#\/schema\/person\/dcab619c614d3038751c63bc2aadc06d","name":"ulqini","sameAs":["http:\/\/www.visit-ulcinj.com"],"url":"https:\/\/www.visit-ulcinj.com\/blog\/author\/admin\/"}]}},"jetpack_featured_media_url":"","jetpack_sharing_enabled":true,"jetpack_shortlink":"https:\/\/wp.me\/pe6lTn-qFg","_links":{"self":[{"href":"https:\/\/www.visit-ulcinj.com\/blog\/wp-json\/wp\/v2\/posts\/102502"}],"collection":[{"href":"https:\/\/www.visit-ulcinj.com\/blog\/wp-json\/wp\/v2\/posts"}],"about":[{"href":"https:\/\/www.visit-ulcinj.com\/blog\/wp-json\/wp\/v2\/types\/post"}],"author":[{"embeddable":true,"href":"https:\/\/www.visit-ulcinj.com\/blog\/wp-json\/wp\/v2\/users\/1"}],"replies":[{"embeddable":true,"href":"https:\/\/www.visit-ulcinj.com\/blog\/wp-json\/wp\/v2\/comments?post=102502"}],"version-history":[{"count":2,"href":"https:\/\/www.visit-ulcinj.com\/blog\/wp-json\/wp\/v2\/posts\/102502\/revisions"}],"predecessor-version":[{"id":102504,"href":"https:\/\/www.visit-ulcinj.com\/blog\/wp-json\/wp\/v2\/posts\/102502\/revisions\/102504"}],"wp:attachment":[{"href":"https:\/\/www.visit-ulcinj.com\/blog\/wp-json\/wp\/v2\/media?parent=102502"}],"wp:term":[{"taxonomy":"category","embeddable":true,"href":"https:\/\/www.visit-ulcinj.com\/blog\/wp-json\/wp\/v2\/categories?post=102502"},{"taxonomy":"post_tag","embeddable":true,"href":"https:\/\/www.visit-ulcinj.com\/blog\/wp-json\/wp\/v2\/tags?post=102502"}],"curies":[{"name":"wp","href":"https:\/\/api.w.org\/{rel}","templated":true}]}}