{"id":102520,"date":"2017-01-29T15:45:26","date_gmt":"2017-01-29T14:45:26","guid":{"rendered":"http:\/\/www.visit-ulcinj.com\/blog\/?p=102520"},"modified":"2017-01-29T15:47:35","modified_gmt":"2017-01-29T14:47:35","slug":"memoriam-rifat-hoxha","status":"publish","type":"post","link":"https:\/\/www.visit-ulcinj.com\/blog\/2017\/01\/29\/memoriam-rifat-hoxha\/","title":{"rendered":"In Memoriam &#8211; Rifat Hoxha"},"content":{"rendered":"<p><a href=\"http:\/\/www.visit-ulcinj.com\/blog\/wp-content\/uploads\/2017\/01\/In-Memoriam-Rifat-Hoxha.jpg\"><img loading=\"lazy\" class=\"alignleft wp-image-102521\" src=\"http:\/\/www.visit-ulcinj.com\/blog\/wp-content\/uploads\/2017\/01\/In-Memoriam-Rifat-Hoxha.jpg\" alt=\"In Memoriam - Rifat Hoxha\" width=\"508\" height=\"501\" srcset=\"https:\/\/www.visit-ulcinj.com\/blog\/wp-content\/uploads\/2017\/01\/In-Memoriam-Rifat-Hoxha.jpg 535w, https:\/\/www.visit-ulcinj.com\/blog\/wp-content\/uploads\/2017\/01\/In-Memoriam-Rifat-Hoxha-300x296.jpg 300w\" sizes=\"(max-width: 508px) 100vw, 508px\" \/><\/a>IN MEMORIAM :<br \/>\nT\u00eb shtunen , n\u00eb mosh\u00ebn 83 vje\u00e7are ndrroi jet\u00eb Rifat HOXHA, nj\u00ebri nga fisi i madh dhe i njohur Hoxha nga Ulqini. Nga ky fis nga Pazari i jon\u00eb gjithmon\u00eb ka pasur, dhe ende ka njer\u00ebz t\u00eb pen\u00ebs dhe t\u00eb kalemit, por gjithashu ka pasur edhe shum\u00eb t\u00eb tjer\u00eb t\u00eb thjesht , por t\u00eb cil\u00ebt kan\u00eb l\u00ebn\u00eb gjurm\u00eb t\u00eb pashlyera n\u00eb trash\u00ebgimin ton\u00eb. Nj\u00ebri nga ato i cili ka merituar, dhe ka pasur nj\u00eb respekt t\u00eb ve\u00e7ant\u00eb nga t\u00eb gjith\u00eb qytetar\u00ebt e Ulqinit, ishte edhe i ndjeri <span class=\"text_exposed_show\">Ritat HOXHA. Mendoj se nuk gaboj , kur them\u00eb se Rifati ka qen\u00eb nj\u00eb \u201cnishan\u201d i Pazarit ton\u00eb, nj\u00eb nj\u00ebri i but, i qet\u00eb, modest dhe nj\u00eb nj\u00ebri i cili nuk ka ditur ta ngris\u00eb z\u00ebrin kurr\u00eb. Vitet e fundit, nj\u00eb koh\u00eb t\u00eb gjat\u00eb t\u00eb dit\u00ebs e ka kaluar m\u00eb shok\u00ebt e tij, n\u00eb kafenen \u201cBonita\u201d. Tavolina n\u00eb qoshe, dhe karriga e tij ka qen\u00eb gjithmon\u00eb e rezervuar p\u00ebr Rifatin. T\u00eb gjith\u00eb ne, e kemi ditur k\u00ebte, dhe shpesh jemi ndaluar p\u00ebr ta p\u00ebrshendetur Rifatin dhe shoq\u00ebrin e tij. Munges\u00ebn e tij do ta v\u00ebrejn\u00eb t\u00eb gjith\u00eb ato me t\u00eb cil\u00ebt ai \u00ebsht\u00eb shoq\u00ebruar, personeli i lokalit, por edhe t\u00eb gjith\u00eb ato t\u00eb tjer\u00ebt t\u00eb cil\u00ebt jan\u00eb ndaluar m\u00eb q\u00ebllim p\u00ebr ta p\u00ebrshendetur, dhe p\u00eb ta degjuar ndonj\u00eb gj\u00eb nga trash\u00ebgimia e jon\u00eb. Rifati, ka pasur nj\u00eb jet\u00eb interesante. Ka punuar si marangoz \u00e7\u00eb nga f\u00ebm\u00ebria, ka pasur duart e arta, ka qen\u00eb nj\u00eb mjesht\u00ebr i cili si nj\u00eb artist ka modeluar drurin dhe m\u00eb von\u00eb i ka jap form\u00ebn e duhur. Ka qen\u00eb nj\u00eb mjesht\u00ebr me nam. M\u00eb von\u00eb, deri ke penzioni i merituar ka punuar n\u00eb hotelerin\u00eb e Ulqinit si mjesht\u00ebr n\u00eb Ad\u00eb.<br \/>\nRifat Hooxha, ka pasur edhe nj\u00eb veti t\u00eb ve\u00e7ant\u00eb. M\u00eb zonj\u00ebn e tij t\u00eb ndjer\u00ebn haxhi HAFIZEN, kan\u00eb qen\u00eb shum\u00eb t\u00eb mik\u00ebpritur, kan\u00eb pasur gjithmon\u00eb sht\u00ebpin e \u00e7elur, dhe zemrat e hapura. K\u00ebt\u00eb veti, d\u00ebshiroj ta theksoj, pasi q\u00eb m\u00eb ka mbetur \u00e7\u00eb nga rinia dhe k\u00ebt\u00eb e kam degjuar shpesh nga t\u00eb af\u00ebrmit e mij. Dy hallat e tija z.HAVAJA dhe z. SULLTANA, kan\u00eb qen\u00eb t\u00eb martuara n\u00eb fisin ton\u00eb t\u00eb Karamanag\u00ebve. Rifati ka ardhur shpesh n\u00eb Kala me i marr\u00eb. Ka pasur nj\u00eb respekt t\u00eb madh t\u00eb jasht\u00ebzakosh\u00ebm p\u00ebr k\u00ebto dy zonja , hallat e tija, dhe p\u00ebr t\u00eb gjith\u00eb fisin ton\u00eb.<br \/>\nEdhe nj\u00eb fjali n\u00eb fund. N\u00eb koh\u00ebn kur kam punuar n\u00eb turiz\u00ebm si p\u00ebrfaq\u00ebsuasi i \u201cKompasit\u201d nga Ljubjana, Rifat Hoxha ka qen\u00eb nj\u00eb nd\u00ebr 3 mysafir\u00ebt e par\u00eb t\u00eb cilet kan\u00eb fituar besimin p\u00ebr t\u00eb hyr\u00eb n\u00eb Ship\u00ebri n\u00eb koh\u00ebn, kur, k\u00ebto udh\u00ebtime kan\u00eb qen\u00eb t\u00eb ndaluara.<br \/>\nMendoj se \u00ebsht\u00eb mir\u00eb q\u00eb pesonazhet si\u00e7 ka qen\u00eb Rifat HOXHA, t\u00eb i shenojm\u00eb dhe t\u00eb mos i harrojm\u00eb. \u00cbsht\u00eb mir\u00eb q\u00eb edhe gjeneratat e sotme t\u00eb njoftohen me k\u00ebta njer\u00ebz t\u00eb cil\u00ebt e kan\u00eb sh\u00ebnuar qytetin ton\u00eb n\u00eb shekullin e kaluar. Ndoshta dikur edhe ta g\u00ebzojn\u00eb vendin e merituar n\u00eb trash\u00ebgimin\u00eb ton\u00eb.<br \/>\nInshalla shpirti i tij gjen\u00eb prehje n\u00eb Xhehnet.<\/span><\/p>\n<p><strong><a id=\"js_6h\" class=\"_hli\" href=\"https:\/\/www.facebook.com\/ismet.karamanaga\" data-hovercard=\"\/ajax\/hovercard\/user.php?id=1359492972\" data-hovercard-prefer-more-content-show=\"1\">Ismet Karamanaga <\/a>Facebook<\/strong><\/p>\n<p><a href=\"http:\/\/www.visit-ulcinj.com\/blog\/wp-content\/uploads\/2017\/01\/In-Memoriam-Rifat-Hoxha-Ulqin.jpg\"><img loading=\"lazy\" class=\"alignleft wp-image-102523\" src=\"http:\/\/www.visit-ulcinj.com\/blog\/wp-content\/uploads\/2017\/01\/In-Memoriam-Rifat-Hoxha-Ulqin.jpg\" alt=\"In Memoriam - Rifat Hoxha-Ulqin\" width=\"508\" height=\"905\" srcset=\"https:\/\/www.visit-ulcinj.com\/blog\/wp-content\/uploads\/2017\/01\/In-Memoriam-Rifat-Hoxha-Ulqin.jpg 539w, https:\/\/www.visit-ulcinj.com\/blog\/wp-content\/uploads\/2017\/01\/In-Memoriam-Rifat-Hoxha-Ulqin-168x300.jpg 168w\" sizes=\"(max-width: 508px) 100vw, 508px\" \/><\/a><\/p>\n","protected":false},"excerpt":{"rendered":"<p>IN MEMORIAM : T\u00eb shtunen , n\u00eb mosh\u00ebn 83 vje\u00e7are ndrroi jet\u00eb Rifat HOXHA, nj\u00ebri nga fisi i madh dhe i njohur Hoxha nga Ulqini. Nga ky fis nga Pazari i jon\u00eb gjithmon\u00eb ka pasur, dhe ende ka njer\u00ebz t\u00eb pen\u00ebs dhe t\u00eb kalemit, por gjithashu ka pasur edhe shum\u00eb t\u00eb tjer\u00eb t\u00eb thjesht , [&hellip;]<\/p>\n","protected":false},"author":1,"featured_media":0,"comment_status":"closed","ping_status":"closed","sticky":false,"template":"","format":"standard","meta":{"spay_email":"","jetpack_publicize_message":"","jetpack_is_tweetstorm":false,"jetpack_publicize_feature_enabled":true},"categories":[6950],"tags":[],"jetpack_publicize_connections":[],"yoast_head":"<!-- This site is optimized with the Yoast SEO plugin v19.1 - https:\/\/yoast.com\/wordpress\/plugins\/seo\/ -->\n<title>In Memoriam - Rifat Hoxha - Lajme nga Ulqini<\/title>\n<meta name=\"description\" content=\"IN MEMORIAM : T\u00eb shtunen , n\u00eb mosh\u00ebn 83 vje\u00e7are ndrroi jet\u00eb Rifat HOXHA, nj\u00ebri nga fisi i madh dhe i njohur Hoxha nga Ulqini. Nga ky fis nga Pazari i jon\u00eb\" \/>\n<meta name=\"robots\" content=\"index, follow, max-snippet:-1, max-image-preview:large, max-video-preview:-1\" \/>\n<link rel=\"canonical\" href=\"https:\/\/www.visit-ulcinj.com\/blog\/2017\/01\/29\/memoriam-rifat-hoxha\/\" \/>\n<meta property=\"og:locale\" content=\"en_US\" \/>\n<meta property=\"og:type\" content=\"article\" \/>\n<meta property=\"og:title\" content=\"In Memoriam - Rifat Hoxha - Lajme nga Ulqini\" \/>\n<meta property=\"og:description\" content=\"IN MEMORIAM : T\u00eb shtunen , n\u00eb mosh\u00ebn 83 vje\u00e7are ndrroi jet\u00eb Rifat HOXHA, nj\u00ebri nga fisi i madh dhe i njohur Hoxha nga Ulqini. Nga ky fis nga Pazari i jon\u00eb\" \/>\n<meta property=\"og:url\" content=\"https:\/\/www.visit-ulcinj.com\/blog\/2017\/01\/29\/memoriam-rifat-hoxha\/\" \/>\n<meta property=\"og:site_name\" content=\"Lajme nga Ulqini\" \/>\n<meta property=\"article:published_time\" content=\"2017-01-29T14:45:26+00:00\" \/>\n<meta property=\"article:modified_time\" content=\"2017-01-29T14:47:35+00:00\" \/>\n<meta property=\"og:image\" content=\"http:\/\/www.visit-ulcinj.com\/blog\/wp-content\/uploads\/2017\/01\/In-Memoriam-Rifat-Hoxha.jpg\" \/>\n<meta name=\"twitter:label1\" content=\"Written by\" \/>\n\t<meta name=\"twitter:data1\" content=\"ulqini\" \/>\n\t<meta name=\"twitter:label2\" content=\"Est. reading time\" \/>\n\t<meta name=\"twitter:data2\" content=\"3 minutes\" \/>\n<script type=\"application\/ld+json\" class=\"yoast-schema-graph\">{\"@context\":\"https:\/\/schema.org\",\"@graph\":[{\"@type\":\"WebSite\",\"@id\":\"https:\/\/www.visit-ulcinj.com\/blog\/#website\",\"url\":\"https:\/\/www.visit-ulcinj.com\/blog\/\",\"name\":\"Lajme nga Ulqini\",\"description\":\"Lajme,Vijesti,Ulqini,Ulqin,Crna Gora,Mali i Zi\",\"potentialAction\":[{\"@type\":\"SearchAction\",\"target\":{\"@type\":\"EntryPoint\",\"urlTemplate\":\"https:\/\/www.visit-ulcinj.com\/blog\/?s={search_term_string}\"},\"query-input\":\"required name=search_term_string\"}],\"inLanguage\":\"en-US\"},{\"@type\":\"ImageObject\",\"inLanguage\":\"en-US\",\"@id\":\"https:\/\/www.visit-ulcinj.com\/blog\/2017\/01\/29\/memoriam-rifat-hoxha\/#primaryimage\",\"url\":\"https:\/\/www.visit-ulcinj.com\/blog\/wp-content\/uploads\/2017\/01\/In-Memoriam-Rifat-Hoxha.jpg\",\"contentUrl\":\"https:\/\/www.visit-ulcinj.com\/blog\/wp-content\/uploads\/2017\/01\/In-Memoriam-Rifat-Hoxha.jpg\",\"width\":535,\"height\":528},{\"@type\":\"WebPage\",\"@id\":\"https:\/\/www.visit-ulcinj.com\/blog\/2017\/01\/29\/memoriam-rifat-hoxha\/#webpage\",\"url\":\"https:\/\/www.visit-ulcinj.com\/blog\/2017\/01\/29\/memoriam-rifat-hoxha\/\",\"name\":\"In Memoriam - Rifat Hoxha - Lajme nga Ulqini\",\"isPartOf\":{\"@id\":\"https:\/\/www.visit-ulcinj.com\/blog\/#website\"},\"primaryImageOfPage\":{\"@id\":\"https:\/\/www.visit-ulcinj.com\/blog\/2017\/01\/29\/memoriam-rifat-hoxha\/#primaryimage\"},\"datePublished\":\"2017-01-29T14:45:26+00:00\",\"dateModified\":\"2017-01-29T14:47:35+00:00\",\"author\":{\"@id\":\"https:\/\/www.visit-ulcinj.com\/blog\/#\/schema\/person\/dcab619c614d3038751c63bc2aadc06d\"},\"description\":\"IN MEMORIAM : T\u00eb shtunen , n\u00eb mosh\u00ebn 83 vje\u00e7are ndrroi jet\u00eb Rifat HOXHA, nj\u00ebri nga fisi i madh dhe i njohur Hoxha nga Ulqini. Nga ky fis nga Pazari i jon\u00eb\",\"breadcrumb\":{\"@id\":\"https:\/\/www.visit-ulcinj.com\/blog\/2017\/01\/29\/memoriam-rifat-hoxha\/#breadcrumb\"},\"inLanguage\":\"en-US\",\"potentialAction\":[{\"@type\":\"ReadAction\",\"target\":[\"https:\/\/www.visit-ulcinj.com\/blog\/2017\/01\/29\/memoriam-rifat-hoxha\/\"]}]},{\"@type\":\"BreadcrumbList\",\"@id\":\"https:\/\/www.visit-ulcinj.com\/blog\/2017\/01\/29\/memoriam-rifat-hoxha\/#breadcrumb\",\"itemListElement\":[{\"@type\":\"ListItem\",\"position\":1,\"name\":\"In Memoriam &#8211; Rifat Hoxha\"}]},{\"@type\":\"Person\",\"@id\":\"https:\/\/www.visit-ulcinj.com\/blog\/#\/schema\/person\/dcab619c614d3038751c63bc2aadc06d\",\"name\":\"ulqini\",\"sameAs\":[\"http:\/\/www.visit-ulcinj.com\"],\"url\":\"https:\/\/www.visit-ulcinj.com\/blog\/author\/admin\/\"}]}<\/script>\n<!-- \/ Yoast SEO plugin. -->","yoast_head_json":{"title":"In Memoriam - Rifat Hoxha - Lajme nga Ulqini","description":"IN MEMORIAM : T\u00eb shtunen , n\u00eb mosh\u00ebn 83 vje\u00e7are ndrroi jet\u00eb Rifat HOXHA, nj\u00ebri nga fisi i madh dhe i njohur Hoxha nga Ulqini. Nga ky fis nga Pazari i jon\u00eb","robots":{"index":"index","follow":"follow","max-snippet":"max-snippet:-1","max-image-preview":"max-image-preview:large","max-video-preview":"max-video-preview:-1"},"canonical":"https:\/\/www.visit-ulcinj.com\/blog\/2017\/01\/29\/memoriam-rifat-hoxha\/","og_locale":"en_US","og_type":"article","og_title":"In Memoriam - Rifat Hoxha - Lajme nga Ulqini","og_description":"IN MEMORIAM : T\u00eb shtunen , n\u00eb mosh\u00ebn 83 vje\u00e7are ndrroi jet\u00eb Rifat HOXHA, nj\u00ebri nga fisi i madh dhe i njohur Hoxha nga Ulqini. Nga ky fis nga Pazari i jon\u00eb","og_url":"https:\/\/www.visit-ulcinj.com\/blog\/2017\/01\/29\/memoriam-rifat-hoxha\/","og_site_name":"Lajme nga Ulqini","article_published_time":"2017-01-29T14:45:26+00:00","article_modified_time":"2017-01-29T14:47:35+00:00","og_image":[{"url":"http:\/\/www.visit-ulcinj.com\/blog\/wp-content\/uploads\/2017\/01\/In-Memoriam-Rifat-Hoxha.jpg"}],"twitter_misc":{"Written by":"ulqini","Est. reading time":"3 minutes"},"schema":{"@context":"https:\/\/schema.org","@graph":[{"@type":"WebSite","@id":"https:\/\/www.visit-ulcinj.com\/blog\/#website","url":"https:\/\/www.visit-ulcinj.com\/blog\/","name":"Lajme nga Ulqini","description":"Lajme,Vijesti,Ulqini,Ulqin,Crna Gora,Mali i Zi","potentialAction":[{"@type":"SearchAction","target":{"@type":"EntryPoint","urlTemplate":"https:\/\/www.visit-ulcinj.com\/blog\/?s={search_term_string}"},"query-input":"required name=search_term_string"}],"inLanguage":"en-US"},{"@type":"ImageObject","inLanguage":"en-US","@id":"https:\/\/www.visit-ulcinj.com\/blog\/2017\/01\/29\/memoriam-rifat-hoxha\/#primaryimage","url":"https:\/\/www.visit-ulcinj.com\/blog\/wp-content\/uploads\/2017\/01\/In-Memoriam-Rifat-Hoxha.jpg","contentUrl":"https:\/\/www.visit-ulcinj.com\/blog\/wp-content\/uploads\/2017\/01\/In-Memoriam-Rifat-Hoxha.jpg","width":535,"height":528},{"@type":"WebPage","@id":"https:\/\/www.visit-ulcinj.com\/blog\/2017\/01\/29\/memoriam-rifat-hoxha\/#webpage","url":"https:\/\/www.visit-ulcinj.com\/blog\/2017\/01\/29\/memoriam-rifat-hoxha\/","name":"In Memoriam - Rifat Hoxha - Lajme nga Ulqini","isPartOf":{"@id":"https:\/\/www.visit-ulcinj.com\/blog\/#website"},"primaryImageOfPage":{"@id":"https:\/\/www.visit-ulcinj.com\/blog\/2017\/01\/29\/memoriam-rifat-hoxha\/#primaryimage"},"datePublished":"2017-01-29T14:45:26+00:00","dateModified":"2017-01-29T14:47:35+00:00","author":{"@id":"https:\/\/www.visit-ulcinj.com\/blog\/#\/schema\/person\/dcab619c614d3038751c63bc2aadc06d"},"description":"IN MEMORIAM : T\u00eb shtunen , n\u00eb mosh\u00ebn 83 vje\u00e7are ndrroi jet\u00eb Rifat HOXHA, nj\u00ebri nga fisi i madh dhe i njohur Hoxha nga Ulqini. Nga ky fis nga Pazari i jon\u00eb","breadcrumb":{"@id":"https:\/\/www.visit-ulcinj.com\/blog\/2017\/01\/29\/memoriam-rifat-hoxha\/#breadcrumb"},"inLanguage":"en-US","potentialAction":[{"@type":"ReadAction","target":["https:\/\/www.visit-ulcinj.com\/blog\/2017\/01\/29\/memoriam-rifat-hoxha\/"]}]},{"@type":"BreadcrumbList","@id":"https:\/\/www.visit-ulcinj.com\/blog\/2017\/01\/29\/memoriam-rifat-hoxha\/#breadcrumb","itemListElement":[{"@type":"ListItem","position":1,"name":"In Memoriam &#8211; Rifat Hoxha"}]},{"@type":"Person","@id":"https:\/\/www.visit-ulcinj.com\/blog\/#\/schema\/person\/dcab619c614d3038751c63bc2aadc06d","name":"ulqini","sameAs":["http:\/\/www.visit-ulcinj.com"],"url":"https:\/\/www.visit-ulcinj.com\/blog\/author\/admin\/"}]}},"jetpack_featured_media_url":"","jetpack_sharing_enabled":true,"jetpack_shortlink":"https:\/\/wp.me\/pe6lTn-qFy","_links":{"self":[{"href":"https:\/\/www.visit-ulcinj.com\/blog\/wp-json\/wp\/v2\/posts\/102520"}],"collection":[{"href":"https:\/\/www.visit-ulcinj.com\/blog\/wp-json\/wp\/v2\/posts"}],"about":[{"href":"https:\/\/www.visit-ulcinj.com\/blog\/wp-json\/wp\/v2\/types\/post"}],"author":[{"embeddable":true,"href":"https:\/\/www.visit-ulcinj.com\/blog\/wp-json\/wp\/v2\/users\/1"}],"replies":[{"embeddable":true,"href":"https:\/\/www.visit-ulcinj.com\/blog\/wp-json\/wp\/v2\/comments?post=102520"}],"version-history":[{"count":2,"href":"https:\/\/www.visit-ulcinj.com\/blog\/wp-json\/wp\/v2\/posts\/102520\/revisions"}],"predecessor-version":[{"id":102524,"href":"https:\/\/www.visit-ulcinj.com\/blog\/wp-json\/wp\/v2\/posts\/102520\/revisions\/102524"}],"wp:attachment":[{"href":"https:\/\/www.visit-ulcinj.com\/blog\/wp-json\/wp\/v2\/media?parent=102520"}],"wp:term":[{"taxonomy":"category","embeddable":true,"href":"https:\/\/www.visit-ulcinj.com\/blog\/wp-json\/wp\/v2\/categories?post=102520"},{"taxonomy":"post_tag","embeddable":true,"href":"https:\/\/www.visit-ulcinj.com\/blog\/wp-json\/wp\/v2\/tags?post=102520"}],"curies":[{"name":"wp","href":"https:\/\/api.w.org\/{rel}","templated":true}]}}