{"id":102529,"date":"2017-01-29T16:12:13","date_gmt":"2017-01-29T15:12:13","guid":{"rendered":"http:\/\/www.visit-ulcinj.com\/blog\/?p=102529"},"modified":"2017-01-29T16:12:13","modified_gmt":"2017-01-29T15:12:13","slug":"vizita-e-ministrit-te-kultures-te-malit-te-zi-janko-lumoviq-komunes-se-ulqinit","status":"publish","type":"post","link":"https:\/\/www.visit-ulcinj.com\/blog\/2017\/01\/29\/vizita-e-ministrit-te-kultures-te-malit-te-zi-janko-lumoviq-komunes-se-ulqinit\/","title":{"rendered":"Vizita e ministrit t\u00eb kultur\u00ebs t\u00eb Malit t\u00eb Zi Janko Lumoviq Komun\u00ebs s\u00eb Ulqinit"},"content":{"rendered":"<p><strong><a href=\"http:\/\/www.visit-ulcinj.com\/blog\/wp-content\/uploads\/2016\/12\/Janko-Ljumovic.jpg\"><img loading=\"lazy\" class=\"alignleft wp-image-101687\" src=\"http:\/\/www.visit-ulcinj.com\/blog\/wp-content\/uploads\/2016\/12\/Janko-Ljumovic.jpg\" alt=\"Janko Ljumovic\" width=\"508\" height=\"381\" srcset=\"https:\/\/www.visit-ulcinj.com\/blog\/wp-content\/uploads\/2016\/12\/Janko-Ljumovic.jpg 640w, https:\/\/www.visit-ulcinj.com\/blog\/wp-content\/uploads\/2016\/12\/Janko-Ljumovic-300x225.jpg 300w\" sizes=\"(max-width: 508px) 100vw, 508px\" \/><\/a>\u2013 agenda 30 janar<\/strong><\/p>\n<p>&nbsp;<\/p>\n<p>10:30 \u2013 12:00 Takim n\u00eb me kryetarin e Komun\u00ebs \u2013 Komuna e Ulqinit<\/p>\n<p>&nbsp;<\/p>\n<p>12:45 \u2013 13:15 Vizit\u00eb lokalitetit t\u00eb Shasit me kryetarin e Komun\u00ebs s\u00eb Ulqinit<\/p>\n<p>&nbsp;<\/p>\n<p>15:00 \u2013 16:30 Bised\u00eb me operator\u00eb t\u00eb pavarur kulturor dhe artist\u00eb \u2013 hotel Dolcino, rruga Ali Ulqinaku<\/p>\n<p>&nbsp;<\/p>\n<p>16:00 \u2013 16.:30 Vizit\u00eb muzeut t\u00eb Ulqinit<\/p>\n<p>&nbsp;<\/p>\n<p>17:00 Konferenc\u00eb p\u00ebr media (Ministri kultur\u00ebs, Kryetari i Komun\u00ebs \u2013 salla e konferenc\u00ebs \u2013 Pallata Venezia)<\/p>\n<p>&nbsp;<\/p>\n<p><strong>Plan posjete ministra kulture Crne Gore Janka Ljumovi\u0107a Op\u0161tini Ulcinj<\/strong><\/p>\n<ol start=\"30\">\n<li><strong> januar<\/strong><\/li>\n<\/ol>\n<p><strong>\u00a0<\/strong><\/p>\n<p>10:30 \u2013 12:00 Razgovor sa predsjednikom Op\u0161tine Ulcinj \u2013 Op\u0161tina Ulcinj<\/p>\n<p>&nbsp;<\/p>\n<p>12:45 \u2013 13:15 Posjeta lokalitetu Sva\u010d, sa predsjednikom Op\u0161tine Ulcinj<\/p>\n<p>&nbsp;<\/p>\n<p>15:00 \u2013 16:30 Razgovor sa predstavnicima nezavisnog sektora kulture i umjetnicima \u2013 lokacija hotel Dolcino, Ulica Ali Ul\u0107inaku<\/p>\n<p>&nbsp;<\/p>\n<p>16:00 \u2013 16.:30\u00a0 Posjeta Zavi\u010dajnom muzeju<\/p>\n<p>&nbsp;<\/p>\n<p>17:00 \u2013 Konferencija za medije (Ministar kulture, Predsjednik Op\u0161tine Ulcinj \u2013 konferencijska sala Palata Venezia)<\/p>\n","protected":false},"excerpt":{"rendered":"<p>\u2013 agenda 30 janar &nbsp; 10:30 \u2013 12:00 Takim n\u00eb me kryetarin e Komun\u00ebs \u2013 Komuna e Ulqinit &nbsp; 12:45 \u2013 13:15 Vizit\u00eb lokalitetit t\u00eb Shasit me kryetarin e Komun\u00ebs s\u00eb Ulqinit &nbsp; 15:00 \u2013 16:30 Bised\u00eb me operator\u00eb t\u00eb pavarur kulturor dhe artist\u00eb \u2013 hotel Dolcino, rruga Ali Ulqinaku &nbsp; 16:00 \u2013 16.:30 Vizit\u00eb [&hellip;]<\/p>\n","protected":false},"author":1,"featured_media":0,"comment_status":"closed","ping_status":"closed","sticky":false,"template":"","format":"standard","meta":{"spay_email":"","jetpack_publicize_message":"","jetpack_is_tweetstorm":false,"jetpack_publicize_feature_enabled":true},"categories":[6950],"tags":[],"jetpack_publicize_connections":[],"yoast_head":"<!-- This site is optimized with the Yoast SEO plugin v19.1 - https:\/\/yoast.com\/wordpress\/plugins\/seo\/ -->\n<title>Vizita e ministrit t\u00eb kultur\u00ebs t\u00eb Malit t\u00eb Zi Janko Lumoviq Komun\u00ebs s\u00eb Ulqinit - Lajme nga Ulqini<\/title>\n<meta name=\"description\" content=\"\u2013 agenda 30 janar &nbsp; 10:30 \u2013 12:00 Takim n\u00eb me kryetarin e Komun\u00ebs \u2013 Komuna e Ulqinit &nbsp; 12:45 \u2013 13:15 Vizit\u00eb lokalitetit t\u00eb Shasit me kryetarin e\" \/>\n<meta name=\"robots\" content=\"index, follow, max-snippet:-1, max-image-preview:large, max-video-preview:-1\" \/>\n<link rel=\"canonical\" href=\"https:\/\/www.visit-ulcinj.com\/blog\/2017\/01\/29\/vizita-e-ministrit-te-kultures-te-malit-te-zi-janko-lumoviq-komunes-se-ulqinit\/\" \/>\n<meta property=\"og:locale\" content=\"en_US\" \/>\n<meta property=\"og:type\" content=\"article\" \/>\n<meta property=\"og:title\" content=\"Vizita e ministrit t\u00eb kultur\u00ebs t\u00eb Malit t\u00eb Zi Janko Lumoviq Komun\u00ebs s\u00eb Ulqinit - Lajme nga Ulqini\" \/>\n<meta property=\"og:description\" content=\"\u2013 agenda 30 janar &nbsp; 10:30 \u2013 12:00 Takim n\u00eb me kryetarin e Komun\u00ebs \u2013 Komuna e Ulqinit &nbsp; 12:45 \u2013 13:15 Vizit\u00eb lokalitetit t\u00eb Shasit me kryetarin e\" \/>\n<meta property=\"og:url\" content=\"https:\/\/www.visit-ulcinj.com\/blog\/2017\/01\/29\/vizita-e-ministrit-te-kultures-te-malit-te-zi-janko-lumoviq-komunes-se-ulqinit\/\" \/>\n<meta property=\"og:site_name\" content=\"Lajme nga Ulqini\" \/>\n<meta property=\"article:published_time\" content=\"2017-01-29T15:12:13+00:00\" \/>\n<meta property=\"og:image\" content=\"http:\/\/www.visit-ulcinj.com\/blog\/wp-content\/uploads\/2016\/12\/Janko-Ljumovic.jpg\" \/>\n<meta name=\"twitter:label1\" content=\"Written by\" \/>\n\t<meta name=\"twitter:data1\" content=\"ulqini\" \/>\n\t<meta name=\"twitter:label2\" content=\"Est. reading time\" \/>\n\t<meta name=\"twitter:data2\" content=\"1 minute\" \/>\n<script type=\"application\/ld+json\" class=\"yoast-schema-graph\">{\"@context\":\"https:\/\/schema.org\",\"@graph\":[{\"@type\":\"WebSite\",\"@id\":\"https:\/\/www.visit-ulcinj.com\/blog\/#website\",\"url\":\"https:\/\/www.visit-ulcinj.com\/blog\/\",\"name\":\"Lajme nga Ulqini\",\"description\":\"Lajme,Vijesti,Ulqini,Ulqin,Crna Gora,Mali i Zi\",\"potentialAction\":[{\"@type\":\"SearchAction\",\"target\":{\"@type\":\"EntryPoint\",\"urlTemplate\":\"https:\/\/www.visit-ulcinj.com\/blog\/?s={search_term_string}\"},\"query-input\":\"required name=search_term_string\"}],\"inLanguage\":\"en-US\"},{\"@type\":\"ImageObject\",\"inLanguage\":\"en-US\",\"@id\":\"https:\/\/www.visit-ulcinj.com\/blog\/2017\/01\/29\/vizita-e-ministrit-te-kultures-te-malit-te-zi-janko-lumoviq-komunes-se-ulqinit\/#primaryimage\",\"url\":\"https:\/\/www.visit-ulcinj.com\/blog\/wp-content\/uploads\/2016\/12\/Janko-Ljumovic.jpg\",\"contentUrl\":\"https:\/\/www.visit-ulcinj.com\/blog\/wp-content\/uploads\/2016\/12\/Janko-Ljumovic.jpg\",\"width\":640,\"height\":480},{\"@type\":\"WebPage\",\"@id\":\"https:\/\/www.visit-ulcinj.com\/blog\/2017\/01\/29\/vizita-e-ministrit-te-kultures-te-malit-te-zi-janko-lumoviq-komunes-se-ulqinit\/#webpage\",\"url\":\"https:\/\/www.visit-ulcinj.com\/blog\/2017\/01\/29\/vizita-e-ministrit-te-kultures-te-malit-te-zi-janko-lumoviq-komunes-se-ulqinit\/\",\"name\":\"Vizita e ministrit t\u00eb kultur\u00ebs t\u00eb Malit t\u00eb Zi Janko Lumoviq Komun\u00ebs s\u00eb Ulqinit - Lajme nga Ulqini\",\"isPartOf\":{\"@id\":\"https:\/\/www.visit-ulcinj.com\/blog\/#website\"},\"primaryImageOfPage\":{\"@id\":\"https:\/\/www.visit-ulcinj.com\/blog\/2017\/01\/29\/vizita-e-ministrit-te-kultures-te-malit-te-zi-janko-lumoviq-komunes-se-ulqinit\/#primaryimage\"},\"datePublished\":\"2017-01-29T15:12:13+00:00\",\"dateModified\":\"2017-01-29T15:12:13+00:00\",\"author\":{\"@id\":\"https:\/\/www.visit-ulcinj.com\/blog\/#\/schema\/person\/dcab619c614d3038751c63bc2aadc06d\"},\"description\":\"\u2013 agenda 30 janar &nbsp; 10:30 \u2013 12:00 Takim n\u00eb me kryetarin e Komun\u00ebs \u2013 Komuna e Ulqinit &nbsp; 12:45 \u2013 13:15 Vizit\u00eb lokalitetit t\u00eb Shasit me kryetarin e\",\"breadcrumb\":{\"@id\":\"https:\/\/www.visit-ulcinj.com\/blog\/2017\/01\/29\/vizita-e-ministrit-te-kultures-te-malit-te-zi-janko-lumoviq-komunes-se-ulqinit\/#breadcrumb\"},\"inLanguage\":\"en-US\",\"potentialAction\":[{\"@type\":\"ReadAction\",\"target\":[\"https:\/\/www.visit-ulcinj.com\/blog\/2017\/01\/29\/vizita-e-ministrit-te-kultures-te-malit-te-zi-janko-lumoviq-komunes-se-ulqinit\/\"]}]},{\"@type\":\"BreadcrumbList\",\"@id\":\"https:\/\/www.visit-ulcinj.com\/blog\/2017\/01\/29\/vizita-e-ministrit-te-kultures-te-malit-te-zi-janko-lumoviq-komunes-se-ulqinit\/#breadcrumb\",\"itemListElement\":[{\"@type\":\"ListItem\",\"position\":1,\"name\":\"Vizita e ministrit t\u00eb kultur\u00ebs t\u00eb Malit t\u00eb Zi Janko Lumoviq Komun\u00ebs s\u00eb Ulqinit\"}]},{\"@type\":\"Person\",\"@id\":\"https:\/\/www.visit-ulcinj.com\/blog\/#\/schema\/person\/dcab619c614d3038751c63bc2aadc06d\",\"name\":\"ulqini\",\"sameAs\":[\"http:\/\/www.visit-ulcinj.com\"],\"url\":\"https:\/\/www.visit-ulcinj.com\/blog\/author\/admin\/\"}]}<\/script>\n<!-- \/ Yoast SEO plugin. -->","yoast_head_json":{"title":"Vizita e ministrit t\u00eb kultur\u00ebs t\u00eb Malit t\u00eb Zi Janko Lumoviq Komun\u00ebs s\u00eb Ulqinit - Lajme nga Ulqini","description":"\u2013 agenda 30 janar &nbsp; 10:30 \u2013 12:00 Takim n\u00eb me kryetarin e Komun\u00ebs \u2013 Komuna e Ulqinit &nbsp; 12:45 \u2013 13:15 Vizit\u00eb lokalitetit t\u00eb Shasit me kryetarin e","robots":{"index":"index","follow":"follow","max-snippet":"max-snippet:-1","max-image-preview":"max-image-preview:large","max-video-preview":"max-video-preview:-1"},"canonical":"https:\/\/www.visit-ulcinj.com\/blog\/2017\/01\/29\/vizita-e-ministrit-te-kultures-te-malit-te-zi-janko-lumoviq-komunes-se-ulqinit\/","og_locale":"en_US","og_type":"article","og_title":"Vizita e ministrit t\u00eb kultur\u00ebs t\u00eb Malit t\u00eb Zi Janko Lumoviq Komun\u00ebs s\u00eb Ulqinit - Lajme nga Ulqini","og_description":"\u2013 agenda 30 janar &nbsp; 10:30 \u2013 12:00 Takim n\u00eb me kryetarin e Komun\u00ebs \u2013 Komuna e Ulqinit &nbsp; 12:45 \u2013 13:15 Vizit\u00eb lokalitetit t\u00eb Shasit me kryetarin e","og_url":"https:\/\/www.visit-ulcinj.com\/blog\/2017\/01\/29\/vizita-e-ministrit-te-kultures-te-malit-te-zi-janko-lumoviq-komunes-se-ulqinit\/","og_site_name":"Lajme nga Ulqini","article_published_time":"2017-01-29T15:12:13+00:00","og_image":[{"url":"http:\/\/www.visit-ulcinj.com\/blog\/wp-content\/uploads\/2016\/12\/Janko-Ljumovic.jpg"}],"twitter_misc":{"Written by":"ulqini","Est. reading time":"1 minute"},"schema":{"@context":"https:\/\/schema.org","@graph":[{"@type":"WebSite","@id":"https:\/\/www.visit-ulcinj.com\/blog\/#website","url":"https:\/\/www.visit-ulcinj.com\/blog\/","name":"Lajme nga Ulqini","description":"Lajme,Vijesti,Ulqini,Ulqin,Crna Gora,Mali i Zi","potentialAction":[{"@type":"SearchAction","target":{"@type":"EntryPoint","urlTemplate":"https:\/\/www.visit-ulcinj.com\/blog\/?s={search_term_string}"},"query-input":"required name=search_term_string"}],"inLanguage":"en-US"},{"@type":"ImageObject","inLanguage":"en-US","@id":"https:\/\/www.visit-ulcinj.com\/blog\/2017\/01\/29\/vizita-e-ministrit-te-kultures-te-malit-te-zi-janko-lumoviq-komunes-se-ulqinit\/#primaryimage","url":"https:\/\/www.visit-ulcinj.com\/blog\/wp-content\/uploads\/2016\/12\/Janko-Ljumovic.jpg","contentUrl":"https:\/\/www.visit-ulcinj.com\/blog\/wp-content\/uploads\/2016\/12\/Janko-Ljumovic.jpg","width":640,"height":480},{"@type":"WebPage","@id":"https:\/\/www.visit-ulcinj.com\/blog\/2017\/01\/29\/vizita-e-ministrit-te-kultures-te-malit-te-zi-janko-lumoviq-komunes-se-ulqinit\/#webpage","url":"https:\/\/www.visit-ulcinj.com\/blog\/2017\/01\/29\/vizita-e-ministrit-te-kultures-te-malit-te-zi-janko-lumoviq-komunes-se-ulqinit\/","name":"Vizita e ministrit t\u00eb kultur\u00ebs t\u00eb Malit t\u00eb Zi Janko Lumoviq Komun\u00ebs s\u00eb Ulqinit - Lajme nga Ulqini","isPartOf":{"@id":"https:\/\/www.visit-ulcinj.com\/blog\/#website"},"primaryImageOfPage":{"@id":"https:\/\/www.visit-ulcinj.com\/blog\/2017\/01\/29\/vizita-e-ministrit-te-kultures-te-malit-te-zi-janko-lumoviq-komunes-se-ulqinit\/#primaryimage"},"datePublished":"2017-01-29T15:12:13+00:00","dateModified":"2017-01-29T15:12:13+00:00","author":{"@id":"https:\/\/www.visit-ulcinj.com\/blog\/#\/schema\/person\/dcab619c614d3038751c63bc2aadc06d"},"description":"\u2013 agenda 30 janar &nbsp; 10:30 \u2013 12:00 Takim n\u00eb me kryetarin e Komun\u00ebs \u2013 Komuna e Ulqinit &nbsp; 12:45 \u2013 13:15 Vizit\u00eb lokalitetit t\u00eb Shasit me kryetarin e","breadcrumb":{"@id":"https:\/\/www.visit-ulcinj.com\/blog\/2017\/01\/29\/vizita-e-ministrit-te-kultures-te-malit-te-zi-janko-lumoviq-komunes-se-ulqinit\/#breadcrumb"},"inLanguage":"en-US","potentialAction":[{"@type":"ReadAction","target":["https:\/\/www.visit-ulcinj.com\/blog\/2017\/01\/29\/vizita-e-ministrit-te-kultures-te-malit-te-zi-janko-lumoviq-komunes-se-ulqinit\/"]}]},{"@type":"BreadcrumbList","@id":"https:\/\/www.visit-ulcinj.com\/blog\/2017\/01\/29\/vizita-e-ministrit-te-kultures-te-malit-te-zi-janko-lumoviq-komunes-se-ulqinit\/#breadcrumb","itemListElement":[{"@type":"ListItem","position":1,"name":"Vizita e ministrit t\u00eb kultur\u00ebs t\u00eb Malit t\u00eb Zi Janko Lumoviq Komun\u00ebs s\u00eb Ulqinit"}]},{"@type":"Person","@id":"https:\/\/www.visit-ulcinj.com\/blog\/#\/schema\/person\/dcab619c614d3038751c63bc2aadc06d","name":"ulqini","sameAs":["http:\/\/www.visit-ulcinj.com"],"url":"https:\/\/www.visit-ulcinj.com\/blog\/author\/admin\/"}]}},"jetpack_featured_media_url":"","jetpack_sharing_enabled":true,"jetpack_shortlink":"https:\/\/wp.me\/pe6lTn-qFH","_links":{"self":[{"href":"https:\/\/www.visit-ulcinj.com\/blog\/wp-json\/wp\/v2\/posts\/102529"}],"collection":[{"href":"https:\/\/www.visit-ulcinj.com\/blog\/wp-json\/wp\/v2\/posts"}],"about":[{"href":"https:\/\/www.visit-ulcinj.com\/blog\/wp-json\/wp\/v2\/types\/post"}],"author":[{"embeddable":true,"href":"https:\/\/www.visit-ulcinj.com\/blog\/wp-json\/wp\/v2\/users\/1"}],"replies":[{"embeddable":true,"href":"https:\/\/www.visit-ulcinj.com\/blog\/wp-json\/wp\/v2\/comments?post=102529"}],"version-history":[{"count":1,"href":"https:\/\/www.visit-ulcinj.com\/blog\/wp-json\/wp\/v2\/posts\/102529\/revisions"}],"predecessor-version":[{"id":102530,"href":"https:\/\/www.visit-ulcinj.com\/blog\/wp-json\/wp\/v2\/posts\/102529\/revisions\/102530"}],"wp:attachment":[{"href":"https:\/\/www.visit-ulcinj.com\/blog\/wp-json\/wp\/v2\/media?parent=102529"}],"wp:term":[{"taxonomy":"category","embeddable":true,"href":"https:\/\/www.visit-ulcinj.com\/blog\/wp-json\/wp\/v2\/categories?post=102529"},{"taxonomy":"post_tag","embeddable":true,"href":"https:\/\/www.visit-ulcinj.com\/blog\/wp-json\/wp\/v2\/tags?post=102529"}],"curies":[{"name":"wp","href":"https:\/\/api.w.org\/{rel}","templated":true}]}}