{"id":102541,"date":"2017-01-30T16:39:01","date_gmt":"2017-01-30T15:39:01","guid":{"rendered":"http:\/\/www.visit-ulcinj.com\/blog\/?p=102541"},"modified":"2017-01-30T16:41:21","modified_gmt":"2017-01-30T15:41:21","slug":"interviste-ekskluzive-veteranin-e-arsimit-dhe-guidin-turistike-ismet-karamanaga","status":"publish","type":"post","link":"https:\/\/www.visit-ulcinj.com\/blog\/2017\/01\/30\/interviste-ekskluzive-veteranin-e-arsimit-dhe-guidin-turistike-ismet-karamanaga\/","title":{"rendered":"Intervist\u00eb Ekskluzive me veteranin e arsimit dhe guidin turistike Ismet Karamanaga &#8211; Video"},"content":{"rendered":"<p><a href=\"http:\/\/www.visit-ulcinj.com\/blog\/wp-content\/uploads\/2017\/01\/Intervist\u00eb-Ekskluzive-me-veteranin-e-arsimit-dhe-guidin-turistike-Ismet-Karamanaga.jpg\"><img loading=\"lazy\" class=\"alignleft wp-image-102542\" src=\"http:\/\/www.visit-ulcinj.com\/blog\/wp-content\/uploads\/2017\/01\/Intervist\u00eb-Ekskluzive-me-veteranin-e-arsimit-dhe-guidin-turistike-Ismet-Karamanaga.jpg\" alt=\"Intervist\u00eb Ekskluzive me veteranin e arsimit dhe guidin turistike Ismet Karamanaga\" width=\"508\" height=\"310\" srcset=\"https:\/\/www.visit-ulcinj.com\/blog\/wp-content\/uploads\/2017\/01\/Intervist\u00eb-Ekskluzive-me-veteranin-e-arsimit-dhe-guidin-turistike-Ismet-Karamanaga.jpg 922w, https:\/\/www.visit-ulcinj.com\/blog\/wp-content\/uploads\/2017\/01\/Intervist\u00eb-Ekskluzive-me-veteranin-e-arsimit-dhe-guidin-turistike-Ismet-Karamanaga-300x183.jpg 300w, https:\/\/www.visit-ulcinj.com\/blog\/wp-content\/uploads\/2017\/01\/Intervist\u00eb-Ekskluzive-me-veteranin-e-arsimit-dhe-guidin-turistike-Ismet-Karamanaga-768x469.jpg 768w\" sizes=\"(max-width: 508px) 100vw, 508px\" \/><\/a>Mund t\u00eb ndiqni emisionin\u201cPortreti\u201d i cili emitohet \u00e7do te hene ne oren 21.00 n\u00eb Televizionin Teuta.<br \/>\nModeratorja e emisonit <strong>Hatixhe Nelaj<\/strong> na mundson t\u00eb ndjekim emisionin \u201cPortreti\u201d q\u00eb transmetohet n\u00eb TV Teuta.<br \/>\nNdiqni emisionin ku protagonist i emisionit \u00ebsht\u00eb veterani i arsimit\u00a0dhe guidi turistik\u00eb zotni <strong>Ismet Karamanaga<\/strong>.<\/p>\n<p><iframe loading=\"lazy\" frameborder=\"0\" width=\"508\" height=\"350\" src=\"\/\/www.dailymotion.com\/embed\/video\/x59k769?autoPlay=1\" allowfullscreen><\/iframe><\/p>\n<p><strong>Ja di\u00e7ka p\u00ebr biografin e Ismet Karamanag\u00ebs<\/strong><\/p>\n<p>Ismet Karamanaga jeton dhe vepron n\u00eb Ulqin-Mali i Zi. Ka studijuar\u00a0 gjermanistik\u00ebn n\u00eb Beograd. Mbi 20 vjet\u00eb ka punuar si m\u00ebsimdh\u00ebn\u00ebs i gjuh\u00ebs gjermane n\u00eb Qendr\u00ebn shkollore\u00a0 n\u00eb Ulqin. N\u00eb koh\u00ebt e arta t\u00eb turizmit\u00a0 n\u00eb k\u00ebta hapsira, gjat\u00eb sezonit turistik ka punuar si p\u00ebrfaq\u00ebsues i agjensive t\u00eb ndryeshme nga vendi dhe nga bota. Yugotours \u2013Zurich dhe Amsterdam, Tjaerebourg dhe Neckermann nga Gjermanija. N\u00eb vitin 1984 b\u00ebhet shefi i agjensis\u00eb m\u00eb t\u00eb madhe turistike Kompas \u2013Yugoslavija nga Ljubljana, ku punon me sukses deri te vitet e 90.Akomodimi privat i musafir\u00ebve nga vendi dhe nga bota, ADAC dhe Terra Reisen, organizimi i ekskursion\u00ebve nep\u00ebr Mal t\u00eb Zi, Shqip\u00ebri, n\u00eb Dubrovnik ka qen\u00eb veprimtarija kryesore e pun\u00ebs e Ismet Karamanag\u00ebs.Sot, nj\u00eb nd\u00ebr shoq\u00ebruesit m\u00eb t\u00eb mir\u00eb n\u00eb Mal t\u00eb Zi, me licenc\u00ebn e Republik\u00ebs t\u00eb Malit t\u00eb Zi ende shoq\u00ebron grupe t\u00eb ndryeshme musafir\u00ebsh nga vendi dhe nga bota n\u00eb gjuh\u00ebn gjermane , ruse .malazeze-serbe dhe ate shqipe. P\u00ebrs\u00ebri punon p\u00ebr Terra- Reisen n\u00eb bashk\u00ebpunim me TUI, nga Austria, p\u00ebr akomodimin privat n\u00eb Ulqin.Njoh\u00ebs i mir\u00eb i turizmit, historis\u00eb dhe kultur\u00ebs n\u00eb p\u00ebrgjith\u00ebsi. Shkruan p\u00ebr histori, turiz\u00ebm dhe kultur n\u00eb revista t\u00eb ndryeshme. Gjithashtu permanent \u00ebsht\u00eb prezent n\u00eb medijat masovike nga Mali i Zi , Shqip\u00ebrija dhe Kosova. N\u00eb televizione t\u00eb ndryesh\u00ebm flet p\u00ebr bukurit dhe vlerat kulturore t\u00eb qytetit t\u00eb Ulqinit, posa\u00e7\u00ebrisht\u00eb p\u00ebr Kalan\u00eb 2500 vje\u00e7are e k\u00ebtij qyteti, e k\u00ebsaj perle t\u00eb Adriatikut.Si shoq\u00ebrues profesional Ismet Karamanaga ka shoq\u00ebruar personazhe t\u00eb fam\u00ebsh\u00ebm nga politika , kultura dhe arti, nga vendi dhe nga bota. N\u00eb k\u00ebt\u00eb galeri mund\u00a0 t\u00eb shihni disa nga fotografit\u00eb e vizit\u00ebs e kryetarit t\u00eb Malit t\u00eb Zi, Filip Vujanoviq\u00a0\u00a0 n\u00eb\u00a0 kremtimin e Dit\u00ebs s\u00eb Ulqinit.<\/p>\n<p><strong>Karamanaga: Puna ime si ciceron Nga Ulqini,Shkodra deri n\u00eb DUBROVNIK<\/strong><\/p>\n<p>Si ciceron kam punuar p\u00ebr shum\u00eb agjensi turistike nga vendi dhe nga bota. Kam pasur nder t\u00eb shoq\u00ebroj grupe dhe personazh t\u00eb ndryeshme nga t\u00eb gjith\u00eb sferat e jet\u00ebs, nga ato t\u00eb thjeshtat deri n\u00eb ato me grada t\u00eb larta shkenctare. T\u00eb njohur dhe t\u00eb pa njohur, me autobuse nep\u00ebr Mal t\u00eb Zi dhe n\u00eb Shqip\u00ebri, me bark\u00eb deri n\u00eb Dubrovnik dhe n\u00eb af\u00ebrsin e bregut t\u00eb detit t\u00eb Ulqinit dhe gjithmon me nj\u00eb kujdes z\u00eb posa\u00e7\u00ebm. Ende edhe sot si ciceron shoq\u00ebroj grupe dhe personazh t\u00eb ndryeshme nep\u00ebr Kalan\u00eb ton\u00eb t\u00eb bukur dhe gjithmon\u00eb me nj\u00eb vemendje t\u00eb posa\u00e7me tregoj historin\u00eb e famshme e k\u00ebtij qyteti 2500 vje\u00e7ar sepse nga ato ka njer\u00ebz t\u00eb cil\u00ebt e njohin historin\u00eb ton\u00eb ma mir\u00eb se ne. P\u00ebrpiqem t\u00eb jem\u00eb i mir\u00eb , dhe ti hap\u00eb syt\u00eb se \u00e7ka flas\u00eb, si\u00e7 thot\u00eb populli.Nga personazh\u00ebt me t\u00eb famsh\u00ebm konsideroj edhe Moikom Zeqom, i cili me ftes\u00ebn e Shoqat\u00ebs Kalaja ishte musafir n\u00eb Kalan\u00eb ton\u00eb. Pata nder ta shoq\u00ebroj dhe t\u00eb mesoj shum\u00eb nga ai.Me kujtohet sekuenca interesante n\u00eb bised\u00ebn me te, posa\u00e7\u00ebrisht\u00eb kur un\u00eb p\u00ebrmenda Servantesin dhe qendrimin e tij si rob lufte n\u00eb qytetin ton\u00eb , Dulsinej\u00ebn dhe Don Kishotin e famsh\u00ebm. Me tha se nuk ka baz\u00eb shkencore, por un\u00eb i thash me kujtohet shum\u00eb mir\u00eb, se edhe n\u00eb qofse nuk ka qen\u00eb, ne na duhet ai.Sot pas disa viteve nga vizita e ti n\u00eb Kalan\u00eb ton\u00eb, esht\u00eb evidente, se k\u00eb personazh i famsh\u00ebm i kultur\u00ebs son\u00eb komb\u00ebtare shpesh e lidh Servantesin mew Ulqin. P\u00ebr te un\u00eb jam krenar sepse n\u00eb m\u00ebnyr\u00eb modeste them se nd\u00ebr t\u00eb paret kam shkruar p\u00ebr qendrimin e Servantesit 5 vjet si gjysme skllav n\u00eb Kalan\u00eb ton\u00eb, edhe n\u00eb gjuhen serbomalazeze.Kurdoher\u00eb kur nisem me musafir\u00eb prej mollos, p\u00ebrmend zotin ilir Bindin t\u00eb vendosun lart\u00eb n\u00eb bedenin e Kalas\u00eb. M\u00eb kujtohet shprehja popullore ,, Isht\u00eb ba deti si Kulshed\u00ebr,,. Un\u00eb gjithmon Bindin ,at\u00eb gur\u00eb t\u00eb verdh\u00eb si nj\u00eb engjell me krah\u00eb t\u00eb hapur e lidh me bashk\u00ebvendasin ton\u00eb dr. Ruzhdi Ushakun i cili me s\u00eb tep\u00ebrmit ka punuar p\u00ebr hulumtiin e tij ,por them haptas se nganj\u00ebher\u00eb zem\u00ebrohet aq shum\u00eb q\u00eb i ban valet si male , dhe i p\u00ebrplas\u00eb p\u00ebr bedenet e Kalas\u00eb, duke par se sa shum\u00eb \u00ebsht\u00eb l\u00ebn\u00eb Kalaja jon\u00eb pas dore.<\/p>\n<p>M\u00eb kujtohet nj\u00eb her\u00eb nj\u00eb delegacion zyrtar nga Shqip\u00ebria n\u00eb krye me Aleksandar Meksin. Nuk i harroj kurr\u00eb fjal\u00ebt e tia kur n\u00eb nj\u00eb konstatimin tim , se ndoshta e kemi lodhur pak , m\u00eb tha se nuk e ka lodhur askush kaq bukur. T\u00eb d\u00ebgjosh di\u00e7ka t\u00eb till\u00eb nga nj\u00eb personazh e rangut tij ka qen\u00eb p\u00ebr mua nj\u00eb p\u00ebrkrahje e madhe. N\u00eb Kalan\u00eb ton\u00eb ishin edhe personazhe t\u00eb cil\u00ebt kam pasur nder ti shoq\u00ebroj, dhe t\u00eb gjith\u00eb n\u00eb mua kan\u00eb l\u00ebn\u00eb p\u00ebrshtypje t\u00eb posa\u00e7me. Dua t\u00eb p\u00ebrmend disa, si\u00e7 Islam Dizdarin dhe t\u00eb ndjerin dr. Falk Lulin, me n\u00eb grup\u00eb nx\u00ebn\u00ebs\u00ebsh t\u00eb Medrezes t\u00eb Shkodr\u00ebs, dr. Bahri Becin me nj\u00eb grup\u00eb shkenctar t\u00eb nivelit t\u00eb lart\u00eb, ku edhe m\u00eb shkoj goja dhe i thash, se t\u00eb keni kujdes se ku shkelni sepse secila p\u00ebllamb\u00eb \u00ebsht\u00eb histori.Shum\u00eb nga ato ishin p\u00ebr t\u00eb par\u00ebn her\u00eb n\u00eb Ulqin dhe mir\u00eb m\u00eb kujtohet konstatimi i dr. Bahri Becit, se Kala si Kalan\u00eb e Ulqinit , nuk kam pa kurr\u00eb. Nder kam pas edhe t\u00eb shoq\u00ebroj edhe dr. Nijazi Kazazin, shkrimtarin p\u00ebr f\u00ebmi Xhahid Bushatin ,dr. Emil Lafen ,dr. Mahir Hotin dhe historiantin m\u00eb t\u00eb mir\u00eb n\u00eb treven ton\u00eb Riza Rexh\u00ebn.Gjithashtu kam pas nder dhe k\u00ebnaq\u00ebsi t\u00eb jem shoq\u00ebrues edhe Vera Grabocsk\u00ebs dhe Adi Krast\u00ebs me ata bukuroshet p\u00ebr mis Albania, nd\u00ebrmjet t\u00eb cilave \u00ebsht\u00eb dalluar me nj\u00eb bukuri t\u00eb jasht\u00ebzakonshme Monika Zguro. N\u00eb pyetjen time indiskrete Adit se si mundet me gjith\u00eb k\u00ebto bukuroshe me qen\u00eb ,,normal,, m\u00eb tha me nj\u00eb z\u00eb t\u00eb lart duke qeshur me nj\u00eb sharm t\u00eb posa\u00e7\u00ebm ,,m\u00eb kan\u00eb mbetur vet\u00ebm 55 kg.Dua t\u00eb p\u00ebrmend nj\u00eb grup\u00eb hebrejesh t\u00eb cil\u00ebt i kam shoq\u00ebruar \u00e7ysh nga Dubrovniku me q\u00ebllim q\u00eb t\u00eb vizitojn\u00eb qytetin e Ulqinit dhe Kalan\u00eb ton\u00eb, dhe sht\u00ebpin\u00eb ku ka punuar dhe jetuar reformatori Hebrej i famsh\u00ebm Sabataj Cevi. Ky ishte nj\u00eb nd\u00ebr banoret m\u00eb t\u00eb njohur t\u00eb qytetit ton\u00eb i shp\u00ebrngulur nga qendra e mbret\u00ebris\u00eb Otomane dhe me nj\u00eb ferman t\u00eb urdh\u00ebruar nga Sultani dhijet vitit e fundit jeton me emrin Mehmet Efendija n\u00eb Ulqin, ku edhe ndron jet\u00eb n\u00eb vitin 1676. Gjat\u00eb k\u00ebsaj kohe reformon Talmudin librin e shenjt\u00eb t\u00eb Hebrej\u00ebve , dhe l\u00ebn\u00eb gjurm\u00eb n\u00eb qytetn ton\u00eb,ku ende edhe sot mund\u00eb t\u00eb shihen n\u00eb Kull\u00ebn e Balshajve n\u00eb Kala. M\u00eb kujtohen reagimet e musafir\u00ebve. Disa nga ato u ul\u00ebn n\u00eb minderin ku ka punuar ai.<\/p>\n<p>Disa t\u00eb tjer\u00eb me lot\u00eb n\u00eb sy b\u00ebn\u00eb nj\u00eb ritul t\u00eb posa\u00e7\u00ebm t\u00eb cilin ende edhe sot e kam parasysh.Gjithashtu si ciceron kam shoq\u00ebruar grupe t\u00eb ndryeshme musafir\u00ebsh, posa\u00e7\u00ebrisht nga Gjermanija n\u00eb koh\u00ebt e arta t\u00eb turizmit ton\u00eb, por edhe sot , kur m\u00eb ftojn, nep\u00ebr Mal t\u00eb Zi, Shqip\u00ebri e deri n\u00eb Dubrovnik p\u00ebr t\u00eb b\u00ebr\u00eb k\u00ebt\u00eb pun\u00eb. Njeriu gjithmon mundohet t\u00eb jet\u00eb n\u00eb nivelin e duhur dhe gjithmon m\u00ebson. Dua t\u00eb them se kur kam shoq\u00ebruar nje grup\u00eb gjerman\u00ebsh p\u00ebr t\u00eb par\u00ebn her\u00eb n\u00eb Shqip\u00ebri, mua, por jo vet\u00ebm mua , na la p\u00ebrshtypje t\u00eb pa harruar kalimi mbi ur\u00ebn e Bun\u00ebs duke hyr n\u00eb Shkod\u00ebr, n\u00eb drejtim t\u00eb Rozaf\u00ebs, Kalas\u00eb s\u00eb Shkodr\u00ebs. N\u00eb nj\u00eb pyetje t\u00eb nj\u00eb gazetarit t\u00eb Z\u00ebrit t\u00eb Amerik\u00ebs se \u00e7ka kan t\u00eb p\u00ebrbashk\u00ebta Kalaja e Shkodr\u00ebs me at\u00eb t\u00eb Ulqinit, i thash se ty dyjat jan\u00eb t\u00eb larta dhe t\u00eb lashta me nj\u00eb p\u00ebrjashtim se ne ,,Kalalit\u00eb,, si\u00e7 e quajm n\u00eb vehten , nuk e kemi braktisur kurr\u00eb ton\u00ebn n\u00eb historin\u00eb 2500 vje\u00e7are. Nuk e kemi l\u00ebn\u00eb shkretir\u00eb si ate t\u00eb Shkodr\u00ebs, as ather\u00eb kur edhe Zoti me nj\u00eb t\u00ebrmet t\u00eb fuqish\u00ebm na i rr\u00ebzoj sht\u00ebpit\u00eb, dhe pushteti i asaj kohe na i mbylli portat. Natyrisht\u00eb Rozafa dhe fati i saj, nuses s\u00eb re t\u00eb murosun n\u00eb murin e k\u00ebshtijell\u00ebs dhe fati i saj tragjik ka zgjuar interesim t\u00eb madh\u00eb te musafir\u00ebt e huaj , nd\u00ebrmjet t\u00eb cil\u00ebve ishin edhe shkenctar me shkalla t\u00eb larta n\u00eb fusha t\u00eb ndryeshme. Historia komb\u00ebtare ka qen\u00eb gjithmon n\u00eb fokusin e tregimit tim t\u00eb musafir\u00ebve t\u00eb huaj, posa\u00e7\u00ebrisht\u00eb kur i kam pyetur se cil\u00ebn histori d\u00ebshirojn ta degjojn\u00eb , t\u00eb v\u00ebrtet\u00ebn a po ate t\u00eb cil\u00ebn e ka shkruar politika e p\u00ebrditshme. K\u00ebt pyetje e b\u00ebj ende edhe sot edhe atyre t\u00eb cil\u00ebt vijn\u00eb edhe nga Mali i Zi. Si ciceron shpesh her\u00eb d\u00ebgjoj pyetje t\u00eb ndryeshme, sidomos kur b\u00ebhet fjal\u00eb p\u00ebr mure Ilire dhe atyre eksponateve memece t\u00eb vendosur n\u00eb buma a po qemere t\u00eb Kalas\u00eb son\u00eb, n\u00eb Sheshin e Servantesit a po Pazarin e Gjytetit,si\u00e7 e quajm ne kalalit\u00eb. Atje lart\u00eb p\u00ebrtej Bedenit, ku shihet Guri i Madh\u00eb dhe Guri i Vog\u00ebl i Limanit, shpesh her\u00eb i kthej musafir\u00ebt n\u00eb ata koh\u00ebt legjendare t\u00eb qytetit ton\u00eb duke u treguar legjendat, por edhe historin\u00eb e v\u00ebrtet\u00eb t\u00eb k\u00ebtij populli. I tregoj p\u00ebr ,,Harap\u00ebt,, dhe p\u00ebr pirat\u00ebt e famsh\u00ebm ulqinak, p\u00ebr barkat dhe flot\u00ebn e tyre , p\u00ebr detarin\u00eb,jet\u00ebn dhe folklorin e asaj kohe, gjurm\u00ebt t\u00eb cilat ende edhe sot i hasim te n\u00eb. Muret qiklopike greko-ilire, fascinojn\u00eb musafir\u00ebt. Ne i quajm\u00eb k\u00ebshtu dhe musafir\u00ebve u shpjegojm\u00eb se grek\u00ebt nga Epiri kan\u00eb punuar me qira p\u00ebr ilir\u00ebt sepse grek\u00ebt e kan\u00eb njohur gurin m\u00eb mir\u00eb.<\/p>\n<p>Gjithmon\u00eb atyre t\u00eb cil\u00ebt kan pasur d\u00ebshir\u00eb ta degjojn\u00eb historin\u00eb e v\u00ebrtet\u00eb u t\u00ebrheq\u00eb v\u00ebmendjen n\u00eb fasd\u00eb e mureve t\u00eb Kalas\u00eb nga e cila pushteti i asj kohe n\u00eb m\u00ebnyr\u00eb barbare , heq gur\u00ebt p\u00ebr t\u00eb nd\u00ebrtuar kish\u00ebn e sh. Nikoll\u00ebs n\u00eb vend\u00eb t\u00eb xhamis\u00eb mbi varezat tona. Aty ku dikur kan\u00eb qen\u00eb tri tyrbe t\u00eb m\u00ebdha n\u00eb af\u00ebrsin\u00eb e xhamis\u00eb n\u00ebn mure t\u00eb Kalas\u00eb ka pri si imam i ri edhe gjyshi im mulla Ismail Karamanaga. Pas t\u00ebrmetit t\u00eb vitit 1979, fasada i rikonstruktohet deri ke porta, natyrisht me gur\u00eb tjer\u00eb. Gjithashtu musafir\u00ebt t\u00eb huaj m\u00eb s\u00eb tep\u00ebrmit natyrisht i intereson vesha e jon\u00eb komb\u00ebtare , adetet dhe posa\u00e7\u00ebrisht\u00eb vallet tona, ajo e Peshkatar\u00ebve, Dasma Ulqinake dhe Dum Sharaveli a po Gum Sharaveli si\u00e7 thot\u00eb Hajro Ulqinaku, t\u00eb cil\u00ebn e kemi trashiguar nga ,,Harap\u00eb,, tan\u00eb, e shum\u00eb e shum\u00eb gj\u00ebra interesante t\u00eb cil\u00ebt i kultivon dhe i ruan nga harresa populli yn\u00eb.Shum\u00eb intervista t\u00eb botuar n\u00eb revista t\u00eb ndrshme, t\u00eb dh\u00ebna gazetar\u00ebve nga vendi dhe nga bota, n\u00eb em\u00ebr t\u00eb Shoqat\u00ebs miqt\u00eb e Kalas\u00eb, por edhe n\u00eb emrin tim personal, nuk jan\u00eb t\u00eb p\u00ebrfshir\u00eb n\u00eb k\u00ebt\u00eb lib\u00ebr. Gjithashtu dua t\u00eb theksoj se nep\u00ebr mes\u00eb t\u00eb radiove dhe televizioneve t\u00eb ndryshme nga vendi dhe nga bota kam dhen\u00eb intervista p\u00ebr turiz\u00ebm, kultur\u00eb. Nd\u00ebrmjet intervistave t\u00eb shumta n\u00eb televizione, dua t\u00eb ve\u00e7oj njer\u00ebn t\u00eb dhanun televizionit t\u00eb Mosk\u00ebs n\u00eb gjuh\u00ebn ruse n\u00eb Plazhin e madh\u00eb kur isha si p\u00ebrkthyes. Skenat e t\u00eb shp\u00ebrngul\u00ebve nga Kosova m\u00eb kan mbetur n\u00eb kujtes\u00ebn time p\u00ebr gjithmon, plaku 80 vje\u00ebar dhe f\u00ebmija sa kishte lind\u00eb n\u00eb t\u00eb njajt\u00ebn \u00e7ad\u00ebr. Kam folur shpesh p\u00ebr legjendat dhe gjithmon n\u00eb fokusin e interesimit tim ka qen\u00eb, \u00ebsht\u00eb, dhe do t\u00eb mbes\u00eb Kalaja e Ulqinit. P\u00ebr t\u00eb gjith\u00eb k\u00ebt\u00eb kam nj\u00eb dokumentacion me fakte si d\u00ebshmi nga revistat, audio dhe video kasetat.\/<strong>Lajme nga Ulqini<\/strong><\/p>\n","protected":false},"excerpt":{"rendered":"<p>Mund t\u00eb ndiqni emisionin\u201cPortreti\u201d i cili emitohet \u00e7do te hene ne oren 21.00 n\u00eb Televizionin Teuta. Moderatorja e emisonit Hatixhe Nelaj na mundson t\u00eb ndjekim emisionin \u201cPortreti\u201d q\u00eb transmetohet n\u00eb TV Teuta. Ndiqni emisionin ku protagonist i emisionit \u00ebsht\u00eb veterani i arsimit\u00a0dhe guidi turistik\u00eb zotni Ismet Karamanaga. Ja di\u00e7ka p\u00ebr biografin e Ismet Karamanag\u00ebs Ismet [&hellip;]<\/p>\n","protected":false},"author":1,"featured_media":0,"comment_status":"closed","ping_status":"closed","sticky":false,"template":"","format":"standard","meta":{"spay_email":"","jetpack_publicize_message":"","jetpack_is_tweetstorm":false,"jetpack_publicize_feature_enabled":true},"categories":[5],"tags":[],"jetpack_publicize_connections":[],"yoast_head":"<!-- This site is optimized with the Yoast SEO plugin v19.1 - https:\/\/yoast.com\/wordpress\/plugins\/seo\/ -->\n<title>Intervist\u00eb Ekskluzive me veteranin e arsimit dhe guidin turistike Ismet Karamanaga - Video - Lajme nga Ulqini<\/title>\n<meta name=\"description\" content=\"Mund t\u00eb ndiqni emisionin\u201cPortreti\u201d i cili emitohet \u00e7do te hene ne oren 21.00 n\u00eb Televizionin Teuta. Moderatorja e emisonit Hatixhe Nelaj na mundson t\u00eb\" \/>\n<meta name=\"robots\" content=\"index, follow, max-snippet:-1, max-image-preview:large, max-video-preview:-1\" \/>\n<link rel=\"canonical\" href=\"https:\/\/www.visit-ulcinj.com\/blog\/2017\/01\/30\/interviste-ekskluzive-veteranin-e-arsimit-dhe-guidin-turistike-ismet-karamanaga\/\" \/>\n<meta property=\"og:locale\" content=\"en_US\" \/>\n<meta property=\"og:type\" content=\"article\" \/>\n<meta property=\"og:title\" content=\"Intervist\u00eb Ekskluzive me veteranin e arsimit dhe guidin turistike Ismet Karamanaga - Video - Lajme nga Ulqini\" \/>\n<meta property=\"og:description\" content=\"Mund t\u00eb ndiqni emisionin\u201cPortreti\u201d i cili emitohet \u00e7do te hene ne oren 21.00 n\u00eb Televizionin Teuta. Moderatorja e emisonit Hatixhe Nelaj na mundson t\u00eb\" \/>\n<meta property=\"og:url\" content=\"https:\/\/www.visit-ulcinj.com\/blog\/2017\/01\/30\/interviste-ekskluzive-veteranin-e-arsimit-dhe-guidin-turistike-ismet-karamanaga\/\" \/>\n<meta property=\"og:site_name\" content=\"Lajme nga Ulqini\" \/>\n<meta property=\"article:published_time\" content=\"2017-01-30T15:39:01+00:00\" \/>\n<meta property=\"article:modified_time\" content=\"2017-01-30T15:41:21+00:00\" \/>\n<meta name=\"twitter:label1\" content=\"Written by\" \/>\n\t<meta name=\"twitter:data1\" content=\"ulqini\" \/>\n\t<meta name=\"twitter:label2\" content=\"Est. reading time\" \/>\n\t<meta name=\"twitter:data2\" content=\"11 minutes\" \/>\n<script type=\"application\/ld+json\" class=\"yoast-schema-graph\">{\"@context\":\"https:\/\/schema.org\",\"@graph\":[{\"@type\":\"WebSite\",\"@id\":\"https:\/\/www.visit-ulcinj.com\/blog\/#website\",\"url\":\"https:\/\/www.visit-ulcinj.com\/blog\/\",\"name\":\"Lajme nga Ulqini\",\"description\":\"Lajme,Vijesti,Ulqini,Ulqin,Crna Gora,Mali i Zi\",\"potentialAction\":[{\"@type\":\"SearchAction\",\"target\":{\"@type\":\"EntryPoint\",\"urlTemplate\":\"https:\/\/www.visit-ulcinj.com\/blog\/?s={search_term_string}\"},\"query-input\":\"required name=search_term_string\"}],\"inLanguage\":\"en-US\"},{\"@type\":\"WebPage\",\"@id\":\"https:\/\/www.visit-ulcinj.com\/blog\/2017\/01\/30\/interviste-ekskluzive-veteranin-e-arsimit-dhe-guidin-turistike-ismet-karamanaga\/#webpage\",\"url\":\"https:\/\/www.visit-ulcinj.com\/blog\/2017\/01\/30\/interviste-ekskluzive-veteranin-e-arsimit-dhe-guidin-turistike-ismet-karamanaga\/\",\"name\":\"Intervist\u00eb Ekskluzive me veteranin e arsimit dhe guidin turistike Ismet Karamanaga - Video - Lajme nga Ulqini\",\"isPartOf\":{\"@id\":\"https:\/\/www.visit-ulcinj.com\/blog\/#website\"},\"datePublished\":\"2017-01-30T15:39:01+00:00\",\"dateModified\":\"2017-01-30T15:41:21+00:00\",\"author\":{\"@id\":\"https:\/\/www.visit-ulcinj.com\/blog\/#\/schema\/person\/dcab619c614d3038751c63bc2aadc06d\"},\"description\":\"Mund t\u00eb ndiqni emisionin\u201cPortreti\u201d i cili emitohet \u00e7do te hene ne oren 21.00 n\u00eb Televizionin Teuta. Moderatorja e emisonit Hatixhe Nelaj na mundson t\u00eb\",\"breadcrumb\":{\"@id\":\"https:\/\/www.visit-ulcinj.com\/blog\/2017\/01\/30\/interviste-ekskluzive-veteranin-e-arsimit-dhe-guidin-turistike-ismet-karamanaga\/#breadcrumb\"},\"inLanguage\":\"en-US\",\"potentialAction\":[{\"@type\":\"ReadAction\",\"target\":[\"https:\/\/www.visit-ulcinj.com\/blog\/2017\/01\/30\/interviste-ekskluzive-veteranin-e-arsimit-dhe-guidin-turistike-ismet-karamanaga\/\"]}]},{\"@type\":\"BreadcrumbList\",\"@id\":\"https:\/\/www.visit-ulcinj.com\/blog\/2017\/01\/30\/interviste-ekskluzive-veteranin-e-arsimit-dhe-guidin-turistike-ismet-karamanaga\/#breadcrumb\",\"itemListElement\":[{\"@type\":\"ListItem\",\"position\":1,\"name\":\"Intervist\u00eb Ekskluzive me veteranin e arsimit dhe guidin turistike Ismet Karamanaga &#8211; Video\"}]},{\"@type\":\"Person\",\"@id\":\"https:\/\/www.visit-ulcinj.com\/blog\/#\/schema\/person\/dcab619c614d3038751c63bc2aadc06d\",\"name\":\"ulqini\",\"sameAs\":[\"http:\/\/www.visit-ulcinj.com\"],\"url\":\"https:\/\/www.visit-ulcinj.com\/blog\/author\/admin\/\"}]}<\/script>\n<!-- \/ Yoast SEO plugin. -->","yoast_head_json":{"title":"Intervist\u00eb Ekskluzive me veteranin e arsimit dhe guidin turistike Ismet Karamanaga - Video - Lajme nga Ulqini","description":"Mund t\u00eb ndiqni emisionin\u201cPortreti\u201d i cili emitohet \u00e7do te hene ne oren 21.00 n\u00eb Televizionin Teuta. Moderatorja e emisonit Hatixhe Nelaj na mundson t\u00eb","robots":{"index":"index","follow":"follow","max-snippet":"max-snippet:-1","max-image-preview":"max-image-preview:large","max-video-preview":"max-video-preview:-1"},"canonical":"https:\/\/www.visit-ulcinj.com\/blog\/2017\/01\/30\/interviste-ekskluzive-veteranin-e-arsimit-dhe-guidin-turistike-ismet-karamanaga\/","og_locale":"en_US","og_type":"article","og_title":"Intervist\u00eb Ekskluzive me veteranin e arsimit dhe guidin turistike Ismet Karamanaga - Video - Lajme nga Ulqini","og_description":"Mund t\u00eb ndiqni emisionin\u201cPortreti\u201d i cili emitohet \u00e7do te hene ne oren 21.00 n\u00eb Televizionin Teuta. Moderatorja e emisonit Hatixhe Nelaj na mundson t\u00eb","og_url":"https:\/\/www.visit-ulcinj.com\/blog\/2017\/01\/30\/interviste-ekskluzive-veteranin-e-arsimit-dhe-guidin-turistike-ismet-karamanaga\/","og_site_name":"Lajme nga Ulqini","article_published_time":"2017-01-30T15:39:01+00:00","article_modified_time":"2017-01-30T15:41:21+00:00","twitter_misc":{"Written by":"ulqini","Est. reading time":"11 minutes"},"schema":{"@context":"https:\/\/schema.org","@graph":[{"@type":"WebSite","@id":"https:\/\/www.visit-ulcinj.com\/blog\/#website","url":"https:\/\/www.visit-ulcinj.com\/blog\/","name":"Lajme nga Ulqini","description":"Lajme,Vijesti,Ulqini,Ulqin,Crna Gora,Mali i Zi","potentialAction":[{"@type":"SearchAction","target":{"@type":"EntryPoint","urlTemplate":"https:\/\/www.visit-ulcinj.com\/blog\/?s={search_term_string}"},"query-input":"required name=search_term_string"}],"inLanguage":"en-US"},{"@type":"WebPage","@id":"https:\/\/www.visit-ulcinj.com\/blog\/2017\/01\/30\/interviste-ekskluzive-veteranin-e-arsimit-dhe-guidin-turistike-ismet-karamanaga\/#webpage","url":"https:\/\/www.visit-ulcinj.com\/blog\/2017\/01\/30\/interviste-ekskluzive-veteranin-e-arsimit-dhe-guidin-turistike-ismet-karamanaga\/","name":"Intervist\u00eb Ekskluzive me veteranin e arsimit dhe guidin turistike Ismet Karamanaga - Video - Lajme nga Ulqini","isPartOf":{"@id":"https:\/\/www.visit-ulcinj.com\/blog\/#website"},"datePublished":"2017-01-30T15:39:01+00:00","dateModified":"2017-01-30T15:41:21+00:00","author":{"@id":"https:\/\/www.visit-ulcinj.com\/blog\/#\/schema\/person\/dcab619c614d3038751c63bc2aadc06d"},"description":"Mund t\u00eb ndiqni emisionin\u201cPortreti\u201d i cili emitohet \u00e7do te hene ne oren 21.00 n\u00eb Televizionin Teuta. Moderatorja e emisonit Hatixhe Nelaj na mundson t\u00eb","breadcrumb":{"@id":"https:\/\/www.visit-ulcinj.com\/blog\/2017\/01\/30\/interviste-ekskluzive-veteranin-e-arsimit-dhe-guidin-turistike-ismet-karamanaga\/#breadcrumb"},"inLanguage":"en-US","potentialAction":[{"@type":"ReadAction","target":["https:\/\/www.visit-ulcinj.com\/blog\/2017\/01\/30\/interviste-ekskluzive-veteranin-e-arsimit-dhe-guidin-turistike-ismet-karamanaga\/"]}]},{"@type":"BreadcrumbList","@id":"https:\/\/www.visit-ulcinj.com\/blog\/2017\/01\/30\/interviste-ekskluzive-veteranin-e-arsimit-dhe-guidin-turistike-ismet-karamanaga\/#breadcrumb","itemListElement":[{"@type":"ListItem","position":1,"name":"Intervist\u00eb Ekskluzive me veteranin e arsimit dhe guidin turistike Ismet Karamanaga &#8211; Video"}]},{"@type":"Person","@id":"https:\/\/www.visit-ulcinj.com\/blog\/#\/schema\/person\/dcab619c614d3038751c63bc2aadc06d","name":"ulqini","sameAs":["http:\/\/www.visit-ulcinj.com"],"url":"https:\/\/www.visit-ulcinj.com\/blog\/author\/admin\/"}]}},"jetpack_featured_media_url":"","jetpack_sharing_enabled":true,"jetpack_shortlink":"https:\/\/wp.me\/pe6lTn-qFT","_links":{"self":[{"href":"https:\/\/www.visit-ulcinj.com\/blog\/wp-json\/wp\/v2\/posts\/102541"}],"collection":[{"href":"https:\/\/www.visit-ulcinj.com\/blog\/wp-json\/wp\/v2\/posts"}],"about":[{"href":"https:\/\/www.visit-ulcinj.com\/blog\/wp-json\/wp\/v2\/types\/post"}],"author":[{"embeddable":true,"href":"https:\/\/www.visit-ulcinj.com\/blog\/wp-json\/wp\/v2\/users\/1"}],"replies":[{"embeddable":true,"href":"https:\/\/www.visit-ulcinj.com\/blog\/wp-json\/wp\/v2\/comments?post=102541"}],"version-history":[{"count":2,"href":"https:\/\/www.visit-ulcinj.com\/blog\/wp-json\/wp\/v2\/posts\/102541\/revisions"}],"predecessor-version":[{"id":102544,"href":"https:\/\/www.visit-ulcinj.com\/blog\/wp-json\/wp\/v2\/posts\/102541\/revisions\/102544"}],"wp:attachment":[{"href":"https:\/\/www.visit-ulcinj.com\/blog\/wp-json\/wp\/v2\/media?parent=102541"}],"wp:term":[{"taxonomy":"category","embeddable":true,"href":"https:\/\/www.visit-ulcinj.com\/blog\/wp-json\/wp\/v2\/categories?post=102541"},{"taxonomy":"post_tag","embeddable":true,"href":"https:\/\/www.visit-ulcinj.com\/blog\/wp-json\/wp\/v2\/tags?post=102541"}],"curies":[{"name":"wp","href":"https:\/\/api.w.org\/{rel}","templated":true}]}}