{"id":102572,"date":"2017-01-31T00:23:16","date_gmt":"2017-01-30T23:23:16","guid":{"rendered":"http:\/\/www.visit-ulcinj.com\/blog\/?p=102572"},"modified":"2017-01-31T00:29:32","modified_gmt":"2017-01-30T23:29:32","slug":"iznenadna-srcana-smrt-arhitekta-fuad-fudo-mavrica","status":"publish","type":"post","link":"https:\/\/www.visit-ulcinj.com\/blog\/2017\/01\/31\/iznenadna-srcana-smrt-arhitekta-fuad-fudo-mavrica\/","title":{"rendered":"Iznenadna sr\u010dana smrt arhitekta Fuad &#8211; Fudo Mavri\u0107a"},"content":{"rendered":"<p><a href=\"http:\/\/www.visit-ulcinj.com\/blog\/wp-content\/uploads\/2017\/01\/Fuad-Fudo-Mavric-Ulqin-Ulcinj.jpg\"><img loading=\"lazy\" class=\"alignleft wp-image-102566\" src=\"http:\/\/www.visit-ulcinj.com\/blog\/wp-content\/uploads\/2017\/01\/Fuad-Fudo-Mavric-Ulqin-Ulcinj.jpg\" alt=\"Fuad-Fudo-Mavric-Ulqin-Ulcinj\" width=\"508\" height=\"388\" srcset=\"https:\/\/www.visit-ulcinj.com\/blog\/wp-content\/uploads\/2017\/01\/Fuad-Fudo-Mavric-Ulqin-Ulcinj.jpg 729w, https:\/\/www.visit-ulcinj.com\/blog\/wp-content\/uploads\/2017\/01\/Fuad-Fudo-Mavric-Ulqin-Ulcinj-300x229.jpg 300w\" sizes=\"(max-width: 508px) 100vw, 508px\" \/><\/a>Slavni ulcinjski arhitekta, <strong>Fuad Fudo Mavri\u0107<\/strong> iznenada je umro danas od sr\u010danog udara u 60. godini. Za \u017eivota i sada nakon neo\u010dekivane i prerane smrti o njemu se naj\u010de\u0161\u0107e govorilo kao &#8220;najzna\u010dajnijem\u00a0 arhitekti svih vremena Ulcinja\u201d.<\/p>\n<p>Fuad osnovao je svoju kompaniju &#8220;<strong><a class=\"_2wma\" href=\"https:\/\/www.facebook.com\/ArchiStudio-193769023979386\/?ref=page_internal\">ArchiStudio<\/a><\/strong>.&#8221;, a njegov veliki posao\u00a0 bio sa\u00a0ulcinjskim arhitektom Selimom Resulbegovicem projektiranje\u00a0Islamskog kulturnog centra i d\u017eamije &#8220;Selimija&#8221; u Baru, koja joj je obezbijedila slavu.<\/p>\n<p>Svijet arhitekture danas je izgubio svoju ulcinjku zvijezdu.<\/p>\n<p><a href=\"http:\/\/www.visit-ulcinj.com\/blog\/wp-content\/uploads\/2017\/01\/Fuad-Fudo-Mavric-Ulqin-Ulcinj-1.jpg\"><img loading=\"lazy\" class=\"alignleft wp-image-102567\" src=\"http:\/\/www.visit-ulcinj.com\/blog\/wp-content\/uploads\/2017\/01\/Fuad-Fudo-Mavric-Ulqin-Ulcinj-1.jpg\" alt=\"Fuad-Fudo-Mavric-Ulqin-Ulcinj-1\" width=\"508\" height=\"336\" \/><\/a><\/p>\n","protected":false},"excerpt":{"rendered":"<p>Slavni ulcinjski arhitekta, Fuad Fudo Mavri\u0107 iznenada je umro danas od sr\u010danog udara u 60. godini. Za \u017eivota i sada nakon neo\u010dekivane i prerane smrti o njemu se naj\u010de\u0161\u0107e govorilo kao &#8220;najzna\u010dajnijem\u00a0 arhitekti svih vremena Ulcinja\u201d. Fuad osnovao je svoju kompaniju &#8220;ArchiStudio.&#8221;, a njegov veliki posao\u00a0 bio sa\u00a0ulcinjskim arhitektom Selimom Resulbegovicem projektiranje\u00a0Islamskog kulturnog centra i [&hellip;]<\/p>\n","protected":false},"author":1,"featured_media":0,"comment_status":"closed","ping_status":"closed","sticky":false,"template":"","format":"standard","meta":{"spay_email":"","jetpack_publicize_message":"","jetpack_is_tweetstorm":false,"jetpack_publicize_feature_enabled":true},"categories":[8337],"tags":[],"jetpack_publicize_connections":[],"yoast_head":"<!-- This site is optimized with the Yoast SEO plugin v19.1 - https:\/\/yoast.com\/wordpress\/plugins\/seo\/ -->\n<title>Iznenadna sr\u010dana smrt arhitekta Fuad - Fudo Mavri\u0107a - Lajme nga Ulqini<\/title>\n<meta name=\"description\" content=\"Slavni ulcinjski arhitekta, Fuad Fudo Mavri\u0107 iznenada je umro danas od sr\u010danog udara u 60. godini. Za \u017eivota i sada nakon neo\u010dekivane i prerane smrti o\" \/>\n<meta name=\"robots\" content=\"index, follow, max-snippet:-1, max-image-preview:large, max-video-preview:-1\" \/>\n<link rel=\"canonical\" href=\"https:\/\/www.visit-ulcinj.com\/blog\/2017\/01\/31\/iznenadna-srcana-smrt-arhitekta-fuad-fudo-mavrica\/\" \/>\n<meta property=\"og:locale\" content=\"en_US\" \/>\n<meta property=\"og:type\" content=\"article\" \/>\n<meta property=\"og:title\" content=\"Iznenadna sr\u010dana smrt arhitekta Fuad - Fudo Mavri\u0107a - Lajme nga Ulqini\" \/>\n<meta property=\"og:description\" content=\"Slavni ulcinjski arhitekta, Fuad Fudo Mavri\u0107 iznenada je umro danas od sr\u010danog udara u 60. godini. Za \u017eivota i sada nakon neo\u010dekivane i prerane smrti o\" \/>\n<meta property=\"og:url\" content=\"https:\/\/www.visit-ulcinj.com\/blog\/2017\/01\/31\/iznenadna-srcana-smrt-arhitekta-fuad-fudo-mavrica\/\" \/>\n<meta property=\"og:site_name\" content=\"Lajme nga Ulqini\" \/>\n<meta property=\"article:published_time\" content=\"2017-01-30T23:23:16+00:00\" \/>\n<meta property=\"article:modified_time\" content=\"2017-01-30T23:29:32+00:00\" \/>\n<meta property=\"og:image\" content=\"http:\/\/www.visit-ulcinj.com\/blog\/wp-content\/uploads\/2017\/01\/Fuad-Fudo-Mavric-Ulqin-Ulcinj.jpg\" \/>\n<meta name=\"twitter:label1\" content=\"Written by\" \/>\n\t<meta name=\"twitter:data1\" content=\"ulqini\" \/>\n<script type=\"application\/ld+json\" class=\"yoast-schema-graph\">{\"@context\":\"https:\/\/schema.org\",\"@graph\":[{\"@type\":\"WebSite\",\"@id\":\"https:\/\/www.visit-ulcinj.com\/blog\/#website\",\"url\":\"https:\/\/www.visit-ulcinj.com\/blog\/\",\"name\":\"Lajme nga Ulqini\",\"description\":\"Lajme,Vijesti,Ulqini,Ulqin,Crna Gora,Mali i Zi\",\"potentialAction\":[{\"@type\":\"SearchAction\",\"target\":{\"@type\":\"EntryPoint\",\"urlTemplate\":\"https:\/\/www.visit-ulcinj.com\/blog\/?s={search_term_string}\"},\"query-input\":\"required name=search_term_string\"}],\"inLanguage\":\"en-US\"},{\"@type\":\"ImageObject\",\"inLanguage\":\"en-US\",\"@id\":\"https:\/\/www.visit-ulcinj.com\/blog\/2017\/01\/31\/iznenadna-srcana-smrt-arhitekta-fuad-fudo-mavrica\/#primaryimage\",\"url\":\"https:\/\/www.visit-ulcinj.com\/blog\/wp-content\/uploads\/2017\/01\/Fuad-Fudo-Mavric-Ulqin-Ulcinj.jpg\",\"contentUrl\":\"https:\/\/www.visit-ulcinj.com\/blog\/wp-content\/uploads\/2017\/01\/Fuad-Fudo-Mavric-Ulqin-Ulcinj.jpg\",\"width\":729,\"height\":557},{\"@type\":\"WebPage\",\"@id\":\"https:\/\/www.visit-ulcinj.com\/blog\/2017\/01\/31\/iznenadna-srcana-smrt-arhitekta-fuad-fudo-mavrica\/#webpage\",\"url\":\"https:\/\/www.visit-ulcinj.com\/blog\/2017\/01\/31\/iznenadna-srcana-smrt-arhitekta-fuad-fudo-mavrica\/\",\"name\":\"Iznenadna sr\u010dana smrt arhitekta Fuad - Fudo Mavri\u0107a - Lajme nga Ulqini\",\"isPartOf\":{\"@id\":\"https:\/\/www.visit-ulcinj.com\/blog\/#website\"},\"primaryImageOfPage\":{\"@id\":\"https:\/\/www.visit-ulcinj.com\/blog\/2017\/01\/31\/iznenadna-srcana-smrt-arhitekta-fuad-fudo-mavrica\/#primaryimage\"},\"datePublished\":\"2017-01-30T23:23:16+00:00\",\"dateModified\":\"2017-01-30T23:29:32+00:00\",\"author\":{\"@id\":\"https:\/\/www.visit-ulcinj.com\/blog\/#\/schema\/person\/dcab619c614d3038751c63bc2aadc06d\"},\"description\":\"Slavni ulcinjski arhitekta, Fuad Fudo Mavri\u0107 iznenada je umro danas od sr\u010danog udara u 60. godini. Za \u017eivota i sada nakon neo\u010dekivane i prerane smrti o\",\"breadcrumb\":{\"@id\":\"https:\/\/www.visit-ulcinj.com\/blog\/2017\/01\/31\/iznenadna-srcana-smrt-arhitekta-fuad-fudo-mavrica\/#breadcrumb\"},\"inLanguage\":\"en-US\",\"potentialAction\":[{\"@type\":\"ReadAction\",\"target\":[\"https:\/\/www.visit-ulcinj.com\/blog\/2017\/01\/31\/iznenadna-srcana-smrt-arhitekta-fuad-fudo-mavrica\/\"]}]},{\"@type\":\"BreadcrumbList\",\"@id\":\"https:\/\/www.visit-ulcinj.com\/blog\/2017\/01\/31\/iznenadna-srcana-smrt-arhitekta-fuad-fudo-mavrica\/#breadcrumb\",\"itemListElement\":[{\"@type\":\"ListItem\",\"position\":1,\"name\":\"Iznenadna sr\u010dana smrt arhitekta Fuad &#8211; Fudo Mavri\u0107a\"}]},{\"@type\":\"Person\",\"@id\":\"https:\/\/www.visit-ulcinj.com\/blog\/#\/schema\/person\/dcab619c614d3038751c63bc2aadc06d\",\"name\":\"ulqini\",\"sameAs\":[\"http:\/\/www.visit-ulcinj.com\"],\"url\":\"https:\/\/www.visit-ulcinj.com\/blog\/author\/admin\/\"}]}<\/script>\n<!-- \/ Yoast SEO plugin. -->","yoast_head_json":{"title":"Iznenadna sr\u010dana smrt arhitekta Fuad - Fudo Mavri\u0107a - Lajme nga Ulqini","description":"Slavni ulcinjski arhitekta, Fuad Fudo Mavri\u0107 iznenada je umro danas od sr\u010danog udara u 60. godini. Za \u017eivota i sada nakon neo\u010dekivane i prerane smrti o","robots":{"index":"index","follow":"follow","max-snippet":"max-snippet:-1","max-image-preview":"max-image-preview:large","max-video-preview":"max-video-preview:-1"},"canonical":"https:\/\/www.visit-ulcinj.com\/blog\/2017\/01\/31\/iznenadna-srcana-smrt-arhitekta-fuad-fudo-mavrica\/","og_locale":"en_US","og_type":"article","og_title":"Iznenadna sr\u010dana smrt arhitekta Fuad - Fudo Mavri\u0107a - Lajme nga Ulqini","og_description":"Slavni ulcinjski arhitekta, Fuad Fudo Mavri\u0107 iznenada je umro danas od sr\u010danog udara u 60. godini. Za \u017eivota i sada nakon neo\u010dekivane i prerane smrti o","og_url":"https:\/\/www.visit-ulcinj.com\/blog\/2017\/01\/31\/iznenadna-srcana-smrt-arhitekta-fuad-fudo-mavrica\/","og_site_name":"Lajme nga Ulqini","article_published_time":"2017-01-30T23:23:16+00:00","article_modified_time":"2017-01-30T23:29:32+00:00","og_image":[{"url":"http:\/\/www.visit-ulcinj.com\/blog\/wp-content\/uploads\/2017\/01\/Fuad-Fudo-Mavric-Ulqin-Ulcinj.jpg"}],"twitter_misc":{"Written by":"ulqini"},"schema":{"@context":"https:\/\/schema.org","@graph":[{"@type":"WebSite","@id":"https:\/\/www.visit-ulcinj.com\/blog\/#website","url":"https:\/\/www.visit-ulcinj.com\/blog\/","name":"Lajme nga Ulqini","description":"Lajme,Vijesti,Ulqini,Ulqin,Crna Gora,Mali i Zi","potentialAction":[{"@type":"SearchAction","target":{"@type":"EntryPoint","urlTemplate":"https:\/\/www.visit-ulcinj.com\/blog\/?s={search_term_string}"},"query-input":"required name=search_term_string"}],"inLanguage":"en-US"},{"@type":"ImageObject","inLanguage":"en-US","@id":"https:\/\/www.visit-ulcinj.com\/blog\/2017\/01\/31\/iznenadna-srcana-smrt-arhitekta-fuad-fudo-mavrica\/#primaryimage","url":"https:\/\/www.visit-ulcinj.com\/blog\/wp-content\/uploads\/2017\/01\/Fuad-Fudo-Mavric-Ulqin-Ulcinj.jpg","contentUrl":"https:\/\/www.visit-ulcinj.com\/blog\/wp-content\/uploads\/2017\/01\/Fuad-Fudo-Mavric-Ulqin-Ulcinj.jpg","width":729,"height":557},{"@type":"WebPage","@id":"https:\/\/www.visit-ulcinj.com\/blog\/2017\/01\/31\/iznenadna-srcana-smrt-arhitekta-fuad-fudo-mavrica\/#webpage","url":"https:\/\/www.visit-ulcinj.com\/blog\/2017\/01\/31\/iznenadna-srcana-smrt-arhitekta-fuad-fudo-mavrica\/","name":"Iznenadna sr\u010dana smrt arhitekta Fuad - Fudo Mavri\u0107a - Lajme nga Ulqini","isPartOf":{"@id":"https:\/\/www.visit-ulcinj.com\/blog\/#website"},"primaryImageOfPage":{"@id":"https:\/\/www.visit-ulcinj.com\/blog\/2017\/01\/31\/iznenadna-srcana-smrt-arhitekta-fuad-fudo-mavrica\/#primaryimage"},"datePublished":"2017-01-30T23:23:16+00:00","dateModified":"2017-01-30T23:29:32+00:00","author":{"@id":"https:\/\/www.visit-ulcinj.com\/blog\/#\/schema\/person\/dcab619c614d3038751c63bc2aadc06d"},"description":"Slavni ulcinjski arhitekta, Fuad Fudo Mavri\u0107 iznenada je umro danas od sr\u010danog udara u 60. godini. Za \u017eivota i sada nakon neo\u010dekivane i prerane smrti o","breadcrumb":{"@id":"https:\/\/www.visit-ulcinj.com\/blog\/2017\/01\/31\/iznenadna-srcana-smrt-arhitekta-fuad-fudo-mavrica\/#breadcrumb"},"inLanguage":"en-US","potentialAction":[{"@type":"ReadAction","target":["https:\/\/www.visit-ulcinj.com\/blog\/2017\/01\/31\/iznenadna-srcana-smrt-arhitekta-fuad-fudo-mavrica\/"]}]},{"@type":"BreadcrumbList","@id":"https:\/\/www.visit-ulcinj.com\/blog\/2017\/01\/31\/iznenadna-srcana-smrt-arhitekta-fuad-fudo-mavrica\/#breadcrumb","itemListElement":[{"@type":"ListItem","position":1,"name":"Iznenadna sr\u010dana smrt arhitekta Fuad &#8211; Fudo Mavri\u0107a"}]},{"@type":"Person","@id":"https:\/\/www.visit-ulcinj.com\/blog\/#\/schema\/person\/dcab619c614d3038751c63bc2aadc06d","name":"ulqini","sameAs":["http:\/\/www.visit-ulcinj.com"],"url":"https:\/\/www.visit-ulcinj.com\/blog\/author\/admin\/"}]}},"jetpack_featured_media_url":"","jetpack_sharing_enabled":true,"jetpack_shortlink":"https:\/\/wp.me\/pe6lTn-qGo","_links":{"self":[{"href":"https:\/\/www.visit-ulcinj.com\/blog\/wp-json\/wp\/v2\/posts\/102572"}],"collection":[{"href":"https:\/\/www.visit-ulcinj.com\/blog\/wp-json\/wp\/v2\/posts"}],"about":[{"href":"https:\/\/www.visit-ulcinj.com\/blog\/wp-json\/wp\/v2\/types\/post"}],"author":[{"embeddable":true,"href":"https:\/\/www.visit-ulcinj.com\/blog\/wp-json\/wp\/v2\/users\/1"}],"replies":[{"embeddable":true,"href":"https:\/\/www.visit-ulcinj.com\/blog\/wp-json\/wp\/v2\/comments?post=102572"}],"version-history":[{"count":4,"href":"https:\/\/www.visit-ulcinj.com\/blog\/wp-json\/wp\/v2\/posts\/102572\/revisions"}],"predecessor-version":[{"id":102576,"href":"https:\/\/www.visit-ulcinj.com\/blog\/wp-json\/wp\/v2\/posts\/102572\/revisions\/102576"}],"wp:attachment":[{"href":"https:\/\/www.visit-ulcinj.com\/blog\/wp-json\/wp\/v2\/media?parent=102572"}],"wp:term":[{"taxonomy":"category","embeddable":true,"href":"https:\/\/www.visit-ulcinj.com\/blog\/wp-json\/wp\/v2\/categories?post=102572"},{"taxonomy":"post_tag","embeddable":true,"href":"https:\/\/www.visit-ulcinj.com\/blog\/wp-json\/wp\/v2\/tags?post=102572"}],"curies":[{"name":"wp","href":"https:\/\/api.w.org\/{rel}","templated":true}]}}