{"id":102578,"date":"2017-01-31T13:19:55","date_gmt":"2017-01-31T12:19:55","guid":{"rendered":"http:\/\/www.visit-ulcinj.com\/blog\/?p=102578"},"modified":"2017-01-31T13:28:54","modified_gmt":"2017-01-31T12:28:54","slug":"komuna-e-ulqinit-7-shkurt-organizon-tribune-afaristet","status":"publish","type":"post","link":"https:\/\/www.visit-ulcinj.com\/blog\/2017\/01\/31\/komuna-e-ulqinit-7-shkurt-organizon-tribune-afaristet\/","title":{"rendered":"Komuna e Ulqinit me 7 shkurt  organizon &#8220;Tribun\u00eb me afarist\u00ebt&#8221;"},"content":{"rendered":"<p><strong><a href=\"http:\/\/www.visit-ulcinj.com\/blog\/wp-content\/uploads\/2016\/03\/Kryetari-Ulqinit-Nazif-Cungu.jpg\"><img loading=\"lazy\" class=\"alignleft wp-image-95720\" src=\"http:\/\/www.visit-ulcinj.com\/blog\/wp-content\/uploads\/2016\/03\/Kryetari-Ulqinit-Nazif-Cungu.jpg\" alt=\"Kryetari-Ulqinit-Nazif-Cungu\" width=\"508\" height=\"316\" srcset=\"https:\/\/www.visit-ulcinj.com\/blog\/wp-content\/uploads\/2016\/03\/Kryetari-Ulqinit-Nazif-Cungu.jpg 805w, https:\/\/www.visit-ulcinj.com\/blog\/wp-content\/uploads\/2016\/03\/Kryetari-Ulqinit-Nazif-Cungu-300x186.jpg 300w\" sizes=\"(max-width: 508px) 100vw, 508px\" \/><\/a><\/strong><\/p>\n<p id=\":13o\" class=\"hP\" style=\"text-align: center;\" tabindex=\"-1\"><strong>&#8221;Pa bariera. Q\u00eb biznesi t\u00eb mos ndalet\u2019\u2019<\/strong><\/p>\n<p><strong>N\u00eb sall\u00ebn e madhe t\u00eb Kuvendit Komunal, m\u00eb 7 shkurt n\u00eb or\u00ebn 11:00, do t\u00eb organizohet tribuna me afarist\u00eb t\u00eb Ulqinit.<\/strong><\/p>\n<p>Ky aktivitet organizohet n\u00eb kuad\u00ebr t\u00eb faz\u00ebs s\u00eb dyt\u00eb t\u00eb fushat\u00ebs <strong>&#8221;Pa bariera. Q<\/strong><strong>\u00eb biznesi t\u00eb mos ndalet\u2019\u2019<\/strong>, e cila \u00ebsht\u00eb pjes\u00eb e projektit \u201c <strong>Sforcimi i <\/strong><strong>kapaciteteve p\u00ebr avancimin e ambijentit afarist\u00eb, rregullator dhe reformave strukturore <\/strong>\u201d i cili implentohet nga <strong>Programi i Komb\u00ebve t\u00eb Bashkuar p\u00ebr Zhvillim (UNDP)<\/strong> n\u00eb bashk\u00ebpunim me <strong>Ministrin\u00eb e Financave<\/strong>, me p\u00ebrkrahje financirare t\u00eb <strong>Ambasad\u00ebs Britanike<\/strong> n\u00eb Podgoric\u00eb.<\/p>\n<p>N\u00eb pjes\u00eb e par\u00eb t\u00eb tribun\u00ebs pjes\u00ebmarr\u00ebsve do t\u2019i drejtohet Nazif Cungu \u2013 kryetari i Komun\u00ebs s\u00eb Ulqinit, Fiona Mekluni \u2013 p\u00ebrfaq\u00ebsuese e UNDP-s\u00eb n\u00eb Mal t\u00eb Zi, Gevin Vesi \u2013 i ngarkuari me pun\u00eb n\u00eb Ambasad\u00ebn Britanike n\u00eb Podgoric\u00eb dhe Ivan Raduloviq \u2013 drejtori i Drejtoris\u00eb p\u00ebr analiz\u00ebn e ndikimit t\u00eb legjislacionit, nd\u00ebsa n\u00eb fokus t\u00eb diskutimit do t\u00eb jet\u00eb ndikimi i barierave n\u00eb pun\u00ebn e afarist\u00ebve n\u00eb nivel lokal si dhe mund\u00ebsia e tejkalimit t\u00eb tyre.<\/p>\n","protected":false},"excerpt":{"rendered":"<p>&#8221;Pa bariera. Q\u00eb biznesi t\u00eb mos ndalet\u2019\u2019 N\u00eb sall\u00ebn e madhe t\u00eb Kuvendit Komunal, m\u00eb 7 shkurt n\u00eb or\u00ebn 11:00, do t\u00eb organizohet tribuna me afarist\u00eb t\u00eb Ulqinit. Ky aktivitet organizohet n\u00eb kuad\u00ebr t\u00eb faz\u00ebs s\u00eb dyt\u00eb t\u00eb fushat\u00ebs &#8221;Pa bariera. Q\u00eb biznesi t\u00eb mos ndalet\u2019\u2019, e cila \u00ebsht\u00eb pjes\u00eb e projektit \u201c Sforcimi i [&hellip;]<\/p>\n","protected":false},"author":1,"featured_media":0,"comment_status":"closed","ping_status":"closed","sticky":false,"template":"","format":"standard","meta":{"spay_email":"","jetpack_publicize_message":"","jetpack_is_tweetstorm":false,"jetpack_publicize_feature_enabled":true},"categories":[10],"tags":[],"jetpack_publicize_connections":[],"yoast_head":"<!-- This site is optimized with the Yoast SEO plugin v19.1 - https:\/\/yoast.com\/wordpress\/plugins\/seo\/ -->\n<title>Komuna e Ulqinit me 7 shkurt organizon &quot;Tribun\u00eb me afarist\u00ebt&quot; - Lajme nga Ulqini<\/title>\n<meta name=\"description\" content=\"&#039;&#039;Pa bariera. Q\u00eb biznesi t\u00eb mos ndalet\u2019\u2019 N\u00eb sall\u00ebn e madhe t\u00eb Kuvendit Komunal, m\u00eb 7 shkurt n\u00eb or\u00ebn 11:00, do t\u00eb organizohet tribuna me afarist\u00eb t\u00eb\" \/>\n<meta name=\"robots\" content=\"index, follow, max-snippet:-1, max-image-preview:large, max-video-preview:-1\" \/>\n<link rel=\"canonical\" href=\"https:\/\/www.visit-ulcinj.com\/blog\/2017\/01\/31\/komuna-e-ulqinit-7-shkurt-organizon-tribune-afaristet\/\" \/>\n<meta property=\"og:locale\" content=\"en_US\" \/>\n<meta property=\"og:type\" content=\"article\" \/>\n<meta property=\"og:title\" content=\"Komuna e Ulqinit me 7 shkurt organizon &quot;Tribun\u00eb me afarist\u00ebt&quot; - Lajme nga Ulqini\" \/>\n<meta property=\"og:description\" content=\"&#039;&#039;Pa bariera. Q\u00eb biznesi t\u00eb mos ndalet\u2019\u2019 N\u00eb sall\u00ebn e madhe t\u00eb Kuvendit Komunal, m\u00eb 7 shkurt n\u00eb or\u00ebn 11:00, do t\u00eb organizohet tribuna me afarist\u00eb t\u00eb\" \/>\n<meta property=\"og:url\" content=\"https:\/\/www.visit-ulcinj.com\/blog\/2017\/01\/31\/komuna-e-ulqinit-7-shkurt-organizon-tribune-afaristet\/\" \/>\n<meta property=\"og:site_name\" content=\"Lajme nga Ulqini\" \/>\n<meta property=\"article:published_time\" content=\"2017-01-31T12:19:55+00:00\" \/>\n<meta property=\"article:modified_time\" content=\"2017-01-31T12:28:54+00:00\" \/>\n<meta property=\"og:image\" content=\"http:\/\/www.visit-ulcinj.com\/blog\/wp-content\/uploads\/2016\/03\/Kryetari-Ulqinit-Nazif-Cungu.jpg\" \/>\n<meta name=\"twitter:label1\" content=\"Written by\" \/>\n\t<meta name=\"twitter:data1\" content=\"ulqini\" \/>\n\t<meta name=\"twitter:label2\" content=\"Est. reading time\" \/>\n\t<meta name=\"twitter:data2\" content=\"1 minute\" \/>\n<script type=\"application\/ld+json\" class=\"yoast-schema-graph\">{\"@context\":\"https:\/\/schema.org\",\"@graph\":[{\"@type\":\"WebSite\",\"@id\":\"https:\/\/www.visit-ulcinj.com\/blog\/#website\",\"url\":\"https:\/\/www.visit-ulcinj.com\/blog\/\",\"name\":\"Lajme nga Ulqini\",\"description\":\"Lajme,Vijesti,Ulqini,Ulqin,Crna Gora,Mali i Zi\",\"potentialAction\":[{\"@type\":\"SearchAction\",\"target\":{\"@type\":\"EntryPoint\",\"urlTemplate\":\"https:\/\/www.visit-ulcinj.com\/blog\/?s={search_term_string}\"},\"query-input\":\"required name=search_term_string\"}],\"inLanguage\":\"en-US\"},{\"@type\":\"ImageObject\",\"inLanguage\":\"en-US\",\"@id\":\"https:\/\/www.visit-ulcinj.com\/blog\/2017\/01\/31\/komuna-e-ulqinit-7-shkurt-organizon-tribune-afaristet\/#primaryimage\",\"url\":\"https:\/\/www.visit-ulcinj.com\/blog\/wp-content\/uploads\/2016\/03\/Kryetari-Ulqinit-Nazif-Cungu.jpg\",\"contentUrl\":\"https:\/\/www.visit-ulcinj.com\/blog\/wp-content\/uploads\/2016\/03\/Kryetari-Ulqinit-Nazif-Cungu.jpg\",\"width\":805,\"height\":500},{\"@type\":\"WebPage\",\"@id\":\"https:\/\/www.visit-ulcinj.com\/blog\/2017\/01\/31\/komuna-e-ulqinit-7-shkurt-organizon-tribune-afaristet\/#webpage\",\"url\":\"https:\/\/www.visit-ulcinj.com\/blog\/2017\/01\/31\/komuna-e-ulqinit-7-shkurt-organizon-tribune-afaristet\/\",\"name\":\"Komuna e Ulqinit me 7 shkurt organizon \\\"Tribun\u00eb me afarist\u00ebt\\\" - Lajme nga Ulqini\",\"isPartOf\":{\"@id\":\"https:\/\/www.visit-ulcinj.com\/blog\/#website\"},\"primaryImageOfPage\":{\"@id\":\"https:\/\/www.visit-ulcinj.com\/blog\/2017\/01\/31\/komuna-e-ulqinit-7-shkurt-organizon-tribune-afaristet\/#primaryimage\"},\"datePublished\":\"2017-01-31T12:19:55+00:00\",\"dateModified\":\"2017-01-31T12:28:54+00:00\",\"author\":{\"@id\":\"https:\/\/www.visit-ulcinj.com\/blog\/#\/schema\/person\/dcab619c614d3038751c63bc2aadc06d\"},\"description\":\"''Pa bariera. Q\u00eb biznesi t\u00eb mos ndalet\u2019\u2019 N\u00eb sall\u00ebn e madhe t\u00eb Kuvendit Komunal, m\u00eb 7 shkurt n\u00eb or\u00ebn 11:00, do t\u00eb organizohet tribuna me afarist\u00eb t\u00eb\",\"breadcrumb\":{\"@id\":\"https:\/\/www.visit-ulcinj.com\/blog\/2017\/01\/31\/komuna-e-ulqinit-7-shkurt-organizon-tribune-afaristet\/#breadcrumb\"},\"inLanguage\":\"en-US\",\"potentialAction\":[{\"@type\":\"ReadAction\",\"target\":[\"https:\/\/www.visit-ulcinj.com\/blog\/2017\/01\/31\/komuna-e-ulqinit-7-shkurt-organizon-tribune-afaristet\/\"]}]},{\"@type\":\"BreadcrumbList\",\"@id\":\"https:\/\/www.visit-ulcinj.com\/blog\/2017\/01\/31\/komuna-e-ulqinit-7-shkurt-organizon-tribune-afaristet\/#breadcrumb\",\"itemListElement\":[{\"@type\":\"ListItem\",\"position\":1,\"name\":\"Komuna e Ulqinit me 7 shkurt organizon &#8220;Tribun\u00eb me afarist\u00ebt&#8221;\"}]},{\"@type\":\"Person\",\"@id\":\"https:\/\/www.visit-ulcinj.com\/blog\/#\/schema\/person\/dcab619c614d3038751c63bc2aadc06d\",\"name\":\"ulqini\",\"sameAs\":[\"http:\/\/www.visit-ulcinj.com\"],\"url\":\"https:\/\/www.visit-ulcinj.com\/blog\/author\/admin\/\"}]}<\/script>\n<!-- \/ Yoast SEO plugin. -->","yoast_head_json":{"title":"Komuna e Ulqinit me 7 shkurt organizon \"Tribun\u00eb me afarist\u00ebt\" - Lajme nga Ulqini","description":"''Pa bariera. Q\u00eb biznesi t\u00eb mos ndalet\u2019\u2019 N\u00eb sall\u00ebn e madhe t\u00eb Kuvendit Komunal, m\u00eb 7 shkurt n\u00eb or\u00ebn 11:00, do t\u00eb organizohet tribuna me afarist\u00eb t\u00eb","robots":{"index":"index","follow":"follow","max-snippet":"max-snippet:-1","max-image-preview":"max-image-preview:large","max-video-preview":"max-video-preview:-1"},"canonical":"https:\/\/www.visit-ulcinj.com\/blog\/2017\/01\/31\/komuna-e-ulqinit-7-shkurt-organizon-tribune-afaristet\/","og_locale":"en_US","og_type":"article","og_title":"Komuna e Ulqinit me 7 shkurt organizon \"Tribun\u00eb me afarist\u00ebt\" - Lajme nga Ulqini","og_description":"''Pa bariera. Q\u00eb biznesi t\u00eb mos ndalet\u2019\u2019 N\u00eb sall\u00ebn e madhe t\u00eb Kuvendit Komunal, m\u00eb 7 shkurt n\u00eb or\u00ebn 11:00, do t\u00eb organizohet tribuna me afarist\u00eb t\u00eb","og_url":"https:\/\/www.visit-ulcinj.com\/blog\/2017\/01\/31\/komuna-e-ulqinit-7-shkurt-organizon-tribune-afaristet\/","og_site_name":"Lajme nga Ulqini","article_published_time":"2017-01-31T12:19:55+00:00","article_modified_time":"2017-01-31T12:28:54+00:00","og_image":[{"url":"http:\/\/www.visit-ulcinj.com\/blog\/wp-content\/uploads\/2016\/03\/Kryetari-Ulqinit-Nazif-Cungu.jpg"}],"twitter_misc":{"Written by":"ulqini","Est. reading time":"1 minute"},"schema":{"@context":"https:\/\/schema.org","@graph":[{"@type":"WebSite","@id":"https:\/\/www.visit-ulcinj.com\/blog\/#website","url":"https:\/\/www.visit-ulcinj.com\/blog\/","name":"Lajme nga Ulqini","description":"Lajme,Vijesti,Ulqini,Ulqin,Crna Gora,Mali i Zi","potentialAction":[{"@type":"SearchAction","target":{"@type":"EntryPoint","urlTemplate":"https:\/\/www.visit-ulcinj.com\/blog\/?s={search_term_string}"},"query-input":"required name=search_term_string"}],"inLanguage":"en-US"},{"@type":"ImageObject","inLanguage":"en-US","@id":"https:\/\/www.visit-ulcinj.com\/blog\/2017\/01\/31\/komuna-e-ulqinit-7-shkurt-organizon-tribune-afaristet\/#primaryimage","url":"https:\/\/www.visit-ulcinj.com\/blog\/wp-content\/uploads\/2016\/03\/Kryetari-Ulqinit-Nazif-Cungu.jpg","contentUrl":"https:\/\/www.visit-ulcinj.com\/blog\/wp-content\/uploads\/2016\/03\/Kryetari-Ulqinit-Nazif-Cungu.jpg","width":805,"height":500},{"@type":"WebPage","@id":"https:\/\/www.visit-ulcinj.com\/blog\/2017\/01\/31\/komuna-e-ulqinit-7-shkurt-organizon-tribune-afaristet\/#webpage","url":"https:\/\/www.visit-ulcinj.com\/blog\/2017\/01\/31\/komuna-e-ulqinit-7-shkurt-organizon-tribune-afaristet\/","name":"Komuna e Ulqinit me 7 shkurt organizon \"Tribun\u00eb me afarist\u00ebt\" - Lajme nga Ulqini","isPartOf":{"@id":"https:\/\/www.visit-ulcinj.com\/blog\/#website"},"primaryImageOfPage":{"@id":"https:\/\/www.visit-ulcinj.com\/blog\/2017\/01\/31\/komuna-e-ulqinit-7-shkurt-organizon-tribune-afaristet\/#primaryimage"},"datePublished":"2017-01-31T12:19:55+00:00","dateModified":"2017-01-31T12:28:54+00:00","author":{"@id":"https:\/\/www.visit-ulcinj.com\/blog\/#\/schema\/person\/dcab619c614d3038751c63bc2aadc06d"},"description":"''Pa bariera. Q\u00eb biznesi t\u00eb mos ndalet\u2019\u2019 N\u00eb sall\u00ebn e madhe t\u00eb Kuvendit Komunal, m\u00eb 7 shkurt n\u00eb or\u00ebn 11:00, do t\u00eb organizohet tribuna me afarist\u00eb t\u00eb","breadcrumb":{"@id":"https:\/\/www.visit-ulcinj.com\/blog\/2017\/01\/31\/komuna-e-ulqinit-7-shkurt-organizon-tribune-afaristet\/#breadcrumb"},"inLanguage":"en-US","potentialAction":[{"@type":"ReadAction","target":["https:\/\/www.visit-ulcinj.com\/blog\/2017\/01\/31\/komuna-e-ulqinit-7-shkurt-organizon-tribune-afaristet\/"]}]},{"@type":"BreadcrumbList","@id":"https:\/\/www.visit-ulcinj.com\/blog\/2017\/01\/31\/komuna-e-ulqinit-7-shkurt-organizon-tribune-afaristet\/#breadcrumb","itemListElement":[{"@type":"ListItem","position":1,"name":"Komuna e Ulqinit me 7 shkurt organizon &#8220;Tribun\u00eb me afarist\u00ebt&#8221;"}]},{"@type":"Person","@id":"https:\/\/www.visit-ulcinj.com\/blog\/#\/schema\/person\/dcab619c614d3038751c63bc2aadc06d","name":"ulqini","sameAs":["http:\/\/www.visit-ulcinj.com"],"url":"https:\/\/www.visit-ulcinj.com\/blog\/author\/admin\/"}]}},"jetpack_featured_media_url":"","jetpack_sharing_enabled":true,"jetpack_shortlink":"https:\/\/wp.me\/pe6lTn-qGu","_links":{"self":[{"href":"https:\/\/www.visit-ulcinj.com\/blog\/wp-json\/wp\/v2\/posts\/102578"}],"collection":[{"href":"https:\/\/www.visit-ulcinj.com\/blog\/wp-json\/wp\/v2\/posts"}],"about":[{"href":"https:\/\/www.visit-ulcinj.com\/blog\/wp-json\/wp\/v2\/types\/post"}],"author":[{"embeddable":true,"href":"https:\/\/www.visit-ulcinj.com\/blog\/wp-json\/wp\/v2\/users\/1"}],"replies":[{"embeddable":true,"href":"https:\/\/www.visit-ulcinj.com\/blog\/wp-json\/wp\/v2\/comments?post=102578"}],"version-history":[{"count":2,"href":"https:\/\/www.visit-ulcinj.com\/blog\/wp-json\/wp\/v2\/posts\/102578\/revisions"}],"predecessor-version":[{"id":102582,"href":"https:\/\/www.visit-ulcinj.com\/blog\/wp-json\/wp\/v2\/posts\/102578\/revisions\/102582"}],"wp:attachment":[{"href":"https:\/\/www.visit-ulcinj.com\/blog\/wp-json\/wp\/v2\/media?parent=102578"}],"wp:term":[{"taxonomy":"category","embeddable":true,"href":"https:\/\/www.visit-ulcinj.com\/blog\/wp-json\/wp\/v2\/categories?post=102578"},{"taxonomy":"post_tag","embeddable":true,"href":"https:\/\/www.visit-ulcinj.com\/blog\/wp-json\/wp\/v2\/tags?post=102578"}],"curies":[{"name":"wp","href":"https:\/\/api.w.org\/{rel}","templated":true}]}}