{"id":102580,"date":"2017-01-31T13:27:21","date_gmt":"2017-01-31T12:27:21","guid":{"rendered":"http:\/\/www.visit-ulcinj.com\/blog\/?p=102580"},"modified":"2017-01-31T13:27:21","modified_gmt":"2017-01-31T12:27:21","slug":"opstina-ulcinj-organizuje-7-februara-tribinu-sa-privrednicima","status":"publish","type":"post","link":"https:\/\/www.visit-ulcinj.com\/blog\/2017\/01\/31\/opstina-ulcinj-organizuje-7-februara-tribinu-sa-privrednicima\/","title":{"rendered":"Op\u0161tina Ulcinj organizuje 7.februara tribinu sa privrednicima"},"content":{"rendered":"<p id=\":13o\" class=\"hP\" style=\"text-align: center;\" tabindex=\"-1\"><strong><a href=\"http:\/\/www.visit-ulcinj.com\/blog\/wp-content\/uploads\/2016\/03\/Kryetari-Ulqinit-Nazif-Cungu.jpg\"><img loading=\"lazy\" class=\"alignleft wp-image-95720\" src=\"http:\/\/www.visit-ulcinj.com\/blog\/wp-content\/uploads\/2016\/03\/Kryetari-Ulqinit-Nazif-Cungu.jpg\" alt=\"Kryetari-Ulqinit-Nazif-Cungu\" width=\"508\" height=\"316\" srcset=\"https:\/\/www.visit-ulcinj.com\/blog\/wp-content\/uploads\/2016\/03\/Kryetari-Ulqinit-Nazif-Cungu.jpg 805w, https:\/\/www.visit-ulcinj.com\/blog\/wp-content\/uploads\/2016\/03\/Kryetari-Ulqinit-Nazif-Cungu-300x186.jpg 300w\" sizes=\"(max-width: 508px) 100vw, 508px\" \/><\/a>\u201eBez barijera. Da posao ne stoji!\u201c<\/strong><\/p>\n<p><strong>U velikoj sali SO Ulcinj, 7.februara u 11:00 \u010dasova odr\u017ea\u0107e se tribina sa privrednicima Ulcinja.<\/strong><\/p>\n<p>Ova aktivnost se sprovodi u okviru druge faze kampanje <strong>\u201eBez barijera. Da posao ne stoji!\u201c<\/strong> koja je dio projekta <strong>\u201cJa\u010danje kapaciteta za unapre\u0111enje poslovnog ambijenta, regulatornih i strukturnih reformi\u201d<\/strong>, koji <strong>Program Ujedinjenih nacija za razvoj (UNDP)<\/strong> sprovodi u saradnji sa <strong>Ministarstvom finansija<\/strong>, uz finansijsku podr\u0161ku <strong>Britanske ambasade u Podgorici<\/strong>.<\/p>\n<p>U uvodnom izlaganju prisutnima \u0107e se obratiti Nazif Cungu &#8211; predsjednik Op\u0161tine Ulcinj, Fiona Mekluni &#8211; stalna predstavnica UNDP u Crnoj Gori, Gevin Vesi &#8211; otpravnik poslova Britanske ambasade u Podgorici i Ivan Radulovi\u0107 &#8211; na\u010delnik Direkcije za analizu uticaja propisa Ministarstva finansija, dok \u0107e tokom diskusije biti rje\u010di o barijerama sa kojima se privrednici suo\u010davaju u svakodnevnom poslovanju na lokalnom nivou i predlozima za njihovo rje\u0161avanje.<\/p>\n","protected":false},"excerpt":{"rendered":"<p>\u201eBez barijera. Da posao ne stoji!\u201c U velikoj sali SO Ulcinj, 7.februara u 11:00 \u010dasova odr\u017ea\u0107e se tribina sa privrednicima Ulcinja. Ova aktivnost se sprovodi u okviru druge faze kampanje \u201eBez barijera. Da posao ne stoji!\u201c koja je dio projekta \u201cJa\u010danje kapaciteta za unapre\u0111enje poslovnog ambijenta, regulatornih i strukturnih reformi\u201d, koji Program Ujedinjenih nacija za [&hellip;]<\/p>\n","protected":false},"author":1,"featured_media":0,"comment_status":"closed","ping_status":"closed","sticky":false,"template":"","format":"standard","meta":{"spay_email":"","jetpack_publicize_message":"","jetpack_is_tweetstorm":false,"jetpack_publicize_feature_enabled":true},"categories":[6950],"tags":[],"jetpack_publicize_connections":[],"yoast_head":"<!-- This site is optimized with the Yoast SEO plugin v19.1 - https:\/\/yoast.com\/wordpress\/plugins\/seo\/ -->\n<title>Op\u0161tina Ulcinj organizuje 7.februara tribinu sa privrednicima - Lajme nga Ulqini<\/title>\n<meta name=\"description\" content=\"\u201eBez barijera. Da posao ne stoji!\u201c U velikoj sali SO Ulcinj, 7.februara u 11:00 \u010dasova odr\u017ea\u0107e se tribina sa privrednicima Ulcinja. Ova aktivnost se\" \/>\n<meta name=\"robots\" content=\"index, follow, max-snippet:-1, max-image-preview:large, max-video-preview:-1\" \/>\n<link rel=\"canonical\" href=\"https:\/\/www.visit-ulcinj.com\/blog\/2017\/01\/31\/opstina-ulcinj-organizuje-7-februara-tribinu-sa-privrednicima\/\" \/>\n<meta property=\"og:locale\" content=\"en_US\" \/>\n<meta property=\"og:type\" content=\"article\" \/>\n<meta property=\"og:title\" content=\"Op\u0161tina Ulcinj organizuje 7.februara tribinu sa privrednicima - Lajme nga Ulqini\" \/>\n<meta property=\"og:description\" content=\"\u201eBez barijera. Da posao ne stoji!\u201c U velikoj sali SO Ulcinj, 7.februara u 11:00 \u010dasova odr\u017ea\u0107e se tribina sa privrednicima Ulcinja. Ova aktivnost se\" \/>\n<meta property=\"og:url\" content=\"https:\/\/www.visit-ulcinj.com\/blog\/2017\/01\/31\/opstina-ulcinj-organizuje-7-februara-tribinu-sa-privrednicima\/\" \/>\n<meta property=\"og:site_name\" content=\"Lajme nga Ulqini\" \/>\n<meta property=\"article:published_time\" content=\"2017-01-31T12:27:21+00:00\" \/>\n<meta property=\"og:image\" content=\"http:\/\/www.visit-ulcinj.com\/blog\/wp-content\/uploads\/2016\/03\/Kryetari-Ulqinit-Nazif-Cungu.jpg\" \/>\n<meta name=\"twitter:label1\" content=\"Written by\" \/>\n\t<meta name=\"twitter:data1\" content=\"ulqini\" \/>\n\t<meta name=\"twitter:label2\" content=\"Est. reading time\" \/>\n\t<meta name=\"twitter:data2\" content=\"1 minute\" \/>\n<script type=\"application\/ld+json\" class=\"yoast-schema-graph\">{\"@context\":\"https:\/\/schema.org\",\"@graph\":[{\"@type\":\"WebSite\",\"@id\":\"https:\/\/www.visit-ulcinj.com\/blog\/#website\",\"url\":\"https:\/\/www.visit-ulcinj.com\/blog\/\",\"name\":\"Lajme nga Ulqini\",\"description\":\"Lajme,Vijesti,Ulqini,Ulqin,Crna Gora,Mali i Zi\",\"potentialAction\":[{\"@type\":\"SearchAction\",\"target\":{\"@type\":\"EntryPoint\",\"urlTemplate\":\"https:\/\/www.visit-ulcinj.com\/blog\/?s={search_term_string}\"},\"query-input\":\"required name=search_term_string\"}],\"inLanguage\":\"en-US\"},{\"@type\":\"ImageObject\",\"inLanguage\":\"en-US\",\"@id\":\"https:\/\/www.visit-ulcinj.com\/blog\/2017\/01\/31\/opstina-ulcinj-organizuje-7-februara-tribinu-sa-privrednicima\/#primaryimage\",\"url\":\"https:\/\/www.visit-ulcinj.com\/blog\/wp-content\/uploads\/2016\/03\/Kryetari-Ulqinit-Nazif-Cungu.jpg\",\"contentUrl\":\"https:\/\/www.visit-ulcinj.com\/blog\/wp-content\/uploads\/2016\/03\/Kryetari-Ulqinit-Nazif-Cungu.jpg\",\"width\":805,\"height\":500},{\"@type\":\"WebPage\",\"@id\":\"https:\/\/www.visit-ulcinj.com\/blog\/2017\/01\/31\/opstina-ulcinj-organizuje-7-februara-tribinu-sa-privrednicima\/#webpage\",\"url\":\"https:\/\/www.visit-ulcinj.com\/blog\/2017\/01\/31\/opstina-ulcinj-organizuje-7-februara-tribinu-sa-privrednicima\/\",\"name\":\"Op\u0161tina Ulcinj organizuje 7.februara tribinu sa privrednicima - Lajme nga Ulqini\",\"isPartOf\":{\"@id\":\"https:\/\/www.visit-ulcinj.com\/blog\/#website\"},\"primaryImageOfPage\":{\"@id\":\"https:\/\/www.visit-ulcinj.com\/blog\/2017\/01\/31\/opstina-ulcinj-organizuje-7-februara-tribinu-sa-privrednicima\/#primaryimage\"},\"datePublished\":\"2017-01-31T12:27:21+00:00\",\"dateModified\":\"2017-01-31T12:27:21+00:00\",\"author\":{\"@id\":\"https:\/\/www.visit-ulcinj.com\/blog\/#\/schema\/person\/dcab619c614d3038751c63bc2aadc06d\"},\"description\":\"\u201eBez barijera. Da posao ne stoji!\u201c U velikoj sali SO Ulcinj, 7.februara u 11:00 \u010dasova odr\u017ea\u0107e se tribina sa privrednicima Ulcinja. Ova aktivnost se\",\"breadcrumb\":{\"@id\":\"https:\/\/www.visit-ulcinj.com\/blog\/2017\/01\/31\/opstina-ulcinj-organizuje-7-februara-tribinu-sa-privrednicima\/#breadcrumb\"},\"inLanguage\":\"en-US\",\"potentialAction\":[{\"@type\":\"ReadAction\",\"target\":[\"https:\/\/www.visit-ulcinj.com\/blog\/2017\/01\/31\/opstina-ulcinj-organizuje-7-februara-tribinu-sa-privrednicima\/\"]}]},{\"@type\":\"BreadcrumbList\",\"@id\":\"https:\/\/www.visit-ulcinj.com\/blog\/2017\/01\/31\/opstina-ulcinj-organizuje-7-februara-tribinu-sa-privrednicima\/#breadcrumb\",\"itemListElement\":[{\"@type\":\"ListItem\",\"position\":1,\"name\":\"Op\u0161tina Ulcinj organizuje 7.februara tribinu sa privrednicima\"}]},{\"@type\":\"Person\",\"@id\":\"https:\/\/www.visit-ulcinj.com\/blog\/#\/schema\/person\/dcab619c614d3038751c63bc2aadc06d\",\"name\":\"ulqini\",\"sameAs\":[\"http:\/\/www.visit-ulcinj.com\"],\"url\":\"https:\/\/www.visit-ulcinj.com\/blog\/author\/admin\/\"}]}<\/script>\n<!-- \/ Yoast SEO plugin. -->","yoast_head_json":{"title":"Op\u0161tina Ulcinj organizuje 7.februara tribinu sa privrednicima - Lajme nga Ulqini","description":"\u201eBez barijera. Da posao ne stoji!\u201c U velikoj sali SO Ulcinj, 7.februara u 11:00 \u010dasova odr\u017ea\u0107e se tribina sa privrednicima Ulcinja. Ova aktivnost se","robots":{"index":"index","follow":"follow","max-snippet":"max-snippet:-1","max-image-preview":"max-image-preview:large","max-video-preview":"max-video-preview:-1"},"canonical":"https:\/\/www.visit-ulcinj.com\/blog\/2017\/01\/31\/opstina-ulcinj-organizuje-7-februara-tribinu-sa-privrednicima\/","og_locale":"en_US","og_type":"article","og_title":"Op\u0161tina Ulcinj organizuje 7.februara tribinu sa privrednicima - Lajme nga Ulqini","og_description":"\u201eBez barijera. Da posao ne stoji!\u201c U velikoj sali SO Ulcinj, 7.februara u 11:00 \u010dasova odr\u017ea\u0107e se tribina sa privrednicima Ulcinja. Ova aktivnost se","og_url":"https:\/\/www.visit-ulcinj.com\/blog\/2017\/01\/31\/opstina-ulcinj-organizuje-7-februara-tribinu-sa-privrednicima\/","og_site_name":"Lajme nga Ulqini","article_published_time":"2017-01-31T12:27:21+00:00","og_image":[{"url":"http:\/\/www.visit-ulcinj.com\/blog\/wp-content\/uploads\/2016\/03\/Kryetari-Ulqinit-Nazif-Cungu.jpg"}],"twitter_misc":{"Written by":"ulqini","Est. reading time":"1 minute"},"schema":{"@context":"https:\/\/schema.org","@graph":[{"@type":"WebSite","@id":"https:\/\/www.visit-ulcinj.com\/blog\/#website","url":"https:\/\/www.visit-ulcinj.com\/blog\/","name":"Lajme nga Ulqini","description":"Lajme,Vijesti,Ulqini,Ulqin,Crna Gora,Mali i Zi","potentialAction":[{"@type":"SearchAction","target":{"@type":"EntryPoint","urlTemplate":"https:\/\/www.visit-ulcinj.com\/blog\/?s={search_term_string}"},"query-input":"required name=search_term_string"}],"inLanguage":"en-US"},{"@type":"ImageObject","inLanguage":"en-US","@id":"https:\/\/www.visit-ulcinj.com\/blog\/2017\/01\/31\/opstina-ulcinj-organizuje-7-februara-tribinu-sa-privrednicima\/#primaryimage","url":"https:\/\/www.visit-ulcinj.com\/blog\/wp-content\/uploads\/2016\/03\/Kryetari-Ulqinit-Nazif-Cungu.jpg","contentUrl":"https:\/\/www.visit-ulcinj.com\/blog\/wp-content\/uploads\/2016\/03\/Kryetari-Ulqinit-Nazif-Cungu.jpg","width":805,"height":500},{"@type":"WebPage","@id":"https:\/\/www.visit-ulcinj.com\/blog\/2017\/01\/31\/opstina-ulcinj-organizuje-7-februara-tribinu-sa-privrednicima\/#webpage","url":"https:\/\/www.visit-ulcinj.com\/blog\/2017\/01\/31\/opstina-ulcinj-organizuje-7-februara-tribinu-sa-privrednicima\/","name":"Op\u0161tina Ulcinj organizuje 7.februara tribinu sa privrednicima - Lajme nga Ulqini","isPartOf":{"@id":"https:\/\/www.visit-ulcinj.com\/blog\/#website"},"primaryImageOfPage":{"@id":"https:\/\/www.visit-ulcinj.com\/blog\/2017\/01\/31\/opstina-ulcinj-organizuje-7-februara-tribinu-sa-privrednicima\/#primaryimage"},"datePublished":"2017-01-31T12:27:21+00:00","dateModified":"2017-01-31T12:27:21+00:00","author":{"@id":"https:\/\/www.visit-ulcinj.com\/blog\/#\/schema\/person\/dcab619c614d3038751c63bc2aadc06d"},"description":"\u201eBez barijera. Da posao ne stoji!\u201c U velikoj sali SO Ulcinj, 7.februara u 11:00 \u010dasova odr\u017ea\u0107e se tribina sa privrednicima Ulcinja. Ova aktivnost se","breadcrumb":{"@id":"https:\/\/www.visit-ulcinj.com\/blog\/2017\/01\/31\/opstina-ulcinj-organizuje-7-februara-tribinu-sa-privrednicima\/#breadcrumb"},"inLanguage":"en-US","potentialAction":[{"@type":"ReadAction","target":["https:\/\/www.visit-ulcinj.com\/blog\/2017\/01\/31\/opstina-ulcinj-organizuje-7-februara-tribinu-sa-privrednicima\/"]}]},{"@type":"BreadcrumbList","@id":"https:\/\/www.visit-ulcinj.com\/blog\/2017\/01\/31\/opstina-ulcinj-organizuje-7-februara-tribinu-sa-privrednicima\/#breadcrumb","itemListElement":[{"@type":"ListItem","position":1,"name":"Op\u0161tina Ulcinj organizuje 7.februara tribinu sa privrednicima"}]},{"@type":"Person","@id":"https:\/\/www.visit-ulcinj.com\/blog\/#\/schema\/person\/dcab619c614d3038751c63bc2aadc06d","name":"ulqini","sameAs":["http:\/\/www.visit-ulcinj.com"],"url":"https:\/\/www.visit-ulcinj.com\/blog\/author\/admin\/"}]}},"jetpack_featured_media_url":"","jetpack_sharing_enabled":true,"jetpack_shortlink":"https:\/\/wp.me\/pe6lTn-qGw","_links":{"self":[{"href":"https:\/\/www.visit-ulcinj.com\/blog\/wp-json\/wp\/v2\/posts\/102580"}],"collection":[{"href":"https:\/\/www.visit-ulcinj.com\/blog\/wp-json\/wp\/v2\/posts"}],"about":[{"href":"https:\/\/www.visit-ulcinj.com\/blog\/wp-json\/wp\/v2\/types\/post"}],"author":[{"embeddable":true,"href":"https:\/\/www.visit-ulcinj.com\/blog\/wp-json\/wp\/v2\/users\/1"}],"replies":[{"embeddable":true,"href":"https:\/\/www.visit-ulcinj.com\/blog\/wp-json\/wp\/v2\/comments?post=102580"}],"version-history":[{"count":1,"href":"https:\/\/www.visit-ulcinj.com\/blog\/wp-json\/wp\/v2\/posts\/102580\/revisions"}],"predecessor-version":[{"id":102581,"href":"https:\/\/www.visit-ulcinj.com\/blog\/wp-json\/wp\/v2\/posts\/102580\/revisions\/102581"}],"wp:attachment":[{"href":"https:\/\/www.visit-ulcinj.com\/blog\/wp-json\/wp\/v2\/media?parent=102580"}],"wp:term":[{"taxonomy":"category","embeddable":true,"href":"https:\/\/www.visit-ulcinj.com\/blog\/wp-json\/wp\/v2\/categories?post=102580"},{"taxonomy":"post_tag","embeddable":true,"href":"https:\/\/www.visit-ulcinj.com\/blog\/wp-json\/wp\/v2\/tags?post=102580"}],"curies":[{"name":"wp","href":"https:\/\/api.w.org\/{rel}","templated":true}]}}