{"id":102593,"date":"2017-01-31T14:02:00","date_gmt":"2017-01-31T13:02:00","guid":{"rendered":"http:\/\/www.visit-ulcinj.com\/blog\/?p=102593"},"modified":"2017-01-31T14:04:44","modified_gmt":"2017-01-31T13:04:44","slug":"ministri-ljumoviq-ulqini-ka-nevoje-per-strategji-te-kultures","status":"publish","type":"post","link":"https:\/\/www.visit-ulcinj.com\/blog\/2017\/01\/31\/ministri-ljumoviq-ulqini-ka-nevoje-per-strategji-te-kultures\/","title":{"rendered":"Ministri Ljumoviq: Ulqini ka nevoj\u00eb p\u00ebr strategji t\u00eb kultur\u00ebs"},"content":{"rendered":"<p><a href=\"http:\/\/www.visit-ulcinj.com\/blog\/wp-content\/uploads\/2017\/01\/Ministar-Ljumovic-boravio-u-radnoj-posjeti-Ulcinju.jpg\"><img loading=\"lazy\" class=\"alignleft wp-image-102588\" src=\"http:\/\/www.visit-ulcinj.com\/blog\/wp-content\/uploads\/2017\/01\/Ministar-Ljumovic-boravio-u-radnoj-posjeti-Ulcinju.jpg\" alt=\"Ministar Ljumovic boravio u radnoj posjeti Ulcinju\" width=\"508\" height=\"339\" srcset=\"https:\/\/www.visit-ulcinj.com\/blog\/wp-content\/uploads\/2017\/01\/Ministar-Ljumovic-boravio-u-radnoj-posjeti-Ulcinju.jpg 795w, https:\/\/www.visit-ulcinj.com\/blog\/wp-content\/uploads\/2017\/01\/Ministar-Ljumovic-boravio-u-radnoj-posjeti-Ulcinju-300x200.jpg 300w, https:\/\/www.visit-ulcinj.com\/blog\/wp-content\/uploads\/2017\/01\/Ministar-Ljumovic-boravio-u-radnoj-posjeti-Ulcinju-768x512.jpg 768w\" sizes=\"(max-width: 508px) 100vw, 508px\" \/><\/a>DJE N\u00cb nj\u00eb vizit\u00eb nj\u00ebditore n\u00eb qytein ton\u00eb ishte delegacioni i Ministris\u00eb s\u00eb kultur\u00ebs, n\u00eb krye me Ministrin zotri Janko LUMOVIQIN Ishte kjo nj\u00eb ndrim i protokollit i p\u00ebrditsh\u00ebm n\u00eb vizita t\u00eb larta t\u00eb k\u00ebsaj Ministrie, kur b\u00ebhet fjal\u00eb p\u00ebr vizita nga Republika n\u00eb qytetin ton\u00eb. Vizita t\u00eb tilla, sidomos t\u00eb Ministris\u00eb t\u00eb kultur\u00ebs m\u00eb par\u00eb, gjithmon\u00eb kan\u00eb qen\u00eb protokolare, takime me institucione p\u00ebrkat\u00ebse, n\u00eb Kabinetin e Kryetarit.<br \/>\nMir\u00ebpo, dje Ministri i ri i cili edhe vjen nga kultura, ka inicuar nj\u00eb takim me ato t\u00eb cil\u00ebt pak e shum\u00eb, jan\u00eb bart\u00ebsit e kultur\u00ebs tek ne n\u00eb Ulqin.<br \/>\nKjo gj\u00eb duhet t\u00eb p\u00ebrsh\u00ebndetur, pasi q\u00eb Ulqini dhe popullata e jon\u00eb, n\u00eb ve\u00e7anti ajo shqiptare, nuk ka shum\u00eb besim n\u00eb institucionet e Republik\u00ebs e Mali t\u00eb Zi, duke e par\u00eb se sa shum\u00eb \u00ebsht\u00eb i l\u00ebnun qyteti yn\u00eb pas dore, jo vetum n\u00eb kultur\u00eb. Ishte ky nj\u00eb takim i mir\u00eb, interesant.<br \/>\nPas takimit n\u00eb hotelin &#8220;Dolcino&#8221;, delegacioni i Ministris\u00eb, s\u00eb bashku me Krytarin e Komun\u00ebs z. Nazif CUNGUN, b\u00ebn nj\u00eb vizit\u00eb t\u00eb shkurt\u00ebr Kalas\u00eb ton\u00eb, N\u00eb fund t\u00eb vizit\u00ebs Ministi LUMOVIQ s\u00eb bashku me Kryetarin CUNGU organizuan nj\u00eb takim t\u00eb shkurt\u00ebr me media, n\u00eb kompleksin e hotelit &#8220;Pallata VENEZIA&#8221;<\/p>\n<p><strong><span class=\"fwn fcg\"><span class=\"fcg\"><span class=\"fwb\"><a id=\"js_5b5\" class=\"profileLink\" href=\"https:\/\/www.facebook.com\/ismet.karamanaga?hc_ref=NEWSFEED\" data-ft=\"{&quot;tn&quot;:&quot;l&quot;}\" data-hovercard=\"\/ajax\/hovercard\/user.php?id=1359492972&amp;extragetparams=%7B%22hc_ref%22%3A%22NEWSFEED%22%7D\" data-hovercard-prefer-more-content-show=\"1\">Ismet Karamanaga Facebook<\/a><\/span><\/span><\/span><\/strong><\/p>\n<p><a href=\"http:\/\/www.visit-ulcinj.com\/blog\/wp-content\/uploads\/2017\/01\/Ministar-Ljumovic-u-posjeti-Ulcinju.jpg\"><img loading=\"lazy\" class=\"alignleft wp-image-102584\" src=\"http:\/\/www.visit-ulcinj.com\/blog\/wp-content\/uploads\/2017\/01\/Ministar-Ljumovic-u-posjeti-Ulcinju.jpg\" alt=\"Ministar Ljumovic u posjeti Ulcinju\" width=\"508\" height=\"381\" srcset=\"https:\/\/www.visit-ulcinj.com\/blog\/wp-content\/uploads\/2017\/01\/Ministar-Ljumovic-u-posjeti-Ulcinju.jpg 960w, https:\/\/www.visit-ulcinj.com\/blog\/wp-content\/uploads\/2017\/01\/Ministar-Ljumovic-u-posjeti-Ulcinju-300x225.jpg 300w, https:\/\/www.visit-ulcinj.com\/blog\/wp-content\/uploads\/2017\/01\/Ministar-Ljumovic-u-posjeti-Ulcinju-768x576.jpg 768w\" sizes=\"(max-width: 508px) 100vw, 508px\" \/><\/a><\/p>\n<p>Ulqinak\u00ebt n\u00eb nj\u00eb debat t\u00eb organizuar\u00a0n\u00eb hotelin &#8220;Dolcino&#8221; me Ministrin e Arsimit dhe Kultur\u00ebs t\u00eb Malit t\u00eb Zi me z.Janko Ljumoviq, kan\u00eb diskutuar p\u00ebr nevoj\u00ebn e nj\u00eb strategjie p\u00ebr kultur\u00ebn, duke th\u00ebn\u00eb se zhvillimi lokal ekonomik i Ulqinit p\u00ebrmes kultur\u00ebs dhe turizmit k\u00ebrkon politika konkrete lokale, ku si dokument i duhur do t\u00eb ishte strategjia p\u00ebr kultur\u00ebn.<\/p>\n<p><a href=\"http:\/\/www.visit-ulcinj.com\/blog\/wp-content\/uploads\/2017\/01\/Ministar-Ljumovic-u-posjeti-Ulcinju-1.jpg\"><img loading=\"lazy\" class=\"alignleft wp-image-102585\" src=\"http:\/\/www.visit-ulcinj.com\/blog\/wp-content\/uploads\/2017\/01\/Ministar-Ljumovic-u-posjeti-Ulcinju-1.jpg\" alt=\"Ministar Ljumovic u posjeti Ulcinju-1\" width=\"508\" height=\"381\" srcset=\"https:\/\/www.visit-ulcinj.com\/blog\/wp-content\/uploads\/2017\/01\/Ministar-Ljumovic-u-posjeti-Ulcinju-1.jpg 960w, https:\/\/www.visit-ulcinj.com\/blog\/wp-content\/uploads\/2017\/01\/Ministar-Ljumovic-u-posjeti-Ulcinju-1-300x225.jpg 300w, https:\/\/www.visit-ulcinj.com\/blog\/wp-content\/uploads\/2017\/01\/Ministar-Ljumovic-u-posjeti-Ulcinju-1-768x576.jpg 768w\" sizes=\"(max-width: 508px) 100vw, 508px\" \/><\/a><\/p>\n<p>N\u00eb debat u konstatua se shembuj konkret\u00eb t\u00eb zhvillimit t\u00eb turizmit p\u00ebrmes aktiviteteve kulturore tashm\u00eb ekzistojn\u00eb n\u00eb Ulqin dhe se ky potencial ka nevoj\u00eb t\u00eb zhvillohet m\u00eb tutje p\u00ebrmes nj\u00eb dialogu t\u00eb strukturuar mes shoq\u00ebris\u00eb civile, qeveris\u00eb lokale dhe sektorit t\u00eb biznesit.<\/p>\n<p><a href=\"http:\/\/www.visit-ulcinj.com\/blog\/wp-content\/uploads\/2017\/01\/Ministar-Ljumovic-boravio-u-radnoj-posjeti-Ulcinju-1.jpg\"><img loading=\"lazy\" class=\"alignleft wp-image-102590\" src=\"http:\/\/www.visit-ulcinj.com\/blog\/wp-content\/uploads\/2017\/01\/Ministar-Ljumovic-boravio-u-radnoj-posjeti-Ulcinju-1.jpg\" alt=\"Ministar Ljumovic boravio u radnoj posjeti Ulcinju-1\" width=\"508\" height=\"339\" srcset=\"https:\/\/www.visit-ulcinj.com\/blog\/wp-content\/uploads\/2017\/01\/Ministar-Ljumovic-boravio-u-radnoj-posjeti-Ulcinju-1.jpg 795w, https:\/\/www.visit-ulcinj.com\/blog\/wp-content\/uploads\/2017\/01\/Ministar-Ljumovic-boravio-u-radnoj-posjeti-Ulcinju-1-300x200.jpg 300w, https:\/\/www.visit-ulcinj.com\/blog\/wp-content\/uploads\/2017\/01\/Ministar-Ljumovic-boravio-u-radnoj-posjeti-Ulcinju-1-768x512.jpg 768w\" sizes=\"(max-width: 508px) 100vw, 508px\" \/><\/a><\/p>\n<p>Sipas nj\u00eb komunikate p\u00ebr media, disa nga rekomandimet e debatit ishin,koordinim institucional brenda komun\u00ebs s\u00eb Ulqinit mes strategjive t\u00eb ndryshme sektorale, konkretizimi i bashk\u00ebpunimit mes qeveris\u00eb lokale dhe kultur\u00ebs s\u00eb pavarur, p\u00ebrfshirja e aktor\u00ebve t\u00eb tjer\u00eb relevant\u00eb n\u00eb procesin e hartimit t\u00eb strategjis\u00eb p\u00ebr kultur\u00ebn, nd\u00ebrrimi i mentalitetit institucional ndaj kultur\u00ebs dhe trajtimit t\u00eb saj n\u00eb raport me sektor\u00ebt e tjer\u00eb t\u00eb politikave publike, por gjithashtu edhe nisja e procesit t\u00eb hartimit t\u00eb strategjis\u00eb s\u00eb kultur\u00ebs p\u00ebr Ulqinin.<\/p>\n<p>&nbsp;<\/p>\n","protected":false},"excerpt":{"rendered":"<p>DJE N\u00cb nj\u00eb vizit\u00eb nj\u00ebditore n\u00eb qytein ton\u00eb ishte delegacioni i Ministris\u00eb s\u00eb kultur\u00ebs, n\u00eb krye me Ministrin zotri Janko LUMOVIQIN Ishte kjo nj\u00eb ndrim i protokollit i p\u00ebrditsh\u00ebm n\u00eb vizita t\u00eb larta t\u00eb k\u00ebsaj Ministrie, kur b\u00ebhet fjal\u00eb p\u00ebr vizita nga Republika n\u00eb qytetin ton\u00eb. Vizita t\u00eb tilla, sidomos t\u00eb Ministris\u00eb t\u00eb kultur\u00ebs m\u00eb [&hellip;]<\/p>\n","protected":false},"author":1,"featured_media":0,"comment_status":"closed","ping_status":"closed","sticky":false,"template":"","format":"standard","meta":{"spay_email":"","jetpack_publicize_message":"","jetpack_is_tweetstorm":false,"jetpack_publicize_feature_enabled":true},"categories":[4],"tags":[],"jetpack_publicize_connections":[],"yoast_head":"<!-- This site is optimized with the Yoast SEO plugin v19.1 - https:\/\/yoast.com\/wordpress\/plugins\/seo\/ -->\n<title>Ministri Ljumoviq: Ulqini ka nevoj\u00eb p\u00ebr strategji t\u00eb kultur\u00ebs - Lajme nga Ulqini<\/title>\n<meta name=\"description\" content=\"DJE N\u00cb nj\u00eb vizit\u00eb nj\u00ebditore n\u00eb qytein ton\u00eb ishte delegacioni i Ministris\u00eb s\u00eb kultur\u00ebs, n\u00eb krye me Ministrin zotri Janko LUMOVIQIN Ishte kjo nj\u00eb ndrim i\" \/>\n<meta name=\"robots\" content=\"index, follow, max-snippet:-1, max-image-preview:large, max-video-preview:-1\" \/>\n<link rel=\"canonical\" href=\"https:\/\/www.visit-ulcinj.com\/blog\/2017\/01\/31\/ministri-ljumoviq-ulqini-ka-nevoje-per-strategji-te-kultures\/\" \/>\n<meta property=\"og:locale\" content=\"en_US\" \/>\n<meta property=\"og:type\" content=\"article\" \/>\n<meta property=\"og:title\" content=\"Ministri Ljumoviq: Ulqini ka nevoj\u00eb p\u00ebr strategji t\u00eb kultur\u00ebs - Lajme nga Ulqini\" \/>\n<meta property=\"og:description\" content=\"DJE N\u00cb nj\u00eb vizit\u00eb nj\u00ebditore n\u00eb qytein ton\u00eb ishte delegacioni i Ministris\u00eb s\u00eb kultur\u00ebs, n\u00eb krye me Ministrin zotri Janko LUMOVIQIN Ishte kjo nj\u00eb ndrim i\" \/>\n<meta property=\"og:url\" content=\"https:\/\/www.visit-ulcinj.com\/blog\/2017\/01\/31\/ministri-ljumoviq-ulqini-ka-nevoje-per-strategji-te-kultures\/\" \/>\n<meta property=\"og:site_name\" content=\"Lajme nga Ulqini\" \/>\n<meta property=\"article:published_time\" content=\"2017-01-31T13:02:00+00:00\" \/>\n<meta property=\"article:modified_time\" content=\"2017-01-31T13:04:44+00:00\" \/>\n<meta property=\"og:image\" content=\"http:\/\/www.visit-ulcinj.com\/blog\/wp-content\/uploads\/2017\/01\/Ministar-Ljumovic-boravio-u-radnoj-posjeti-Ulcinju.jpg\" \/>\n<meta name=\"twitter:label1\" content=\"Written by\" \/>\n\t<meta name=\"twitter:data1\" content=\"ulqini\" \/>\n\t<meta name=\"twitter:label2\" content=\"Est. reading time\" \/>\n\t<meta name=\"twitter:data2\" content=\"2 minutes\" \/>\n<script type=\"application\/ld+json\" class=\"yoast-schema-graph\">{\"@context\":\"https:\/\/schema.org\",\"@graph\":[{\"@type\":\"WebSite\",\"@id\":\"https:\/\/www.visit-ulcinj.com\/blog\/#website\",\"url\":\"https:\/\/www.visit-ulcinj.com\/blog\/\",\"name\":\"Lajme nga Ulqini\",\"description\":\"Lajme,Vijesti,Ulqini,Ulqin,Crna Gora,Mali i Zi\",\"potentialAction\":[{\"@type\":\"SearchAction\",\"target\":{\"@type\":\"EntryPoint\",\"urlTemplate\":\"https:\/\/www.visit-ulcinj.com\/blog\/?s={search_term_string}\"},\"query-input\":\"required name=search_term_string\"}],\"inLanguage\":\"en-US\"},{\"@type\":\"ImageObject\",\"inLanguage\":\"en-US\",\"@id\":\"https:\/\/www.visit-ulcinj.com\/blog\/2017\/01\/31\/ministri-ljumoviq-ulqini-ka-nevoje-per-strategji-te-kultures\/#primaryimage\",\"url\":\"https:\/\/www.visit-ulcinj.com\/blog\/wp-content\/uploads\/2017\/01\/Ministar-Ljumovic-boravio-u-radnoj-posjeti-Ulcinju.jpg\",\"contentUrl\":\"https:\/\/www.visit-ulcinj.com\/blog\/wp-content\/uploads\/2017\/01\/Ministar-Ljumovic-boravio-u-radnoj-posjeti-Ulcinju.jpg\",\"width\":795,\"height\":530},{\"@type\":\"WebPage\",\"@id\":\"https:\/\/www.visit-ulcinj.com\/blog\/2017\/01\/31\/ministri-ljumoviq-ulqini-ka-nevoje-per-strategji-te-kultures\/#webpage\",\"url\":\"https:\/\/www.visit-ulcinj.com\/blog\/2017\/01\/31\/ministri-ljumoviq-ulqini-ka-nevoje-per-strategji-te-kultures\/\",\"name\":\"Ministri Ljumoviq: Ulqini ka nevoj\u00eb p\u00ebr strategji t\u00eb kultur\u00ebs - Lajme nga Ulqini\",\"isPartOf\":{\"@id\":\"https:\/\/www.visit-ulcinj.com\/blog\/#website\"},\"primaryImageOfPage\":{\"@id\":\"https:\/\/www.visit-ulcinj.com\/blog\/2017\/01\/31\/ministri-ljumoviq-ulqini-ka-nevoje-per-strategji-te-kultures\/#primaryimage\"},\"datePublished\":\"2017-01-31T13:02:00+00:00\",\"dateModified\":\"2017-01-31T13:04:44+00:00\",\"author\":{\"@id\":\"https:\/\/www.visit-ulcinj.com\/blog\/#\/schema\/person\/dcab619c614d3038751c63bc2aadc06d\"},\"description\":\"DJE N\u00cb nj\u00eb vizit\u00eb nj\u00ebditore n\u00eb qytein ton\u00eb ishte delegacioni i Ministris\u00eb s\u00eb kultur\u00ebs, n\u00eb krye me Ministrin zotri Janko LUMOVIQIN Ishte kjo nj\u00eb ndrim i\",\"breadcrumb\":{\"@id\":\"https:\/\/www.visit-ulcinj.com\/blog\/2017\/01\/31\/ministri-ljumoviq-ulqini-ka-nevoje-per-strategji-te-kultures\/#breadcrumb\"},\"inLanguage\":\"en-US\",\"potentialAction\":[{\"@type\":\"ReadAction\",\"target\":[\"https:\/\/www.visit-ulcinj.com\/blog\/2017\/01\/31\/ministri-ljumoviq-ulqini-ka-nevoje-per-strategji-te-kultures\/\"]}]},{\"@type\":\"BreadcrumbList\",\"@id\":\"https:\/\/www.visit-ulcinj.com\/blog\/2017\/01\/31\/ministri-ljumoviq-ulqini-ka-nevoje-per-strategji-te-kultures\/#breadcrumb\",\"itemListElement\":[{\"@type\":\"ListItem\",\"position\":1,\"name\":\"Ministri Ljumoviq: Ulqini ka nevoj\u00eb p\u00ebr strategji t\u00eb kultur\u00ebs\"}]},{\"@type\":\"Person\",\"@id\":\"https:\/\/www.visit-ulcinj.com\/blog\/#\/schema\/person\/dcab619c614d3038751c63bc2aadc06d\",\"name\":\"ulqini\",\"sameAs\":[\"http:\/\/www.visit-ulcinj.com\"],\"url\":\"https:\/\/www.visit-ulcinj.com\/blog\/author\/admin\/\"}]}<\/script>\n<!-- \/ Yoast SEO plugin. -->","yoast_head_json":{"title":"Ministri Ljumoviq: Ulqini ka nevoj\u00eb p\u00ebr strategji t\u00eb kultur\u00ebs - Lajme nga Ulqini","description":"DJE N\u00cb nj\u00eb vizit\u00eb nj\u00ebditore n\u00eb qytein ton\u00eb ishte delegacioni i Ministris\u00eb s\u00eb kultur\u00ebs, n\u00eb krye me Ministrin zotri Janko LUMOVIQIN Ishte kjo nj\u00eb ndrim i","robots":{"index":"index","follow":"follow","max-snippet":"max-snippet:-1","max-image-preview":"max-image-preview:large","max-video-preview":"max-video-preview:-1"},"canonical":"https:\/\/www.visit-ulcinj.com\/blog\/2017\/01\/31\/ministri-ljumoviq-ulqini-ka-nevoje-per-strategji-te-kultures\/","og_locale":"en_US","og_type":"article","og_title":"Ministri Ljumoviq: Ulqini ka nevoj\u00eb p\u00ebr strategji t\u00eb kultur\u00ebs - Lajme nga Ulqini","og_description":"DJE N\u00cb nj\u00eb vizit\u00eb nj\u00ebditore n\u00eb qytein ton\u00eb ishte delegacioni i Ministris\u00eb s\u00eb kultur\u00ebs, n\u00eb krye me Ministrin zotri Janko LUMOVIQIN Ishte kjo nj\u00eb ndrim i","og_url":"https:\/\/www.visit-ulcinj.com\/blog\/2017\/01\/31\/ministri-ljumoviq-ulqini-ka-nevoje-per-strategji-te-kultures\/","og_site_name":"Lajme nga Ulqini","article_published_time":"2017-01-31T13:02:00+00:00","article_modified_time":"2017-01-31T13:04:44+00:00","og_image":[{"url":"http:\/\/www.visit-ulcinj.com\/blog\/wp-content\/uploads\/2017\/01\/Ministar-Ljumovic-boravio-u-radnoj-posjeti-Ulcinju.jpg"}],"twitter_misc":{"Written by":"ulqini","Est. reading time":"2 minutes"},"schema":{"@context":"https:\/\/schema.org","@graph":[{"@type":"WebSite","@id":"https:\/\/www.visit-ulcinj.com\/blog\/#website","url":"https:\/\/www.visit-ulcinj.com\/blog\/","name":"Lajme nga Ulqini","description":"Lajme,Vijesti,Ulqini,Ulqin,Crna Gora,Mali i Zi","potentialAction":[{"@type":"SearchAction","target":{"@type":"EntryPoint","urlTemplate":"https:\/\/www.visit-ulcinj.com\/blog\/?s={search_term_string}"},"query-input":"required name=search_term_string"}],"inLanguage":"en-US"},{"@type":"ImageObject","inLanguage":"en-US","@id":"https:\/\/www.visit-ulcinj.com\/blog\/2017\/01\/31\/ministri-ljumoviq-ulqini-ka-nevoje-per-strategji-te-kultures\/#primaryimage","url":"https:\/\/www.visit-ulcinj.com\/blog\/wp-content\/uploads\/2017\/01\/Ministar-Ljumovic-boravio-u-radnoj-posjeti-Ulcinju.jpg","contentUrl":"https:\/\/www.visit-ulcinj.com\/blog\/wp-content\/uploads\/2017\/01\/Ministar-Ljumovic-boravio-u-radnoj-posjeti-Ulcinju.jpg","width":795,"height":530},{"@type":"WebPage","@id":"https:\/\/www.visit-ulcinj.com\/blog\/2017\/01\/31\/ministri-ljumoviq-ulqini-ka-nevoje-per-strategji-te-kultures\/#webpage","url":"https:\/\/www.visit-ulcinj.com\/blog\/2017\/01\/31\/ministri-ljumoviq-ulqini-ka-nevoje-per-strategji-te-kultures\/","name":"Ministri Ljumoviq: Ulqini ka nevoj\u00eb p\u00ebr strategji t\u00eb kultur\u00ebs - Lajme nga Ulqini","isPartOf":{"@id":"https:\/\/www.visit-ulcinj.com\/blog\/#website"},"primaryImageOfPage":{"@id":"https:\/\/www.visit-ulcinj.com\/blog\/2017\/01\/31\/ministri-ljumoviq-ulqini-ka-nevoje-per-strategji-te-kultures\/#primaryimage"},"datePublished":"2017-01-31T13:02:00+00:00","dateModified":"2017-01-31T13:04:44+00:00","author":{"@id":"https:\/\/www.visit-ulcinj.com\/blog\/#\/schema\/person\/dcab619c614d3038751c63bc2aadc06d"},"description":"DJE N\u00cb nj\u00eb vizit\u00eb nj\u00ebditore n\u00eb qytein ton\u00eb ishte delegacioni i Ministris\u00eb s\u00eb kultur\u00ebs, n\u00eb krye me Ministrin zotri Janko LUMOVIQIN Ishte kjo nj\u00eb ndrim i","breadcrumb":{"@id":"https:\/\/www.visit-ulcinj.com\/blog\/2017\/01\/31\/ministri-ljumoviq-ulqini-ka-nevoje-per-strategji-te-kultures\/#breadcrumb"},"inLanguage":"en-US","potentialAction":[{"@type":"ReadAction","target":["https:\/\/www.visit-ulcinj.com\/blog\/2017\/01\/31\/ministri-ljumoviq-ulqini-ka-nevoje-per-strategji-te-kultures\/"]}]},{"@type":"BreadcrumbList","@id":"https:\/\/www.visit-ulcinj.com\/blog\/2017\/01\/31\/ministri-ljumoviq-ulqini-ka-nevoje-per-strategji-te-kultures\/#breadcrumb","itemListElement":[{"@type":"ListItem","position":1,"name":"Ministri Ljumoviq: Ulqini ka nevoj\u00eb p\u00ebr strategji t\u00eb kultur\u00ebs"}]},{"@type":"Person","@id":"https:\/\/www.visit-ulcinj.com\/blog\/#\/schema\/person\/dcab619c614d3038751c63bc2aadc06d","name":"ulqini","sameAs":["http:\/\/www.visit-ulcinj.com"],"url":"https:\/\/www.visit-ulcinj.com\/blog\/author\/admin\/"}]}},"jetpack_featured_media_url":"","jetpack_sharing_enabled":true,"jetpack_shortlink":"https:\/\/wp.me\/pe6lTn-qGJ","_links":{"self":[{"href":"https:\/\/www.visit-ulcinj.com\/blog\/wp-json\/wp\/v2\/posts\/102593"}],"collection":[{"href":"https:\/\/www.visit-ulcinj.com\/blog\/wp-json\/wp\/v2\/posts"}],"about":[{"href":"https:\/\/www.visit-ulcinj.com\/blog\/wp-json\/wp\/v2\/types\/post"}],"author":[{"embeddable":true,"href":"https:\/\/www.visit-ulcinj.com\/blog\/wp-json\/wp\/v2\/users\/1"}],"replies":[{"embeddable":true,"href":"https:\/\/www.visit-ulcinj.com\/blog\/wp-json\/wp\/v2\/comments?post=102593"}],"version-history":[{"count":3,"href":"https:\/\/www.visit-ulcinj.com\/blog\/wp-json\/wp\/v2\/posts\/102593\/revisions"}],"predecessor-version":[{"id":102596,"href":"https:\/\/www.visit-ulcinj.com\/blog\/wp-json\/wp\/v2\/posts\/102593\/revisions\/102596"}],"wp:attachment":[{"href":"https:\/\/www.visit-ulcinj.com\/blog\/wp-json\/wp\/v2\/media?parent=102593"}],"wp:term":[{"taxonomy":"category","embeddable":true,"href":"https:\/\/www.visit-ulcinj.com\/blog\/wp-json\/wp\/v2\/categories?post=102593"},{"taxonomy":"post_tag","embeddable":true,"href":"https:\/\/www.visit-ulcinj.com\/blog\/wp-json\/wp\/v2\/tags?post=102593"}],"curies":[{"name":"wp","href":"https:\/\/api.w.org\/{rel}","templated":true}]}}